{"id":1888,"date":"2022-12-15T16:17:16","date_gmt":"2022-12-15T15:17:16","guid":{"rendered":"https:\/\/www.mediaplateforme.com\/fr\/?p=1888"},"modified":"2022-12-16T13:20:54","modified_gmt":"2022-12-16T12:20:54","slug":"abderrahim-el-hafidi-annonce-lacceleration-de-la-mise-en-oeuvre-du-plan-strategique-de-luae","status":"publish","type":"post","link":"https:\/\/www.mediaplateforme.com\/fr\/abderrahim-el-hafidi-annonce-lacceleration-de-la-mise-en-oeuvre-du-plan-strategique-de-luae\/","title":{"rendered":"ABDERRAHIM EL HAFIDI ANNONCE L\u2019ACCELERATION DE LA MISE EN \u0152UVRE DU PLAN STRATEGIQUE DE L\u2019UAE"},"content":{"rendered":"<p>Abderrahim El Hafidi, Directeur G\u00e9n\u00e9ral de l\u2019ONEE et Pr\u00e9sident de l\u2019Union Arabe de l\u2019Electricit\u00e9 (UAE) a pr\u00e9sid\u00e9, le 15 d\u00e9cembre \u00e0 Riyad en Arabie Saoudite, la 58<sup>\u00e8me<\/sup> session du Conseil d\u2019Administration et la 18<sup>\u00e8me<\/sup> Assembl\u00e9e G\u00e9n\u00e9rale de l\u2019Union avec la participation des Directeurs G\u00e9n\u00e9raux des op\u00e9rateurs \u00e9lectriques des pays arabes, membres de l\u2019UAE.<\/p>\n<p>Au cours de cette r\u00e9union, M. El Hafidi a salu\u00e9 les r\u00e9alisations importantes accomplies par l&rsquo;Union en termes de modernisation de ses structures et organisation visant \u00e0 renforcer l&rsquo;efficacit\u00e9 et la performance des syst\u00e8mes \u00e9lectriques dans le monde arabe.<\/p>\n<p>El Hafidi a \u00e9galement annonc\u00e9 la mise en \u0153uvre du plan strat\u00e9gique qui constitue la deuxi\u00e8me phase de la r\u00e9forme de l&rsquo;UAE, phase importante pour la concr\u00e9tisation de la nouvelle vision de l\u2019Union et l\u2019am\u00e9lioration des m\u00e9canismes de gestion du secteur \u00e9lectrique dans les pays arabes.<\/p>\n<p>En outre, cette rencontre a constitu\u00e9 une occasion pour l&rsquo;approbation du plan d&rsquo;action en vue de la concr\u00e9tisation de la feuille de route trac\u00e9e par l\u2019Union suite \u00e0 des \u00e9tudes approfondies. L&rsquo;accent a \u00e9galement \u00e9t\u00e9 mis sur l\u2019acc\u00e9l\u00e9ration les r\u00e9formes, notamment en ce qui concerne les ressources financi\u00e8res et humaines ainsi que le nouveau si\u00e8ge de l\u2019Union, ce qui contribuera \u00e0 la mise en \u0153uvre de la feuille de route pour la p\u00e9riode <a href=\"tel:2022-2026\">2022-2026<\/a>.<\/p>\n<p>Parmi les d\u00e9cisions prises au cours de cette r\u00e9union figurent, l&rsquo;acc\u00e9l\u00e9ration des partenariats internationaux avec les principaux acteurs du secteur de l&rsquo;\u00e9nergie \u00e9lectrique dans l&rsquo;objectif de faire rayonner les r\u00e9alisations et transformations profondes accomplies par l\u2019Union Arabe de l\u2019Electricit\u00e9 et ce, au niveau r\u00e9gional et international.<\/p>\n<p>A rappeler qu&rsquo;au cours de son premier mandat en tant que Pr\u00e9sident de l\u2019UAE (<a href=\"tel:2018-2021\">2018-2021<\/a>), le Directeur G\u00e9n\u00e9ral de l\u2019ONEE a mis en place une ambitieuse feuille de route avec, pour objectifs, le renforcement du r\u00f4le de l\u2019Union et la concr\u00e9tisation d\u2019une vision commune du march\u00e9 arabe de l&rsquo;\u00e9lectricit\u00e9 en particulier et dans le secteur mondial de l\u2019\u00e9nergie en g\u00e9n\u00e9ral, et \u00e9galement faire face aux d\u00e9fis impos\u00e9s par les profondes mutations de ce secteur hautement strat\u00e9gique au niveau international, notamment en ce qui concerne la s\u00e9curisation de l\u2019approvisionnement en \u00e9nergie \u00e9lectrique des pays arabes au meilleur co\u00fbt et le renforcement des interconnexions.<\/p>\n<p>Les r\u00e9alisations les plus importantes durant ce mandat ont effectivement abouti \u00e0 la modernisation des structures de l\u2019UAE, \u00e0 l&rsquo;adoption de m\u00e9canismes organisationnels efficaces ainsi qu&rsquo;au rehaussement du positionnement de l\u2019Union afin d&rsquo;accompagner les profondes transformations qui s&rsquo;op\u00e8rent dans le secteur \u00e9lectrique au niveau mondial en g\u00e9n\u00e9ral et arabe en particulier.<\/p>\n<p>A rappeler que l\u2019Union Arabe de l\u2019Electricit\u00e9 a \u00e9t\u00e9 cr\u00e9\u00e9e en 1987 et compte 19 pays arabes membres. L\u2019UAE a pour mission principale le d\u00e9veloppement d\u2019un syst\u00e8me \u00e9lectrique durable, int\u00e9gr\u00e9 et fiable au sein du monde arabe.<\/p>\n","protected":false},"excerpt":{"rendered":"<p>Abderrahim El Hafidi, Directeur G\u00e9n\u00e9ral de l\u2019ONEE et Pr\u00e9sident de l\u2019Union Arabe de l\u2019Electricit\u00e9 (UAE)<\/p>\n","protected":false},"author":1,"featured_media":1889,"comment_status":"open","ping_status":"open","sticky":false,"template":"","format":"standard","meta":{"_acf_changed":false,"footnotes":""},"categories":[2,3],"tags":[610,94,615],"class_list":["post-1888","post","type-post","status-publish","format-standard","has-post-thumbnail","hentry","category-nouvelles","category-nouvelles-selectionnees","tag-abderrahim-el-hafidi","tag-onee","tag-uae"],"acf":[],"yoast_head":"<!-- This site is optimized with the Yoast SEO plugin v22.0 - https:\/\/yoast.com\/wordpress\/plugins\/seo\/ -->\n<title>ABDERRAHIM EL HAFIDI ANNONCE L\u2019ACCELERATION DE LA MISE EN \u0152UVRE DU PLAN STRATEGIQUE DE L\u2019UAE - MEDIA PLATEFORME | FR<\/title>\n<meta name=\"description\" content=\"Abderrahim El Hafidi, Directeur G\u00e9n\u00e9ral de l\u2019ONEE et Pr\u00e9sident de l\u2019Union Arabe de l\u2019Electricit\u00e9 (UAE) a pr\u00e9sid\u00e9, le 15 d\u00e9cembre \u00e0 Riyad,\" \/>\n<meta name=\"robots\" content=\"index, follow, max-snippet:-1, max-image-preview:large, max-video-preview:-1\" \/>\n<link rel=\"canonical\" href=\"https:\/\/www.mediaplateforme.com\/fr\/abderrahim-el-hafidi-annonce-lacceleration-de-la-mise-en-oeuvre-du-plan-strategique-de-luae\/\" \/>\n<meta property=\"og:locale\" content=\"fr_FR\" \/>\n<meta property=\"og:type\" content=\"article\" \/>\n<meta property=\"og:title\" content=\"ABDERRAHIM EL HAFIDI ANNONCE L\u2019ACCELERATION DE LA MISE EN \u0152UVRE DU PLAN STRATEGIQUE DE L\u2019UAE - MEDIA PLATEFORME | FR\" \/>\n<meta property=\"og:description\" content=\"Abderrahim El Hafidi, Directeur G\u00e9n\u00e9ral de l\u2019ONEE et Pr\u00e9sident de l\u2019Union Arabe de l\u2019Electricit\u00e9 (UAE) a pr\u00e9sid\u00e9, le 15 d\u00e9cembre \u00e0 Riyad,\" \/>\n<meta property=\"og:url\" content=\"https:\/\/www.mediaplateforme.com\/fr\/abderrahim-el-hafidi-annonce-lacceleration-de-la-mise-en-oeuvre-du-plan-strategique-de-luae\/\" \/>\n<meta property=\"og:site_name\" content=\"MEDIA PLATEFORME | FR\" \/>\n<meta property=\"article:published_time\" content=\"2022-12-15T15:17:16+00:00\" \/>\n<meta property=\"article:modified_time\" content=\"2022-12-16T12:20:54+00:00\" \/>\n<meta property=\"og:image\" content=\"https:\/\/www.mediaplateforme.com\/fr\/wp-content\/uploads\/sites\/5\/2022\/12\/Photo-CdP-CA-UAE.jpg\" \/>\n\t<meta property=\"og:image:width\" content=\"1024\" \/>\n\t<meta property=\"og:image:height\" content=\"768\" \/>\n\t<meta property=\"og:image:type\" content=\"image\/jpeg\" \/>\n<meta name=\"author\" content=\"Mediaplateforme\" \/>\n<meta name=\"twitter:card\" content=\"summary_large_image\" \/>\n<meta name=\"twitter:label1\" content=\"\u00c9crit par\" \/>\n\t<meta name=\"twitter:data1\" content=\"Mediaplateforme\" \/>\n\t<meta name=\"twitter:label2\" content=\"Dur\u00e9e de lecture estim\u00e9e\" \/>\n\t<meta name=\"twitter:data2\" content=\"3 minutes\" \/>\n<script type=\"application\/ld+json\" class=\"yoast-schema-graph\">{\"@context\":\"https:\/\/schema.org\",\"@graph\":[{\"@type\":\"WebPage\",\"@id\":\"https:\/\/www.mediaplateforme.com\/fr\/abderrahim-el-hafidi-annonce-lacceleration-de-la-mise-en-oeuvre-du-plan-strategique-de-luae\/\",\"url\":\"https:\/\/www.mediaplateforme.com\/fr\/abderrahim-el-hafidi-annonce-lacceleration-de-la-mise-en-oeuvre-du-plan-strategique-de-luae\/\",\"name\":\"ABDERRAHIM EL HAFIDI ANNONCE L\u2019ACCELERATION DE LA MISE EN \u0152UVRE DU PLAN STRATEGIQUE DE L\u2019UAE - MEDIA PLATEFORME | FR\",\"isPartOf\":{\"@id\":\"https:\/\/www.mediaplateforme.com\/fr\/#website\"},\"datePublished\":\"2022-12-15T15:17:16+00:00\",\"dateModified\":\"2022-12-16T12:20:54+00:00\",\"author\":{\"@id\":\"https:\/\/www.mediaplateforme.com\/fr\/#\/schema\/person\/89833db382b5db2c76b094bc902aa12a\"},\"description\":\"Abderrahim El Hafidi, Directeur G\u00e9n\u00e9ral de l\u2019ONEE et Pr\u00e9sident de l\u2019Union Arabe de l\u2019Electricit\u00e9 (UAE) a pr\u00e9sid\u00e9, le 15 d\u00e9cembre \u00e0 Riyad,\",\"breadcrumb\":{\"@id\":\"https:\/\/www.mediaplateforme.com\/fr\/abderrahim-el-hafidi-annonce-lacceleration-de-la-mise-en-oeuvre-du-plan-strategique-de-luae\/#breadcrumb\"},\"inLanguage\":\"fr-FR\",\"potentialAction\":[{\"@type\":\"ReadAction\",\"target\":[\"https:\/\/www.mediaplateforme.com\/fr\/abderrahim-el-hafidi-annonce-lacceleration-de-la-mise-en-oeuvre-du-plan-strategique-de-luae\/\"]}]},{\"@type\":\"BreadcrumbList\",\"@id\":\"https:\/\/www.mediaplateforme.com\/fr\/abderrahim-el-hafidi-annonce-lacceleration-de-la-mise-en-oeuvre-du-plan-strategique-de-luae\/#breadcrumb\",\"itemListElement\":[{\"@type\":\"ListItem\",\"position\":1,\"name\":\"\u0627\u0644\u0631\u0626\u064a\u0633\u064a\u0629\",\"item\":\"https:\/\/www.mediaplateforme.com\/fr\/\"},{\"@type\":\"ListItem\",\"position\":2,\"name\":\"ABDERRAHIM EL HAFIDI ANNONCE L\u2019ACCELERATION DE LA MISE EN \u0152UVRE DU PLAN STRATEGIQUE DE L\u2019UAE\"}]},{\"@type\":\"WebSite\",\"@id\":\"https:\/\/www.mediaplateforme.com\/fr\/#website\",\"url\":\"https:\/\/www.mediaplateforme.com\/fr\/\",\"name\":\"MEDIA PLATEFORME | FR\",\"description\":\"Mediaplateforme sp\u00e9cialis\u00e9 dans la communication institutions publiques et des entreprises\",\"potentialAction\":[{\"@type\":\"SearchAction\",\"target\":{\"@type\":\"EntryPoint\",\"urlTemplate\":\"https:\/\/www.mediaplateforme.com\/fr\/?s={search_term_string}\"},\"query-input\":\"required name=search_term_string\"}],\"inLanguage\":\"fr-FR\"},{\"@type\":\"Person\",\"@id\":\"https:\/\/www.mediaplateforme.com\/fr\/#\/schema\/person\/89833db382b5db2c76b094bc902aa12a\",\"name\":\"Mediaplateforme\",\"image\":{\"@type\":\"ImageObject\",\"inLanguage\":\"fr-FR\",\"@id\":\"https:\/\/www.mediaplateforme.com\/fr\/#\/schema\/person\/image\/\",\"url\":\"https:\/\/secure.gravatar.com\/avatar\/6c9c02e8928cc65d54bf75157f7b3a2d06d7ad0494ca0951f679552ff03b34c1?s=96&d=mm&r=g\",\"contentUrl\":\"https:\/\/secure.gravatar.com\/avatar\/6c9c02e8928cc65d54bf75157f7b3a2d06d7ad0494ca0951f679552ff03b34c1?s=96&d=mm&r=g\",\"caption\":\"Mediaplateforme\"},\"sameAs\":[\"https:\/\/www.mediaplateforme.com\"],\"url\":\"https:\/\/www.mediaplateforme.com\/fr\/author\/mohamedladib\/\"}]}<\/script>\n<!-- \/ Yoast SEO plugin. -->","yoast_head_json":{"title":"ABDERRAHIM EL HAFIDI ANNONCE L\u2019ACCELERATION DE LA MISE EN \u0152UVRE DU PLAN STRATEGIQUE DE L\u2019UAE - MEDIA PLATEFORME | FR","description":"Abderrahim El Hafidi, Directeur G\u00e9n\u00e9ral de l\u2019ONEE et Pr\u00e9sident de l\u2019Union Arabe de l\u2019Electricit\u00e9 (UAE) a pr\u00e9sid\u00e9, le 15 d\u00e9cembre \u00e0 Riyad,","robots":{"index":"index","follow":"follow","max-snippet":"max-snippet:-1","max-image-preview":"max-image-preview:large","max-video-preview":"max-video-preview:-1"},"canonical":"https:\/\/www.mediaplateforme.com\/fr\/abderrahim-el-hafidi-annonce-lacceleration-de-la-mise-en-oeuvre-du-plan-strategique-de-luae\/","og_locale":"fr_FR","og_type":"article","og_title":"ABDERRAHIM EL HAFIDI ANNONCE L\u2019ACCELERATION DE LA MISE EN \u0152UVRE DU PLAN STRATEGIQUE DE L\u2019UAE - MEDIA PLATEFORME | FR","og_description":"Abderrahim El Hafidi, Directeur G\u00e9n\u00e9ral de l\u2019ONEE et Pr\u00e9sident de l\u2019Union Arabe de l\u2019Electricit\u00e9 (UAE) a pr\u00e9sid\u00e9, le 15 d\u00e9cembre \u00e0 Riyad,","og_url":"https:\/\/www.mediaplateforme.com\/fr\/abderrahim-el-hafidi-annonce-lacceleration-de-la-mise-en-oeuvre-du-plan-strategique-de-luae\/","og_site_name":"MEDIA PLATEFORME | FR","article_published_time":"2022-12-15T15:17:16+00:00","article_modified_time":"2022-12-16T12:20:54+00:00","og_image":[{"width":1024,"height":768,"url":"https:\/\/www.mediaplateforme.com\/fr\/wp-content\/uploads\/sites\/5\/2022\/12\/Photo-CdP-CA-UAE.jpg","type":"image\/jpeg"}],"author":"Mediaplateforme","twitter_card":"summary_large_image","twitter_misc":{"\u00c9crit par":"Mediaplateforme","Dur\u00e9e de lecture estim\u00e9e":"3 minutes"},"schema":{"@context":"https:\/\/schema.org","@graph":[{"@type":"WebPage","@id":"https:\/\/www.mediaplateforme.com\/fr\/abderrahim-el-hafidi-annonce-lacceleration-de-la-mise-en-oeuvre-du-plan-strategique-de-luae\/","url":"https:\/\/www.mediaplateforme.com\/fr\/abderrahim-el-hafidi-annonce-lacceleration-de-la-mise-en-oeuvre-du-plan-strategique-de-luae\/","name":"ABDERRAHIM EL HAFIDI ANNONCE L\u2019ACCELERATION DE LA MISE EN \u0152UVRE DU PLAN STRATEGIQUE DE L\u2019UAE - MEDIA PLATEFORME | FR","isPartOf":{"@id":"https:\/\/www.mediaplateforme.com\/fr\/#website"},"datePublished":"2022-12-15T15:17:16+00:00","dateModified":"2022-12-16T12:20:54+00:00","author":{"@id":"https:\/\/www.mediaplateforme.com\/fr\/#\/schema\/person\/89833db382b5db2c76b094bc902aa12a"},"description":"Abderrahim El Hafidi, Directeur G\u00e9n\u00e9ral de l\u2019ONEE et Pr\u00e9sident de l\u2019Union Arabe de l\u2019Electricit\u00e9 (UAE) a pr\u00e9sid\u00e9, le 15 d\u00e9cembre \u00e0 Riyad,","breadcrumb":{"@id":"https:\/\/www.mediaplateforme.com\/fr\/abderrahim-el-hafidi-annonce-lacceleration-de-la-mise-en-oeuvre-du-plan-strategique-de-luae\/#breadcrumb"},"inLanguage":"fr-FR","potentialAction":[{"@type":"ReadAction","target":["https:\/\/www.mediaplateforme.com\/fr\/abderrahim-el-hafidi-annonce-lacceleration-de-la-mise-en-oeuvre-du-plan-strategique-de-luae\/"]}]},{"@type":"BreadcrumbList","@id":"https:\/\/www.mediaplateforme.com\/fr\/abderrahim-el-hafidi-annonce-lacceleration-de-la-mise-en-oeuvre-du-plan-strategique-de-luae\/#breadcrumb","itemListElement":[{"@type":"ListItem","position":1,"name":"\u0627\u0644\u0631\u0626\u064a\u0633\u064a\u0629","item":"https:\/\/www.mediaplateforme.com\/fr\/"},{"@type":"ListItem","position":2,"name":"ABDERRAHIM EL HAFIDI ANNONCE L\u2019ACCELERATION DE LA MISE EN \u0152UVRE DU PLAN STRATEGIQUE DE L\u2019UAE"}]},{"@type":"WebSite","@id":"https:\/\/www.mediaplateforme.com\/fr\/#website","url":"https:\/\/www.mediaplateforme.com\/fr\/","name":"MEDIA PLATEFORME | FR","description":"Mediaplateforme sp\u00e9cialis\u00e9 dans la communication institutions publiques et des entreprises","potentialAction":[{"@type":"SearchAction","target":{"@type":"EntryPoint","urlTemplate":"https:\/\/www.mediaplateforme.com\/fr\/?s={search_term_string}"},"query-input":"required name=search_term_string"}],"inLanguage":"fr-FR"},{"@type":"Person","@id":"https:\/\/www.mediaplateforme.com\/fr\/#\/schema\/person\/89833db382b5db2c76b094bc902aa12a","name":"Mediaplateforme","image":{"@type":"ImageObject","inLanguage":"fr-FR","@id":"https:\/\/www.mediaplateforme.com\/fr\/#\/schema\/person\/image\/","url":"https:\/\/secure.gravatar.com\/avatar\/6c9c02e8928cc65d54bf75157f7b3a2d06d7ad0494ca0951f679552ff03b34c1?s=96&d=mm&r=g","contentUrl":"https:\/\/secure.gravatar.com\/avatar\/6c9c02e8928cc65d54bf75157f7b3a2d06d7ad0494ca0951f679552ff03b34c1?s=96&d=mm&r=g","caption":"Mediaplateforme"},"sameAs":["https:\/\/www.mediaplateforme.com"],"url":"https:\/\/www.mediaplateforme.com\/fr\/author\/mohamedladib\/"}]}},"_links":{"self":[{"href":"https:\/\/www.mediaplateforme.com\/fr\/wp-json\/wp\/v2\/posts\/1888","targetHints":{"allow":["GET"]}}],"collection":[{"href":"https:\/\/www.mediaplateforme.com\/fr\/wp-json\/wp\/v2\/posts"}],"about":[{"href":"https:\/\/www.mediaplateforme.com\/fr\/wp-json\/wp\/v2\/types\/post"}],"author":[{"embeddable":true,"href":"https:\/\/www.mediaplateforme.com\/fr\/wp-json\/wp\/v2\/users\/1"}],"replies":[{"embeddable":true,"href":"https:\/\/www.mediaplateforme.com\/fr\/wp-json\/wp\/v2\/comments?post=1888"}],"version-history":[{"count":2,"href":"https:\/\/www.mediaplateforme.com\/fr\/wp-json\/wp\/v2\/posts\/1888\/revisions"}],"predecessor-version":[{"id":1892,"href":"https:\/\/www.mediaplateforme.com\/fr\/wp-json\/wp\/v2\/posts\/1888\/revisions\/1892"}],"wp:featuredmedia":[{"embeddable":true,"href":"https:\/\/www.mediaplateforme.com\/fr\/wp-json\/wp\/v2\/media\/1889"}],"wp:attachment":[{"href":"https:\/\/www.mediaplateforme.com\/fr\/wp-json\/wp\/v2\/media?parent=1888"}],"wp:term":[{"taxonomy":"category","embeddable":true,"href":"https:\/\/www.mediaplateforme.com\/fr\/wp-json\/wp\/v2\/categories?post=1888"},{"taxonomy":"post_tag","embeddable":true,"href":"https:\/\/www.mediaplateforme.com\/fr\/wp-json\/wp\/v2\/tags?post=1888"}],"curies":[{"name":"wp","href":"https:\/\/api.w.org\/{rel}","templated":true}]}}