{"id":1885,"date":"2022-12-16T13:00:35","date_gmt":"2022-12-16T12:00:35","guid":{"rendered":"https:\/\/www.mediaplateforme.com\/fr\/?p=1885"},"modified":"2022-12-16T13:00:35","modified_gmt":"2022-12-16T12:00:35","slug":"huawei-et-lanapec-co-organisent-la-troisieme-edition-du-forum-de-recrutement-ict-job-fair-2022","status":"publish","type":"post","link":"https:\/\/www.mediaplateforme.com\/fr\/huawei-et-lanapec-co-organisent-la-troisieme-edition-du-forum-de-recrutement-ict-job-fair-2022\/","title":{"rendered":"Huawei et l\u2019ANAPEC co-organisent la troisi\u00e8me \u00e9dition du forum de recrutement \u00ab ICT Job Fair 2022 \u00bb"},"content":{"rendered":"<p style=\"font-weight: 400;\">Conscients de l\u2019importance strat\u00e9gique que rev\u00eat l\u2019employabilit\u00e9 des jeunes dipl\u00f4m\u00e9s, <a href=\"https:\/\/www.mediaplateforme.com\/fr\/huawei-maroc-reitere-son-engagement-en-faveur-dun-ecosysteme-de-partenaires-plus-inclusive-et-plus-durable\/\">Huawei<\/a> et l\u2019Agence Nationale de Promotion de l&rsquo;Emploi et des Comp\u00e9tences (ANAPEC) ont co-organis\u00e9 la troisi\u00e8me \u00e9dition du forum \u00ab ICT Job Fair 2022 \u00bb plac\u00e9 sous l\u2019\u00e9gide du Minist\u00e8re de l&rsquo;Inclusion \u00c9conomique, de la Petite Entreprise, de l&rsquo;Emploi et des Comp\u00e9tences, dans l\u2019objectif de rassembler offreurs et demandeurs d\u2019emplois dans le domaine des TIC dans un cadre privil\u00e9gi\u00e9 et propice aux \u00e9changes.<\/p>\n<p style=\"font-weight: 400;\">Cet \u00e9v\u00e9nement d\u2019envergure qui s\u2019est d\u00e9roul\u00e9 \u00e0 Casablanca, s\u2019inscrit dans le cadre d\u2019un partenariat initi\u00e9 entre Huawei et ANAPEC dans les domaines technologiques et num\u00e9riques.<\/p>\n<p style=\"font-weight: 400;\">Cet \u00e9v\u00e9nement in\u00e9dit, n\u00e9 de la convergence des visions des deux partenaires, ambitionne de promouvoir l\u2019insertion professionnelle des jeunes dipl\u00f4m\u00e9s en les mettant en contact direct avec le monde de l\u2019entreprise et de consolider, in fine, le partenariat public-priv\u00e9, consid\u00e9r\u00e9 comme v\u00e9ritable levier de la promotion de l&#8217;emploi.<\/p>\n<p style=\"font-weight: 400;\">Fort du succ\u00e8s des \u00e9ditions pr\u00e9c\u00e9dentes, le forum \u00ab ICT Job Fair 2022 \u00bb, port\u00e9 par la m\u00eame vision, a \u00e9t\u00e9 l\u2019occasion pour les recruteurs de rencontrer les meilleurs profils TIC, form\u00e9s notamment au sein du programme \u00ab\u00a0<strong>Digitech Talent<\/strong>\u00a0\u00bb.<\/p>\n<p style=\"font-weight: 400;\">L\u2019\u00e9v\u00e9nement a offert \u00e9galement aux chercheurs d\u2019emplois la possibilit\u00e9 de b\u00e9n\u00e9ficier des diff\u00e9rents programmes de formation con\u00e7us par Huawei dans diff\u00e9rentes disciplines.<\/p>\n<p style=\"font-weight: 400;\"><strong>Dans son intervention \u00e0 l\u2019occasion de la c\u00e9r\u00e9monie de cl\u00f4ture, M. Faustin Xu a d\u00e9clar\u00e9 : \u00ab Huawei consid\u00e8re L\u2019engagement soci\u00e9tal comme un param\u00e8tre structurant de son mod\u00e8le de croissance.\u00a0<\/strong>Ce partenariat strat\u00e9gique avec l\u2019ANAPEC acte notre engagement p\u00e9renne en faveur de la promotion de l\u2019\u00e9ducation et de l\u2019emploi au Maroc et c&rsquo;est un jalon important pour notre coop\u00e9ration croissante. \u00bb<\/p>\n<p style=\"font-weight: 400;\">Cette nouvelle \u00e9dition, riche en \u00e9changes et en interactions, a permis \u00e0 un nombre important de 1000 jeunes participants de passer des entretiens afin de d\u00e9crocher aussi bien des emplois que des stages. Avec plus de 1500 postes \u00e0 pourvoir dans 30 Entreprises partenaires, les jeunes talents ont eu le choix parmi une myriade d\u2019entreprises de renom, intervenant dans le domaine des TIC.<\/p>\n<p style=\"font-weight: 400;\">Dans le sillage de ce forum d\u2019envergure, une importante table ronde a \u00e9t\u00e9 organis\u00e9e \u00ab Le digital pour une meilleure inclusion \u00e9conomique \u00bb\u00a0 avec la pr\u00e9sence des partenaires cl\u00e9s qui ont contribu\u00e9 \u00e0 la r\u00e9ussite de \u00ab\u00a0Huawei ICT JOB FAIR\u00a0\u00bb\u00a0: Minist\u00e8re d\u2019inclusion \u00e9conomique de la petite entreprise de l\u2019emploi est des comp\u00e9tences, Minist\u00e8re d\u2019enseignement sup\u00e9rieur de la recherche scientifique et de l\u2019innovation, et \u00e9galement, ANAPEC, APEBI, TECHNOPARK qui ont contribu\u00e9 \u00e0 la r\u00e9flexion autour des enjeux et des opportunit\u00e9s g\u00e9n\u00e9r\u00e9s par le digital pour la promotion de l\u2019\u00e9ducation et de l\u2019emploi \u00e0 l\u2019\u00e9chelle nationale.<\/p>\n<p style=\"font-weight: 400;\">Il convient de rappeler que Huawei, forte de son expertise et son savoir-faire, se joint aux efforts des acteurs publics pour accompagner le d\u00e9veloppement de l\u2019\u00e9cosyst\u00e8me des talents TIC et met \u00e0 la disposition de ses diverses parties prenantes des infrastructures adapt\u00e9es et de nombreux programmes dans le domaine du num\u00e9rique qu\u2019elle promeut, \u00e0 l\u2019instar du programme \u00ab Digitech Talent \u00bb, qui a permis la formation de plus de 10.000 talents marocains dans le digital.<\/p>\n<p style=\"font-weight: 400;\">C\u2019est dans cette perspective que le \u00ab ICT Job Fair 2022 \u00bb vient s\u2019ajouter \u00e0 l\u2019arsenal des programmes initi\u00e9s par Huawei.<\/p>\n<p style=\"font-weight: 400;\">\n<h4 style=\"font-weight: 400;\"><strong>A PROPOS DE L\u2019ANAPEC :<\/strong><\/h4>\n<p style=\"font-weight: 400;\">L\u2019ANAPEC est le service public d&#8217;emploi marocain dont la mission est de mettre en \u0153uvre les programmes de promotion de l\u2019emploi d\u00e9cid\u00e9s par les pouvoirs publics et d&rsquo;apporter un service public universel, inclusif et de proximit\u00e9, adapt\u00e9 aux besoins de sa client\u00e8le. Ainsi, elle accompagne les employeurs pour r\u00e9ussir leurs recrutements, les chercheurs d&#8217;emploi pour r\u00e9ussir leur insertion professionnelle et \u00e9galement les porteurs de projets pour cr\u00e9er leurs entreprises ou activit\u00e9s g\u00e9n\u00e9ratrices de revenu. L&rsquo;Agence est un interm\u00e9diaire actif sur le march\u00e9 du travail et un op\u00e9rateur reconnu sur le plan national et international.<\/p>\n<h4 style=\"font-weight: 400;\"><strong>A PROPOS DE HUAWEI :<\/strong><\/h4>\n<p style=\"font-weight: 400;\">Huawei est un fournisseur global de solutions dans le domaine des technologies de l\u2019information et des communications (TIC), travaillant avec 45 des 50 plus importants op\u00e9rateurs sur le march\u00e9 mondial. Gr\u00e2ce \u00e0 son investissement aupr\u00e8s de ses clients en mati\u00e8re d\u2019innovation et \u00e0 des partenariats forts, Huawei propose des solutions efficaces de bout en bout dans les r\u00e9seaux t\u00e9l\u00e9coms, les terminaux mobiles et le Cloud Computing. Huawei accorde une place de choix \u00e0 la recherche et d\u00e9veloppement. Des efforts qui lui ont permis de se hisser au deuxi\u00e8me rang mondial dans l\u2019investissement industriel en R&amp;D, au travers de 14 centres R&amp;D, 31 centres d&rsquo;innovation communs et 45 centres de formation dans le monde. En fournissant des solutions et des services comp\u00e9titifs, les 194 000 collaborateurs de Huawei affirment leur engagement dans la cr\u00e9ation de valeur pour les op\u00e9rateurs t\u00e9l\u00e9com, les entreprises et les consommateurs. Les produits et solutions Huawei sont d\u00e9ploy\u00e9s dans plus de 170 pays, au service de plus d\u2019un tiers de la population mondiale. Cr\u00e9\u00e9e en 1987, Huawei est une entreprise priv\u00e9e, d\u00e9tenue \u00e0 100% par ses employ\u00e9s.<\/p>\n<h4 style=\"font-weight: 400;\"><strong>A PROPOS DE HUAWEI MAROC:<\/strong><\/h4>\n<p style=\"font-weight: 400;\">Huawei s\u2019est install\u00e9 au Maroc en 2002, avec un premier bureau \u00e0 Rabat puis \u00e0 Casablanca. En termes de cr\u00e9ation d\u2019emplois, Huawei a cr\u00e9\u00e9 entre 700 et 800 emplois directs et indirects. Un autre chiffre cl\u00e9 \u00e0 souligner est le montant des achats locaux qui d\u00e9passent 40 millions USD.<\/p>\n<p style=\"font-weight: 400;\">Huawei Maroc est l\u2019\u00e9quipementier majeur du secteur des TIC au Maroc. Huawei est \u00e9galement conscient de sa responsabilit\u00e9 soci\u00e9tale et de l\u2019importance d\u2019int\u00e9grer une d\u00e9marche de processus permanent du progr\u00e8s. Le transfert de comp\u00e9tences TIC et la formation des talents num\u00e9riques marocains se concr\u00e9tisent au travers de divers programmes \u00e0 l\u2019instar du programme in\u00e9dit \u00ab<\/p>\n<p style=\"font-weight: 400;\">Digitech Talent \u00bb qui se veut une plateforme d&rsquo;apprentissage et d\u2019\u00e9changes entre experts et \u00e9tudiants et comprend un large panel de formations minutieusement \u00e9labor\u00e9es pour favoriser<\/p>\n<p style=\"font-weight: 400;\">l\u2019\u00e9closion de jeunes talents et cr\u00e9er, par ricochets, une communaut\u00e9 internationale au service d\u2019un monde plus intelligent et plus connect\u00e9. Parmi les formations propos\u00e9es, \u00ab Huawei ICT Academy \u00bb, un programme exigeant qui vise \u00e0 aider les universit\u00e9s \u00e0 former des jeunes talents en TIC gr\u00e2ce \u00e0 une meilleure compr\u00e9hension du num\u00e9rique afin de les pr\u00e9parer \u00e0 relever les grands enjeux soci\u00e9taux de demain. Dans le cadre de ce programme, plus de 10.000 \u00e9tudiants marocains ont \u00e9t\u00e9 form\u00e9s dont 1700 \u00e9tudiants et professeurs certifi\u00e9s dans les domaines d\u2019actualit\u00e9 comme Big-data, Intelligence artificielle, Cloud, Iot. Les programmes \u00ab Huawei ICT Competition \u00bb et \u00ab Seeds for the Future \u00bb sont anim\u00e9s par le m\u00eame enjeu : assurer le transfert des comp\u00e9tences technologiques qui font notre succ\u00e8s.<\/p>\n","protected":false},"excerpt":{"rendered":"<p>Conscients de l\u2019importance strat\u00e9gique que rev\u00eat l\u2019employabilit\u00e9 des jeunes dipl\u00f4m\u00e9s, Huawei et l\u2019Agence Nationale de<\/p>\n","protected":false},"author":1,"featured_media":1886,"comment_status":"open","ping_status":"open","sticky":false,"template":"","format":"standard","meta":{"_acf_changed":false,"footnotes":""},"categories":[2,3],"tags":[538,456],"class_list":["post-1885","post","type-post","status-publish","format-standard","has-post-thumbnail","hentry","category-nouvelles","category-nouvelles-selectionnees","tag-anapec","tag-huawei-maroc"],"acf":[],"yoast_head":"<!-- This site is optimized with the Yoast SEO plugin v22.0 - https:\/\/yoast.com\/wordpress\/plugins\/seo\/ -->\n<title>Huawei et l\u2019ANAPEC co-organisent la troisi\u00e8me \u00e9dition du forum de recrutement \u00ab ICT Job Fair 2022 \u00bb - MEDIA PLATEFORME | FR<\/title>\n<meta name=\"description\" content=\"que rev\u00eat l\u2019employabilit\u00e9 des jeunes dipl\u00f4m\u00e9s, Huawei et l\u2019Agence Nationale de Promotion de l&#039;Emploi et des Comp\u00e9tences (ANAPEC) ont co\" \/>\n<meta name=\"robots\" content=\"index, follow, max-snippet:-1, max-image-preview:large, max-video-preview:-1\" \/>\n<link rel=\"canonical\" href=\"https:\/\/www.mediaplateforme.com\/fr\/huawei-et-lanapec-co-organisent-la-troisieme-edition-du-forum-de-recrutement-ict-job-fair-2022\/\" \/>\n<meta property=\"og:locale\" content=\"fr_FR\" \/>\n<meta property=\"og:type\" content=\"article\" \/>\n<meta property=\"og:title\" content=\"Huawei et l\u2019ANAPEC co-organisent la troisi\u00e8me \u00e9dition du forum de recrutement \u00ab ICT Job Fair 2022 \u00bb - MEDIA PLATEFORME | FR\" \/>\n<meta property=\"og:description\" content=\"que rev\u00eat l\u2019employabilit\u00e9 des jeunes dipl\u00f4m\u00e9s, Huawei et l\u2019Agence Nationale de Promotion de l&#039;Emploi et des Comp\u00e9tences (ANAPEC) ont co\" \/>\n<meta property=\"og:url\" content=\"https:\/\/www.mediaplateforme.com\/fr\/huawei-et-lanapec-co-organisent-la-troisieme-edition-du-forum-de-recrutement-ict-job-fair-2022\/\" \/>\n<meta property=\"og:site_name\" content=\"MEDIA PLATEFORME | FR\" \/>\n<meta property=\"article:published_time\" content=\"2022-12-16T12:00:35+00:00\" \/>\n<meta property=\"og:image\" content=\"https:\/\/www.mediaplateforme.com\/fr\/wp-content\/uploads\/sites\/5\/2022\/12\/DSC_5705-scaled.jpg\" \/>\n\t<meta property=\"og:image:width\" content=\"2560\" \/>\n\t<meta property=\"og:image:height\" content=\"1559\" \/>\n\t<meta property=\"og:image:type\" content=\"image\/jpeg\" \/>\n<meta name=\"author\" content=\"Mediaplateforme\" \/>\n<meta name=\"twitter:card\" content=\"summary_large_image\" \/>\n<meta name=\"twitter:label1\" content=\"\u00c9crit par\" \/>\n\t<meta name=\"twitter:data1\" content=\"Mediaplateforme\" \/>\n\t<meta name=\"twitter:label2\" content=\"Dur\u00e9e de lecture estim\u00e9e\" \/>\n\t<meta name=\"twitter:data2\" content=\"6 minutes\" \/>\n<script type=\"application\/ld+json\" class=\"yoast-schema-graph\">{\"@context\":\"https:\/\/schema.org\",\"@graph\":[{\"@type\":\"WebPage\",\"@id\":\"https:\/\/www.mediaplateforme.com\/fr\/huawei-et-lanapec-co-organisent-la-troisieme-edition-du-forum-de-recrutement-ict-job-fair-2022\/\",\"url\":\"https:\/\/www.mediaplateforme.com\/fr\/huawei-et-lanapec-co-organisent-la-troisieme-edition-du-forum-de-recrutement-ict-job-fair-2022\/\",\"name\":\"Huawei et l\u2019ANAPEC co-organisent la troisi\u00e8me \u00e9dition du forum de recrutement \u00ab ICT Job Fair 2022 \u00bb - MEDIA PLATEFORME | FR\",\"isPartOf\":{\"@id\":\"https:\/\/www.mediaplateforme.com\/fr\/#website\"},\"datePublished\":\"2022-12-16T12:00:35+00:00\",\"dateModified\":\"2022-12-16T12:00:35+00:00\",\"author\":{\"@id\":\"https:\/\/www.mediaplateforme.com\/fr\/#\/schema\/person\/89833db382b5db2c76b094bc902aa12a\"},\"description\":\"que rev\u00eat l\u2019employabilit\u00e9 des jeunes dipl\u00f4m\u00e9s, Huawei et l\u2019Agence Nationale de Promotion de l'Emploi et des Comp\u00e9tences (ANAPEC) ont co\",\"breadcrumb\":{\"@id\":\"https:\/\/www.mediaplateforme.com\/fr\/huawei-et-lanapec-co-organisent-la-troisieme-edition-du-forum-de-recrutement-ict-job-fair-2022\/#breadcrumb\"},\"inLanguage\":\"fr-FR\",\"potentialAction\":[{\"@type\":\"ReadAction\",\"target\":[\"https:\/\/www.mediaplateforme.com\/fr\/huawei-et-lanapec-co-organisent-la-troisieme-edition-du-forum-de-recrutement-ict-job-fair-2022\/\"]}]},{\"@type\":\"BreadcrumbList\",\"@id\":\"https:\/\/www.mediaplateforme.com\/fr\/huawei-et-lanapec-co-organisent-la-troisieme-edition-du-forum-de-recrutement-ict-job-fair-2022\/#breadcrumb\",\"itemListElement\":[{\"@type\":\"ListItem\",\"position\":1,\"name\":\"\u0627\u0644\u0631\u0626\u064a\u0633\u064a\u0629\",\"item\":\"https:\/\/www.mediaplateforme.com\/fr\/\"},{\"@type\":\"ListItem\",\"position\":2,\"name\":\"Huawei et l\u2019ANAPEC co-organisent la troisi\u00e8me \u00e9dition du forum de recrutement \u00ab ICT Job Fair 2022 \u00bb\"}]},{\"@type\":\"WebSite\",\"@id\":\"https:\/\/www.mediaplateforme.com\/fr\/#website\",\"url\":\"https:\/\/www.mediaplateforme.com\/fr\/\",\"name\":\"MEDIA PLATEFORME | FR\",\"description\":\"Mediaplateforme sp\u00e9cialis\u00e9 dans la communication institutions publiques et des entreprises\",\"potentialAction\":[{\"@type\":\"SearchAction\",\"target\":{\"@type\":\"EntryPoint\",\"urlTemplate\":\"https:\/\/www.mediaplateforme.com\/fr\/?s={search_term_string}\"},\"query-input\":\"required name=search_term_string\"}],\"inLanguage\":\"fr-FR\"},{\"@type\":\"Person\",\"@id\":\"https:\/\/www.mediaplateforme.com\/fr\/#\/schema\/person\/89833db382b5db2c76b094bc902aa12a\",\"name\":\"Mediaplateforme\",\"image\":{\"@type\":\"ImageObject\",\"inLanguage\":\"fr-FR\",\"@id\":\"https:\/\/www.mediaplateforme.com\/fr\/#\/schema\/person\/image\/\",\"url\":\"https:\/\/secure.gravatar.com\/avatar\/6c9c02e8928cc65d54bf75157f7b3a2d06d7ad0494ca0951f679552ff03b34c1?s=96&d=mm&r=g\",\"contentUrl\":\"https:\/\/secure.gravatar.com\/avatar\/6c9c02e8928cc65d54bf75157f7b3a2d06d7ad0494ca0951f679552ff03b34c1?s=96&d=mm&r=g\",\"caption\":\"Mediaplateforme\"},\"sameAs\":[\"https:\/\/www.mediaplateforme.com\"],\"url\":\"https:\/\/www.mediaplateforme.com\/fr\/author\/mohamedladib\/\"}]}<\/script>\n<!-- \/ Yoast SEO plugin. -->","yoast_head_json":{"title":"Huawei et l\u2019ANAPEC co-organisent la troisi\u00e8me \u00e9dition du forum de recrutement \u00ab ICT Job Fair 2022 \u00bb - MEDIA PLATEFORME | FR","description":"que rev\u00eat l\u2019employabilit\u00e9 des jeunes dipl\u00f4m\u00e9s, Huawei et l\u2019Agence Nationale de Promotion de l'Emploi et des Comp\u00e9tences (ANAPEC) ont co","robots":{"index":"index","follow":"follow","max-snippet":"max-snippet:-1","max-image-preview":"max-image-preview:large","max-video-preview":"max-video-preview:-1"},"canonical":"https:\/\/www.mediaplateforme.com\/fr\/huawei-et-lanapec-co-organisent-la-troisieme-edition-du-forum-de-recrutement-ict-job-fair-2022\/","og_locale":"fr_FR","og_type":"article","og_title":"Huawei et l\u2019ANAPEC co-organisent la troisi\u00e8me \u00e9dition du forum de recrutement \u00ab ICT Job Fair 2022 \u00bb - MEDIA PLATEFORME | FR","og_description":"que rev\u00eat l\u2019employabilit\u00e9 des jeunes dipl\u00f4m\u00e9s, Huawei et l\u2019Agence Nationale de Promotion de l'Emploi et des Comp\u00e9tences (ANAPEC) ont co","og_url":"https:\/\/www.mediaplateforme.com\/fr\/huawei-et-lanapec-co-organisent-la-troisieme-edition-du-forum-de-recrutement-ict-job-fair-2022\/","og_site_name":"MEDIA PLATEFORME | FR","article_published_time":"2022-12-16T12:00:35+00:00","og_image":[{"width":2560,"height":1559,"url":"https:\/\/www.mediaplateforme.com\/fr\/wp-content\/uploads\/sites\/5\/2022\/12\/DSC_5705-scaled.jpg","type":"image\/jpeg"}],"author":"Mediaplateforme","twitter_card":"summary_large_image","twitter_misc":{"\u00c9crit par":"Mediaplateforme","Dur\u00e9e de lecture estim\u00e9e":"6 minutes"},"schema":{"@context":"https:\/\/schema.org","@graph":[{"@type":"WebPage","@id":"https:\/\/www.mediaplateforme.com\/fr\/huawei-et-lanapec-co-organisent-la-troisieme-edition-du-forum-de-recrutement-ict-job-fair-2022\/","url":"https:\/\/www.mediaplateforme.com\/fr\/huawei-et-lanapec-co-organisent-la-troisieme-edition-du-forum-de-recrutement-ict-job-fair-2022\/","name":"Huawei et l\u2019ANAPEC co-organisent la troisi\u00e8me \u00e9dition du forum de recrutement \u00ab ICT Job Fair 2022 \u00bb - MEDIA PLATEFORME | FR","isPartOf":{"@id":"https:\/\/www.mediaplateforme.com\/fr\/#website"},"datePublished":"2022-12-16T12:00:35+00:00","dateModified":"2022-12-16T12:00:35+00:00","author":{"@id":"https:\/\/www.mediaplateforme.com\/fr\/#\/schema\/person\/89833db382b5db2c76b094bc902aa12a"},"description":"que rev\u00eat l\u2019employabilit\u00e9 des jeunes dipl\u00f4m\u00e9s, Huawei et l\u2019Agence Nationale de Promotion de l'Emploi et des Comp\u00e9tences (ANAPEC) ont co","breadcrumb":{"@id":"https:\/\/www.mediaplateforme.com\/fr\/huawei-et-lanapec-co-organisent-la-troisieme-edition-du-forum-de-recrutement-ict-job-fair-2022\/#breadcrumb"},"inLanguage":"fr-FR","potentialAction":[{"@type":"ReadAction","target":["https:\/\/www.mediaplateforme.com\/fr\/huawei-et-lanapec-co-organisent-la-troisieme-edition-du-forum-de-recrutement-ict-job-fair-2022\/"]}]},{"@type":"BreadcrumbList","@id":"https:\/\/www.mediaplateforme.com\/fr\/huawei-et-lanapec-co-organisent-la-troisieme-edition-du-forum-de-recrutement-ict-job-fair-2022\/#breadcrumb","itemListElement":[{"@type":"ListItem","position":1,"name":"\u0627\u0644\u0631\u0626\u064a\u0633\u064a\u0629","item":"https:\/\/www.mediaplateforme.com\/fr\/"},{"@type":"ListItem","position":2,"name":"Huawei et l\u2019ANAPEC co-organisent la troisi\u00e8me \u00e9dition du forum de recrutement \u00ab ICT Job Fair 2022 \u00bb"}]},{"@type":"WebSite","@id":"https:\/\/www.mediaplateforme.com\/fr\/#website","url":"https:\/\/www.mediaplateforme.com\/fr\/","name":"MEDIA PLATEFORME | FR","description":"Mediaplateforme sp\u00e9cialis\u00e9 dans la communication institutions publiques et des entreprises","potentialAction":[{"@type":"SearchAction","target":{"@type":"EntryPoint","urlTemplate":"https:\/\/www.mediaplateforme.com\/fr\/?s={search_term_string}"},"query-input":"required name=search_term_string"}],"inLanguage":"fr-FR"},{"@type":"Person","@id":"https:\/\/www.mediaplateforme.com\/fr\/#\/schema\/person\/89833db382b5db2c76b094bc902aa12a","name":"Mediaplateforme","image":{"@type":"ImageObject","inLanguage":"fr-FR","@id":"https:\/\/www.mediaplateforme.com\/fr\/#\/schema\/person\/image\/","url":"https:\/\/secure.gravatar.com\/avatar\/6c9c02e8928cc65d54bf75157f7b3a2d06d7ad0494ca0951f679552ff03b34c1?s=96&d=mm&r=g","contentUrl":"https:\/\/secure.gravatar.com\/avatar\/6c9c02e8928cc65d54bf75157f7b3a2d06d7ad0494ca0951f679552ff03b34c1?s=96&d=mm&r=g","caption":"Mediaplateforme"},"sameAs":["https:\/\/www.mediaplateforme.com"],"url":"https:\/\/www.mediaplateforme.com\/fr\/author\/mohamedladib\/"}]}},"_links":{"self":[{"href":"https:\/\/www.mediaplateforme.com\/fr\/wp-json\/wp\/v2\/posts\/1885","targetHints":{"allow":["GET"]}}],"collection":[{"href":"https:\/\/www.mediaplateforme.com\/fr\/wp-json\/wp\/v2\/posts"}],"about":[{"href":"https:\/\/www.mediaplateforme.com\/fr\/wp-json\/wp\/v2\/types\/post"}],"author":[{"embeddable":true,"href":"https:\/\/www.mediaplateforme.com\/fr\/wp-json\/wp\/v2\/users\/1"}],"replies":[{"embeddable":true,"href":"https:\/\/www.mediaplateforme.com\/fr\/wp-json\/wp\/v2\/comments?post=1885"}],"version-history":[{"count":1,"href":"https:\/\/www.mediaplateforme.com\/fr\/wp-json\/wp\/v2\/posts\/1885\/revisions"}],"predecessor-version":[{"id":1887,"href":"https:\/\/www.mediaplateforme.com\/fr\/wp-json\/wp\/v2\/posts\/1885\/revisions\/1887"}],"wp:featuredmedia":[{"embeddable":true,"href":"https:\/\/www.mediaplateforme.com\/fr\/wp-json\/wp\/v2\/media\/1886"}],"wp:attachment":[{"href":"https:\/\/www.mediaplateforme.com\/fr\/wp-json\/wp\/v2\/media?parent=1885"}],"wp:term":[{"taxonomy":"category","embeddable":true,"href":"https:\/\/www.mediaplateforme.com\/fr\/wp-json\/wp\/v2\/categories?post=1885"},{"taxonomy":"post_tag","embeddable":true,"href":"https:\/\/www.mediaplateforme.com\/fr\/wp-json\/wp\/v2\/tags?post=1885"}],"curies":[{"name":"wp","href":"https:\/\/api.w.org\/{rel}","templated":true}]}}