{"id":1880,"date":"2022-12-14T15:30:04","date_gmt":"2022-12-14T14:30:04","guid":{"rendered":"https:\/\/www.mediaplateforme.com\/fr\/?p=1880"},"modified":"2022-12-14T15:30:04","modified_gmt":"2022-12-14T14:30:04","slug":"le-coeur-de-defacto-bat-rouge-et-vert-au-maroc","status":"publish","type":"post","link":"https:\/\/www.mediaplateforme.com\/fr\/le-coeur-de-defacto-bat-rouge-et-vert-au-maroc\/","title":{"rendered":"Le c\u0153ur de DeFacto bat rouge et vert au Maroc!"},"content":{"rendered":"<h4><strong>DeFacto, la marque de mode internationale, a d\u00e9cor\u00e9 ses magasins au Maroc avec des v\u00eatements sp\u00e9ciaux pour l&rsquo;\u00e9quipe de football afin de soutenir le Maroc dans le tournoi de football qui se d\u00e9roule au Qatar, prouvant une fois de plus son attachement au Maroc.<\/strong><\/h4>\n<p><strong>.<\/strong><\/p>\n<p>Obtenant des r\u00e9sultats significatifs sur le march\u00e9 marocain depuis de nombreuses ann\u00e9es, DeFacto s&rsquo;associe \u00e0 l&rsquo;engouement du Maroc pour le tournoi au Qatar. DeFacto a lanc\u00e9 une collection sp\u00e9ciale dans ses magasins au Maroc, con\u00e7ue pour soutenir l&rsquo;\u00e9quipe nationale de football, qui rend le Maroc si fier en atteignent la demi-finale du tournoi.<\/p>\n<h4><strong>La collection Rouge-Vert accueille tout le monde \u00e0 cette excitation<\/strong><\/h4>\n<p>La collection exclusive de DeFacto pour le Maroc comprend des articles con\u00e7us pour adultes et enfants, aux couleurs de l&rsquo;\u00e9quipe nationale. La collection propose des sweat-shirts en vert et rouge, permettant aux supporters d\u2019exprmier et de partager leur excitation lors des matchs jou\u00e9s par l&rsquo;\u00e9quipe nationale.<\/p>\n<p>Vous pouvez vous procurer ces produits, destin\u00e9s \u00e0 encourager l&rsquo;\u00e9quipe nationale marocaine, dans les magasins au Maroc et sur le site en ligne de DeFacto.<\/p>\n<h4><strong><br \/>\n<\/strong><strong>\u00c0 propos de DeFacto : <\/strong><\/h4>\n<p>&nbsp;<\/p>\n<p>DeFacto, fond\u00e9e en 2005, poursuit ses activit\u00e9s avec la vision de devenir une marque de mode mondiale. Rencontrant les consommateurs dans plus de 500 magasins, DeFacto a une pr\u00e9sence physique dans 93 pays avec ses op\u00e9rations en ligne. L&rsquo;un des pr\u00e9curseurs de l&rsquo;industrie du pr\u00eat-\u00e0-porter, DeFacto, est une entreprise technologique en plus d&rsquo;\u00eatre une marque de mode mondiale. Avec plus de 300 \u00e9quipes de d\u00e9veloppeurs, DeFacto Technology cr\u00e9e les infrastructures pour les technologies omnicanales. L&rsquo;id\u00e9e du Fijital Store de DeFacto, r\u00e9sultat de la strat\u00e9gie de num\u00e9risation qui combine une exp\u00e9rience de vente au d\u00e9tail physique et num\u00e9rique, a \u00e9t\u00e9 pr\u00e9sent\u00e9e en 2019 dans le prolongement du Smart Store, une premi\u00e8re mondiale.\u00a0 Agissant en fonction des demandes et des attentes des consommateurs, la marque a introduit les sous-marque DeFacto COOOL, DeFacto FIT, DeFacto Modest, DeFacto LIFE, DF Plus, Fall in Love aupr\u00e8s des clients du monde entier. DeFacto assume activement ses responsabilit\u00e9s dans les domaines social et environnemental en signant le Pacte Mondial, les principes d&rsquo;autonomisation des femmes (WEP) bas\u00e9s sur le Pacte Mondial des Nations Unies, et l&rsquo;initiative Better Cotton. La marque a partag\u00e9 son 6e rapport de durabilit\u00e9 avec le public en 2022.<\/p>\n","protected":false},"excerpt":{"rendered":"<p>DeFacto, la marque de mode internationale, a d\u00e9cor\u00e9 ses magasins au Maroc avec des v\u00eatements<\/p>\n","protected":false},"author":1,"featured_media":1882,"comment_status":"open","ping_status":"open","sticky":false,"template":"","format":"standard","meta":{"_acf_changed":false,"footnotes":""},"categories":[7,3],"tags":[408,613,614],"class_list":["post-1880","post","type-post","status-publish","format-standard","has-post-thumbnail","hentry","category-articles","category-nouvelles-selectionnees","tag-coupe-du-monde-2022","tag-defacto","tag-qatar"],"acf":[],"yoast_head":"<!-- This site is optimized with the Yoast SEO plugin v22.0 - https:\/\/yoast.com\/wordpress\/plugins\/seo\/ -->\n<title>Le c\u0153ur de DeFacto bat rouge et vert au Maroc! - MEDIA PLATEFORME | FR<\/title>\n<meta name=\"description\" content=\"r\u00e9sultats significatifs sur le march\u00e9 marocain depuis de nombreuses ann\u00e9es, DeFacto s&#039;associe \u00e0 l&#039;engouement du Maroci au Qatar.\" \/>\n<meta name=\"robots\" content=\"index, follow, max-snippet:-1, max-image-preview:large, max-video-preview:-1\" \/>\n<link rel=\"canonical\" href=\"https:\/\/www.mediaplateforme.com\/fr\/le-coeur-de-defacto-bat-rouge-et-vert-au-maroc\/\" \/>\n<meta property=\"og:locale\" content=\"fr_FR\" \/>\n<meta property=\"og:type\" content=\"article\" \/>\n<meta property=\"og:title\" content=\"Le c\u0153ur de DeFacto bat rouge et vert au Maroc! - MEDIA PLATEFORME | FR\" \/>\n<meta property=\"og:description\" content=\"r\u00e9sultats significatifs sur le march\u00e9 marocain depuis de nombreuses ann\u00e9es, DeFacto s&#039;associe \u00e0 l&#039;engouement du Maroci au Qatar.\" \/>\n<meta property=\"og:url\" content=\"https:\/\/www.mediaplateforme.com\/fr\/le-coeur-de-defacto-bat-rouge-et-vert-au-maroc\/\" \/>\n<meta property=\"og:site_name\" content=\"MEDIA PLATEFORME | FR\" \/>\n<meta property=\"article:published_time\" content=\"2022-12-14T14:30:04+00:00\" \/>\n<meta property=\"og:image\" content=\"https:\/\/www.mediaplateforme.com\/fr\/wp-content\/uploads\/sites\/5\/2022\/12\/IMG_0187833.jpg\" \/>\n\t<meta property=\"og:image:width\" content=\"1484\" \/>\n\t<meta property=\"og:image:height\" content=\"1113\" \/>\n\t<meta property=\"og:image:type\" content=\"image\/jpeg\" \/>\n<meta name=\"author\" content=\"Mediaplateforme\" \/>\n<meta name=\"twitter:card\" content=\"summary_large_image\" \/>\n<meta name=\"twitter:label1\" content=\"\u00c9crit par\" \/>\n\t<meta name=\"twitter:data1\" content=\"Mediaplateforme\" \/>\n\t<meta name=\"twitter:label2\" content=\"Dur\u00e9e de lecture estim\u00e9e\" \/>\n\t<meta name=\"twitter:data2\" content=\"2 minutes\" \/>\n<script type=\"application\/ld+json\" class=\"yoast-schema-graph\">{\"@context\":\"https:\/\/schema.org\",\"@graph\":[{\"@type\":\"WebPage\",\"@id\":\"https:\/\/www.mediaplateforme.com\/fr\/le-coeur-de-defacto-bat-rouge-et-vert-au-maroc\/\",\"url\":\"https:\/\/www.mediaplateforme.com\/fr\/le-coeur-de-defacto-bat-rouge-et-vert-au-maroc\/\",\"name\":\"Le c\u0153ur de DeFacto bat rouge et vert au Maroc! - MEDIA PLATEFORME | FR\",\"isPartOf\":{\"@id\":\"https:\/\/www.mediaplateforme.com\/fr\/#website\"},\"datePublished\":\"2022-12-14T14:30:04+00:00\",\"dateModified\":\"2022-12-14T14:30:04+00:00\",\"author\":{\"@id\":\"https:\/\/www.mediaplateforme.com\/fr\/#\/schema\/person\/89833db382b5db2c76b094bc902aa12a\"},\"description\":\"r\u00e9sultats significatifs sur le march\u00e9 marocain depuis de nombreuses ann\u00e9es, DeFacto s'associe \u00e0 l'engouement du Maroci au Qatar.\",\"breadcrumb\":{\"@id\":\"https:\/\/www.mediaplateforme.com\/fr\/le-coeur-de-defacto-bat-rouge-et-vert-au-maroc\/#breadcrumb\"},\"inLanguage\":\"fr-FR\",\"potentialAction\":[{\"@type\":\"ReadAction\",\"target\":[\"https:\/\/www.mediaplateforme.com\/fr\/le-coeur-de-defacto-bat-rouge-et-vert-au-maroc\/\"]}]},{\"@type\":\"BreadcrumbList\",\"@id\":\"https:\/\/www.mediaplateforme.com\/fr\/le-coeur-de-defacto-bat-rouge-et-vert-au-maroc\/#breadcrumb\",\"itemListElement\":[{\"@type\":\"ListItem\",\"position\":1,\"name\":\"\u0627\u0644\u0631\u0626\u064a\u0633\u064a\u0629\",\"item\":\"https:\/\/www.mediaplateforme.com\/fr\/\"},{\"@type\":\"ListItem\",\"position\":2,\"name\":\"Le c\u0153ur de DeFacto bat rouge et vert au Maroc!\"}]},{\"@type\":\"WebSite\",\"@id\":\"https:\/\/www.mediaplateforme.com\/fr\/#website\",\"url\":\"https:\/\/www.mediaplateforme.com\/fr\/\",\"name\":\"MEDIA PLATEFORME | FR\",\"description\":\"Mediaplateforme sp\u00e9cialis\u00e9 dans la communication institutions publiques et des entreprises\",\"potentialAction\":[{\"@type\":\"SearchAction\",\"target\":{\"@type\":\"EntryPoint\",\"urlTemplate\":\"https:\/\/www.mediaplateforme.com\/fr\/?s={search_term_string}\"},\"query-input\":\"required name=search_term_string\"}],\"inLanguage\":\"fr-FR\"},{\"@type\":\"Person\",\"@id\":\"https:\/\/www.mediaplateforme.com\/fr\/#\/schema\/person\/89833db382b5db2c76b094bc902aa12a\",\"name\":\"Mediaplateforme\",\"image\":{\"@type\":\"ImageObject\",\"inLanguage\":\"fr-FR\",\"@id\":\"https:\/\/www.mediaplateforme.com\/fr\/#\/schema\/person\/image\/\",\"url\":\"https:\/\/secure.gravatar.com\/avatar\/6c9c02e8928cc65d54bf75157f7b3a2d06d7ad0494ca0951f679552ff03b34c1?s=96&d=mm&r=g\",\"contentUrl\":\"https:\/\/secure.gravatar.com\/avatar\/6c9c02e8928cc65d54bf75157f7b3a2d06d7ad0494ca0951f679552ff03b34c1?s=96&d=mm&r=g\",\"caption\":\"Mediaplateforme\"},\"sameAs\":[\"https:\/\/www.mediaplateforme.com\"],\"url\":\"https:\/\/www.mediaplateforme.com\/fr\/author\/mohamedladib\/\"}]}<\/script>\n<!-- \/ Yoast SEO plugin. -->","yoast_head_json":{"title":"Le c\u0153ur de DeFacto bat rouge et vert au Maroc! - MEDIA PLATEFORME | FR","description":"r\u00e9sultats significatifs sur le march\u00e9 marocain depuis de nombreuses ann\u00e9es, DeFacto s'associe \u00e0 l'engouement du Maroci au Qatar.","robots":{"index":"index","follow":"follow","max-snippet":"max-snippet:-1","max-image-preview":"max-image-preview:large","max-video-preview":"max-video-preview:-1"},"canonical":"https:\/\/www.mediaplateforme.com\/fr\/le-coeur-de-defacto-bat-rouge-et-vert-au-maroc\/","og_locale":"fr_FR","og_type":"article","og_title":"Le c\u0153ur de DeFacto bat rouge et vert au Maroc! - MEDIA PLATEFORME | FR","og_description":"r\u00e9sultats significatifs sur le march\u00e9 marocain depuis de nombreuses ann\u00e9es, DeFacto s'associe \u00e0 l'engouement du Maroci au Qatar.","og_url":"https:\/\/www.mediaplateforme.com\/fr\/le-coeur-de-defacto-bat-rouge-et-vert-au-maroc\/","og_site_name":"MEDIA PLATEFORME | FR","article_published_time":"2022-12-14T14:30:04+00:00","og_image":[{"width":1484,"height":1113,"url":"https:\/\/www.mediaplateforme.com\/fr\/wp-content\/uploads\/sites\/5\/2022\/12\/IMG_0187833.jpg","type":"image\/jpeg"}],"author":"Mediaplateforme","twitter_card":"summary_large_image","twitter_misc":{"\u00c9crit par":"Mediaplateforme","Dur\u00e9e de lecture estim\u00e9e":"2 minutes"},"schema":{"@context":"https:\/\/schema.org","@graph":[{"@type":"WebPage","@id":"https:\/\/www.mediaplateforme.com\/fr\/le-coeur-de-defacto-bat-rouge-et-vert-au-maroc\/","url":"https:\/\/www.mediaplateforme.com\/fr\/le-coeur-de-defacto-bat-rouge-et-vert-au-maroc\/","name":"Le c\u0153ur de DeFacto bat rouge et vert au Maroc! - MEDIA PLATEFORME | FR","isPartOf":{"@id":"https:\/\/www.mediaplateforme.com\/fr\/#website"},"datePublished":"2022-12-14T14:30:04+00:00","dateModified":"2022-12-14T14:30:04+00:00","author":{"@id":"https:\/\/www.mediaplateforme.com\/fr\/#\/schema\/person\/89833db382b5db2c76b094bc902aa12a"},"description":"r\u00e9sultats significatifs sur le march\u00e9 marocain depuis de nombreuses ann\u00e9es, DeFacto s'associe \u00e0 l'engouement du Maroci au Qatar.","breadcrumb":{"@id":"https:\/\/www.mediaplateforme.com\/fr\/le-coeur-de-defacto-bat-rouge-et-vert-au-maroc\/#breadcrumb"},"inLanguage":"fr-FR","potentialAction":[{"@type":"ReadAction","target":["https:\/\/www.mediaplateforme.com\/fr\/le-coeur-de-defacto-bat-rouge-et-vert-au-maroc\/"]}]},{"@type":"BreadcrumbList","@id":"https:\/\/www.mediaplateforme.com\/fr\/le-coeur-de-defacto-bat-rouge-et-vert-au-maroc\/#breadcrumb","itemListElement":[{"@type":"ListItem","position":1,"name":"\u0627\u0644\u0631\u0626\u064a\u0633\u064a\u0629","item":"https:\/\/www.mediaplateforme.com\/fr\/"},{"@type":"ListItem","position":2,"name":"Le c\u0153ur de DeFacto bat rouge et vert au Maroc!"}]},{"@type":"WebSite","@id":"https:\/\/www.mediaplateforme.com\/fr\/#website","url":"https:\/\/www.mediaplateforme.com\/fr\/","name":"MEDIA PLATEFORME | FR","description":"Mediaplateforme sp\u00e9cialis\u00e9 dans la communication institutions publiques et des entreprises","potentialAction":[{"@type":"SearchAction","target":{"@type":"EntryPoint","urlTemplate":"https:\/\/www.mediaplateforme.com\/fr\/?s={search_term_string}"},"query-input":"required name=search_term_string"}],"inLanguage":"fr-FR"},{"@type":"Person","@id":"https:\/\/www.mediaplateforme.com\/fr\/#\/schema\/person\/89833db382b5db2c76b094bc902aa12a","name":"Mediaplateforme","image":{"@type":"ImageObject","inLanguage":"fr-FR","@id":"https:\/\/www.mediaplateforme.com\/fr\/#\/schema\/person\/image\/","url":"https:\/\/secure.gravatar.com\/avatar\/6c9c02e8928cc65d54bf75157f7b3a2d06d7ad0494ca0951f679552ff03b34c1?s=96&d=mm&r=g","contentUrl":"https:\/\/secure.gravatar.com\/avatar\/6c9c02e8928cc65d54bf75157f7b3a2d06d7ad0494ca0951f679552ff03b34c1?s=96&d=mm&r=g","caption":"Mediaplateforme"},"sameAs":["https:\/\/www.mediaplateforme.com"],"url":"https:\/\/www.mediaplateforme.com\/fr\/author\/mohamedladib\/"}]}},"_links":{"self":[{"href":"https:\/\/www.mediaplateforme.com\/fr\/wp-json\/wp\/v2\/posts\/1880","targetHints":{"allow":["GET"]}}],"collection":[{"href":"https:\/\/www.mediaplateforme.com\/fr\/wp-json\/wp\/v2\/posts"}],"about":[{"href":"https:\/\/www.mediaplateforme.com\/fr\/wp-json\/wp\/v2\/types\/post"}],"author":[{"embeddable":true,"href":"https:\/\/www.mediaplateforme.com\/fr\/wp-json\/wp\/v2\/users\/1"}],"replies":[{"embeddable":true,"href":"https:\/\/www.mediaplateforme.com\/fr\/wp-json\/wp\/v2\/comments?post=1880"}],"version-history":[{"count":1,"href":"https:\/\/www.mediaplateforme.com\/fr\/wp-json\/wp\/v2\/posts\/1880\/revisions"}],"predecessor-version":[{"id":1881,"href":"https:\/\/www.mediaplateforme.com\/fr\/wp-json\/wp\/v2\/posts\/1880\/revisions\/1881"}],"wp:featuredmedia":[{"embeddable":true,"href":"https:\/\/www.mediaplateforme.com\/fr\/wp-json\/wp\/v2\/media\/1882"}],"wp:attachment":[{"href":"https:\/\/www.mediaplateforme.com\/fr\/wp-json\/wp\/v2\/media?parent=1880"}],"wp:term":[{"taxonomy":"category","embeddable":true,"href":"https:\/\/www.mediaplateforme.com\/fr\/wp-json\/wp\/v2\/categories?post=1880"},{"taxonomy":"post_tag","embeddable":true,"href":"https:\/\/www.mediaplateforme.com\/fr\/wp-json\/wp\/v2\/tags?post=1880"}],"curies":[{"name":"wp","href":"https:\/\/api.w.org\/{rel}","templated":true}]}}