{"id":1874,"date":"2022-12-14T10:55:24","date_gmt":"2022-12-14T09:55:24","guid":{"rendered":"https:\/\/www.mediaplateforme.com\/fr\/?p=1874"},"modified":"2022-12-14T15:14:40","modified_gmt":"2022-12-14T14:14:40","slug":"defilant-aux-cotes-des-supporters-marocains-linitiative-de-la-vache-qui-rit-cree-levenement","status":"publish","type":"post","link":"https:\/\/www.mediaplateforme.com\/fr\/defilant-aux-cotes-des-supporters-marocains-linitiative-de-la-vache-qui-rit-cree-levenement\/","title":{"rendered":"D\u00e9filant aux c\u00f4t\u00e9s des supporters marocains,  l\u2019initiative de La Vache qui rit\u00ae cr\u00e9e l\u2019\u00e9v\u00e9nement"},"content":{"rendered":"<p>Fid\u00e8le \u00e0\u00a0 son ancrage marocain, \u00e0 son sens inn\u00e9 de joie partag\u00e9e, \u00a0La Vache qui rit\u00ae s\u2019est joint \u00e0 la liesse de la foule pour c\u00e9l\u00e9brer, samedi dernier, la qualification historique du Maroc \u00e0 la demi-finale de la Coupe du Monde.<\/p>\n<p>Au cours de la soir\u00e9e de c\u00e9l\u00e9bration qui a fait sortir dans les rues des centaines de milliers de Marocains, un convoi musical de dekka merrakchiya et de percussionnistes accompagnant la mascotte de la marque a particip\u00e9 avec spontan\u00e9it\u00e9 \u00e0 la c\u00e9l\u00e9bration populaire.<\/p>\n<p>Partageant la couleur du drapeau national, la mascotte pr\u00e9f\u00e9r\u00e9e des Marocains a ainsi arpent\u00e9 les plus grandes art\u00e8res de Casablanca et dans\u00e9 jusqu\u2019au bout de la nuit pour exprimer son soutien aux Lions de l\u2019Atlas.<\/p>\n<p>Exemple int\u00e9ressant d\u2019action de proximit\u00e9 pour une marque ancr\u00e9e dans le quotidien des Marocains depuis plus de 50 ans, l\u2019initiative de La Vache qui rit\u00ae a cr\u00e9\u00e9 l\u2019\u00e9v\u00e9nement et suscit\u00e9 le sourire et l\u2019adh\u00e9sion des supporters de tous \u00e2ges.<\/p>\n<p>La Vache qui rit\u00ae souhaite le meilleur \u00e0 l\u2019\u00e9quipe nationale pour la suite de la comp\u00e9tition et r\u00e9pondra pr\u00e9sent pour les prochaines c\u00e9l\u00e9brations\u2026<\/p>\n","protected":false},"excerpt":{"rendered":"<p>Fid\u00e8le \u00e0\u00a0 son ancrage marocain, \u00e0 son sens inn\u00e9 de joie partag\u00e9e, \u00a0La Vache qui<\/p>\n","protected":false},"author":1,"featured_media":1875,"comment_status":"open","ping_status":"open","sticky":false,"template":"","format":"standard","meta":{"_acf_changed":false,"footnotes":""},"categories":[2,3],"tags":[612],"class_list":["post-1874","post","type-post","status-publish","format-standard","has-post-thumbnail","hentry","category-nouvelles","category-nouvelles-selectionnees","tag-la-vache-qui-rit"],"acf":[],"yoast_head":"<!-- This site is optimized with the Yoast SEO plugin v22.0 - https:\/\/yoast.com\/wordpress\/plugins\/seo\/ -->\n<title>D\u00e9filant aux c\u00f4t\u00e9s des supporters marocains, l\u2019initiative de La Vache qui rit\u00ae cr\u00e9e l\u2019\u00e9v\u00e9nement - MEDIA PLATEFORME | FR<\/title>\n<meta name=\"description\" content=\"Fid\u00e8le \u00e0\u00a0 son ancrage marocain, \u00e0 son sens inn\u00e9 de joie partag\u00e9e, \u00a0La Vache qui rit\u00ae s\u2019est joint \u00e0 la liesse de la foule pour c\u00e9l\u00e9brer,\" \/>\n<meta name=\"robots\" content=\"index, follow, max-snippet:-1, max-image-preview:large, max-video-preview:-1\" \/>\n<link rel=\"canonical\" href=\"https:\/\/www.mediaplateforme.com\/fr\/defilant-aux-cotes-des-supporters-marocains-linitiative-de-la-vache-qui-rit-cree-levenement\/\" \/>\n<meta property=\"og:locale\" content=\"fr_FR\" \/>\n<meta property=\"og:type\" content=\"article\" \/>\n<meta property=\"og:title\" content=\"D\u00e9filant aux c\u00f4t\u00e9s des supporters marocains, l\u2019initiative de La Vache qui rit\u00ae cr\u00e9e l\u2019\u00e9v\u00e9nement - MEDIA PLATEFORME | FR\" \/>\n<meta property=\"og:description\" content=\"Fid\u00e8le \u00e0\u00a0 son ancrage marocain, \u00e0 son sens inn\u00e9 de joie partag\u00e9e, \u00a0La Vache qui rit\u00ae s\u2019est joint \u00e0 la liesse de la foule pour c\u00e9l\u00e9brer,\" \/>\n<meta property=\"og:url\" content=\"https:\/\/www.mediaplateforme.com\/fr\/defilant-aux-cotes-des-supporters-marocains-linitiative-de-la-vache-qui-rit-cree-levenement\/\" \/>\n<meta property=\"og:site_name\" content=\"MEDIA PLATEFORME | FR\" \/>\n<meta property=\"article:published_time\" content=\"2022-12-14T09:55:24+00:00\" \/>\n<meta property=\"article:modified_time\" content=\"2022-12-14T14:14:40+00:00\" \/>\n<meta property=\"og:image\" content=\"https:\/\/www.mediaplateforme.com\/fr\/wp-content\/uploads\/sites\/5\/2022\/12\/LVQR00038.jpg\" \/>\n\t<meta property=\"og:image:width\" content=\"1775\" \/>\n\t<meta property=\"og:image:height\" content=\"1181\" \/>\n\t<meta property=\"og:image:type\" content=\"image\/jpeg\" \/>\n<meta name=\"author\" content=\"Mediaplateforme\" \/>\n<meta name=\"twitter:card\" content=\"summary_large_image\" \/>\n<meta name=\"twitter:label1\" content=\"\u00c9crit par\" \/>\n\t<meta name=\"twitter:data1\" content=\"Mediaplateforme\" \/>\n\t<meta name=\"twitter:label2\" content=\"Dur\u00e9e de lecture estim\u00e9e\" \/>\n\t<meta name=\"twitter:data2\" content=\"1 minute\" \/>\n<script type=\"application\/ld+json\" class=\"yoast-schema-graph\">{\"@context\":\"https:\/\/schema.org\",\"@graph\":[{\"@type\":\"WebPage\",\"@id\":\"https:\/\/www.mediaplateforme.com\/fr\/defilant-aux-cotes-des-supporters-marocains-linitiative-de-la-vache-qui-rit-cree-levenement\/\",\"url\":\"https:\/\/www.mediaplateforme.com\/fr\/defilant-aux-cotes-des-supporters-marocains-linitiative-de-la-vache-qui-rit-cree-levenement\/\",\"name\":\"D\u00e9filant aux c\u00f4t\u00e9s des supporters marocains, l\u2019initiative de La Vache qui rit\u00ae cr\u00e9e l\u2019\u00e9v\u00e9nement - MEDIA PLATEFORME | FR\",\"isPartOf\":{\"@id\":\"https:\/\/www.mediaplateforme.com\/fr\/#website\"},\"datePublished\":\"2022-12-14T09:55:24+00:00\",\"dateModified\":\"2022-12-14T14:14:40+00:00\",\"author\":{\"@id\":\"https:\/\/www.mediaplateforme.com\/fr\/#\/schema\/person\/89833db382b5db2c76b094bc902aa12a\"},\"description\":\"Fid\u00e8le \u00e0\u00a0 son ancrage marocain, \u00e0 son sens inn\u00e9 de joie partag\u00e9e, \u00a0La Vache qui rit\u00ae s\u2019est joint \u00e0 la liesse de la foule pour c\u00e9l\u00e9brer,\",\"breadcrumb\":{\"@id\":\"https:\/\/www.mediaplateforme.com\/fr\/defilant-aux-cotes-des-supporters-marocains-linitiative-de-la-vache-qui-rit-cree-levenement\/#breadcrumb\"},\"inLanguage\":\"fr-FR\",\"potentialAction\":[{\"@type\":\"ReadAction\",\"target\":[\"https:\/\/www.mediaplateforme.com\/fr\/defilant-aux-cotes-des-supporters-marocains-linitiative-de-la-vache-qui-rit-cree-levenement\/\"]}]},{\"@type\":\"BreadcrumbList\",\"@id\":\"https:\/\/www.mediaplateforme.com\/fr\/defilant-aux-cotes-des-supporters-marocains-linitiative-de-la-vache-qui-rit-cree-levenement\/#breadcrumb\",\"itemListElement\":[{\"@type\":\"ListItem\",\"position\":1,\"name\":\"\u0627\u0644\u0631\u0626\u064a\u0633\u064a\u0629\",\"item\":\"https:\/\/www.mediaplateforme.com\/fr\/\"},{\"@type\":\"ListItem\",\"position\":2,\"name\":\"D\u00e9filant aux c\u00f4t\u00e9s des supporters marocains, l\u2019initiative de La Vache qui rit\u00ae cr\u00e9e l\u2019\u00e9v\u00e9nement\"}]},{\"@type\":\"WebSite\",\"@id\":\"https:\/\/www.mediaplateforme.com\/fr\/#website\",\"url\":\"https:\/\/www.mediaplateforme.com\/fr\/\",\"name\":\"MEDIA PLATEFORME | FR\",\"description\":\"Mediaplateforme sp\u00e9cialis\u00e9 dans la communication institutions publiques et des entreprises\",\"potentialAction\":[{\"@type\":\"SearchAction\",\"target\":{\"@type\":\"EntryPoint\",\"urlTemplate\":\"https:\/\/www.mediaplateforme.com\/fr\/?s={search_term_string}\"},\"query-input\":\"required name=search_term_string\"}],\"inLanguage\":\"fr-FR\"},{\"@type\":\"Person\",\"@id\":\"https:\/\/www.mediaplateforme.com\/fr\/#\/schema\/person\/89833db382b5db2c76b094bc902aa12a\",\"name\":\"Mediaplateforme\",\"image\":{\"@type\":\"ImageObject\",\"inLanguage\":\"fr-FR\",\"@id\":\"https:\/\/www.mediaplateforme.com\/fr\/#\/schema\/person\/image\/\",\"url\":\"https:\/\/secure.gravatar.com\/avatar\/6c9c02e8928cc65d54bf75157f7b3a2d06d7ad0494ca0951f679552ff03b34c1?s=96&d=mm&r=g\",\"contentUrl\":\"https:\/\/secure.gravatar.com\/avatar\/6c9c02e8928cc65d54bf75157f7b3a2d06d7ad0494ca0951f679552ff03b34c1?s=96&d=mm&r=g\",\"caption\":\"Mediaplateforme\"},\"sameAs\":[\"https:\/\/www.mediaplateforme.com\"],\"url\":\"https:\/\/www.mediaplateforme.com\/fr\/author\/mohamedladib\/\"}]}<\/script>\n<!-- \/ Yoast SEO plugin. -->","yoast_head_json":{"title":"D\u00e9filant aux c\u00f4t\u00e9s des supporters marocains, l\u2019initiative de La Vache qui rit\u00ae cr\u00e9e l\u2019\u00e9v\u00e9nement - MEDIA PLATEFORME | FR","description":"Fid\u00e8le \u00e0\u00a0 son ancrage marocain, \u00e0 son sens inn\u00e9 de joie partag\u00e9e, \u00a0La Vache qui rit\u00ae s\u2019est joint \u00e0 la liesse de la foule pour c\u00e9l\u00e9brer,","robots":{"index":"index","follow":"follow","max-snippet":"max-snippet:-1","max-image-preview":"max-image-preview:large","max-video-preview":"max-video-preview:-1"},"canonical":"https:\/\/www.mediaplateforme.com\/fr\/defilant-aux-cotes-des-supporters-marocains-linitiative-de-la-vache-qui-rit-cree-levenement\/","og_locale":"fr_FR","og_type":"article","og_title":"D\u00e9filant aux c\u00f4t\u00e9s des supporters marocains, l\u2019initiative de La Vache qui rit\u00ae cr\u00e9e l\u2019\u00e9v\u00e9nement - MEDIA PLATEFORME | FR","og_description":"Fid\u00e8le \u00e0\u00a0 son ancrage marocain, \u00e0 son sens inn\u00e9 de joie partag\u00e9e, \u00a0La Vache qui rit\u00ae s\u2019est joint \u00e0 la liesse de la foule pour c\u00e9l\u00e9brer,","og_url":"https:\/\/www.mediaplateforme.com\/fr\/defilant-aux-cotes-des-supporters-marocains-linitiative-de-la-vache-qui-rit-cree-levenement\/","og_site_name":"MEDIA PLATEFORME | FR","article_published_time":"2022-12-14T09:55:24+00:00","article_modified_time":"2022-12-14T14:14:40+00:00","og_image":[{"width":1775,"height":1181,"url":"https:\/\/www.mediaplateforme.com\/fr\/wp-content\/uploads\/sites\/5\/2022\/12\/LVQR00038.jpg","type":"image\/jpeg"}],"author":"Mediaplateforme","twitter_card":"summary_large_image","twitter_misc":{"\u00c9crit par":"Mediaplateforme","Dur\u00e9e de lecture estim\u00e9e":"1 minute"},"schema":{"@context":"https:\/\/schema.org","@graph":[{"@type":"WebPage","@id":"https:\/\/www.mediaplateforme.com\/fr\/defilant-aux-cotes-des-supporters-marocains-linitiative-de-la-vache-qui-rit-cree-levenement\/","url":"https:\/\/www.mediaplateforme.com\/fr\/defilant-aux-cotes-des-supporters-marocains-linitiative-de-la-vache-qui-rit-cree-levenement\/","name":"D\u00e9filant aux c\u00f4t\u00e9s des supporters marocains, l\u2019initiative de La Vache qui rit\u00ae cr\u00e9e l\u2019\u00e9v\u00e9nement - MEDIA PLATEFORME | FR","isPartOf":{"@id":"https:\/\/www.mediaplateforme.com\/fr\/#website"},"datePublished":"2022-12-14T09:55:24+00:00","dateModified":"2022-12-14T14:14:40+00:00","author":{"@id":"https:\/\/www.mediaplateforme.com\/fr\/#\/schema\/person\/89833db382b5db2c76b094bc902aa12a"},"description":"Fid\u00e8le \u00e0\u00a0 son ancrage marocain, \u00e0 son sens inn\u00e9 de joie partag\u00e9e, \u00a0La Vache qui rit\u00ae s\u2019est joint \u00e0 la liesse de la foule pour c\u00e9l\u00e9brer,","breadcrumb":{"@id":"https:\/\/www.mediaplateforme.com\/fr\/defilant-aux-cotes-des-supporters-marocains-linitiative-de-la-vache-qui-rit-cree-levenement\/#breadcrumb"},"inLanguage":"fr-FR","potentialAction":[{"@type":"ReadAction","target":["https:\/\/www.mediaplateforme.com\/fr\/defilant-aux-cotes-des-supporters-marocains-linitiative-de-la-vache-qui-rit-cree-levenement\/"]}]},{"@type":"BreadcrumbList","@id":"https:\/\/www.mediaplateforme.com\/fr\/defilant-aux-cotes-des-supporters-marocains-linitiative-de-la-vache-qui-rit-cree-levenement\/#breadcrumb","itemListElement":[{"@type":"ListItem","position":1,"name":"\u0627\u0644\u0631\u0626\u064a\u0633\u064a\u0629","item":"https:\/\/www.mediaplateforme.com\/fr\/"},{"@type":"ListItem","position":2,"name":"D\u00e9filant aux c\u00f4t\u00e9s des supporters marocains, l\u2019initiative de La Vache qui rit\u00ae cr\u00e9e l\u2019\u00e9v\u00e9nement"}]},{"@type":"WebSite","@id":"https:\/\/www.mediaplateforme.com\/fr\/#website","url":"https:\/\/www.mediaplateforme.com\/fr\/","name":"MEDIA PLATEFORME | FR","description":"Mediaplateforme sp\u00e9cialis\u00e9 dans la communication institutions publiques et des entreprises","potentialAction":[{"@type":"SearchAction","target":{"@type":"EntryPoint","urlTemplate":"https:\/\/www.mediaplateforme.com\/fr\/?s={search_term_string}"},"query-input":"required name=search_term_string"}],"inLanguage":"fr-FR"},{"@type":"Person","@id":"https:\/\/www.mediaplateforme.com\/fr\/#\/schema\/person\/89833db382b5db2c76b094bc902aa12a","name":"Mediaplateforme","image":{"@type":"ImageObject","inLanguage":"fr-FR","@id":"https:\/\/www.mediaplateforme.com\/fr\/#\/schema\/person\/image\/","url":"https:\/\/secure.gravatar.com\/avatar\/6c9c02e8928cc65d54bf75157f7b3a2d06d7ad0494ca0951f679552ff03b34c1?s=96&d=mm&r=g","contentUrl":"https:\/\/secure.gravatar.com\/avatar\/6c9c02e8928cc65d54bf75157f7b3a2d06d7ad0494ca0951f679552ff03b34c1?s=96&d=mm&r=g","caption":"Mediaplateforme"},"sameAs":["https:\/\/www.mediaplateforme.com"],"url":"https:\/\/www.mediaplateforme.com\/fr\/author\/mohamedladib\/"}]}},"_links":{"self":[{"href":"https:\/\/www.mediaplateforme.com\/fr\/wp-json\/wp\/v2\/posts\/1874","targetHints":{"allow":["GET"]}}],"collection":[{"href":"https:\/\/www.mediaplateforme.com\/fr\/wp-json\/wp\/v2\/posts"}],"about":[{"href":"https:\/\/www.mediaplateforme.com\/fr\/wp-json\/wp\/v2\/types\/post"}],"author":[{"embeddable":true,"href":"https:\/\/www.mediaplateforme.com\/fr\/wp-json\/wp\/v2\/users\/1"}],"replies":[{"embeddable":true,"href":"https:\/\/www.mediaplateforme.com\/fr\/wp-json\/wp\/v2\/comments?post=1874"}],"version-history":[{"count":1,"href":"https:\/\/www.mediaplateforme.com\/fr\/wp-json\/wp\/v2\/posts\/1874\/revisions"}],"predecessor-version":[{"id":1876,"href":"https:\/\/www.mediaplateforme.com\/fr\/wp-json\/wp\/v2\/posts\/1874\/revisions\/1876"}],"wp:featuredmedia":[{"embeddable":true,"href":"https:\/\/www.mediaplateforme.com\/fr\/wp-json\/wp\/v2\/media\/1875"}],"wp:attachment":[{"href":"https:\/\/www.mediaplateforme.com\/fr\/wp-json\/wp\/v2\/media?parent=1874"}],"wp:term":[{"taxonomy":"category","embeddable":true,"href":"https:\/\/www.mediaplateforme.com\/fr\/wp-json\/wp\/v2\/categories?post=1874"},{"taxonomy":"post_tag","embeddable":true,"href":"https:\/\/www.mediaplateforme.com\/fr\/wp-json\/wp\/v2\/tags?post=1874"}],"curies":[{"name":"wp","href":"https:\/\/api.w.org\/{rel}","templated":true}]}}