{"id":1849,"date":"2022-12-13T14:04:45","date_gmt":"2022-12-13T13:04:45","guid":{"rendered":"https:\/\/www.mediaplateforme.com\/fr\/?p=1849"},"modified":"2022-12-13T14:04:45","modified_gmt":"2022-12-13T13:04:45","slug":"inwi-partenaire-officiel-la-38eme-edition-du-carrefour-du-manager","status":"publish","type":"post","link":"https:\/\/www.mediaplateforme.com\/fr\/inwi-partenaire-officiel-la-38eme-edition-du-carrefour-du-manager\/","title":{"rendered":"inwi partenaire officiel la 38\u00e8me \u00e9dition du Carrefour du Manager"},"content":{"rendered":"<p><b><span lang=\"FR\">Fid\u00e8le \u00e0 sa position de marque employeur de r\u00e9f\u00e9rence au Maroc, inwi soutient la 38<sup>\u00e8me<\/sup>\u00a0\u00e9dition du Carrefour du Manager, le rendez-vous annuel d\u00e9di\u00e9 \u00e0 la gestion des ressources humaines et au d\u00e9veloppement du capital humain.<\/span><\/b><\/p>\n<p><span lang=\"FR\">Organis\u00e9e sous le th\u00e8me \u00ab Fid\u00e9lisation du capital humain ou des talents : pratiques et enjeux pour le d\u00e9veloppement des entreprises \u00bb<b>,\u00a0<\/b>cette 38<sup>\u00e8me<\/sup>\u00a0\u00e9dition est initi\u00e9e par le Groupe ISCAE partenariat avec la Chambre Fran\u00e7aise de Commerce et d&rsquo;Industrie du Maroc (CFCIM), sous l\u2019\u00e9gide du Minist\u00e8re de l\u2019Industrie et du Commerce, \u00e0 Casablanca le 7 et 8 d\u00e9cembre.<\/span><\/p>\n<p><i><span lang=\"FR\">\u00ab Aujourd\u2019hui, la fid\u00e9lisation du capital humain passe par un management Ad Hoc. Le Manager de proximit\u00e9 est la pierre angulaire de cette strat\u00e9gie. En effet, il joue un r\u00f4le primordial pour la fid\u00e9lisation des ressources humaines en \u00e9tant \u00e0 l\u2019\u00e9coute de ses \u00e9quipes, en leur offrant un accompagnement au quotidien mais aussi en leur proposant des formations ad\u00e9quates. Chez inwi, nous sommes pleinement conscients de l\u2019importance du manager de proximit\u00e9 qui est d\u2019ailleurs au c\u0153ur de notre politique RH pour la fid\u00e9lisation des comp\u00e9tences et pour une meilleure attractivit\u00e9 des talents. \u00bb<\/span><\/i><span lang=\"FR\">, a d\u00e9clar\u00e9 Rachid Bakkar, Directeur des Ressources Humaines chez inwi en marge de la s\u00e9ance pl\u00e9ni\u00e8re de la 3<sup>\u00e8me<\/sup>\u00a0\u00e9dition du Carrefour du Manager.<\/span><\/p>\n<p><span lang=\"FR\">Cet \u00e9v\u00e8nement de r\u00e9f\u00e9rence est une plateforme de rencontres et d&rsquo;\u00e9changes entre professionnels issus de tous secteurs d\u2019activit\u00e9 et \u00e9tudiants aux profils, talents et exp\u00e9riences riches et vari\u00e9s.<\/span><\/p>\n<p><span lang=\"FR\">Par la m\u00eame occasion, inwi a am\u00e9nag\u00e9 un stand de recrutement anim\u00e9 par les \u00e9quipes RH qui ont rencontr\u00e9 les futurs laur\u00e9ats des grandes \u00e9coles en qu\u00eate d\u2019un premier emploi au sein de l\u2019op\u00e9rateur global mais aussi les dipl\u00f4m\u00e9s exer\u00e7ant une activit\u00e9 professionnelle aspirant \u00e0 faire \u00e9voluer leur carri\u00e8re.<\/span><\/p>\n<p><span lang=\"FR\">\u00a0<\/span><\/p>\n<p><span lang=\"FR\">Au programme de cette nouvelle \u00e9dition, plusieurs ateliers et keynotes ont \u00e9t\u00e9 anim\u00e9s couvrant des th\u00e9matiques telles que les pratiques et enjeux de la fid\u00e9lisation du capital humain, les politiques de gestion des comp\u00e9tences ou encore la digitalisation de la fonction RH.<\/span><\/p>\n<p><span lang=\"FR\">Le soutien de inwi au Carrefour du Manager s\u2019inscrit dans la continuit\u00e9 des efforts de l\u2019op\u00e9rateur global pour asseoir sa position de marque employeur de r\u00e9f\u00e9rence au Maroc. inwi op\u00e8re au quotidien une am\u00e9lioration continue de sa gestion de capital humain notamment \u00e0 travers un process digitalis\u00e9 de bout en bout.\u00a0<\/span><\/p>\n","protected":false},"excerpt":{"rendered":"<p>Fid\u00e8le \u00e0 sa position de marque employeur de r\u00e9f\u00e9rence au Maroc, inwi soutient la 38\u00e8me\u00a0\u00e9dition<\/p>\n","protected":false},"author":1,"featured_media":1850,"comment_status":"open","ping_status":"open","sticky":false,"template":"","format":"standard","meta":{"_acf_changed":false,"footnotes":""},"categories":[2,3],"tags":[607,154],"class_list":["post-1849","post","type-post","status-publish","format-standard","has-post-thumbnail","hentry","category-nouvelles","category-nouvelles-selectionnees","tag-carrefour-du-manager","tag-inwi"],"acf":[],"yoast_head":"<!-- This site is optimized with the Yoast SEO plugin v22.0 - https:\/\/yoast.com\/wordpress\/plugins\/seo\/ -->\n<title>inwi partenaire officiel la 38\u00e8me \u00e9dition du Carrefour du Manager - MEDIA PLATEFORME | FR<\/title>\n<meta name=\"description\" content=\"Fid\u00e8le \u00e0 sa position de marque employeur de r\u00e9f\u00e9rence au Maroc, inwi soutient la 38\u00e8me\u00a0\u00e9dition du Carrefour du Manager, le rendez-vous .\" \/>\n<meta name=\"robots\" content=\"index, follow, max-snippet:-1, max-image-preview:large, max-video-preview:-1\" \/>\n<link rel=\"canonical\" href=\"https:\/\/www.mediaplateforme.com\/fr\/inwi-partenaire-officiel-la-38eme-edition-du-carrefour-du-manager\/\" \/>\n<meta property=\"og:locale\" content=\"fr_FR\" \/>\n<meta property=\"og:type\" content=\"article\" \/>\n<meta property=\"og:title\" content=\"inwi partenaire officiel la 38\u00e8me \u00e9dition du Carrefour du Manager - MEDIA PLATEFORME | FR\" \/>\n<meta property=\"og:description\" content=\"Fid\u00e8le \u00e0 sa position de marque employeur de r\u00e9f\u00e9rence au Maroc, inwi soutient la 38\u00e8me\u00a0\u00e9dition du Carrefour du Manager, le rendez-vous .\" \/>\n<meta property=\"og:url\" content=\"https:\/\/www.mediaplateforme.com\/fr\/inwi-partenaire-officiel-la-38eme-edition-du-carrefour-du-manager\/\" \/>\n<meta property=\"og:site_name\" content=\"MEDIA PLATEFORME | FR\" \/>\n<meta property=\"article:published_time\" content=\"2022-12-13T13:04:45+00:00\" \/>\n<meta property=\"og:image\" content=\"https:\/\/www.mediaplateforme.com\/fr\/wp-content\/uploads\/sites\/5\/2022\/12\/Rachid-Bakkar-DRH-inwi.jpeg\" \/>\n\t<meta property=\"og:image:width\" content=\"529\" \/>\n\t<meta property=\"og:image:height\" content=\"489\" \/>\n\t<meta property=\"og:image:type\" content=\"image\/jpeg\" \/>\n<meta name=\"author\" content=\"Mediaplateforme\" \/>\n<meta name=\"twitter:card\" content=\"summary_large_image\" \/>\n<meta name=\"twitter:label1\" content=\"\u00c9crit par\" \/>\n\t<meta name=\"twitter:data1\" content=\"Mediaplateforme\" \/>\n\t<meta name=\"twitter:label2\" content=\"Dur\u00e9e de lecture estim\u00e9e\" \/>\n\t<meta name=\"twitter:data2\" content=\"2 minutes\" \/>\n<script type=\"application\/ld+json\" class=\"yoast-schema-graph\">{\"@context\":\"https:\/\/schema.org\",\"@graph\":[{\"@type\":\"WebPage\",\"@id\":\"https:\/\/www.mediaplateforme.com\/fr\/inwi-partenaire-officiel-la-38eme-edition-du-carrefour-du-manager\/\",\"url\":\"https:\/\/www.mediaplateforme.com\/fr\/inwi-partenaire-officiel-la-38eme-edition-du-carrefour-du-manager\/\",\"name\":\"inwi partenaire officiel la 38\u00e8me \u00e9dition du Carrefour du Manager - MEDIA PLATEFORME | FR\",\"isPartOf\":{\"@id\":\"https:\/\/www.mediaplateforme.com\/fr\/#website\"},\"datePublished\":\"2022-12-13T13:04:45+00:00\",\"dateModified\":\"2022-12-13T13:04:45+00:00\",\"author\":{\"@id\":\"https:\/\/www.mediaplateforme.com\/fr\/#\/schema\/person\/89833db382b5db2c76b094bc902aa12a\"},\"description\":\"Fid\u00e8le \u00e0 sa position de marque employeur de r\u00e9f\u00e9rence au Maroc, inwi soutient la 38\u00e8me\u00a0\u00e9dition du Carrefour du Manager, le rendez-vous .\",\"breadcrumb\":{\"@id\":\"https:\/\/www.mediaplateforme.com\/fr\/inwi-partenaire-officiel-la-38eme-edition-du-carrefour-du-manager\/#breadcrumb\"},\"inLanguage\":\"fr-FR\",\"potentialAction\":[{\"@type\":\"ReadAction\",\"target\":[\"https:\/\/www.mediaplateforme.com\/fr\/inwi-partenaire-officiel-la-38eme-edition-du-carrefour-du-manager\/\"]}]},{\"@type\":\"BreadcrumbList\",\"@id\":\"https:\/\/www.mediaplateforme.com\/fr\/inwi-partenaire-officiel-la-38eme-edition-du-carrefour-du-manager\/#breadcrumb\",\"itemListElement\":[{\"@type\":\"ListItem\",\"position\":1,\"name\":\"\u0627\u0644\u0631\u0626\u064a\u0633\u064a\u0629\",\"item\":\"https:\/\/www.mediaplateforme.com\/fr\/\"},{\"@type\":\"ListItem\",\"position\":2,\"name\":\"inwi partenaire officiel la 38\u00e8me \u00e9dition du Carrefour du Manager\"}]},{\"@type\":\"WebSite\",\"@id\":\"https:\/\/www.mediaplateforme.com\/fr\/#website\",\"url\":\"https:\/\/www.mediaplateforme.com\/fr\/\",\"name\":\"MEDIA PLATEFORME | FR\",\"description\":\"Mediaplateforme sp\u00e9cialis\u00e9 dans la communication institutions publiques et des entreprises\",\"potentialAction\":[{\"@type\":\"SearchAction\",\"target\":{\"@type\":\"EntryPoint\",\"urlTemplate\":\"https:\/\/www.mediaplateforme.com\/fr\/?s={search_term_string}\"},\"query-input\":\"required name=search_term_string\"}],\"inLanguage\":\"fr-FR\"},{\"@type\":\"Person\",\"@id\":\"https:\/\/www.mediaplateforme.com\/fr\/#\/schema\/person\/89833db382b5db2c76b094bc902aa12a\",\"name\":\"Mediaplateforme\",\"image\":{\"@type\":\"ImageObject\",\"inLanguage\":\"fr-FR\",\"@id\":\"https:\/\/www.mediaplateforme.com\/fr\/#\/schema\/person\/image\/\",\"url\":\"https:\/\/secure.gravatar.com\/avatar\/6c9c02e8928cc65d54bf75157f7b3a2d06d7ad0494ca0951f679552ff03b34c1?s=96&d=mm&r=g\",\"contentUrl\":\"https:\/\/secure.gravatar.com\/avatar\/6c9c02e8928cc65d54bf75157f7b3a2d06d7ad0494ca0951f679552ff03b34c1?s=96&d=mm&r=g\",\"caption\":\"Mediaplateforme\"},\"sameAs\":[\"https:\/\/www.mediaplateforme.com\"],\"url\":\"https:\/\/www.mediaplateforme.com\/fr\/author\/mohamedladib\/\"}]}<\/script>\n<!-- \/ Yoast SEO plugin. -->","yoast_head_json":{"title":"inwi partenaire officiel la 38\u00e8me \u00e9dition du Carrefour du Manager - MEDIA PLATEFORME | FR","description":"Fid\u00e8le \u00e0 sa position de marque employeur de r\u00e9f\u00e9rence au Maroc, inwi soutient la 38\u00e8me\u00a0\u00e9dition du Carrefour du Manager, le rendez-vous .","robots":{"index":"index","follow":"follow","max-snippet":"max-snippet:-1","max-image-preview":"max-image-preview:large","max-video-preview":"max-video-preview:-1"},"canonical":"https:\/\/www.mediaplateforme.com\/fr\/inwi-partenaire-officiel-la-38eme-edition-du-carrefour-du-manager\/","og_locale":"fr_FR","og_type":"article","og_title":"inwi partenaire officiel la 38\u00e8me \u00e9dition du Carrefour du Manager - MEDIA PLATEFORME | FR","og_description":"Fid\u00e8le \u00e0 sa position de marque employeur de r\u00e9f\u00e9rence au Maroc, inwi soutient la 38\u00e8me\u00a0\u00e9dition du Carrefour du Manager, le rendez-vous .","og_url":"https:\/\/www.mediaplateforme.com\/fr\/inwi-partenaire-officiel-la-38eme-edition-du-carrefour-du-manager\/","og_site_name":"MEDIA PLATEFORME | FR","article_published_time":"2022-12-13T13:04:45+00:00","og_image":[{"width":529,"height":489,"url":"https:\/\/www.mediaplateforme.com\/fr\/wp-content\/uploads\/sites\/5\/2022\/12\/Rachid-Bakkar-DRH-inwi.jpeg","type":"image\/jpeg"}],"author":"Mediaplateforme","twitter_card":"summary_large_image","twitter_misc":{"\u00c9crit par":"Mediaplateforme","Dur\u00e9e de lecture estim\u00e9e":"2 minutes"},"schema":{"@context":"https:\/\/schema.org","@graph":[{"@type":"WebPage","@id":"https:\/\/www.mediaplateforme.com\/fr\/inwi-partenaire-officiel-la-38eme-edition-du-carrefour-du-manager\/","url":"https:\/\/www.mediaplateforme.com\/fr\/inwi-partenaire-officiel-la-38eme-edition-du-carrefour-du-manager\/","name":"inwi partenaire officiel la 38\u00e8me \u00e9dition du Carrefour du Manager - MEDIA PLATEFORME | FR","isPartOf":{"@id":"https:\/\/www.mediaplateforme.com\/fr\/#website"},"datePublished":"2022-12-13T13:04:45+00:00","dateModified":"2022-12-13T13:04:45+00:00","author":{"@id":"https:\/\/www.mediaplateforme.com\/fr\/#\/schema\/person\/89833db382b5db2c76b094bc902aa12a"},"description":"Fid\u00e8le \u00e0 sa position de marque employeur de r\u00e9f\u00e9rence au Maroc, inwi soutient la 38\u00e8me\u00a0\u00e9dition du Carrefour du Manager, le rendez-vous .","breadcrumb":{"@id":"https:\/\/www.mediaplateforme.com\/fr\/inwi-partenaire-officiel-la-38eme-edition-du-carrefour-du-manager\/#breadcrumb"},"inLanguage":"fr-FR","potentialAction":[{"@type":"ReadAction","target":["https:\/\/www.mediaplateforme.com\/fr\/inwi-partenaire-officiel-la-38eme-edition-du-carrefour-du-manager\/"]}]},{"@type":"BreadcrumbList","@id":"https:\/\/www.mediaplateforme.com\/fr\/inwi-partenaire-officiel-la-38eme-edition-du-carrefour-du-manager\/#breadcrumb","itemListElement":[{"@type":"ListItem","position":1,"name":"\u0627\u0644\u0631\u0626\u064a\u0633\u064a\u0629","item":"https:\/\/www.mediaplateforme.com\/fr\/"},{"@type":"ListItem","position":2,"name":"inwi partenaire officiel la 38\u00e8me \u00e9dition du Carrefour du Manager"}]},{"@type":"WebSite","@id":"https:\/\/www.mediaplateforme.com\/fr\/#website","url":"https:\/\/www.mediaplateforme.com\/fr\/","name":"MEDIA PLATEFORME | FR","description":"Mediaplateforme sp\u00e9cialis\u00e9 dans la communication institutions publiques et des entreprises","potentialAction":[{"@type":"SearchAction","target":{"@type":"EntryPoint","urlTemplate":"https:\/\/www.mediaplateforme.com\/fr\/?s={search_term_string}"},"query-input":"required name=search_term_string"}],"inLanguage":"fr-FR"},{"@type":"Person","@id":"https:\/\/www.mediaplateforme.com\/fr\/#\/schema\/person\/89833db382b5db2c76b094bc902aa12a","name":"Mediaplateforme","image":{"@type":"ImageObject","inLanguage":"fr-FR","@id":"https:\/\/www.mediaplateforme.com\/fr\/#\/schema\/person\/image\/","url":"https:\/\/secure.gravatar.com\/avatar\/6c9c02e8928cc65d54bf75157f7b3a2d06d7ad0494ca0951f679552ff03b34c1?s=96&d=mm&r=g","contentUrl":"https:\/\/secure.gravatar.com\/avatar\/6c9c02e8928cc65d54bf75157f7b3a2d06d7ad0494ca0951f679552ff03b34c1?s=96&d=mm&r=g","caption":"Mediaplateforme"},"sameAs":["https:\/\/www.mediaplateforme.com"],"url":"https:\/\/www.mediaplateforme.com\/fr\/author\/mohamedladib\/"}]}},"_links":{"self":[{"href":"https:\/\/www.mediaplateforme.com\/fr\/wp-json\/wp\/v2\/posts\/1849","targetHints":{"allow":["GET"]}}],"collection":[{"href":"https:\/\/www.mediaplateforme.com\/fr\/wp-json\/wp\/v2\/posts"}],"about":[{"href":"https:\/\/www.mediaplateforme.com\/fr\/wp-json\/wp\/v2\/types\/post"}],"author":[{"embeddable":true,"href":"https:\/\/www.mediaplateforme.com\/fr\/wp-json\/wp\/v2\/users\/1"}],"replies":[{"embeddable":true,"href":"https:\/\/www.mediaplateforme.com\/fr\/wp-json\/wp\/v2\/comments?post=1849"}],"version-history":[{"count":1,"href":"https:\/\/www.mediaplateforme.com\/fr\/wp-json\/wp\/v2\/posts\/1849\/revisions"}],"predecessor-version":[{"id":1851,"href":"https:\/\/www.mediaplateforme.com\/fr\/wp-json\/wp\/v2\/posts\/1849\/revisions\/1851"}],"wp:featuredmedia":[{"embeddable":true,"href":"https:\/\/www.mediaplateforme.com\/fr\/wp-json\/wp\/v2\/media\/1850"}],"wp:attachment":[{"href":"https:\/\/www.mediaplateforme.com\/fr\/wp-json\/wp\/v2\/media?parent=1849"}],"wp:term":[{"taxonomy":"category","embeddable":true,"href":"https:\/\/www.mediaplateforme.com\/fr\/wp-json\/wp\/v2\/categories?post=1849"},{"taxonomy":"post_tag","embeddable":true,"href":"https:\/\/www.mediaplateforme.com\/fr\/wp-json\/wp\/v2\/tags?post=1849"}],"curies":[{"name":"wp","href":"https:\/\/api.w.org\/{rel}","templated":true}]}}