{"id":1826,"date":"2022-12-12T12:56:06","date_gmt":"2022-12-12T11:56:06","guid":{"rendered":"https:\/\/www.mediaplateforme.com\/fr\/?p=1826"},"modified":"2022-12-12T12:56:06","modified_gmt":"2022-12-12T11:56:06","slug":"huawei-maroc-reitere-son-engagement-en-faveur-dun-ecosysteme-de-partenaires-plus-inclusive-et-plus-durable","status":"publish","type":"post","link":"https:\/\/www.mediaplateforme.com\/fr\/huawei-maroc-reitere-son-engagement-en-faveur-dun-ecosysteme-de-partenaires-plus-inclusive-et-plus-durable\/","title":{"rendered":"Huawei Maroc r\u00e9it\u00e8re son engagement en faveur d&rsquo;un \u00e9cosyst\u00e8me de partenaires plus inclusive et plus durable"},"content":{"rendered":"<p style=\"font-weight: 400;\">En ligne avec ses engagements, Huawei Maroc a organis\u00e9, le vendredi 9 D\u00e9cembre 2022 \u00e0 Casablanca, une conf\u00e9rence sous le nom \u00a0\u00ab\u00a0Huawei Morocco Core Partners Conference 2022\u00a0\u00bb en faveur des fournisseurs et prestataires majeurs de l\u2019entreprise. Cette conf\u00e9rence articul\u00e9e autour de la th\u00e9matique \u00ab\u00a0Collaborer et innover dans un esprit gagnant-gagnant, en menant l&rsquo;avenir num\u00e9rique avec qualit\u00e9\u00bb avait pour objectif majeur de c\u00e9l\u00e9brer le partenariat fructueux engag\u00e9 avec l\u2019\u00e9cosyst\u00e8me des fournisseurs et des prestataires majeurs de Huawei, en plus d\u2019exposer le Business Conduct Guideline (BCG), lequel est un guide de l\u2019\u00e9thique des affaires et de la conformit\u00e9 de l\u2019entreprise.<\/p>\n<p style=\"font-weight: 400;\">La c\u00e9r\u00e9monie officielle d&rsquo;ouverture de la conf\u00e9rence a \u00e9t\u00e9 pr\u00e9sid\u00e9e par M. Jerry Cui, Directeur G\u00e9n\u00e9ral de Huawei Maroc en pr\u00e9sence d&rsquo;une panoplie\u00a0de personnalit\u00e9s de renom dont notamment des repr\u00e9sentants du Ministre de l\u2019Inclusion \u00c9conomique, de la Petite Entreprise, de l\u2019Emploi et des Comp\u00e9tences.<\/p>\n<p style=\"font-weight: 400;\">Plus de 100 participants se sont retrouv\u00e9s \u00e0 cet \u00e9v\u00e9nement de premier plan, marqu\u00e9 par des \u00e9changes de qualit\u00e9, entre la communaut\u00e9 des partenaires et fournisseurs de Huawei et les responsables de l\u2019entreprise, ayant permis de mener une\u00a0r\u00e9flexion\u00a0approfondie\u00a0autour de projets et de bonnes pratiques visant \u00e0 promouvoir leur partenariat et \u00e0 mieux cerner les enjeux \u00e0 venir. En marge de cette rencontre, une c\u00e9r\u00e9monie de remise de prix partenaires a eu lieu dans une ambiance chaleureuse et conviviale.<\/p>\n<p style=\"font-weight: 400;\">Dans le cadre de cette initiative, M. Jerry Cui, Directeur G\u00e9n\u00e9ral de Huawei Maroc, a d\u00e9clar\u00e9:\u00a0<strong>\u00ab\u00a0Huawei Maroc est anim\u00e9 par une vision strat\u00e9gique claire, celle de travailler en synergie avec ses diverses parties prenantes et son \u00e9cosyst\u00e8me en faveur d\u2019une coop\u00e9ration ouverte, transparente et inclusive, ambitionnant la concr\u00e9tisation efficace des opportunit\u00e9s et un\u00a0partenariat gagnant-gagnant fructueux. Cette ann\u00e9e, Huawei Maroc c\u00e9l\u00e8bre son 20\u00e8me anniversaire de pr\u00e9sence au Maroc.\u00a0 Forts du soutien et du savoir-faire de nos partenaires, nous continuerons ensemble \u00e0 stimuler le d\u00e9veloppement de\u00a0l&rsquo;\u00e9cosyst\u00e8me des TIC au Maroc.<\/strong>\u00a0\u00bb<\/p>\n<p style=\"font-weight: 400;\">Huawei Maroc entretient des relations prosp\u00e8res avec diff\u00e9rentes entreprises qui sont des partenaires commerciaux, mais aussi des partenaires de solutions, des partenaires d&rsquo;op\u00e9rations de service, des partenaires de talents, des partenaires d&rsquo;investissement et de financement, des organisations sectorielles et des partenaires industriels. A l\u2019\u00e9chelle nationale et internationale, Huawei continue d&rsquo;investir dans des programmes de d\u00e9veloppement, de culture, de motivation et d&rsquo;assistance de partenaires afin de cultiver des partenaires de haute capacit\u00e9 et d\u2019encourager les talents locaux.<\/p>\n<p style=\"font-weight: 400;\">Par sa taille et par l\u2019\u00e9tendue de sa cha\u00eene de valeur, Huawei participe \u00e0 promouvoir la promotion des comp\u00e9tences locales et la formation en TIC au sein des universit\u00e9s, notamment au travers du programme \u00ab\u00a0Digitech Talent\u00a0\u00bb qui ambitionne le d\u00e9veloppement d\u2019un p\u00f4le de talents au Maroc. Cette conf\u00e9rence a, d\u2019ailleurs, \u00e9t\u00e9 l\u2019occasion de mettre en avant les projets et programmes RSE phares de l\u2019entreprise qui se veut plus qu\u2019un acteur technologique et \u00e9conomique majeur dans le secteur des t\u00e9l\u00e9communications au Maroc mais s&rsquo;attache \u00e9galement \u00e0 int\u00e9grer dans son mod\u00e8le de croissance une dimension soci\u00e9tale, et ce en vue de contribuer positivement \u00e0 l\u2019ensemble de son \u00e9cosyst\u00e8me.<\/p>\n<p style=\"font-weight: 400;\"><strong>L\u2019\u00e9v\u00e8nement \u00ab Huawei Morocco Core Partners Conference 2022 \u00bb s\u2019inscrit pleinement dans la perspective de l\u2019entreprise qui s\u2019engage inlassablement en faveur d&rsquo;un \u00e9cosyst\u00e8me plus\u00a0inclusive\u00a0et plus\u00a0durable, qui profite \u00e0 tous\u00a0ses partenaires.<\/strong><\/p>\n","protected":false},"excerpt":{"rendered":"<p>En ligne avec ses engagements, Huawei Maroc a organis\u00e9, le vendredi 9 D\u00e9cembre 2022 \u00e0<\/p>\n","protected":false},"author":1,"featured_media":1827,"comment_status":"open","ping_status":"open","sticky":false,"template":"","format":"standard","meta":{"_acf_changed":false,"footnotes":""},"categories":[5,3],"tags":[456],"class_list":["post-1826","post","type-post","status-publish","format-standard","has-post-thumbnail","hentry","category-tech","category-nouvelles-selectionnees","tag-huawei-maroc"],"acf":[],"yoast_head":"<!-- This site is optimized with the Yoast SEO plugin v22.0 - https:\/\/yoast.com\/wordpress\/plugins\/seo\/ -->\n<title>Huawei Maroc r\u00e9it\u00e8re son engagement en faveur d&#039;un \u00e9cosyst\u00e8me de partenaires plus inclusive et plus durable - MEDIA PLATEFORME | FR<\/title>\n<meta name=\"description\" content=\"n ligne avec ses engagements, Huawei Maroc a organis\u00e9, le vendredi 9 D\u00e9cembre 2022 \u00e0 \u00a0\u00ab\u00a0Huawei Morocco Core Partners Conference 2022\u00a0\u00bb\" \/>\n<meta name=\"robots\" content=\"index, follow, max-snippet:-1, max-image-preview:large, max-video-preview:-1\" \/>\n<link rel=\"canonical\" href=\"https:\/\/www.mediaplateforme.com\/fr\/huawei-maroc-reitere-son-engagement-en-faveur-dun-ecosysteme-de-partenaires-plus-inclusive-et-plus-durable\/\" \/>\n<meta property=\"og:locale\" content=\"fr_FR\" \/>\n<meta property=\"og:type\" content=\"article\" \/>\n<meta property=\"og:title\" content=\"Huawei Maroc r\u00e9it\u00e8re son engagement en faveur d&#039;un \u00e9cosyst\u00e8me de partenaires plus inclusive et plus durable - MEDIA PLATEFORME | FR\" \/>\n<meta property=\"og:description\" content=\"n ligne avec ses engagements, Huawei Maroc a organis\u00e9, le vendredi 9 D\u00e9cembre 2022 \u00e0 \u00a0\u00ab\u00a0Huawei Morocco Core Partners Conference 2022\u00a0\u00bb\" \/>\n<meta property=\"og:url\" content=\"https:\/\/www.mediaplateforme.com\/fr\/huawei-maroc-reitere-son-engagement-en-faveur-dun-ecosysteme-de-partenaires-plus-inclusive-et-plus-durable\/\" \/>\n<meta property=\"og:site_name\" content=\"MEDIA PLATEFORME | FR\" \/>\n<meta property=\"article:published_time\" content=\"2022-12-12T11:56:06+00:00\" \/>\n<meta property=\"og:image\" content=\"https:\/\/www.mediaplateforme.com\/fr\/wp-content\/uploads\/sites\/5\/2022\/12\/Photo-Huawei.jpeg\" \/>\n\t<meta property=\"og:image:width\" content=\"1024\" \/>\n\t<meta property=\"og:image:height\" content=\"683\" \/>\n\t<meta property=\"og:image:type\" content=\"image\/jpeg\" \/>\n<meta name=\"author\" content=\"Mediaplateforme\" \/>\n<meta name=\"twitter:card\" content=\"summary_large_image\" \/>\n<meta name=\"twitter:label1\" content=\"\u00c9crit par\" \/>\n\t<meta name=\"twitter:data1\" content=\"Mediaplateforme\" \/>\n\t<meta name=\"twitter:label2\" content=\"Dur\u00e9e de lecture estim\u00e9e\" \/>\n\t<meta name=\"twitter:data2\" content=\"3 minutes\" \/>\n<script type=\"application\/ld+json\" class=\"yoast-schema-graph\">{\"@context\":\"https:\/\/schema.org\",\"@graph\":[{\"@type\":\"WebPage\",\"@id\":\"https:\/\/www.mediaplateforme.com\/fr\/huawei-maroc-reitere-son-engagement-en-faveur-dun-ecosysteme-de-partenaires-plus-inclusive-et-plus-durable\/\",\"url\":\"https:\/\/www.mediaplateforme.com\/fr\/huawei-maroc-reitere-son-engagement-en-faveur-dun-ecosysteme-de-partenaires-plus-inclusive-et-plus-durable\/\",\"name\":\"Huawei Maroc r\u00e9it\u00e8re son engagement en faveur d'un \u00e9cosyst\u00e8me de partenaires plus inclusive et plus durable - MEDIA PLATEFORME | FR\",\"isPartOf\":{\"@id\":\"https:\/\/www.mediaplateforme.com\/fr\/#website\"},\"datePublished\":\"2022-12-12T11:56:06+00:00\",\"dateModified\":\"2022-12-12T11:56:06+00:00\",\"author\":{\"@id\":\"https:\/\/www.mediaplateforme.com\/fr\/#\/schema\/person\/89833db382b5db2c76b094bc902aa12a\"},\"description\":\"n ligne avec ses engagements, Huawei Maroc a organis\u00e9, le vendredi 9 D\u00e9cembre 2022 \u00e0 \u00a0\u00ab\u00a0Huawei Morocco Core Partners Conference 2022\u00a0\u00bb\",\"breadcrumb\":{\"@id\":\"https:\/\/www.mediaplateforme.com\/fr\/huawei-maroc-reitere-son-engagement-en-faveur-dun-ecosysteme-de-partenaires-plus-inclusive-et-plus-durable\/#breadcrumb\"},\"inLanguage\":\"fr-FR\",\"potentialAction\":[{\"@type\":\"ReadAction\",\"target\":[\"https:\/\/www.mediaplateforme.com\/fr\/huawei-maroc-reitere-son-engagement-en-faveur-dun-ecosysteme-de-partenaires-plus-inclusive-et-plus-durable\/\"]}]},{\"@type\":\"BreadcrumbList\",\"@id\":\"https:\/\/www.mediaplateforme.com\/fr\/huawei-maroc-reitere-son-engagement-en-faveur-dun-ecosysteme-de-partenaires-plus-inclusive-et-plus-durable\/#breadcrumb\",\"itemListElement\":[{\"@type\":\"ListItem\",\"position\":1,\"name\":\"\u0627\u0644\u0631\u0626\u064a\u0633\u064a\u0629\",\"item\":\"https:\/\/www.mediaplateforme.com\/fr\/\"},{\"@type\":\"ListItem\",\"position\":2,\"name\":\"Huawei Maroc r\u00e9it\u00e8re son engagement en faveur d&#8217;un \u00e9cosyst\u00e8me de partenaires plus inclusive et plus durable\"}]},{\"@type\":\"WebSite\",\"@id\":\"https:\/\/www.mediaplateforme.com\/fr\/#website\",\"url\":\"https:\/\/www.mediaplateforme.com\/fr\/\",\"name\":\"MEDIA PLATEFORME | FR\",\"description\":\"Mediaplateforme sp\u00e9cialis\u00e9 dans la communication institutions publiques et des entreprises\",\"potentialAction\":[{\"@type\":\"SearchAction\",\"target\":{\"@type\":\"EntryPoint\",\"urlTemplate\":\"https:\/\/www.mediaplateforme.com\/fr\/?s={search_term_string}\"},\"query-input\":\"required name=search_term_string\"}],\"inLanguage\":\"fr-FR\"},{\"@type\":\"Person\",\"@id\":\"https:\/\/www.mediaplateforme.com\/fr\/#\/schema\/person\/89833db382b5db2c76b094bc902aa12a\",\"name\":\"Mediaplateforme\",\"image\":{\"@type\":\"ImageObject\",\"inLanguage\":\"fr-FR\",\"@id\":\"https:\/\/www.mediaplateforme.com\/fr\/#\/schema\/person\/image\/\",\"url\":\"https:\/\/secure.gravatar.com\/avatar\/6c9c02e8928cc65d54bf75157f7b3a2d06d7ad0494ca0951f679552ff03b34c1?s=96&d=mm&r=g\",\"contentUrl\":\"https:\/\/secure.gravatar.com\/avatar\/6c9c02e8928cc65d54bf75157f7b3a2d06d7ad0494ca0951f679552ff03b34c1?s=96&d=mm&r=g\",\"caption\":\"Mediaplateforme\"},\"sameAs\":[\"https:\/\/www.mediaplateforme.com\"],\"url\":\"https:\/\/www.mediaplateforme.com\/fr\/author\/mohamedladib\/\"}]}<\/script>\n<!-- \/ Yoast SEO plugin. -->","yoast_head_json":{"title":"Huawei Maroc r\u00e9it\u00e8re son engagement en faveur d'un \u00e9cosyst\u00e8me de partenaires plus inclusive et plus durable - MEDIA PLATEFORME | FR","description":"n ligne avec ses engagements, Huawei Maroc a organis\u00e9, le vendredi 9 D\u00e9cembre 2022 \u00e0 \u00a0\u00ab\u00a0Huawei Morocco Core Partners Conference 2022\u00a0\u00bb","robots":{"index":"index","follow":"follow","max-snippet":"max-snippet:-1","max-image-preview":"max-image-preview:large","max-video-preview":"max-video-preview:-1"},"canonical":"https:\/\/www.mediaplateforme.com\/fr\/huawei-maroc-reitere-son-engagement-en-faveur-dun-ecosysteme-de-partenaires-plus-inclusive-et-plus-durable\/","og_locale":"fr_FR","og_type":"article","og_title":"Huawei Maroc r\u00e9it\u00e8re son engagement en faveur d'un \u00e9cosyst\u00e8me de partenaires plus inclusive et plus durable - MEDIA PLATEFORME | FR","og_description":"n ligne avec ses engagements, Huawei Maroc a organis\u00e9, le vendredi 9 D\u00e9cembre 2022 \u00e0 \u00a0\u00ab\u00a0Huawei Morocco Core Partners Conference 2022\u00a0\u00bb","og_url":"https:\/\/www.mediaplateforme.com\/fr\/huawei-maroc-reitere-son-engagement-en-faveur-dun-ecosysteme-de-partenaires-plus-inclusive-et-plus-durable\/","og_site_name":"MEDIA PLATEFORME | FR","article_published_time":"2022-12-12T11:56:06+00:00","og_image":[{"width":1024,"height":683,"url":"https:\/\/www.mediaplateforme.com\/fr\/wp-content\/uploads\/sites\/5\/2022\/12\/Photo-Huawei.jpeg","type":"image\/jpeg"}],"author":"Mediaplateforme","twitter_card":"summary_large_image","twitter_misc":{"\u00c9crit par":"Mediaplateforme","Dur\u00e9e de lecture estim\u00e9e":"3 minutes"},"schema":{"@context":"https:\/\/schema.org","@graph":[{"@type":"WebPage","@id":"https:\/\/www.mediaplateforme.com\/fr\/huawei-maroc-reitere-son-engagement-en-faveur-dun-ecosysteme-de-partenaires-plus-inclusive-et-plus-durable\/","url":"https:\/\/www.mediaplateforme.com\/fr\/huawei-maroc-reitere-son-engagement-en-faveur-dun-ecosysteme-de-partenaires-plus-inclusive-et-plus-durable\/","name":"Huawei Maroc r\u00e9it\u00e8re son engagement en faveur d'un \u00e9cosyst\u00e8me de partenaires plus inclusive et plus durable - MEDIA PLATEFORME | FR","isPartOf":{"@id":"https:\/\/www.mediaplateforme.com\/fr\/#website"},"datePublished":"2022-12-12T11:56:06+00:00","dateModified":"2022-12-12T11:56:06+00:00","author":{"@id":"https:\/\/www.mediaplateforme.com\/fr\/#\/schema\/person\/89833db382b5db2c76b094bc902aa12a"},"description":"n ligne avec ses engagements, Huawei Maroc a organis\u00e9, le vendredi 9 D\u00e9cembre 2022 \u00e0 \u00a0\u00ab\u00a0Huawei Morocco Core Partners Conference 2022\u00a0\u00bb","breadcrumb":{"@id":"https:\/\/www.mediaplateforme.com\/fr\/huawei-maroc-reitere-son-engagement-en-faveur-dun-ecosysteme-de-partenaires-plus-inclusive-et-plus-durable\/#breadcrumb"},"inLanguage":"fr-FR","potentialAction":[{"@type":"ReadAction","target":["https:\/\/www.mediaplateforme.com\/fr\/huawei-maroc-reitere-son-engagement-en-faveur-dun-ecosysteme-de-partenaires-plus-inclusive-et-plus-durable\/"]}]},{"@type":"BreadcrumbList","@id":"https:\/\/www.mediaplateforme.com\/fr\/huawei-maroc-reitere-son-engagement-en-faveur-dun-ecosysteme-de-partenaires-plus-inclusive-et-plus-durable\/#breadcrumb","itemListElement":[{"@type":"ListItem","position":1,"name":"\u0627\u0644\u0631\u0626\u064a\u0633\u064a\u0629","item":"https:\/\/www.mediaplateforme.com\/fr\/"},{"@type":"ListItem","position":2,"name":"Huawei Maroc r\u00e9it\u00e8re son engagement en faveur d&#8217;un \u00e9cosyst\u00e8me de partenaires plus inclusive et plus durable"}]},{"@type":"WebSite","@id":"https:\/\/www.mediaplateforme.com\/fr\/#website","url":"https:\/\/www.mediaplateforme.com\/fr\/","name":"MEDIA PLATEFORME | FR","description":"Mediaplateforme sp\u00e9cialis\u00e9 dans la communication institutions publiques et des entreprises","potentialAction":[{"@type":"SearchAction","target":{"@type":"EntryPoint","urlTemplate":"https:\/\/www.mediaplateforme.com\/fr\/?s={search_term_string}"},"query-input":"required name=search_term_string"}],"inLanguage":"fr-FR"},{"@type":"Person","@id":"https:\/\/www.mediaplateforme.com\/fr\/#\/schema\/person\/89833db382b5db2c76b094bc902aa12a","name":"Mediaplateforme","image":{"@type":"ImageObject","inLanguage":"fr-FR","@id":"https:\/\/www.mediaplateforme.com\/fr\/#\/schema\/person\/image\/","url":"https:\/\/secure.gravatar.com\/avatar\/6c9c02e8928cc65d54bf75157f7b3a2d06d7ad0494ca0951f679552ff03b34c1?s=96&d=mm&r=g","contentUrl":"https:\/\/secure.gravatar.com\/avatar\/6c9c02e8928cc65d54bf75157f7b3a2d06d7ad0494ca0951f679552ff03b34c1?s=96&d=mm&r=g","caption":"Mediaplateforme"},"sameAs":["https:\/\/www.mediaplateforme.com"],"url":"https:\/\/www.mediaplateforme.com\/fr\/author\/mohamedladib\/"}]}},"_links":{"self":[{"href":"https:\/\/www.mediaplateforme.com\/fr\/wp-json\/wp\/v2\/posts\/1826","targetHints":{"allow":["GET"]}}],"collection":[{"href":"https:\/\/www.mediaplateforme.com\/fr\/wp-json\/wp\/v2\/posts"}],"about":[{"href":"https:\/\/www.mediaplateforme.com\/fr\/wp-json\/wp\/v2\/types\/post"}],"author":[{"embeddable":true,"href":"https:\/\/www.mediaplateforme.com\/fr\/wp-json\/wp\/v2\/users\/1"}],"replies":[{"embeddable":true,"href":"https:\/\/www.mediaplateforme.com\/fr\/wp-json\/wp\/v2\/comments?post=1826"}],"version-history":[{"count":1,"href":"https:\/\/www.mediaplateforme.com\/fr\/wp-json\/wp\/v2\/posts\/1826\/revisions"}],"predecessor-version":[{"id":1828,"href":"https:\/\/www.mediaplateforme.com\/fr\/wp-json\/wp\/v2\/posts\/1826\/revisions\/1828"}],"wp:featuredmedia":[{"embeddable":true,"href":"https:\/\/www.mediaplateforme.com\/fr\/wp-json\/wp\/v2\/media\/1827"}],"wp:attachment":[{"href":"https:\/\/www.mediaplateforme.com\/fr\/wp-json\/wp\/v2\/media?parent=1826"}],"wp:term":[{"taxonomy":"category","embeddable":true,"href":"https:\/\/www.mediaplateforme.com\/fr\/wp-json\/wp\/v2\/categories?post=1826"},{"taxonomy":"post_tag","embeddable":true,"href":"https:\/\/www.mediaplateforme.com\/fr\/wp-json\/wp\/v2\/tags?post=1826"}],"curies":[{"name":"wp","href":"https:\/\/api.w.org\/{rel}","templated":true}]}}