{"id":1824,"date":"2022-12-12T12:48:34","date_gmt":"2022-12-12T11:48:34","guid":{"rendered":"https:\/\/www.mediaplateforme.com\/fr\/?p=1824"},"modified":"2022-12-12T12:48:34","modified_gmt":"2022-12-12T11:48:34","slug":"historique-le-maroc-en-demi-finale-de-la-coupe-du-monde-royal-air-maroc-met-en-place-un-pont-aerien-inedit","status":"publish","type":"post","link":"https:\/\/www.mediaplateforme.com\/fr\/historique-le-maroc-en-demi-finale-de-la-coupe-du-monde-royal-air-maroc-met-en-place-un-pont-aerien-inedit\/","title":{"rendered":"Historique, le Maroc en demi-finale de la Coupe du monde : Royal Air Maroc met en place un pont a\u00e9rien in\u00e9dit"},"content":{"rendered":"<h5>Le Maroc \u00e9crit l\u2019histoire au Qatar. La performance exceptionnelle et h\u00e9ro\u00efque de la s\u00e9lection nationale lors de la Coupe du monde 2022 restera \u00e0 jamais grav\u00e9e dans la m\u00e9moire des Marocains. Une performance r\u00e9alis\u00e9e gr\u00e2ce, notamment, \u00e0 la ferveur d\u2019un public marocain, le 12\u00e8me Homme, au soutien sans faille pour les Lions de l\u2019Atlas. Pour permettre aux nombreux Marocains d\u00e9sireux de soutenir la s\u00e9lection nationale dans son \u00e9pop\u00e9e et de vivre l\u2019\u00e9motion de la demi-finale de la Coupe du monde pr\u00e9vue le 14 d\u00e9cembre 2022, Royal Air Maroc a mis en place un v\u00e9ritable pont a\u00e9rien entre Casablanca et Doha.<\/h5>\n<p>&nbsp;<\/p>\n<p>A une qualification historique, un dispositif historique, La Compagnie Nationale proposera pr\u00e8s de 30 vols op\u00e9r\u00e9s par des avions gros porteurs et qui seront programm\u00e9s mardi et mercredi prochains. Ce pont a\u00e9rien, mis en place en partenariat avec le minist\u00e8re de l\u2019Education Nationale du Pr\u00e9scolaire et des Sports et la F\u00e9d\u00e9ration Royale Marocaine de Football (FRMF), repr\u00e9sente un record historique pour Royal Air Maroc, confirmant le savoir-faire technique et les comp\u00e9tences humaines de la Compagnie Nationale.<\/p>\n<p>&nbsp;<\/p>\n<p>\u00ab <em>Nous sommes fiers de pouvoir accompagner cette aventure exceptionnelle des Lions de l\u2019Atlas \u00e0 la Coupe du monde 2022 au Qatar. Apr\u00e8s la r\u00e9ussite du dispositif in\u00e9dit mis en place \u00e0 l\u2019occasion du match confrontant le Maroc au Portugal, nous le multiplions aujourd\u2019hui par quatre en mobilisant pr\u00e8s de 30 vols par des appareils gros-porteurs en l\u2019espace de seulement 24 heures. De par notre mission de service public et dans le but de faire rayonner le Maroc et soutenir notre \u00e9quipe nationale, Royal Air Maroc ne l\u00e9sinera pas en moyens techniques et humains. Nous sommes tous derri\u00e8re les Lions de l\u2019Atlas <\/em>\u00bb, affirme Abdelhamid ADDOU, Pr\u00e9sident Directeur G\u00e9n\u00e9ral de Royal Air Maroc.<\/p>\n<p>&nbsp;<\/p>\n<h4><strong>Trois canaux de distribution pour ce dispositif historique <\/strong><\/h4>\n<p>&nbsp;<\/p>\n<p>Cette offre unique sera propos\u00e9e \u00e0 la vente \u00e0 partir de lundi 12 d\u00e9cembre au tarif sp\u00e9cial de 5.000 DH TTC (aller-retour). Pour permettre \u00e0 un grand nombre de Marocains de pouvoir en b\u00e9n\u00e9ficier, Royal Air Maroc a innov\u00e9 en termes de distribution. La commercialisation de ces billets sera ainsi effectu\u00e9e sur le site (<a href=\"http:\/\/www.royalairmaroc.com\">www.royalairmaroc.com<\/a>), au niveau des agences commerciales de la Compagnie, et via ses centres d\u2019appel, en plus du r\u00e9seau national des agences de voyages.<\/p>\n<p>&nbsp;<\/p>\n<p><strong>\u00a0<\/strong><\/p>\n<h4><strong>R\u00e9am\u00e9nagement des vols<\/strong><\/h4>\n<p><strong>\u00a0<\/strong><\/p>\n<p>Rappelons que pour les supporters pr\u00e9sents \u00e0 Doha et qui avaient emprunt\u00e9 les vols aller de Royal Air Maroc, la Compagnie Nationale leur accorde exceptionnellement des facilit\u00e9s pour r\u00e9am\u00e9nager leurs dates de retour. Ils auront la possibilit\u00e9 de changer la date de retour, sans frais ni p\u00e9nalit\u00e9, sur les vols qui seront programm\u00e9s les 19, 20 et 21 d\u00e9cembre. Tous les passagers concern\u00e9s recevront leur billet avec la nouvelle date sur leur adresse email et\/ou sur leur num\u00e9ro de t\u00e9l\u00e9phone. Par ailleurs, les passagers qui n\u2019ont pas renseign\u00e9 leurs coordonn\u00e9es t\u00e9l\u00e9phonique ou adresse mail, sont invit\u00e9s \u00e0 contacter le centre d\u2019appel de la compagnie sur les num\u00e9ros suivants\u00a0:<\/p>\n<p>Maroc : 089000 0800<\/p>\n<p>Num\u00e9ro International : +212522489797<\/p>\n<p>&nbsp;<\/p>\n<p>En mettant en place ce dispositif unique en son genre, et en accord avec ses orientations strat\u00e9giques et ses valeurs d\u2019entreprise citoyenne, Royal Air Maroc r\u00e9it\u00e8re son engagement au rayonnement du Maroc et de la s\u00e9lection nationale. Nous souhaitons bonne chance \u00e0 nos Lions de l\u2019Atlas.<\/p>\n<p>&nbsp;<\/p>\n","protected":false},"excerpt":{"rendered":"<p>Le Maroc \u00e9crit l\u2019histoire au Qatar. La performance exceptionnelle et h\u00e9ro\u00efque de la s\u00e9lection nationale<\/p>\n","protected":false},"author":1,"featured_media":421,"comment_status":"open","ping_status":"open","sticky":false,"template":"","format":"standard","meta":{"_acf_changed":false,"footnotes":""},"categories":[2,3],"tags":[408,513,183],"class_list":["post-1824","post","type-post","status-publish","format-standard","has-post-thumbnail","hentry","category-nouvelles","category-nouvelles-selectionnees","tag-coupe-du-monde-2022","tag-fifa-qatar-2022","tag-royal-air-maroc"],"acf":[],"yoast_head":"<!-- This site is optimized with the Yoast SEO plugin v22.0 - https:\/\/yoast.com\/wordpress\/plugins\/seo\/ -->\n<title>Historique, le Maroc en demi-finale de la Coupe du monde : Royal Air Maroc met en place un pont a\u00e9rien in\u00e9dit - MEDIA PLATEFORME | FR<\/title>\n<meta name=\"description\" content=\"une qualification historique, un dispositif historique, La Compagnie Nationale proposera pr\u00e8s de 30 vols op\u00e9r\u00e9s par des avions gros\" \/>\n<meta name=\"robots\" content=\"index, follow, max-snippet:-1, max-image-preview:large, max-video-preview:-1\" \/>\n<link rel=\"canonical\" href=\"https:\/\/www.mediaplateforme.com\/fr\/historique-le-maroc-en-demi-finale-de-la-coupe-du-monde-royal-air-maroc-met-en-place-un-pont-aerien-inedit\/\" \/>\n<meta property=\"og:locale\" content=\"fr_FR\" \/>\n<meta property=\"og:type\" content=\"article\" \/>\n<meta property=\"og:title\" content=\"Historique, le Maroc en demi-finale de la Coupe du monde : Royal Air Maroc met en place un pont a\u00e9rien in\u00e9dit - MEDIA PLATEFORME | FR\" \/>\n<meta property=\"og:description\" content=\"une qualification historique, un dispositif historique, La Compagnie Nationale proposera pr\u00e8s de 30 vols op\u00e9r\u00e9s par des avions gros\" \/>\n<meta property=\"og:url\" content=\"https:\/\/www.mediaplateforme.com\/fr\/historique-le-maroc-en-demi-finale-de-la-coupe-du-monde-royal-air-maroc-met-en-place-un-pont-aerien-inedit\/\" \/>\n<meta property=\"og:site_name\" content=\"MEDIA PLATEFORME | FR\" \/>\n<meta property=\"article:published_time\" content=\"2022-12-12T11:48:34+00:00\" \/>\n<meta property=\"og:image\" content=\"https:\/\/www.mediaplateforme.com\/fr\/wp-content\/uploads\/sites\/5\/2022\/07\/Royal-Air-Maroc.jpg\" \/>\n\t<meta property=\"og:image:width\" content=\"640\" \/>\n\t<meta property=\"og:image:height\" content=\"480\" \/>\n\t<meta property=\"og:image:type\" content=\"image\/jpeg\" \/>\n<meta name=\"author\" content=\"Mediaplateforme\" \/>\n<meta name=\"twitter:card\" content=\"summary_large_image\" \/>\n<meta name=\"twitter:label1\" content=\"\u00c9crit par\" \/>\n\t<meta name=\"twitter:data1\" content=\"Mediaplateforme\" \/>\n\t<meta name=\"twitter:label2\" content=\"Dur\u00e9e de lecture estim\u00e9e\" \/>\n\t<meta name=\"twitter:data2\" content=\"3 minutes\" \/>\n<script type=\"application\/ld+json\" class=\"yoast-schema-graph\">{\"@context\":\"https:\/\/schema.org\",\"@graph\":[{\"@type\":\"WebPage\",\"@id\":\"https:\/\/www.mediaplateforme.com\/fr\/historique-le-maroc-en-demi-finale-de-la-coupe-du-monde-royal-air-maroc-met-en-place-un-pont-aerien-inedit\/\",\"url\":\"https:\/\/www.mediaplateforme.com\/fr\/historique-le-maroc-en-demi-finale-de-la-coupe-du-monde-royal-air-maroc-met-en-place-un-pont-aerien-inedit\/\",\"name\":\"Historique, le Maroc en demi-finale de la Coupe du monde : Royal Air Maroc met en place un pont a\u00e9rien in\u00e9dit - MEDIA PLATEFORME | FR\",\"isPartOf\":{\"@id\":\"https:\/\/www.mediaplateforme.com\/fr\/#website\"},\"datePublished\":\"2022-12-12T11:48:34+00:00\",\"dateModified\":\"2022-12-12T11:48:34+00:00\",\"author\":{\"@id\":\"https:\/\/www.mediaplateforme.com\/fr\/#\/schema\/person\/89833db382b5db2c76b094bc902aa12a\"},\"description\":\"une qualification historique, un dispositif historique, La Compagnie Nationale proposera pr\u00e8s de 30 vols op\u00e9r\u00e9s par des avions gros\",\"breadcrumb\":{\"@id\":\"https:\/\/www.mediaplateforme.com\/fr\/historique-le-maroc-en-demi-finale-de-la-coupe-du-monde-royal-air-maroc-met-en-place-un-pont-aerien-inedit\/#breadcrumb\"},\"inLanguage\":\"fr-FR\",\"potentialAction\":[{\"@type\":\"ReadAction\",\"target\":[\"https:\/\/www.mediaplateforme.com\/fr\/historique-le-maroc-en-demi-finale-de-la-coupe-du-monde-royal-air-maroc-met-en-place-un-pont-aerien-inedit\/\"]}]},{\"@type\":\"BreadcrumbList\",\"@id\":\"https:\/\/www.mediaplateforme.com\/fr\/historique-le-maroc-en-demi-finale-de-la-coupe-du-monde-royal-air-maroc-met-en-place-un-pont-aerien-inedit\/#breadcrumb\",\"itemListElement\":[{\"@type\":\"ListItem\",\"position\":1,\"name\":\"\u0627\u0644\u0631\u0626\u064a\u0633\u064a\u0629\",\"item\":\"https:\/\/www.mediaplateforme.com\/fr\/\"},{\"@type\":\"ListItem\",\"position\":2,\"name\":\"Historique, le Maroc en demi-finale de la Coupe du monde : Royal Air Maroc met en place un pont a\u00e9rien in\u00e9dit\"}]},{\"@type\":\"WebSite\",\"@id\":\"https:\/\/www.mediaplateforme.com\/fr\/#website\",\"url\":\"https:\/\/www.mediaplateforme.com\/fr\/\",\"name\":\"MEDIA PLATEFORME | FR\",\"description\":\"Mediaplateforme sp\u00e9cialis\u00e9 dans la communication institutions publiques et des entreprises\",\"potentialAction\":[{\"@type\":\"SearchAction\",\"target\":{\"@type\":\"EntryPoint\",\"urlTemplate\":\"https:\/\/www.mediaplateforme.com\/fr\/?s={search_term_string}\"},\"query-input\":\"required name=search_term_string\"}],\"inLanguage\":\"fr-FR\"},{\"@type\":\"Person\",\"@id\":\"https:\/\/www.mediaplateforme.com\/fr\/#\/schema\/person\/89833db382b5db2c76b094bc902aa12a\",\"name\":\"Mediaplateforme\",\"image\":{\"@type\":\"ImageObject\",\"inLanguage\":\"fr-FR\",\"@id\":\"https:\/\/www.mediaplateforme.com\/fr\/#\/schema\/person\/image\/\",\"url\":\"https:\/\/secure.gravatar.com\/avatar\/6c9c02e8928cc65d54bf75157f7b3a2d06d7ad0494ca0951f679552ff03b34c1?s=96&d=mm&r=g\",\"contentUrl\":\"https:\/\/secure.gravatar.com\/avatar\/6c9c02e8928cc65d54bf75157f7b3a2d06d7ad0494ca0951f679552ff03b34c1?s=96&d=mm&r=g\",\"caption\":\"Mediaplateforme\"},\"sameAs\":[\"https:\/\/www.mediaplateforme.com\"],\"url\":\"https:\/\/www.mediaplateforme.com\/fr\/author\/mohamedladib\/\"}]}<\/script>\n<!-- \/ Yoast SEO plugin. -->","yoast_head_json":{"title":"Historique, le Maroc en demi-finale de la Coupe du monde : Royal Air Maroc met en place un pont a\u00e9rien in\u00e9dit - MEDIA PLATEFORME | FR","description":"une qualification historique, un dispositif historique, La Compagnie Nationale proposera pr\u00e8s de 30 vols op\u00e9r\u00e9s par des avions gros","robots":{"index":"index","follow":"follow","max-snippet":"max-snippet:-1","max-image-preview":"max-image-preview:large","max-video-preview":"max-video-preview:-1"},"canonical":"https:\/\/www.mediaplateforme.com\/fr\/historique-le-maroc-en-demi-finale-de-la-coupe-du-monde-royal-air-maroc-met-en-place-un-pont-aerien-inedit\/","og_locale":"fr_FR","og_type":"article","og_title":"Historique, le Maroc en demi-finale de la Coupe du monde : Royal Air Maroc met en place un pont a\u00e9rien in\u00e9dit - MEDIA PLATEFORME | FR","og_description":"une qualification historique, un dispositif historique, La Compagnie Nationale proposera pr\u00e8s de 30 vols op\u00e9r\u00e9s par des avions gros","og_url":"https:\/\/www.mediaplateforme.com\/fr\/historique-le-maroc-en-demi-finale-de-la-coupe-du-monde-royal-air-maroc-met-en-place-un-pont-aerien-inedit\/","og_site_name":"MEDIA PLATEFORME | FR","article_published_time":"2022-12-12T11:48:34+00:00","og_image":[{"width":640,"height":480,"url":"https:\/\/www.mediaplateforme.com\/fr\/wp-content\/uploads\/sites\/5\/2022\/07\/Royal-Air-Maroc.jpg","type":"image\/jpeg"}],"author":"Mediaplateforme","twitter_card":"summary_large_image","twitter_misc":{"\u00c9crit par":"Mediaplateforme","Dur\u00e9e de lecture estim\u00e9e":"3 minutes"},"schema":{"@context":"https:\/\/schema.org","@graph":[{"@type":"WebPage","@id":"https:\/\/www.mediaplateforme.com\/fr\/historique-le-maroc-en-demi-finale-de-la-coupe-du-monde-royal-air-maroc-met-en-place-un-pont-aerien-inedit\/","url":"https:\/\/www.mediaplateforme.com\/fr\/historique-le-maroc-en-demi-finale-de-la-coupe-du-monde-royal-air-maroc-met-en-place-un-pont-aerien-inedit\/","name":"Historique, le Maroc en demi-finale de la Coupe du monde : Royal Air Maroc met en place un pont a\u00e9rien in\u00e9dit - MEDIA PLATEFORME | FR","isPartOf":{"@id":"https:\/\/www.mediaplateforme.com\/fr\/#website"},"datePublished":"2022-12-12T11:48:34+00:00","dateModified":"2022-12-12T11:48:34+00:00","author":{"@id":"https:\/\/www.mediaplateforme.com\/fr\/#\/schema\/person\/89833db382b5db2c76b094bc902aa12a"},"description":"une qualification historique, un dispositif historique, La Compagnie Nationale proposera pr\u00e8s de 30 vols op\u00e9r\u00e9s par des avions gros","breadcrumb":{"@id":"https:\/\/www.mediaplateforme.com\/fr\/historique-le-maroc-en-demi-finale-de-la-coupe-du-monde-royal-air-maroc-met-en-place-un-pont-aerien-inedit\/#breadcrumb"},"inLanguage":"fr-FR","potentialAction":[{"@type":"ReadAction","target":["https:\/\/www.mediaplateforme.com\/fr\/historique-le-maroc-en-demi-finale-de-la-coupe-du-monde-royal-air-maroc-met-en-place-un-pont-aerien-inedit\/"]}]},{"@type":"BreadcrumbList","@id":"https:\/\/www.mediaplateforme.com\/fr\/historique-le-maroc-en-demi-finale-de-la-coupe-du-monde-royal-air-maroc-met-en-place-un-pont-aerien-inedit\/#breadcrumb","itemListElement":[{"@type":"ListItem","position":1,"name":"\u0627\u0644\u0631\u0626\u064a\u0633\u064a\u0629","item":"https:\/\/www.mediaplateforme.com\/fr\/"},{"@type":"ListItem","position":2,"name":"Historique, le Maroc en demi-finale de la Coupe du monde : Royal Air Maroc met en place un pont a\u00e9rien in\u00e9dit"}]},{"@type":"WebSite","@id":"https:\/\/www.mediaplateforme.com\/fr\/#website","url":"https:\/\/www.mediaplateforme.com\/fr\/","name":"MEDIA PLATEFORME | FR","description":"Mediaplateforme sp\u00e9cialis\u00e9 dans la communication institutions publiques et des entreprises","potentialAction":[{"@type":"SearchAction","target":{"@type":"EntryPoint","urlTemplate":"https:\/\/www.mediaplateforme.com\/fr\/?s={search_term_string}"},"query-input":"required name=search_term_string"}],"inLanguage":"fr-FR"},{"@type":"Person","@id":"https:\/\/www.mediaplateforme.com\/fr\/#\/schema\/person\/89833db382b5db2c76b094bc902aa12a","name":"Mediaplateforme","image":{"@type":"ImageObject","inLanguage":"fr-FR","@id":"https:\/\/www.mediaplateforme.com\/fr\/#\/schema\/person\/image\/","url":"https:\/\/secure.gravatar.com\/avatar\/6c9c02e8928cc65d54bf75157f7b3a2d06d7ad0494ca0951f679552ff03b34c1?s=96&d=mm&r=g","contentUrl":"https:\/\/secure.gravatar.com\/avatar\/6c9c02e8928cc65d54bf75157f7b3a2d06d7ad0494ca0951f679552ff03b34c1?s=96&d=mm&r=g","caption":"Mediaplateforme"},"sameAs":["https:\/\/www.mediaplateforme.com"],"url":"https:\/\/www.mediaplateforme.com\/fr\/author\/mohamedladib\/"}]}},"_links":{"self":[{"href":"https:\/\/www.mediaplateforme.com\/fr\/wp-json\/wp\/v2\/posts\/1824","targetHints":{"allow":["GET"]}}],"collection":[{"href":"https:\/\/www.mediaplateforme.com\/fr\/wp-json\/wp\/v2\/posts"}],"about":[{"href":"https:\/\/www.mediaplateforme.com\/fr\/wp-json\/wp\/v2\/types\/post"}],"author":[{"embeddable":true,"href":"https:\/\/www.mediaplateforme.com\/fr\/wp-json\/wp\/v2\/users\/1"}],"replies":[{"embeddable":true,"href":"https:\/\/www.mediaplateforme.com\/fr\/wp-json\/wp\/v2\/comments?post=1824"}],"version-history":[{"count":1,"href":"https:\/\/www.mediaplateforme.com\/fr\/wp-json\/wp\/v2\/posts\/1824\/revisions"}],"predecessor-version":[{"id":1825,"href":"https:\/\/www.mediaplateforme.com\/fr\/wp-json\/wp\/v2\/posts\/1824\/revisions\/1825"}],"wp:featuredmedia":[{"embeddable":true,"href":"https:\/\/www.mediaplateforme.com\/fr\/wp-json\/wp\/v2\/media\/421"}],"wp:attachment":[{"href":"https:\/\/www.mediaplateforme.com\/fr\/wp-json\/wp\/v2\/media?parent=1824"}],"wp:term":[{"taxonomy":"category","embeddable":true,"href":"https:\/\/www.mediaplateforme.com\/fr\/wp-json\/wp\/v2\/categories?post=1824"},{"taxonomy":"post_tag","embeddable":true,"href":"https:\/\/www.mediaplateforme.com\/fr\/wp-json\/wp\/v2\/tags?post=1824"}],"curies":[{"name":"wp","href":"https:\/\/api.w.org\/{rel}","templated":true}]}}