{"id":1784,"date":"2022-12-01T19:40:12","date_gmt":"2022-12-01T18:40:12","guid":{"rendered":"https:\/\/www.mediaplateforme.com\/fr\/?p=1784"},"modified":"2022-12-01T19:40:12","modified_gmt":"2022-12-01T18:40:12","slug":"coupe-du-monde-royal-air-maroc-lance-un-nouveau-dispositif-pour-le-transport-des-supporters-marocains","status":"publish","type":"post","link":"https:\/\/www.mediaplateforme.com\/fr\/coupe-du-monde-royal-air-maroc-lance-un-nouveau-dispositif-pour-le-transport-des-supporters-marocains\/","title":{"rendered":"Coupe du Monde : Royal Air Maroc lance un nouveau dispositif pour le transport des supporters marocains"},"content":{"rendered":"<p style=\"font-weight: 400;\">Suite \u00e0 la qualification de l\u2019\u00e9quipe nationale de football aux huiti\u00e8mes de finale de la Coupe du monde 2022, Royal Air Maroc met en place un nouveau programme de vols et des facilit\u00e9s de gestion des billets pour permettre aux supporters du Maroc de soutenir les Lions de l\u2019Atlas lors de sa prochaine confrontation en huiti\u00e8me de finale pr\u00e9vue mardi le 06 d\u00e9cembre 2022 \u00e0 Doha.<\/p>\n<p style=\"font-weight: 400;\"><a href=\"https:\/\/www.mediaplateforme.com\/fr\/mondial-2022-le-ministere-de-leducation-la-frmf-et-royal-air-maroc-deploient-un-dispositif-exceptionnel-pour-le-transport-des-supporters\/\">Transporteur Officiel de l\u2019\u00e9quipe nationale de football<\/a>, Royal Air Maroc qui f\u00e9licite vivement les Lions de l\u2019Atlas pour cet exploit, a mobilis\u00e9 toutes ses ressources humaines et techniques pour lancer rapidement et dans les meilleures conditions un dispositif adapt\u00e9 \u00e0 l\u2019enjeu et aux besoins des supporters nationaux. Celui-ci est d\u00e9di\u00e9 aux Marocains d\u00e9j\u00e0 pr\u00e9sents au Qatar et ayant emprunt\u00e9 les vols de la Compagnie Nationale ainsi qu\u2019aux supporters souhaitant se d\u00e9placer au d\u00e9part du Maroc vers Doha afin de soutenir leur \u00e9quipe pour l\u2019ouverture de la deuxi\u00e8me phase de la comp\u00e9tition.<\/p>\n<p style=\"font-weight: 400;\">Pour les supporters pr\u00e9sents \u00e0 Doha, Royal Air Maroc leur offre exceptionnellement des facilit\u00e9s pour r\u00e9am\u00e9nager leurs dates de retour afin de continuer \u00e0 supporter le Onze national aux huiti\u00e8mes de finale. Ainsi, ils auront la possibilit\u00e9 de changer la date de retour pr\u00e9vue initialement le 02 d\u00e9cembre aux trois vols qui seront programm\u00e9s le 07 d\u00e9cembre, sans frais ni p\u00e9nalit\u00e9.<\/p>\n<p style=\"font-weight: 400;\">Quant aux supporters souhaitant maintenir leur date de retour du 02 d\u00e9cembre, Royal Air Maroc mettra \u00e0 leur disposition cinq vols au d\u00e9part de Doha (sur les huit programm\u00e9s initialement). Les horaires de d\u00e9collage seront ainsi programm\u00e9s (en heure locale) :<\/p>\n<p style=\"font-weight: 400;\">&#8211; AT 2237 : 04h00<\/p>\n<p style=\"font-weight: 400;\">&#8211; AT 2349 : 10h35<\/p>\n<p style=\"font-weight: 400;\">&#8211; AT 2351 : 10h15<\/p>\n<p style=\"font-weight: 400;\">&#8211; AT 2235 : 12h00<\/p>\n<p style=\"font-weight: 400;\">&#8211; AT 2345 : 18h35<\/p>\n<p style=\"font-weight: 400;\">Ainsi, les passagers pr\u00e9vus initialement sur le vol AT2241 (03h05) seront transf\u00e9r\u00e9s sur le vol AT2237 (04h00). Les passagers du vol AT2239 (05h00) seront transf\u00e9r\u00e9s sur<\/p>\n<p style=\"font-weight: 400;\">le vol AT2349 (10h35) et les passagers du vol AT 2347 (22h35) seront programm\u00e9s sur le vol AT 2345 dont le d\u00e9collage sera avanc\u00e9 \u00e0 18h35.<\/p>\n<p style=\"font-weight: 400;\">\n<p style=\"font-weight: 400;\">Pour avoir plus d\u2019informations sur ce dispositif, Royal Air Maroc invite ses clients concern\u00e9s \u00e0 contacter le centre d&rsquo;appel aux num\u00e9ros suivants :<\/p>\n<p style=\"font-weight: 400;\">Maroc : 089000 0800<\/p>\n<p style=\"font-weight: 400;\">Num\u00e9ro International : +212522489797<\/p>\n<p style=\"font-weight: 400;\">\n<p style=\"font-weight: 400;\">Pour les supporters souhaitant se d\u00e9placer au d\u00e9part du Maroc vers Doha pour assister au huiti\u00e8me de finale, Royal Air Maroc mettra en place, en collaboration avec la F\u00e9d\u00e9ration Royale Marocaine de Football et le Minist\u00e8re de l\u2019Education Nationale, du Pr\u00e9scolaire et des Sports, un programme de vols Casablanca-Doha-Casablanca sp\u00e9cifique pour ce match.<\/p>\n<p style=\"font-weight: 400;\">Les d\u00e9tails de ce nouveau dispositif seront d\u00e9voil\u00e9s incessamment.<\/p>\n<p style=\"font-weight: 400;\">\n","protected":false},"excerpt":{"rendered":"<p>Suite \u00e0 la qualification de l\u2019\u00e9quipe nationale de football aux huiti\u00e8mes de finale de la<\/p>\n","protected":false},"author":1,"featured_media":421,"comment_status":"open","ping_status":"open","sticky":false,"template":"","format":"standard","meta":{"_acf_changed":false,"footnotes":""},"categories":[2,3],"tags":[408,183],"class_list":["post-1784","post","type-post","status-publish","format-standard","has-post-thumbnail","hentry","category-nouvelles","category-nouvelles-selectionnees","tag-coupe-du-monde-2022","tag-royal-air-maroc"],"acf":[],"yoast_head":"<!-- This site is optimized with the Yoast SEO plugin v22.0 - https:\/\/yoast.com\/wordpress\/plugins\/seo\/ -->\n<title>Coupe du Monde : Royal Air Maroc lance un nouveau dispositif pour le transport des supporters marocains - MEDIA PLATEFORME | FR<\/title>\n<meta name=\"description\" content=\"Suite \u00e0 la qualification de l\u2019\u00e9quipe nationale de football aux huiti\u00e8mes de finale de la Coupe du monde 2022, Royal Air Maroc met en Doha.\" \/>\n<meta name=\"robots\" content=\"index, follow, max-snippet:-1, max-image-preview:large, max-video-preview:-1\" \/>\n<link rel=\"canonical\" href=\"https:\/\/www.mediaplateforme.com\/fr\/coupe-du-monde-royal-air-maroc-lance-un-nouveau-dispositif-pour-le-transport-des-supporters-marocains\/\" \/>\n<meta property=\"og:locale\" content=\"fr_FR\" \/>\n<meta property=\"og:type\" content=\"article\" \/>\n<meta property=\"og:title\" content=\"Coupe du Monde : Royal Air Maroc lance un nouveau dispositif pour le transport des supporters marocains - MEDIA PLATEFORME | FR\" \/>\n<meta property=\"og:description\" content=\"Suite \u00e0 la qualification de l\u2019\u00e9quipe nationale de football aux huiti\u00e8mes de finale de la Coupe du monde 2022, Royal Air Maroc met en Doha.\" \/>\n<meta property=\"og:url\" content=\"https:\/\/www.mediaplateforme.com\/fr\/coupe-du-monde-royal-air-maroc-lance-un-nouveau-dispositif-pour-le-transport-des-supporters-marocains\/\" \/>\n<meta property=\"og:site_name\" content=\"MEDIA PLATEFORME | FR\" \/>\n<meta property=\"article:published_time\" content=\"2022-12-01T18:40:12+00:00\" \/>\n<meta property=\"og:image\" content=\"https:\/\/www.mediaplateforme.com\/fr\/wp-content\/uploads\/sites\/5\/2022\/07\/Royal-Air-Maroc.jpg\" \/>\n\t<meta property=\"og:image:width\" content=\"640\" \/>\n\t<meta property=\"og:image:height\" content=\"480\" \/>\n\t<meta property=\"og:image:type\" content=\"image\/jpeg\" \/>\n<meta name=\"author\" content=\"Mediaplateforme\" \/>\n<meta name=\"twitter:card\" content=\"summary_large_image\" \/>\n<meta name=\"twitter:label1\" content=\"\u00c9crit par\" \/>\n\t<meta name=\"twitter:data1\" content=\"Mediaplateforme\" \/>\n\t<meta name=\"twitter:label2\" content=\"Dur\u00e9e de lecture estim\u00e9e\" \/>\n\t<meta name=\"twitter:data2\" content=\"3 minutes\" \/>\n<script type=\"application\/ld+json\" class=\"yoast-schema-graph\">{\"@context\":\"https:\/\/schema.org\",\"@graph\":[{\"@type\":\"WebPage\",\"@id\":\"https:\/\/www.mediaplateforme.com\/fr\/coupe-du-monde-royal-air-maroc-lance-un-nouveau-dispositif-pour-le-transport-des-supporters-marocains\/\",\"url\":\"https:\/\/www.mediaplateforme.com\/fr\/coupe-du-monde-royal-air-maroc-lance-un-nouveau-dispositif-pour-le-transport-des-supporters-marocains\/\",\"name\":\"Coupe du Monde : Royal Air Maroc lance un nouveau dispositif pour le transport des supporters marocains - MEDIA PLATEFORME | FR\",\"isPartOf\":{\"@id\":\"https:\/\/www.mediaplateforme.com\/fr\/#website\"},\"datePublished\":\"2022-12-01T18:40:12+00:00\",\"dateModified\":\"2022-12-01T18:40:12+00:00\",\"author\":{\"@id\":\"https:\/\/www.mediaplateforme.com\/fr\/#\/schema\/person\/89833db382b5db2c76b094bc902aa12a\"},\"description\":\"Suite \u00e0 la qualification de l\u2019\u00e9quipe nationale de football aux huiti\u00e8mes de finale de la Coupe du monde 2022, Royal Air Maroc met en Doha.\",\"breadcrumb\":{\"@id\":\"https:\/\/www.mediaplateforme.com\/fr\/coupe-du-monde-royal-air-maroc-lance-un-nouveau-dispositif-pour-le-transport-des-supporters-marocains\/#breadcrumb\"},\"inLanguage\":\"fr-FR\",\"potentialAction\":[{\"@type\":\"ReadAction\",\"target\":[\"https:\/\/www.mediaplateforme.com\/fr\/coupe-du-monde-royal-air-maroc-lance-un-nouveau-dispositif-pour-le-transport-des-supporters-marocains\/\"]}]},{\"@type\":\"BreadcrumbList\",\"@id\":\"https:\/\/www.mediaplateforme.com\/fr\/coupe-du-monde-royal-air-maroc-lance-un-nouveau-dispositif-pour-le-transport-des-supporters-marocains\/#breadcrumb\",\"itemListElement\":[{\"@type\":\"ListItem\",\"position\":1,\"name\":\"\u0627\u0644\u0631\u0626\u064a\u0633\u064a\u0629\",\"item\":\"https:\/\/www.mediaplateforme.com\/fr\/\"},{\"@type\":\"ListItem\",\"position\":2,\"name\":\"Coupe du Monde : Royal Air Maroc lance un nouveau dispositif pour le transport des supporters marocains\"}]},{\"@type\":\"WebSite\",\"@id\":\"https:\/\/www.mediaplateforme.com\/fr\/#website\",\"url\":\"https:\/\/www.mediaplateforme.com\/fr\/\",\"name\":\"MEDIA PLATEFORME | FR\",\"description\":\"Mediaplateforme sp\u00e9cialis\u00e9 dans la communication institutions publiques et des entreprises\",\"potentialAction\":[{\"@type\":\"SearchAction\",\"target\":{\"@type\":\"EntryPoint\",\"urlTemplate\":\"https:\/\/www.mediaplateforme.com\/fr\/?s={search_term_string}\"},\"query-input\":\"required name=search_term_string\"}],\"inLanguage\":\"fr-FR\"},{\"@type\":\"Person\",\"@id\":\"https:\/\/www.mediaplateforme.com\/fr\/#\/schema\/person\/89833db382b5db2c76b094bc902aa12a\",\"name\":\"Mediaplateforme\",\"image\":{\"@type\":\"ImageObject\",\"inLanguage\":\"fr-FR\",\"@id\":\"https:\/\/www.mediaplateforme.com\/fr\/#\/schema\/person\/image\/\",\"url\":\"https:\/\/secure.gravatar.com\/avatar\/6c9c02e8928cc65d54bf75157f7b3a2d06d7ad0494ca0951f679552ff03b34c1?s=96&d=mm&r=g\",\"contentUrl\":\"https:\/\/secure.gravatar.com\/avatar\/6c9c02e8928cc65d54bf75157f7b3a2d06d7ad0494ca0951f679552ff03b34c1?s=96&d=mm&r=g\",\"caption\":\"Mediaplateforme\"},\"sameAs\":[\"https:\/\/www.mediaplateforme.com\"],\"url\":\"https:\/\/www.mediaplateforme.com\/fr\/author\/mohamedladib\/\"}]}<\/script>\n<!-- \/ Yoast SEO plugin. -->","yoast_head_json":{"title":"Coupe du Monde : Royal Air Maroc lance un nouveau dispositif pour le transport des supporters marocains - MEDIA PLATEFORME | FR","description":"Suite \u00e0 la qualification de l\u2019\u00e9quipe nationale de football aux huiti\u00e8mes de finale de la Coupe du monde 2022, Royal Air Maroc met en Doha.","robots":{"index":"index","follow":"follow","max-snippet":"max-snippet:-1","max-image-preview":"max-image-preview:large","max-video-preview":"max-video-preview:-1"},"canonical":"https:\/\/www.mediaplateforme.com\/fr\/coupe-du-monde-royal-air-maroc-lance-un-nouveau-dispositif-pour-le-transport-des-supporters-marocains\/","og_locale":"fr_FR","og_type":"article","og_title":"Coupe du Monde : Royal Air Maroc lance un nouveau dispositif pour le transport des supporters marocains - MEDIA PLATEFORME | FR","og_description":"Suite \u00e0 la qualification de l\u2019\u00e9quipe nationale de football aux huiti\u00e8mes de finale de la Coupe du monde 2022, Royal Air Maroc met en Doha.","og_url":"https:\/\/www.mediaplateforme.com\/fr\/coupe-du-monde-royal-air-maroc-lance-un-nouveau-dispositif-pour-le-transport-des-supporters-marocains\/","og_site_name":"MEDIA PLATEFORME | FR","article_published_time":"2022-12-01T18:40:12+00:00","og_image":[{"width":640,"height":480,"url":"https:\/\/www.mediaplateforme.com\/fr\/wp-content\/uploads\/sites\/5\/2022\/07\/Royal-Air-Maroc.jpg","type":"image\/jpeg"}],"author":"Mediaplateforme","twitter_card":"summary_large_image","twitter_misc":{"\u00c9crit par":"Mediaplateforme","Dur\u00e9e de lecture estim\u00e9e":"3 minutes"},"schema":{"@context":"https:\/\/schema.org","@graph":[{"@type":"WebPage","@id":"https:\/\/www.mediaplateforme.com\/fr\/coupe-du-monde-royal-air-maroc-lance-un-nouveau-dispositif-pour-le-transport-des-supporters-marocains\/","url":"https:\/\/www.mediaplateforme.com\/fr\/coupe-du-monde-royal-air-maroc-lance-un-nouveau-dispositif-pour-le-transport-des-supporters-marocains\/","name":"Coupe du Monde : Royal Air Maroc lance un nouveau dispositif pour le transport des supporters marocains - MEDIA PLATEFORME | FR","isPartOf":{"@id":"https:\/\/www.mediaplateforme.com\/fr\/#website"},"datePublished":"2022-12-01T18:40:12+00:00","dateModified":"2022-12-01T18:40:12+00:00","author":{"@id":"https:\/\/www.mediaplateforme.com\/fr\/#\/schema\/person\/89833db382b5db2c76b094bc902aa12a"},"description":"Suite \u00e0 la qualification de l\u2019\u00e9quipe nationale de football aux huiti\u00e8mes de finale de la Coupe du monde 2022, Royal Air Maroc met en Doha.","breadcrumb":{"@id":"https:\/\/www.mediaplateforme.com\/fr\/coupe-du-monde-royal-air-maroc-lance-un-nouveau-dispositif-pour-le-transport-des-supporters-marocains\/#breadcrumb"},"inLanguage":"fr-FR","potentialAction":[{"@type":"ReadAction","target":["https:\/\/www.mediaplateforme.com\/fr\/coupe-du-monde-royal-air-maroc-lance-un-nouveau-dispositif-pour-le-transport-des-supporters-marocains\/"]}]},{"@type":"BreadcrumbList","@id":"https:\/\/www.mediaplateforme.com\/fr\/coupe-du-monde-royal-air-maroc-lance-un-nouveau-dispositif-pour-le-transport-des-supporters-marocains\/#breadcrumb","itemListElement":[{"@type":"ListItem","position":1,"name":"\u0627\u0644\u0631\u0626\u064a\u0633\u064a\u0629","item":"https:\/\/www.mediaplateforme.com\/fr\/"},{"@type":"ListItem","position":2,"name":"Coupe du Monde : Royal Air Maroc lance un nouveau dispositif pour le transport des supporters marocains"}]},{"@type":"WebSite","@id":"https:\/\/www.mediaplateforme.com\/fr\/#website","url":"https:\/\/www.mediaplateforme.com\/fr\/","name":"MEDIA PLATEFORME | FR","description":"Mediaplateforme sp\u00e9cialis\u00e9 dans la communication institutions publiques et des entreprises","potentialAction":[{"@type":"SearchAction","target":{"@type":"EntryPoint","urlTemplate":"https:\/\/www.mediaplateforme.com\/fr\/?s={search_term_string}"},"query-input":"required name=search_term_string"}],"inLanguage":"fr-FR"},{"@type":"Person","@id":"https:\/\/www.mediaplateforme.com\/fr\/#\/schema\/person\/89833db382b5db2c76b094bc902aa12a","name":"Mediaplateforme","image":{"@type":"ImageObject","inLanguage":"fr-FR","@id":"https:\/\/www.mediaplateforme.com\/fr\/#\/schema\/person\/image\/","url":"https:\/\/secure.gravatar.com\/avatar\/6c9c02e8928cc65d54bf75157f7b3a2d06d7ad0494ca0951f679552ff03b34c1?s=96&d=mm&r=g","contentUrl":"https:\/\/secure.gravatar.com\/avatar\/6c9c02e8928cc65d54bf75157f7b3a2d06d7ad0494ca0951f679552ff03b34c1?s=96&d=mm&r=g","caption":"Mediaplateforme"},"sameAs":["https:\/\/www.mediaplateforme.com"],"url":"https:\/\/www.mediaplateforme.com\/fr\/author\/mohamedladib\/"}]}},"_links":{"self":[{"href":"https:\/\/www.mediaplateforme.com\/fr\/wp-json\/wp\/v2\/posts\/1784","targetHints":{"allow":["GET"]}}],"collection":[{"href":"https:\/\/www.mediaplateforme.com\/fr\/wp-json\/wp\/v2\/posts"}],"about":[{"href":"https:\/\/www.mediaplateforme.com\/fr\/wp-json\/wp\/v2\/types\/post"}],"author":[{"embeddable":true,"href":"https:\/\/www.mediaplateforme.com\/fr\/wp-json\/wp\/v2\/users\/1"}],"replies":[{"embeddable":true,"href":"https:\/\/www.mediaplateforme.com\/fr\/wp-json\/wp\/v2\/comments?post=1784"}],"version-history":[{"count":1,"href":"https:\/\/www.mediaplateforme.com\/fr\/wp-json\/wp\/v2\/posts\/1784\/revisions"}],"predecessor-version":[{"id":1785,"href":"https:\/\/www.mediaplateforme.com\/fr\/wp-json\/wp\/v2\/posts\/1784\/revisions\/1785"}],"wp:featuredmedia":[{"embeddable":true,"href":"https:\/\/www.mediaplateforme.com\/fr\/wp-json\/wp\/v2\/media\/421"}],"wp:attachment":[{"href":"https:\/\/www.mediaplateforme.com\/fr\/wp-json\/wp\/v2\/media?parent=1784"}],"wp:term":[{"taxonomy":"category","embeddable":true,"href":"https:\/\/www.mediaplateforme.com\/fr\/wp-json\/wp\/v2\/categories?post=1784"},{"taxonomy":"post_tag","embeddable":true,"href":"https:\/\/www.mediaplateforme.com\/fr\/wp-json\/wp\/v2\/tags?post=1784"}],"curies":[{"name":"wp","href":"https:\/\/api.w.org\/{rel}","templated":true}]}}