{"id":1781,"date":"2022-12-01T14:29:39","date_gmt":"2022-12-01T13:29:39","guid":{"rendered":"https:\/\/www.mediaplateforme.com\/fr\/?p=1781"},"modified":"2022-12-01T14:29:39","modified_gmt":"2022-12-01T13:29:39","slug":"ds-automobiles-affirme-son-soutien-a-lart-et-la-creation-et-accompagne-initiative-audace","status":"publish","type":"post","link":"https:\/\/www.mediaplateforme.com\/fr\/ds-automobiles-affirme-son-soutien-a-lart-et-la-creation-et-accompagne-initiative-audace\/","title":{"rendered":"DS AUTOMOBILES AFFIRME SON SOUTIEN A L\u2019ART ET LA CREATION ET ACCOMPAGNE  \u00ab INITIATIVE AUDACE \u00bb"},"content":{"rendered":"<p>DS Automobiles s\u2019allie \u00e0 \u00ab\u00a0Initiative Audace\u00a0\u00bb avec toujours pour objectif la promotion des artistes, de la cr\u00e9ation et de l\u2019innovation dans notre pays.<\/p>\n<p>Incarnant parfaitement la jonction entre les mondes de la cr\u00e9ation, le luxe et les savoir-faire. DS Automobiles, transporteur officiel d\u00e9montre son enti\u00e9re implication pour que l\u2019esprit de cr\u00e9ation et d\u2019innovation des jeunes cr\u00e9ateurs marocains, puissent s\u2019exprimer fortement au Maroc mais aussi au-dela des fronti\u00e9res de notre pays.<\/p>\n<p>Parce que la cr\u00e9ation marocaine est riche et diverse, Initiative AUDACE s\u2019est donn\u00e9e pour mission de mentorer et d\u2019offrir de la visibilit\u00e9 \u00e0 des designers marocains pour leur ouvrir les portes de l\u2019industrie de la mode et faire rayonner le Maroc et ses savoir-faire \u00e0 l\u2019international.<\/p>\n<p>Initiative AUDACE est le premier acc\u00e9l\u00e9rateur de la mode marocaine, lanc\u00e9 en 2021 par Youness Bouchida, un jeune entrepreneur marocain r\u00e9sidant \u00e0 l\u2019\u00e9tranger. Il a pour mission d\u2019accompagner les jeunes cr\u00e9ateurs marocains dans le d\u00e9veloppement de leur marque, l&rsquo;int\u00e9gration de la durabilit\u00e9 et l&rsquo;\u00e9thique dans leur cr\u00e9ation, afin d&rsquo;atteindre le niveau de comp\u00e9titivit\u00e9 mondiale requis.<\/p>\n<p>Aujourd\u2019hui Initiative AUDACE organise sa premi\u00e8re \u00e9dition <strong>d\u2019AUDACE Showroom<\/strong>, \u00e0 Rabat, du 2 au 4 d\u00e9cembre. Ce premier grand rendez-vous B-to-B de la cr\u00e9ation durable en Afrique sera exclusivement r\u00e9serv\u00e9 aux professionnels de la mode et de la cr\u00e9ation ainsi qu\u2019aux donneurs d\u2019ordre nationaux et internationaux.<\/p>\n<p>Au terme de l\u2019\u00e9v\u00e9nement, quatre Awards seront d\u00e9cern\u00e9s pour r\u00e9compenser les participants les plus m\u00e9ritants:<\/p>\n<ul>\n<li>Le \u00ab Grand Prix Audace \u00bb reviendra \u00e0 la marque cr\u00e9ative, \u00e0 l\u2019image d\u2019un Maroc moderne tourn\u00e9 vers l\u2019avenir, l\u2019export et l&rsquo;international.<\/li>\n<li>Le \u00ab Prix Jeune Cr\u00e9ateur \u00bb r\u00e9compensera la jeune marque audacieuse et cr\u00e9ative libre d\u2019explorer de multiples territoires d\u2019expressions.<\/li>\n<li>Le \u00ab Prix H\u00e9ritage \u00bb distinguera la marque qui a su (r\u00e9) interpr\u00e9ter des savoir-faire marocains ancestraux et les m\u00e9tiers d\u2019art pour les inscrire dans les tendances actuelles et futures.<\/li>\n<li>Le \u00ab Prix de la durabilit\u00e9 \u00bb sera remis \u00e0 la marque qui a d\u00e9montr\u00e9 son impact positif sur la plan\u00e8te et la soci\u00e9t\u00e9. Le Label \u00ab AUDACE responsable \u00bb, nouveau d\u00e9fi \u00e0 relever Cet \u00e9v\u00e9nement sera aussi l\u2019occasion d\u2019annoncer la cr\u00e9ation en 2023, du Label \u00abAUDACE responsable\u00bb qui sera accord\u00e9 aux cr\u00e9ateurs ayant int\u00e9gr\u00e9 a minima une d\u00e9marche responsable sociale ou environnementale.<\/li>\n<\/ul>\n","protected":false},"excerpt":{"rendered":"<p>DS Automobiles s\u2019allie \u00e0 \u00ab\u00a0Initiative Audace\u00a0\u00bb avec toujours pour objectif la promotion des artistes, de<\/p>\n","protected":false},"author":1,"featured_media":1782,"comment_status":"open","ping_status":"open","sticky":false,"template":"","format":"standard","meta":{"_acf_changed":false,"footnotes":""},"categories":[2,3],"tags":[590],"class_list":["post-1781","post","type-post","status-publish","format-standard","has-post-thumbnail","hentry","category-nouvelles","category-nouvelles-selectionnees","tag-ds-automobiles"],"acf":[],"yoast_head":"<!-- This site is optimized with the Yoast SEO plugin v22.0 - https:\/\/yoast.com\/wordpress\/plugins\/seo\/ -->\n<title>DS AUTOMOBILES AFFIRME SON SOUTIEN A L\u2019ART ET LA CREATION ET ACCOMPAGNE \u00ab INITIATIVE AUDACE \u00bb - MEDIA PLATEFORME | FR<\/title>\n<meta name=\"description\" content=\"Incarnant parfaitement la jonction entre les mondes de la cr\u00e9ation, le luxe et les savoir-faire. DS Automobiles, transporteur enti\u00e9re i.\" \/>\n<meta name=\"robots\" content=\"index, follow, max-snippet:-1, max-image-preview:large, max-video-preview:-1\" \/>\n<link rel=\"canonical\" href=\"https:\/\/www.mediaplateforme.com\/fr\/ds-automobiles-affirme-son-soutien-a-lart-et-la-creation-et-accompagne-initiative-audace\/\" \/>\n<meta property=\"og:locale\" content=\"fr_FR\" \/>\n<meta property=\"og:type\" content=\"article\" \/>\n<meta property=\"og:title\" content=\"DS AUTOMOBILES AFFIRME SON SOUTIEN A L\u2019ART ET LA CREATION ET ACCOMPAGNE \u00ab INITIATIVE AUDACE \u00bb - MEDIA PLATEFORME | FR\" \/>\n<meta property=\"og:description\" content=\"Incarnant parfaitement la jonction entre les mondes de la cr\u00e9ation, le luxe et les savoir-faire. DS Automobiles, transporteur enti\u00e9re i.\" \/>\n<meta property=\"og:url\" content=\"https:\/\/www.mediaplateforme.com\/fr\/ds-automobiles-affirme-son-soutien-a-lart-et-la-creation-et-accompagne-initiative-audace\/\" \/>\n<meta property=\"og:site_name\" content=\"MEDIA PLATEFORME | FR\" \/>\n<meta property=\"article:published_time\" content=\"2022-12-01T13:29:39+00:00\" \/>\n<meta property=\"og:image\" content=\"https:\/\/www.mediaplateforme.com\/fr\/wp-content\/uploads\/sites\/5\/2022\/12\/affiche-audience.jpg\" \/>\n\t<meta property=\"og:image:width\" content=\"819\" \/>\n\t<meta property=\"og:image:height\" content=\"518\" \/>\n\t<meta property=\"og:image:type\" content=\"image\/jpeg\" \/>\n<meta name=\"author\" content=\"Mediaplateforme\" \/>\n<meta name=\"twitter:card\" content=\"summary_large_image\" \/>\n<meta name=\"twitter:label1\" content=\"\u00c9crit par\" \/>\n\t<meta name=\"twitter:data1\" content=\"Mediaplateforme\" \/>\n\t<meta name=\"twitter:label2\" content=\"Dur\u00e9e de lecture estim\u00e9e\" \/>\n\t<meta name=\"twitter:data2\" content=\"2 minutes\" \/>\n<script type=\"application\/ld+json\" class=\"yoast-schema-graph\">{\"@context\":\"https:\/\/schema.org\",\"@graph\":[{\"@type\":\"WebPage\",\"@id\":\"https:\/\/www.mediaplateforme.com\/fr\/ds-automobiles-affirme-son-soutien-a-lart-et-la-creation-et-accompagne-initiative-audace\/\",\"url\":\"https:\/\/www.mediaplateforme.com\/fr\/ds-automobiles-affirme-son-soutien-a-lart-et-la-creation-et-accompagne-initiative-audace\/\",\"name\":\"DS AUTOMOBILES AFFIRME SON SOUTIEN A L\u2019ART ET LA CREATION ET ACCOMPAGNE \u00ab INITIATIVE AUDACE \u00bb - MEDIA PLATEFORME | FR\",\"isPartOf\":{\"@id\":\"https:\/\/www.mediaplateforme.com\/fr\/#website\"},\"datePublished\":\"2022-12-01T13:29:39+00:00\",\"dateModified\":\"2022-12-01T13:29:39+00:00\",\"author\":{\"@id\":\"https:\/\/www.mediaplateforme.com\/fr\/#\/schema\/person\/89833db382b5db2c76b094bc902aa12a\"},\"description\":\"Incarnant parfaitement la jonction entre les mondes de la cr\u00e9ation, le luxe et les savoir-faire. DS Automobiles, transporteur enti\u00e9re i.\",\"breadcrumb\":{\"@id\":\"https:\/\/www.mediaplateforme.com\/fr\/ds-automobiles-affirme-son-soutien-a-lart-et-la-creation-et-accompagne-initiative-audace\/#breadcrumb\"},\"inLanguage\":\"fr-FR\",\"potentialAction\":[{\"@type\":\"ReadAction\",\"target\":[\"https:\/\/www.mediaplateforme.com\/fr\/ds-automobiles-affirme-son-soutien-a-lart-et-la-creation-et-accompagne-initiative-audace\/\"]}]},{\"@type\":\"BreadcrumbList\",\"@id\":\"https:\/\/www.mediaplateforme.com\/fr\/ds-automobiles-affirme-son-soutien-a-lart-et-la-creation-et-accompagne-initiative-audace\/#breadcrumb\",\"itemListElement\":[{\"@type\":\"ListItem\",\"position\":1,\"name\":\"\u0627\u0644\u0631\u0626\u064a\u0633\u064a\u0629\",\"item\":\"https:\/\/www.mediaplateforme.com\/fr\/\"},{\"@type\":\"ListItem\",\"position\":2,\"name\":\"DS AUTOMOBILES AFFIRME SON SOUTIEN A L\u2019ART ET LA CREATION ET ACCOMPAGNE \u00ab INITIATIVE AUDACE \u00bb\"}]},{\"@type\":\"WebSite\",\"@id\":\"https:\/\/www.mediaplateforme.com\/fr\/#website\",\"url\":\"https:\/\/www.mediaplateforme.com\/fr\/\",\"name\":\"MEDIA PLATEFORME | FR\",\"description\":\"Mediaplateforme sp\u00e9cialis\u00e9 dans la communication institutions publiques et des entreprises\",\"potentialAction\":[{\"@type\":\"SearchAction\",\"target\":{\"@type\":\"EntryPoint\",\"urlTemplate\":\"https:\/\/www.mediaplateforme.com\/fr\/?s={search_term_string}\"},\"query-input\":\"required name=search_term_string\"}],\"inLanguage\":\"fr-FR\"},{\"@type\":\"Person\",\"@id\":\"https:\/\/www.mediaplateforme.com\/fr\/#\/schema\/person\/89833db382b5db2c76b094bc902aa12a\",\"name\":\"Mediaplateforme\",\"image\":{\"@type\":\"ImageObject\",\"inLanguage\":\"fr-FR\",\"@id\":\"https:\/\/www.mediaplateforme.com\/fr\/#\/schema\/person\/image\/\",\"url\":\"https:\/\/secure.gravatar.com\/avatar\/6c9c02e8928cc65d54bf75157f7b3a2d06d7ad0494ca0951f679552ff03b34c1?s=96&d=mm&r=g\",\"contentUrl\":\"https:\/\/secure.gravatar.com\/avatar\/6c9c02e8928cc65d54bf75157f7b3a2d06d7ad0494ca0951f679552ff03b34c1?s=96&d=mm&r=g\",\"caption\":\"Mediaplateforme\"},\"sameAs\":[\"https:\/\/www.mediaplateforme.com\"],\"url\":\"https:\/\/www.mediaplateforme.com\/fr\/author\/mohamedladib\/\"}]}<\/script>\n<!-- \/ Yoast SEO plugin. -->","yoast_head_json":{"title":"DS AUTOMOBILES AFFIRME SON SOUTIEN A L\u2019ART ET LA CREATION ET ACCOMPAGNE \u00ab INITIATIVE AUDACE \u00bb - MEDIA PLATEFORME | FR","description":"Incarnant parfaitement la jonction entre les mondes de la cr\u00e9ation, le luxe et les savoir-faire. DS Automobiles, transporteur enti\u00e9re i.","robots":{"index":"index","follow":"follow","max-snippet":"max-snippet:-1","max-image-preview":"max-image-preview:large","max-video-preview":"max-video-preview:-1"},"canonical":"https:\/\/www.mediaplateforme.com\/fr\/ds-automobiles-affirme-son-soutien-a-lart-et-la-creation-et-accompagne-initiative-audace\/","og_locale":"fr_FR","og_type":"article","og_title":"DS AUTOMOBILES AFFIRME SON SOUTIEN A L\u2019ART ET LA CREATION ET ACCOMPAGNE \u00ab INITIATIVE AUDACE \u00bb - MEDIA PLATEFORME | FR","og_description":"Incarnant parfaitement la jonction entre les mondes de la cr\u00e9ation, le luxe et les savoir-faire. DS Automobiles, transporteur enti\u00e9re i.","og_url":"https:\/\/www.mediaplateforme.com\/fr\/ds-automobiles-affirme-son-soutien-a-lart-et-la-creation-et-accompagne-initiative-audace\/","og_site_name":"MEDIA PLATEFORME | FR","article_published_time":"2022-12-01T13:29:39+00:00","og_image":[{"width":819,"height":518,"url":"https:\/\/www.mediaplateforme.com\/fr\/wp-content\/uploads\/sites\/5\/2022\/12\/affiche-audience.jpg","type":"image\/jpeg"}],"author":"Mediaplateforme","twitter_card":"summary_large_image","twitter_misc":{"\u00c9crit par":"Mediaplateforme","Dur\u00e9e de lecture estim\u00e9e":"2 minutes"},"schema":{"@context":"https:\/\/schema.org","@graph":[{"@type":"WebPage","@id":"https:\/\/www.mediaplateforme.com\/fr\/ds-automobiles-affirme-son-soutien-a-lart-et-la-creation-et-accompagne-initiative-audace\/","url":"https:\/\/www.mediaplateforme.com\/fr\/ds-automobiles-affirme-son-soutien-a-lart-et-la-creation-et-accompagne-initiative-audace\/","name":"DS AUTOMOBILES AFFIRME SON SOUTIEN A L\u2019ART ET LA CREATION ET ACCOMPAGNE \u00ab INITIATIVE AUDACE \u00bb - MEDIA PLATEFORME | FR","isPartOf":{"@id":"https:\/\/www.mediaplateforme.com\/fr\/#website"},"datePublished":"2022-12-01T13:29:39+00:00","dateModified":"2022-12-01T13:29:39+00:00","author":{"@id":"https:\/\/www.mediaplateforme.com\/fr\/#\/schema\/person\/89833db382b5db2c76b094bc902aa12a"},"description":"Incarnant parfaitement la jonction entre les mondes de la cr\u00e9ation, le luxe et les savoir-faire. DS Automobiles, transporteur enti\u00e9re i.","breadcrumb":{"@id":"https:\/\/www.mediaplateforme.com\/fr\/ds-automobiles-affirme-son-soutien-a-lart-et-la-creation-et-accompagne-initiative-audace\/#breadcrumb"},"inLanguage":"fr-FR","potentialAction":[{"@type":"ReadAction","target":["https:\/\/www.mediaplateforme.com\/fr\/ds-automobiles-affirme-son-soutien-a-lart-et-la-creation-et-accompagne-initiative-audace\/"]}]},{"@type":"BreadcrumbList","@id":"https:\/\/www.mediaplateforme.com\/fr\/ds-automobiles-affirme-son-soutien-a-lart-et-la-creation-et-accompagne-initiative-audace\/#breadcrumb","itemListElement":[{"@type":"ListItem","position":1,"name":"\u0627\u0644\u0631\u0626\u064a\u0633\u064a\u0629","item":"https:\/\/www.mediaplateforme.com\/fr\/"},{"@type":"ListItem","position":2,"name":"DS AUTOMOBILES AFFIRME SON SOUTIEN A L\u2019ART ET LA CREATION ET ACCOMPAGNE \u00ab INITIATIVE AUDACE \u00bb"}]},{"@type":"WebSite","@id":"https:\/\/www.mediaplateforme.com\/fr\/#website","url":"https:\/\/www.mediaplateforme.com\/fr\/","name":"MEDIA PLATEFORME | FR","description":"Mediaplateforme sp\u00e9cialis\u00e9 dans la communication institutions publiques et des entreprises","potentialAction":[{"@type":"SearchAction","target":{"@type":"EntryPoint","urlTemplate":"https:\/\/www.mediaplateforme.com\/fr\/?s={search_term_string}"},"query-input":"required name=search_term_string"}],"inLanguage":"fr-FR"},{"@type":"Person","@id":"https:\/\/www.mediaplateforme.com\/fr\/#\/schema\/person\/89833db382b5db2c76b094bc902aa12a","name":"Mediaplateforme","image":{"@type":"ImageObject","inLanguage":"fr-FR","@id":"https:\/\/www.mediaplateforme.com\/fr\/#\/schema\/person\/image\/","url":"https:\/\/secure.gravatar.com\/avatar\/6c9c02e8928cc65d54bf75157f7b3a2d06d7ad0494ca0951f679552ff03b34c1?s=96&d=mm&r=g","contentUrl":"https:\/\/secure.gravatar.com\/avatar\/6c9c02e8928cc65d54bf75157f7b3a2d06d7ad0494ca0951f679552ff03b34c1?s=96&d=mm&r=g","caption":"Mediaplateforme"},"sameAs":["https:\/\/www.mediaplateforme.com"],"url":"https:\/\/www.mediaplateforme.com\/fr\/author\/mohamedladib\/"}]}},"_links":{"self":[{"href":"https:\/\/www.mediaplateforme.com\/fr\/wp-json\/wp\/v2\/posts\/1781","targetHints":{"allow":["GET"]}}],"collection":[{"href":"https:\/\/www.mediaplateforme.com\/fr\/wp-json\/wp\/v2\/posts"}],"about":[{"href":"https:\/\/www.mediaplateforme.com\/fr\/wp-json\/wp\/v2\/types\/post"}],"author":[{"embeddable":true,"href":"https:\/\/www.mediaplateforme.com\/fr\/wp-json\/wp\/v2\/users\/1"}],"replies":[{"embeddable":true,"href":"https:\/\/www.mediaplateforme.com\/fr\/wp-json\/wp\/v2\/comments?post=1781"}],"version-history":[{"count":1,"href":"https:\/\/www.mediaplateforme.com\/fr\/wp-json\/wp\/v2\/posts\/1781\/revisions"}],"predecessor-version":[{"id":1783,"href":"https:\/\/www.mediaplateforme.com\/fr\/wp-json\/wp\/v2\/posts\/1781\/revisions\/1783"}],"wp:featuredmedia":[{"embeddable":true,"href":"https:\/\/www.mediaplateforme.com\/fr\/wp-json\/wp\/v2\/media\/1782"}],"wp:attachment":[{"href":"https:\/\/www.mediaplateforme.com\/fr\/wp-json\/wp\/v2\/media?parent=1781"}],"wp:term":[{"taxonomy":"category","embeddable":true,"href":"https:\/\/www.mediaplateforme.com\/fr\/wp-json\/wp\/v2\/categories?post=1781"},{"taxonomy":"post_tag","embeddable":true,"href":"https:\/\/www.mediaplateforme.com\/fr\/wp-json\/wp\/v2\/tags?post=1781"}],"curies":[{"name":"wp","href":"https:\/\/api.w.org\/{rel}","templated":true}]}}