{"id":178,"date":"2022-06-25T14:26:27","date_gmt":"2022-06-25T13:26:27","guid":{"rendered":"https:\/\/www.mediaplateforme.com\/fr\/?p=178"},"modified":"2022-06-25T15:25:57","modified_gmt":"2022-06-25T14:25:57","slug":"dacia-maroc-lance-les-prereservations-de-spring-a-partir-de-223-500-dh","status":"publish","type":"post","link":"https:\/\/www.mediaplateforme.com\/fr\/dacia-maroc-lance-les-prereservations-de-spring-a-partir-de-223-500-dh\/","title":{"rendered":"DACIA MAROC LANCE LES PRERESERVATIONS DE SPRING A PARTIR DE 223 500 DH"},"content":{"rendered":"<p>Agile, robuste, spacieuse, dot\u00e9e d\u2019une motorisation 100% \u00e9lectrique, Dacia Spring inaugure une \u00e8re nouvelle dans le Royaume : celle de <a href=\"https:\/\/www.dacia.ma\/\">la mobilit\u00e9 \u00e9lectrique<\/a> accessible \u00e0 tous. C\u2019est le v\u00e9hicule \u00e9lectrique le plus abordable du march\u00e9 europ\u00e9en et d\u00e9sormais du march\u00e9 marocain.<\/p>\n<p>Seul b\u00e9mol, l\u2019autonomie pourrait repr\u00e9senter un frein pour certains conducteurs de v\u00e9hicules thermiques voulant passer \u00e0 l\u2019\u00e9lectrique m\u00eame si elle assure une autonomie de 230 km WLTP (305 km WLTP city). Spacieuse, elle est dot\u00e9e d\u2019un moteur de 44 chevaux.<br \/>\nAvec son look de baroudeuse, 4 vraies places \u00e0 bord et un coffre de pr\u00e8s de 270L, elle en offre bien plus que de nombreuses petites citadines. Sa polyvalence de charge (moins d\u2019une heure en charge rapide et moins de 14h sur une prise domestique) et son autonomie jusqu\u2019\u00e0 305 km en ville (soit 230 km en cycle mixte WLTP) en font une \u00e9lectrique parfaite pour les trajets du quotidien.<\/p>\n<p>&nbsp;<\/p>\n<p>\u00abLe lancement de Dacia Spring au Maroc est une v\u00e9ritable r\u00e9volution : cette citadine urbaine 100% \u00e9lectrique s\u2019affiche clairement comme le v\u00e9hicule \u00e9lectrique le plus abordable du march\u00e9 et permettra de d\u00e9mocratiser la mobilit\u00e9 \u00e9lectrique en ville.<\/p>\n<p>Dacia Spring rencontre un fort succ\u00e8s en Europe. Elle sera une r\u00e9ponse forte \u00e0 la politique volontariste du Royaume de se positionner comme un acteur du d\u00e9veloppement durable\u00bb, affirme Fabrice Crevola, directeur g\u00e9n\u00e9ral de la marque Dacia au Maroc et directeur g\u00e9n\u00e9ral de Renault Commerce Maroc.<\/p>\n<p>Pour le march\u00e9 marocain, Dacia Spring sera commercialis\u00e9e avec la toute nouvelle identit\u00e9 de marque : Nouvel embl\u00e8me Dacia Link, nouveau logotype, nouvelles couleurs. Les clients marocains peuvent depuis le 17 juin pr\u00e9-r\u00e9server leur future voiture \u00e9lectrique en remplissant le formulaire disponible sur les r\u00e9seaux sociaux (LinkedIn, Instagram et Facebook). Ils auront la possibilit\u00e9 de choisir entre 3 versions: Cargo, la version utilitaire 2 places, id\u00e9ale pour la livraison de marchandises en ville, et les 2 versions Essentiel et Expression.<\/p>\n<p>La version Essentiel est propos\u00e9e avec le pack look SUV avec barres de toit, climatisation et limiteur de vitesse. La version Expression offre en plus de l\u2019Essentiel de nombreux \u00e9quipements comme un \u00e9cran tactile 7\u2019\u2019, l\u2019aide au stationnement arri\u00e8re ou la cam\u00e9ra de recul.<\/p>\n<p>&nbsp;<\/p>\n<p>Depuis son lancement europ\u00e9en au printemps 2021, Dacia Spring a re\u00e7u plusieurs distinctions telles que le prix \u00abGood Deal 2021\u00bb aux Automobile Awards pour son meilleur rapport prix\/prestations et le \u00abBest Buy Car of Europe 2022\u00bb d\u00e9cern\u00e9 par le c\u00e9l\u00e8bre jury \u00abAutobest\u00bb.<\/p>\n<p>Avec plus de 40.000 commandes en huit mois, Spring a connu un excellent d\u00e9marrage commercial en Europe. En rendant la mobilit\u00e9 \u00e9lectrique accessible \u00e0 tous, Spring s\u00e9duit \u00e0 la fois des clients d\u00e9j\u00e0 familiers de la marque Dacia mais \u00e9galement une majorit\u00e9 de nouveaux clients.<\/p>\n<p>En proposant une citadine au look SUV, 100% \u00e9lectrique, qui r\u00e9pond \u00e0 l\u2019essentiel des besoins des clients au meilleur prix, Dacia d\u00e9mocratise la mobilit\u00e9 \u00e9lectrique. Dacia Spring sera disponible \u00e0 partir de 190 .400 DH HT pour la version Cargo et \u00e0 partir de 223.500 DH TTC pour la version 4 places.<\/p>\n","protected":false},"excerpt":{"rendered":"<p>Agile, robuste, spacieuse, dot\u00e9e d\u2019une motorisation 100% \u00e9lectrique, Dacia Spring inaugure une \u00e8re nouvelle dans<\/p>\n","protected":false},"author":1,"featured_media":179,"comment_status":"open","ping_status":"open","sticky":false,"template":"","format":"standard","meta":{"_acf_changed":false,"footnotes":""},"categories":[7,3],"tags":[76,77,78],"class_list":["post-178","post","type-post","status-publish","format-standard","has-post-thumbnail","hentry","category-articles","category-nouvelles-selectionnees","tag-dacia-maroc","tag-dacia-spring","tag-voiture-electrique"],"acf":[],"yoast_head":"<!-- This site is optimized with the Yoast SEO plugin v22.0 - https:\/\/yoast.com\/wordpress\/plugins\/seo\/ -->\n<title>DACIA MAROC LANCE LES PRERESERVATIONS DE SPRING A PARTIR DE 223 500 DH - MEDIA PLATEFORME | FR<\/title>\n<meta name=\"description\" content=\"Agile, robuste, spacieuse, dot\u00e9e d\u2019une motorisation 100% \u00e9lectrique, Dacia Spring inaugure une \u00e8re nouvelle dans le Royaume :\" \/>\n<meta name=\"robots\" content=\"index, follow, max-snippet:-1, max-image-preview:large, max-video-preview:-1\" \/>\n<link rel=\"canonical\" href=\"https:\/\/www.mediaplateforme.com\/fr\/dacia-maroc-lance-les-prereservations-de-spring-a-partir-de-223-500-dh\/\" \/>\n<meta property=\"og:locale\" content=\"fr_FR\" \/>\n<meta property=\"og:type\" content=\"article\" \/>\n<meta property=\"og:title\" content=\"DACIA MAROC LANCE LES PRERESERVATIONS DE SPRING A PARTIR DE 223 500 DH - MEDIA PLATEFORME | FR\" \/>\n<meta property=\"og:description\" content=\"Agile, robuste, spacieuse, dot\u00e9e d\u2019une motorisation 100% \u00e9lectrique, Dacia Spring inaugure une \u00e8re nouvelle dans le Royaume :\" \/>\n<meta property=\"og:url\" content=\"https:\/\/www.mediaplateforme.com\/fr\/dacia-maroc-lance-les-prereservations-de-spring-a-partir-de-223-500-dh\/\" \/>\n<meta property=\"og:site_name\" content=\"MEDIA PLATEFORME | FR\" \/>\n<meta property=\"article:published_time\" content=\"2022-06-25T13:26:27+00:00\" \/>\n<meta property=\"article:modified_time\" content=\"2022-06-25T14:25:57+00:00\" \/>\n<meta property=\"og:image\" content=\"https:\/\/www.mediaplateforme.com\/fr\/wp-content\/uploads\/sites\/5\/2022\/06\/dacia-spiring.jpg\" \/>\n\t<meta property=\"og:image:width\" content=\"674\" \/>\n\t<meta property=\"og:image:height\" content=\"435\" \/>\n\t<meta property=\"og:image:type\" content=\"image\/jpeg\" \/>\n<meta name=\"author\" content=\"Mediaplateforme\" \/>\n<meta name=\"twitter:card\" content=\"summary_large_image\" \/>\n<meta name=\"twitter:label1\" content=\"\u00c9crit par\" \/>\n\t<meta name=\"twitter:data1\" content=\"Mediaplateforme\" \/>\n\t<meta name=\"twitter:label2\" content=\"Dur\u00e9e de lecture estim\u00e9e\" \/>\n\t<meta name=\"twitter:data2\" content=\"3 minutes\" \/>\n<script type=\"application\/ld+json\" class=\"yoast-schema-graph\">{\"@context\":\"https:\/\/schema.org\",\"@graph\":[{\"@type\":\"WebPage\",\"@id\":\"https:\/\/www.mediaplateforme.com\/fr\/dacia-maroc-lance-les-prereservations-de-spring-a-partir-de-223-500-dh\/\",\"url\":\"https:\/\/www.mediaplateforme.com\/fr\/dacia-maroc-lance-les-prereservations-de-spring-a-partir-de-223-500-dh\/\",\"name\":\"DACIA MAROC LANCE LES PRERESERVATIONS DE SPRING A PARTIR DE 223 500 DH - MEDIA PLATEFORME | FR\",\"isPartOf\":{\"@id\":\"https:\/\/www.mediaplateforme.com\/fr\/#website\"},\"datePublished\":\"2022-06-25T13:26:27+00:00\",\"dateModified\":\"2022-06-25T14:25:57+00:00\",\"author\":{\"@id\":\"https:\/\/www.mediaplateforme.com\/fr\/#\/schema\/person\/89833db382b5db2c76b094bc902aa12a\"},\"description\":\"Agile, robuste, spacieuse, dot\u00e9e d\u2019une motorisation 100% \u00e9lectrique, Dacia Spring inaugure une \u00e8re nouvelle dans le Royaume :\",\"breadcrumb\":{\"@id\":\"https:\/\/www.mediaplateforme.com\/fr\/dacia-maroc-lance-les-prereservations-de-spring-a-partir-de-223-500-dh\/#breadcrumb\"},\"inLanguage\":\"fr-FR\",\"potentialAction\":[{\"@type\":\"ReadAction\",\"target\":[\"https:\/\/www.mediaplateforme.com\/fr\/dacia-maroc-lance-les-prereservations-de-spring-a-partir-de-223-500-dh\/\"]}]},{\"@type\":\"BreadcrumbList\",\"@id\":\"https:\/\/www.mediaplateforme.com\/fr\/dacia-maroc-lance-les-prereservations-de-spring-a-partir-de-223-500-dh\/#breadcrumb\",\"itemListElement\":[{\"@type\":\"ListItem\",\"position\":1,\"name\":\"\u0627\u0644\u0631\u0626\u064a\u0633\u064a\u0629\",\"item\":\"https:\/\/www.mediaplateforme.com\/fr\/\"},{\"@type\":\"ListItem\",\"position\":2,\"name\":\"DACIA MAROC LANCE LES PRERESERVATIONS DE SPRING A PARTIR DE 223 500 DH\"}]},{\"@type\":\"WebSite\",\"@id\":\"https:\/\/www.mediaplateforme.com\/fr\/#website\",\"url\":\"https:\/\/www.mediaplateforme.com\/fr\/\",\"name\":\"MEDIA PLATEFORME | FR\",\"description\":\"Mediaplateforme sp\u00e9cialis\u00e9 dans la communication institutions publiques et des entreprises\",\"potentialAction\":[{\"@type\":\"SearchAction\",\"target\":{\"@type\":\"EntryPoint\",\"urlTemplate\":\"https:\/\/www.mediaplateforme.com\/fr\/?s={search_term_string}\"},\"query-input\":\"required name=search_term_string\"}],\"inLanguage\":\"fr-FR\"},{\"@type\":\"Person\",\"@id\":\"https:\/\/www.mediaplateforme.com\/fr\/#\/schema\/person\/89833db382b5db2c76b094bc902aa12a\",\"name\":\"Mediaplateforme\",\"image\":{\"@type\":\"ImageObject\",\"inLanguage\":\"fr-FR\",\"@id\":\"https:\/\/www.mediaplateforme.com\/fr\/#\/schema\/person\/image\/\",\"url\":\"https:\/\/secure.gravatar.com\/avatar\/6c9c02e8928cc65d54bf75157f7b3a2d06d7ad0494ca0951f679552ff03b34c1?s=96&d=mm&r=g\",\"contentUrl\":\"https:\/\/secure.gravatar.com\/avatar\/6c9c02e8928cc65d54bf75157f7b3a2d06d7ad0494ca0951f679552ff03b34c1?s=96&d=mm&r=g\",\"caption\":\"Mediaplateforme\"},\"sameAs\":[\"https:\/\/www.mediaplateforme.com\"],\"url\":\"https:\/\/www.mediaplateforme.com\/fr\/author\/mohamedladib\/\"}]}<\/script>\n<!-- \/ Yoast SEO plugin. -->","yoast_head_json":{"title":"DACIA MAROC LANCE LES PRERESERVATIONS DE SPRING A PARTIR DE 223 500 DH - MEDIA PLATEFORME | FR","description":"Agile, robuste, spacieuse, dot\u00e9e d\u2019une motorisation 100% \u00e9lectrique, Dacia Spring inaugure une \u00e8re nouvelle dans le Royaume :","robots":{"index":"index","follow":"follow","max-snippet":"max-snippet:-1","max-image-preview":"max-image-preview:large","max-video-preview":"max-video-preview:-1"},"canonical":"https:\/\/www.mediaplateforme.com\/fr\/dacia-maroc-lance-les-prereservations-de-spring-a-partir-de-223-500-dh\/","og_locale":"fr_FR","og_type":"article","og_title":"DACIA MAROC LANCE LES PRERESERVATIONS DE SPRING A PARTIR DE 223 500 DH - MEDIA PLATEFORME | FR","og_description":"Agile, robuste, spacieuse, dot\u00e9e d\u2019une motorisation 100% \u00e9lectrique, Dacia Spring inaugure une \u00e8re nouvelle dans le Royaume :","og_url":"https:\/\/www.mediaplateforme.com\/fr\/dacia-maroc-lance-les-prereservations-de-spring-a-partir-de-223-500-dh\/","og_site_name":"MEDIA PLATEFORME | FR","article_published_time":"2022-06-25T13:26:27+00:00","article_modified_time":"2022-06-25T14:25:57+00:00","og_image":[{"width":674,"height":435,"url":"https:\/\/www.mediaplateforme.com\/fr\/wp-content\/uploads\/sites\/5\/2022\/06\/dacia-spiring.jpg","type":"image\/jpeg"}],"author":"Mediaplateforme","twitter_card":"summary_large_image","twitter_misc":{"\u00c9crit par":"Mediaplateforme","Dur\u00e9e de lecture estim\u00e9e":"3 minutes"},"schema":{"@context":"https:\/\/schema.org","@graph":[{"@type":"WebPage","@id":"https:\/\/www.mediaplateforme.com\/fr\/dacia-maroc-lance-les-prereservations-de-spring-a-partir-de-223-500-dh\/","url":"https:\/\/www.mediaplateforme.com\/fr\/dacia-maroc-lance-les-prereservations-de-spring-a-partir-de-223-500-dh\/","name":"DACIA MAROC LANCE LES PRERESERVATIONS DE SPRING A PARTIR DE 223 500 DH - MEDIA PLATEFORME | FR","isPartOf":{"@id":"https:\/\/www.mediaplateforme.com\/fr\/#website"},"datePublished":"2022-06-25T13:26:27+00:00","dateModified":"2022-06-25T14:25:57+00:00","author":{"@id":"https:\/\/www.mediaplateforme.com\/fr\/#\/schema\/person\/89833db382b5db2c76b094bc902aa12a"},"description":"Agile, robuste, spacieuse, dot\u00e9e d\u2019une motorisation 100% \u00e9lectrique, Dacia Spring inaugure une \u00e8re nouvelle dans le Royaume :","breadcrumb":{"@id":"https:\/\/www.mediaplateforme.com\/fr\/dacia-maroc-lance-les-prereservations-de-spring-a-partir-de-223-500-dh\/#breadcrumb"},"inLanguage":"fr-FR","potentialAction":[{"@type":"ReadAction","target":["https:\/\/www.mediaplateforme.com\/fr\/dacia-maroc-lance-les-prereservations-de-spring-a-partir-de-223-500-dh\/"]}]},{"@type":"BreadcrumbList","@id":"https:\/\/www.mediaplateforme.com\/fr\/dacia-maroc-lance-les-prereservations-de-spring-a-partir-de-223-500-dh\/#breadcrumb","itemListElement":[{"@type":"ListItem","position":1,"name":"\u0627\u0644\u0631\u0626\u064a\u0633\u064a\u0629","item":"https:\/\/www.mediaplateforme.com\/fr\/"},{"@type":"ListItem","position":2,"name":"DACIA MAROC LANCE LES PRERESERVATIONS DE SPRING A PARTIR DE 223 500 DH"}]},{"@type":"WebSite","@id":"https:\/\/www.mediaplateforme.com\/fr\/#website","url":"https:\/\/www.mediaplateforme.com\/fr\/","name":"MEDIA PLATEFORME | FR","description":"Mediaplateforme sp\u00e9cialis\u00e9 dans la communication institutions publiques et des entreprises","potentialAction":[{"@type":"SearchAction","target":{"@type":"EntryPoint","urlTemplate":"https:\/\/www.mediaplateforme.com\/fr\/?s={search_term_string}"},"query-input":"required name=search_term_string"}],"inLanguage":"fr-FR"},{"@type":"Person","@id":"https:\/\/www.mediaplateforme.com\/fr\/#\/schema\/person\/89833db382b5db2c76b094bc902aa12a","name":"Mediaplateforme","image":{"@type":"ImageObject","inLanguage":"fr-FR","@id":"https:\/\/www.mediaplateforme.com\/fr\/#\/schema\/person\/image\/","url":"https:\/\/secure.gravatar.com\/avatar\/6c9c02e8928cc65d54bf75157f7b3a2d06d7ad0494ca0951f679552ff03b34c1?s=96&d=mm&r=g","contentUrl":"https:\/\/secure.gravatar.com\/avatar\/6c9c02e8928cc65d54bf75157f7b3a2d06d7ad0494ca0951f679552ff03b34c1?s=96&d=mm&r=g","caption":"Mediaplateforme"},"sameAs":["https:\/\/www.mediaplateforme.com"],"url":"https:\/\/www.mediaplateforme.com\/fr\/author\/mohamedladib\/"}]}},"_links":{"self":[{"href":"https:\/\/www.mediaplateforme.com\/fr\/wp-json\/wp\/v2\/posts\/178","targetHints":{"allow":["GET"]}}],"collection":[{"href":"https:\/\/www.mediaplateforme.com\/fr\/wp-json\/wp\/v2\/posts"}],"about":[{"href":"https:\/\/www.mediaplateforme.com\/fr\/wp-json\/wp\/v2\/types\/post"}],"author":[{"embeddable":true,"href":"https:\/\/www.mediaplateforme.com\/fr\/wp-json\/wp\/v2\/users\/1"}],"replies":[{"embeddable":true,"href":"https:\/\/www.mediaplateforme.com\/fr\/wp-json\/wp\/v2\/comments?post=178"}],"version-history":[{"count":0,"href":"https:\/\/www.mediaplateforme.com\/fr\/wp-json\/wp\/v2\/posts\/178\/revisions"}],"wp:featuredmedia":[{"embeddable":true,"href":"https:\/\/www.mediaplateforme.com\/fr\/wp-json\/wp\/v2\/media\/179"}],"wp:attachment":[{"href":"https:\/\/www.mediaplateforme.com\/fr\/wp-json\/wp\/v2\/media?parent=178"}],"wp:term":[{"taxonomy":"category","embeddable":true,"href":"https:\/\/www.mediaplateforme.com\/fr\/wp-json\/wp\/v2\/categories?post=178"},{"taxonomy":"post_tag","embeddable":true,"href":"https:\/\/www.mediaplateforme.com\/fr\/wp-json\/wp\/v2\/tags?post=178"}],"curies":[{"name":"wp","href":"https:\/\/api.w.org\/{rel}","templated":true}]}}