{"id":1775,"date":"2022-12-01T14:07:25","date_gmt":"2022-12-01T13:07:25","guid":{"rendered":"https:\/\/www.mediaplateforme.com\/fr\/?p=1775"},"modified":"2022-12-01T14:07:25","modified_gmt":"2022-12-01T13:07:25","slug":"le-groupe-iscae-organise-en-partenariat-avec-la-cfcim-la-38e-edition-du-carrefour-du-manager","status":"publish","type":"post","link":"https:\/\/www.mediaplateforme.com\/fr\/le-groupe-iscae-organise-en-partenariat-avec-la-cfcim-la-38e-edition-du-carrefour-du-manager\/","title":{"rendered":"Le Groupe ISCAE organise, en partenariat avec la CFCIM,  la 38e \u00e9dition du Carrefour du Manager"},"content":{"rendered":"<p style=\"font-weight: 400;\">Sous l\u2019\u00e9gide du Minist\u00e8re de l\u2019Industrie et du Commerce, le Groupe ISCAE organise, en partenariat avec la Chambre Fran\u00e7aise de Commerce et d\u2019Industrie du Maroc (<a href=\"https:\/\/www.mediaplateforme.com\/fr\/la-cfcim-organise-a-lyon-la-4e-edition-des-journees-economiques-maroc-france-dediee-a-la-sante\/\">CFCIM<\/a>), la 38e \u00e9dition du Carrefour du Manager les 7 et 8 d\u00e9cembre 2022 \u00e0 Casablanca autour du th\u00e8me \u00ab\u00a0La fid\u00e9lisation du capital humain ou des talents : Pratiques &amp; enjeux\u00a0pour le d\u00e9veloppement des entreprises \u00bb.<\/p>\n<p style=\"font-weight: 400;\">Malgr\u00e9 la pertinence des mod\u00e8les existants, la n\u00e9cessaire \u00e9volution et comp\u00e9titivit\u00e9 des entreprises leur impose de nouveaux styles de management RH. En effet, la fid\u00e9lisation du capital humain est un facteur cl\u00e9 de performance puisqu\u2019elle permet d\u2019\u00e9viter la perte de comp\u00e9tence et de savoir-faire, mais aussi pr\u00e9serve contre la baisse de productivit\u00e9, la rotation, l\u2019absent\u00e9isme, etc. Aussi, le capital humain est li\u00e9 directement aux performances de l\u2019entreprise et lui offre un avantage concurrentiel certain.<\/p>\n<p style=\"font-weight: 400;\">Comme chaque ann\u00e9e, ce sujet d\u00fbment r\u00e9fl\u00e9chi sera discut\u00e9 et d\u00e9battu par de grands noms de l\u2019\u00e9cosyst\u00e8me marocain et international. Top managers, experts, analystes, enseignants chercheurs et sp\u00e9cialistes des ressources humaines partageront, durant deux jours, leur exp\u00e9rience et savoir-faire.<\/p>\n<p style=\"font-weight: 400;\">\u00ab\u00a0<em>Ces deux derni\u00e8res d\u00e9cennies, plusieurs voix ne cessent de plaider en faveur de la reconsid\u00e9ration des mod\u00e8les actuels de gestion des ressources humaines, lesquels sont de plus en plus remis en cause. Le Carrefour du Manager se penchera sur les d\u00e9marches qui ont pour objectif de restituer la gestion des comp\u00e9tences au c\u0153ur d\u2019une logique RH permettant la croissance et le d\u00e9veloppement p\u00e9renne des entreprises. Le devenir des entreprises d\u00e9pend essentiellement des choix qui seront \u00e9tablis par leurs d\u00e9cideurs, en plus des anticipations des dynamiques tendancielles et technologiques, et bien \u00e9videment l\u2019agilit\u00e9 des \u00e9quipes<\/em>\u00a0\u00bb, a d\u00e9clar\u00e9 Mme Nada BIAZ, Directrice G\u00e9n\u00e9rale du Groupe ISCAE.<\/p>\n<p style=\"font-weight: 400;\">Occasion unique de rencontres et de d\u00e9bats dans un esprit d\u2019\u00e9changes conviviaux, cette 38<sup>e<\/sup>\u00a0\u00e9dition du Carrefour du Manager connaitra la participation de pr\u00e8s de 50 entreprises de tous secteurs et pr\u00e8s de 2 000 \u00e9tudiants et laur\u00e9ats du Groupe ISCAE ainsi que d\u2019autres profils issus de plusieurs \u00e9coles de commerce et d\u2019ing\u00e9nierie.<\/p>\n<p style=\"font-weight: 400;\">Le programme s\u2019\u00e9talera sur deux journ\u00e9es, les 7 &amp; 8 d\u00e9cembre 2022 et comprendra des conf\u00e9rences autour de la th\u00e9matique principale, destin\u00e9es aussi bien aux professionnels qu\u2019aux \u00e9tudiants\u00a0:<\/p>\n<p style=\"font-weight: 400;\">&#8211;\u00a0\u00a0\u00a0\u00a0\u00a0\u00a0\u00a0\u00a0<strong><u>Atelier1<\/u><\/strong>\u00a0: Les axes prioritaires du DRH pour une politique efficace de gestion des comp\u00e9tences<\/p>\n<p style=\"font-weight: 400;\">&#8211;\u00a0\u00a0\u00a0\u00a0\u00a0\u00a0\u00a0\u00a0<strong><u>Atelier 2<\/u><\/strong>\u00a0: Comment mobiliser et fid\u00e9liser le capital humain au service de la performance des entreprises\u00a0?<\/p>\n<p style=\"font-weight: 400;\">&#8211;\u00a0\u00a0\u00a0\u00a0\u00a0\u00a0\u00a0\u00a0<strong><u>Atelier 3<\/u><\/strong>\u00a0: Digitalisation RH\u00a0: contexte, enjeux et outils de la fonction RH au profit de la croissance de l\u2019entreprise<\/p>\n<p style=\"font-weight: 400;\">\n<p style=\"font-weight: 400;\">Parmi les temps forts du Carrefour du Manager 2022, la remise des prix aux gagnants de la \u00ab\u00a0Startup Avenue\u00a0\u00bb, un programme du Groupe ISCAE, soutenu par le Kluster de la CFCIM et Blue Space, incubateur de Bank of Africa et Groupe ISCAE.<\/p>\n<p>&nbsp;<\/p>\n<h4><strong>A propos du Groupe ISCAE\u00a0\u2013 <\/strong><a href=\"http:\/\/www.groupeiscae.ma\">www.groupeiscae.ma<\/a><\/h4>\n<p>Cr\u00e9\u00e9 en 1971, le Groupe ISCAE est un \u00e9tablissement d\u2019enseignement sup\u00e9rieur public, sous tutelle du Minist\u00e8re de l\u2019Industrie et du Commerce.\u00a0 Au cours de ses 51 ans d\u2019existence, ce joyau de l\u2019enseignement du management au Maroc a renforc\u00e9 son exp\u00e9rience et sa position de leader. Il est class\u00e9 aujourd\u2019hui premier au Maroc par le magazine Campus Mag sur la base d\u2019une enqu\u00eate du cabinet DIORH. Il a \u00e9galement \u00e9t\u00e9 le premier et unique \u00e9tablissement marocain \u00e0 d\u00e9crocher la prestigieuse accr\u00e9ditation AMBA, que seules 4% des \u00e9coles de commerce dans le monde arrivent \u00e0 avoir.<\/p>\n<p>Le Groupe ISCAE attire et d\u00e9veloppe des talents pour r\u00e9pondre aux besoins \u00e9volutifs des environnements national, r\u00e9gional et mondial.<\/p>\n<p>Pour servir le d\u00e9veloppement \u00e9conomique et social durable du Maroc et de la r\u00e9gion, il forme des acteurs du changement et cultive un \u00e9tat d\u2019esprit entrepreneurial, \u00e0 travers les programmes acad\u00e9miques en management, la formation continue et la diffusion des contributions intellectuelles aux entreprises et aux communaut\u00e9s acad\u00e9miques.<\/p>\n<p>&nbsp;<\/p>\n<p>&nbsp;<\/p>\n<h4><strong>\u00c0 propos de la Chambre Fran\u00e7aise de Commerce et d\u2019Industrie du Maroc \u2013 <\/strong><a href=\"http:\/\/www.cfcim.org\">www.cfcim.org<\/a><\/h4>\n<p>La Chambre Fran\u00e7aise de Commerce et d\u2019Industrie du Maroc (CFCIM) est une institution centenaire qui a pour mission de promouvoir les relations \u00e9conomiques entre la France et le Maroc, de favoriser l\u2019implantation des entreprises fran\u00e7aises dans le Royaume et de d\u00e9velopper le potentiel d\u2019affaires des entreprises marocaines.<\/p>\n<p>Forte, notamment, de pr\u00e8s de 3\u00a0000 entreprises adh\u00e9rentes, la CFCIM est la plus importante des 124 Chambres de Commerce et d\u2019Industrie Fran\u00e7aises \u00e0 l\u2019International (CCIFI).<\/p>\n<p>La CFCIM est la seule CCIFI \u00e0 disposer d\u2019un Campus de Formation (regroupant l\u2019\u00c9cole Sup\u00e9rieure des Affaires de Casablanca et le CEFOR Entreprises, son centre de formation continue) pour accompagner le d\u00e9veloppement du capital humain des entreprises.<\/p>\n<p>Aussi, elle met \u00e0 disposition des formules locatives innovantes au travers de ses 4 parcs industriels\u00a0: Bouskoura, Ouled Salah, Settat et l\u2019Ecoparc de Berrechid.<\/p>\n","protected":false},"excerpt":{"rendered":"<p>Sous l\u2019\u00e9gide du Minist\u00e8re de l\u2019Industrie et du Commerce, le Groupe ISCAE organise, en partenariat<\/p>\n","protected":false},"author":1,"featured_media":1776,"comment_status":"open","ping_status":"open","sticky":false,"template":"","format":"standard","meta":{"_acf_changed":false,"footnotes":""},"categories":[4,3],"tags":[349,86],"class_list":["post-1775","post","type-post","status-publish","format-standard","has-post-thumbnail","hentry","category-economie","category-nouvelles-selectionnees","tag-cfcim","tag-iscae"],"acf":[],"yoast_head":"<!-- This site is optimized with the Yoast SEO plugin v22.0 - https:\/\/yoast.com\/wordpress\/plugins\/seo\/ -->\n<title>Le Groupe ISCAE organise, en partenariat avec la CFCIM, la 38e \u00e9dition du Carrefour du Manager - MEDIA PLATEFORME | FR<\/title>\n<meta name=\"description\" content=\"Sous l\u2019\u00e9gide du Minist\u00e8re de l\u2019Industrie et du Commerce, le Groupe ISCAE organise, en partenariat avec la Chambre Fran\u00e7aise de Commerce \u00bb.\" \/>\n<meta name=\"robots\" content=\"index, follow, max-snippet:-1, max-image-preview:large, max-video-preview:-1\" \/>\n<link rel=\"canonical\" href=\"https:\/\/www.mediaplateforme.com\/fr\/le-groupe-iscae-organise-en-partenariat-avec-la-cfcim-la-38e-edition-du-carrefour-du-manager\/\" \/>\n<meta property=\"og:locale\" content=\"fr_FR\" \/>\n<meta property=\"og:type\" content=\"article\" \/>\n<meta property=\"og:title\" content=\"Le Groupe ISCAE organise, en partenariat avec la CFCIM, la 38e \u00e9dition du Carrefour du Manager - MEDIA PLATEFORME | FR\" \/>\n<meta property=\"og:description\" content=\"Sous l\u2019\u00e9gide du Minist\u00e8re de l\u2019Industrie et du Commerce, le Groupe ISCAE organise, en partenariat avec la Chambre Fran\u00e7aise de Commerce \u00bb.\" \/>\n<meta property=\"og:url\" content=\"https:\/\/www.mediaplateforme.com\/fr\/le-groupe-iscae-organise-en-partenariat-avec-la-cfcim-la-38e-edition-du-carrefour-du-manager\/\" \/>\n<meta property=\"og:site_name\" content=\"MEDIA PLATEFORME | FR\" \/>\n<meta property=\"article:published_time\" content=\"2022-12-01T13:07:25+00:00\" \/>\n<meta property=\"og:image\" content=\"https:\/\/www.mediaplateforme.com\/fr\/wp-content\/uploads\/sites\/5\/2022\/12\/cfcim.jpg\" \/>\n\t<meta property=\"og:image:width\" content=\"2198\" \/>\n\t<meta property=\"og:image:height\" content=\"1679\" \/>\n\t<meta property=\"og:image:type\" content=\"image\/jpeg\" \/>\n<meta name=\"author\" content=\"Mediaplateforme\" \/>\n<meta name=\"twitter:card\" content=\"summary_large_image\" \/>\n<meta name=\"twitter:label1\" content=\"\u00c9crit par\" \/>\n\t<meta name=\"twitter:data1\" content=\"Mediaplateforme\" \/>\n\t<meta name=\"twitter:label2\" content=\"Dur\u00e9e de lecture estim\u00e9e\" \/>\n\t<meta name=\"twitter:data2\" content=\"4 minutes\" \/>\n<script type=\"application\/ld+json\" class=\"yoast-schema-graph\">{\"@context\":\"https:\/\/schema.org\",\"@graph\":[{\"@type\":\"WebPage\",\"@id\":\"https:\/\/www.mediaplateforme.com\/fr\/le-groupe-iscae-organise-en-partenariat-avec-la-cfcim-la-38e-edition-du-carrefour-du-manager\/\",\"url\":\"https:\/\/www.mediaplateforme.com\/fr\/le-groupe-iscae-organise-en-partenariat-avec-la-cfcim-la-38e-edition-du-carrefour-du-manager\/\",\"name\":\"Le Groupe ISCAE organise, en partenariat avec la CFCIM, la 38e \u00e9dition du Carrefour du Manager - MEDIA PLATEFORME | FR\",\"isPartOf\":{\"@id\":\"https:\/\/www.mediaplateforme.com\/fr\/#website\"},\"datePublished\":\"2022-12-01T13:07:25+00:00\",\"dateModified\":\"2022-12-01T13:07:25+00:00\",\"author\":{\"@id\":\"https:\/\/www.mediaplateforme.com\/fr\/#\/schema\/person\/89833db382b5db2c76b094bc902aa12a\"},\"description\":\"Sous l\u2019\u00e9gide du Minist\u00e8re de l\u2019Industrie et du Commerce, le Groupe ISCAE organise, en partenariat avec la Chambre Fran\u00e7aise de Commerce \u00bb.\",\"breadcrumb\":{\"@id\":\"https:\/\/www.mediaplateforme.com\/fr\/le-groupe-iscae-organise-en-partenariat-avec-la-cfcim-la-38e-edition-du-carrefour-du-manager\/#breadcrumb\"},\"inLanguage\":\"fr-FR\",\"potentialAction\":[{\"@type\":\"ReadAction\",\"target\":[\"https:\/\/www.mediaplateforme.com\/fr\/le-groupe-iscae-organise-en-partenariat-avec-la-cfcim-la-38e-edition-du-carrefour-du-manager\/\"]}]},{\"@type\":\"BreadcrumbList\",\"@id\":\"https:\/\/www.mediaplateforme.com\/fr\/le-groupe-iscae-organise-en-partenariat-avec-la-cfcim-la-38e-edition-du-carrefour-du-manager\/#breadcrumb\",\"itemListElement\":[{\"@type\":\"ListItem\",\"position\":1,\"name\":\"\u0627\u0644\u0631\u0626\u064a\u0633\u064a\u0629\",\"item\":\"https:\/\/www.mediaplateforme.com\/fr\/\"},{\"@type\":\"ListItem\",\"position\":2,\"name\":\"Le Groupe ISCAE organise, en partenariat avec la CFCIM, la 38e \u00e9dition du Carrefour du Manager\"}]},{\"@type\":\"WebSite\",\"@id\":\"https:\/\/www.mediaplateforme.com\/fr\/#website\",\"url\":\"https:\/\/www.mediaplateforme.com\/fr\/\",\"name\":\"MEDIA PLATEFORME | FR\",\"description\":\"Mediaplateforme sp\u00e9cialis\u00e9 dans la communication institutions publiques et des entreprises\",\"potentialAction\":[{\"@type\":\"SearchAction\",\"target\":{\"@type\":\"EntryPoint\",\"urlTemplate\":\"https:\/\/www.mediaplateforme.com\/fr\/?s={search_term_string}\"},\"query-input\":\"required name=search_term_string\"}],\"inLanguage\":\"fr-FR\"},{\"@type\":\"Person\",\"@id\":\"https:\/\/www.mediaplateforme.com\/fr\/#\/schema\/person\/89833db382b5db2c76b094bc902aa12a\",\"name\":\"Mediaplateforme\",\"image\":{\"@type\":\"ImageObject\",\"inLanguage\":\"fr-FR\",\"@id\":\"https:\/\/www.mediaplateforme.com\/fr\/#\/schema\/person\/image\/\",\"url\":\"https:\/\/secure.gravatar.com\/avatar\/6c9c02e8928cc65d54bf75157f7b3a2d06d7ad0494ca0951f679552ff03b34c1?s=96&d=mm&r=g\",\"contentUrl\":\"https:\/\/secure.gravatar.com\/avatar\/6c9c02e8928cc65d54bf75157f7b3a2d06d7ad0494ca0951f679552ff03b34c1?s=96&d=mm&r=g\",\"caption\":\"Mediaplateforme\"},\"sameAs\":[\"https:\/\/www.mediaplateforme.com\"],\"url\":\"https:\/\/www.mediaplateforme.com\/fr\/author\/mohamedladib\/\"}]}<\/script>\n<!-- \/ Yoast SEO plugin. -->","yoast_head_json":{"title":"Le Groupe ISCAE organise, en partenariat avec la CFCIM, la 38e \u00e9dition du Carrefour du Manager - MEDIA PLATEFORME | FR","description":"Sous l\u2019\u00e9gide du Minist\u00e8re de l\u2019Industrie et du Commerce, le Groupe ISCAE organise, en partenariat avec la Chambre Fran\u00e7aise de Commerce \u00bb.","robots":{"index":"index","follow":"follow","max-snippet":"max-snippet:-1","max-image-preview":"max-image-preview:large","max-video-preview":"max-video-preview:-1"},"canonical":"https:\/\/www.mediaplateforme.com\/fr\/le-groupe-iscae-organise-en-partenariat-avec-la-cfcim-la-38e-edition-du-carrefour-du-manager\/","og_locale":"fr_FR","og_type":"article","og_title":"Le Groupe ISCAE organise, en partenariat avec la CFCIM, la 38e \u00e9dition du Carrefour du Manager - MEDIA PLATEFORME | FR","og_description":"Sous l\u2019\u00e9gide du Minist\u00e8re de l\u2019Industrie et du Commerce, le Groupe ISCAE organise, en partenariat avec la Chambre Fran\u00e7aise de Commerce \u00bb.","og_url":"https:\/\/www.mediaplateforme.com\/fr\/le-groupe-iscae-organise-en-partenariat-avec-la-cfcim-la-38e-edition-du-carrefour-du-manager\/","og_site_name":"MEDIA PLATEFORME | FR","article_published_time":"2022-12-01T13:07:25+00:00","og_image":[{"width":2198,"height":1679,"url":"https:\/\/www.mediaplateforme.com\/fr\/wp-content\/uploads\/sites\/5\/2022\/12\/cfcim.jpg","type":"image\/jpeg"}],"author":"Mediaplateforme","twitter_card":"summary_large_image","twitter_misc":{"\u00c9crit par":"Mediaplateforme","Dur\u00e9e de lecture estim\u00e9e":"4 minutes"},"schema":{"@context":"https:\/\/schema.org","@graph":[{"@type":"WebPage","@id":"https:\/\/www.mediaplateforme.com\/fr\/le-groupe-iscae-organise-en-partenariat-avec-la-cfcim-la-38e-edition-du-carrefour-du-manager\/","url":"https:\/\/www.mediaplateforme.com\/fr\/le-groupe-iscae-organise-en-partenariat-avec-la-cfcim-la-38e-edition-du-carrefour-du-manager\/","name":"Le Groupe ISCAE organise, en partenariat avec la CFCIM, la 38e \u00e9dition du Carrefour du Manager - MEDIA PLATEFORME | FR","isPartOf":{"@id":"https:\/\/www.mediaplateforme.com\/fr\/#website"},"datePublished":"2022-12-01T13:07:25+00:00","dateModified":"2022-12-01T13:07:25+00:00","author":{"@id":"https:\/\/www.mediaplateforme.com\/fr\/#\/schema\/person\/89833db382b5db2c76b094bc902aa12a"},"description":"Sous l\u2019\u00e9gide du Minist\u00e8re de l\u2019Industrie et du Commerce, le Groupe ISCAE organise, en partenariat avec la Chambre Fran\u00e7aise de Commerce \u00bb.","breadcrumb":{"@id":"https:\/\/www.mediaplateforme.com\/fr\/le-groupe-iscae-organise-en-partenariat-avec-la-cfcim-la-38e-edition-du-carrefour-du-manager\/#breadcrumb"},"inLanguage":"fr-FR","potentialAction":[{"@type":"ReadAction","target":["https:\/\/www.mediaplateforme.com\/fr\/le-groupe-iscae-organise-en-partenariat-avec-la-cfcim-la-38e-edition-du-carrefour-du-manager\/"]}]},{"@type":"BreadcrumbList","@id":"https:\/\/www.mediaplateforme.com\/fr\/le-groupe-iscae-organise-en-partenariat-avec-la-cfcim-la-38e-edition-du-carrefour-du-manager\/#breadcrumb","itemListElement":[{"@type":"ListItem","position":1,"name":"\u0627\u0644\u0631\u0626\u064a\u0633\u064a\u0629","item":"https:\/\/www.mediaplateforme.com\/fr\/"},{"@type":"ListItem","position":2,"name":"Le Groupe ISCAE organise, en partenariat avec la CFCIM, la 38e \u00e9dition du Carrefour du Manager"}]},{"@type":"WebSite","@id":"https:\/\/www.mediaplateforme.com\/fr\/#website","url":"https:\/\/www.mediaplateforme.com\/fr\/","name":"MEDIA PLATEFORME | FR","description":"Mediaplateforme sp\u00e9cialis\u00e9 dans la communication institutions publiques et des entreprises","potentialAction":[{"@type":"SearchAction","target":{"@type":"EntryPoint","urlTemplate":"https:\/\/www.mediaplateforme.com\/fr\/?s={search_term_string}"},"query-input":"required name=search_term_string"}],"inLanguage":"fr-FR"},{"@type":"Person","@id":"https:\/\/www.mediaplateforme.com\/fr\/#\/schema\/person\/89833db382b5db2c76b094bc902aa12a","name":"Mediaplateforme","image":{"@type":"ImageObject","inLanguage":"fr-FR","@id":"https:\/\/www.mediaplateforme.com\/fr\/#\/schema\/person\/image\/","url":"https:\/\/secure.gravatar.com\/avatar\/6c9c02e8928cc65d54bf75157f7b3a2d06d7ad0494ca0951f679552ff03b34c1?s=96&d=mm&r=g","contentUrl":"https:\/\/secure.gravatar.com\/avatar\/6c9c02e8928cc65d54bf75157f7b3a2d06d7ad0494ca0951f679552ff03b34c1?s=96&d=mm&r=g","caption":"Mediaplateforme"},"sameAs":["https:\/\/www.mediaplateforme.com"],"url":"https:\/\/www.mediaplateforme.com\/fr\/author\/mohamedladib\/"}]}},"_links":{"self":[{"href":"https:\/\/www.mediaplateforme.com\/fr\/wp-json\/wp\/v2\/posts\/1775","targetHints":{"allow":["GET"]}}],"collection":[{"href":"https:\/\/www.mediaplateforme.com\/fr\/wp-json\/wp\/v2\/posts"}],"about":[{"href":"https:\/\/www.mediaplateforme.com\/fr\/wp-json\/wp\/v2\/types\/post"}],"author":[{"embeddable":true,"href":"https:\/\/www.mediaplateforme.com\/fr\/wp-json\/wp\/v2\/users\/1"}],"replies":[{"embeddable":true,"href":"https:\/\/www.mediaplateforme.com\/fr\/wp-json\/wp\/v2\/comments?post=1775"}],"version-history":[{"count":1,"href":"https:\/\/www.mediaplateforme.com\/fr\/wp-json\/wp\/v2\/posts\/1775\/revisions"}],"predecessor-version":[{"id":1777,"href":"https:\/\/www.mediaplateforme.com\/fr\/wp-json\/wp\/v2\/posts\/1775\/revisions\/1777"}],"wp:featuredmedia":[{"embeddable":true,"href":"https:\/\/www.mediaplateforme.com\/fr\/wp-json\/wp\/v2\/media\/1776"}],"wp:attachment":[{"href":"https:\/\/www.mediaplateforme.com\/fr\/wp-json\/wp\/v2\/media?parent=1775"}],"wp:term":[{"taxonomy":"category","embeddable":true,"href":"https:\/\/www.mediaplateforme.com\/fr\/wp-json\/wp\/v2\/categories?post=1775"},{"taxonomy":"post_tag","embeddable":true,"href":"https:\/\/www.mediaplateforme.com\/fr\/wp-json\/wp\/v2\/tags?post=1775"}],"curies":[{"name":"wp","href":"https:\/\/api.w.org\/{rel}","templated":true}]}}