{"id":1771,"date":"2022-11-30T13:08:53","date_gmt":"2022-11-30T12:08:53","guid":{"rendered":"https:\/\/www.mediaplateforme.com\/fr\/?p=1771"},"modified":"2022-11-30T13:08:53","modified_gmt":"2022-11-30T12:08:53","slug":"accelerer-ladoption-du-numerique-au-maroc","status":"publish","type":"post","link":"https:\/\/www.mediaplateforme.com\/fr\/accelerer-ladoption-du-numerique-au-maroc\/","title":{"rendered":"Acc\u00e9l\u00e9rer l&rsquo;adoption du num\u00e9rique au Maroc"},"content":{"rendered":"<p>C&rsquo;est une r\u00e9alit\u00e9 irr\u00e9futable que l&rsquo;acc\u00e8s \u00e0 Internet a r\u00e9volutionn\u00e9 les \u00e9conomies du monde entier. Le haut d\u00e9bit mobile a consid\u00e9rablement transform\u00e9 la fa\u00e7on dont les gens se connectent, socialisent, communiquent et travaillent. Il soutient \u00e9galement la fa\u00e7on dont nous \u00e9changeons des id\u00e9es et des informations, acc\u00e9l\u00e8re le d\u00e9veloppement \u00e9conomique et projette des perspectives positives pour l&rsquo;avenir. Les gouvernements, les industries et les entreprises, grandes et petites, ont remodel\u00e9 leurs op\u00e9rations et adopt\u00e9 les innovations num\u00e9riques qui ont radicalement transform\u00e9 les \u00e9conomies et favoris\u00e9 la mondialisation.<\/p>\n<p>L&rsquo;\u00e9conomie marocaine bas\u00e9e sur Internet s&rsquo;est consid\u00e9rablement d\u00e9velopp\u00e9e au cours de la derni\u00e8re d\u00e9cennie seulement. De plus en plus de services essentiels, notamment les soins de sant\u00e9, l&rsquo;\u00e9ducation, la banque et la vente au d\u00e9tail, sont propos\u00e9s en ligne. Le pays a en effet connu un d\u00e9veloppement impressionnant des technologies de l&rsquo;information et de la communication (TIC) avec un \u00e9norme potentiel de croissance.<\/p>\n<p>Selon Ericsson Mobility Report, publi\u00e9 en juin 2022, la croissance des abonnements mobiles dans la r\u00e9gion Moyen-Orient et Afrique du Nord (MENA) est principalement tir\u00e9e par l&rsquo;adoption des services 4G. En 2021, les abonnements 4G ont augment\u00e9 d&rsquo;environ 54 millions et les abonnements 5G sont pass\u00e9s \u00e0 environ 10 millions en 2021. Le rapport sur la mobilit\u00e9 d&rsquo;Ericsson pr\u00e9voit que les abonnements 5G atteindront pr\u00e8s de 200 millions d&rsquo;abonnements dans la r\u00e9gion MENA d&rsquo;ici 2027.<\/p>\n<p>&nbsp;<\/p>\n<p>Cette transformation rapide est aliment\u00e9e par l&rsquo;adoption du r\u00e9seau 5G d&rsquo;Ericsson, qui est d\u00e9j\u00e0 op\u00e9rationnel dans un certain nombre de pays. Cela apportera une impulsion significative \u00e0 l&rsquo;\u00e9cosyst\u00e8me socio-\u00e9conomique et conduira \u00e0 une croissance inclusive qui permettra aux nations de participer \u00e0 l&rsquo;\u00e9conomie num\u00e9rique. Selon le rapport de la GSMA sur l&rsquo;\u00e9conomie mobile publi\u00e9 en mai 2020, il a pr\u00e9dit que la 5G pourrait ajouter 2,2 billions de dollars \u00e0 l&rsquo;\u00e9conomie africaine d&rsquo;ici 2034. Cela signifie qu&rsquo;aujourd&rsquo;hui, plus que jamais, la promesse d&rsquo;une population jeune et l&rsquo;expansion rapide de la 5G ont d\u00e9j\u00e0 d\u00e9fini la sc\u00e8ne pour un large \u00e9ventail d&rsquo;opportunit\u00e9s, \u00e0 commencer par un niveau de vie plus \u00e9lev\u00e9 et une meilleure qualit\u00e9 de vie.<\/p>\n<p>&nbsp;<\/p>\n<p>L&rsquo;adoption num\u00e9rique est incompl\u00e8te si elle n&rsquo;est pas inclusive. C&rsquo;est pourquoi il est devenu essentiel de ne laisser personne de c\u00f4t\u00e9 dans la conduite des \u00e9conomies num\u00e9riques. Bien que la pand\u00e9mie de COVID-19 ait sans aucun doute stimul\u00e9 l&rsquo;adoption du num\u00e9rique, elle a \u00e9galement mis davantage l&rsquo;accent sur la r\u00e9duction de la fracture num\u00e9rique mondiale, maintenant plus que jamais.<\/p>\n<p>&nbsp;<\/p>\n<p>Chez Ericsson, nous reconnaissons que la culture num\u00e9rique et la formation aux comp\u00e9tences sont aussi importantes que la couverture et l&rsquo;infrastructure pour parvenir \u00e0 l&rsquo;inclusion num\u00e9rique et financi\u00e8re sur tout le continent. C&rsquo;est pourquoi nous continuons \u00e0 d\u00e9ployer divers projets qui favorisent une inclusion num\u00e9rique \u00e9quitable et acc\u00e9l\u00e8rent l&rsquo;adoption.<\/p>\n<p>&nbsp;<\/p>\n<p>&nbsp;<\/p>\n<h4><strong>Connectez-vous pour apprendre<\/strong><\/h4>\n<p>Le programme \u00ab\u00a0Se connecter pour apprendre\u00a0\u00bb d&rsquo;Ericsson est un bon exemple de la fa\u00e7on dont nous pouvons promouvoir une inclusion num\u00e9rique \u00e9quitable. Le programme met en \u0153uvre les technologies de l&rsquo;information et de la communication (TIC) dans les \u00e9coles, en particulier dans les r\u00e9gions mal desservies, pour am\u00e9liorer l&rsquo;acc\u00e8s \u00e0 du mat\u00e9riel d&rsquo;enseignement et d&rsquo;apprentissage de qualit\u00e9 dans un environnement s\u00fbr rentable et conviviale. L&rsquo;initiative utilise l&rsquo;Internet mobile et les technologies cloud. L&rsquo;initiative Connect to Learn a touch\u00e9 plus de 200 000 \u00e9tudiants r\u00e9partis dans 25 pays \u00e0 ce jour et a aid\u00e9 \u00e0 connecter les \u00e9tudiants et les enseignants des villages recul\u00e9s \u00e0 la technologie. Outils, ressources d&rsquo;apprentissage num\u00e9riques et nouvelles formes interactives de m\u00e9thodes d&rsquo;enseignement.<\/p>\n<p>&nbsp;<\/p>\n<h4><strong>Formation aux comp\u00e9tences num\u00e9riques<\/strong><\/h4>\n<p>Au d\u00e9but de cette ann\u00e9e, nous nous sommes associ\u00e9s \u00e0 des universit\u00e9s marocaines pour renforcer les comp\u00e9tences num\u00e9riques des \u00e9tudiants gr\u00e2ce au d\u00e9veloppement des comp\u00e9tences en TIC, au mentorat professionnel, \u00e0 la formation, \u00e0 l&rsquo;apprentissage num\u00e9rique et \u00e0 l&rsquo;innovation. En renfor\u00e7ant les comp\u00e9tences num\u00e9riques des \u00e9tudiants et en donnant aux universit\u00e9s les moyens de dispenser une \u00e9ducation de qualit\u00e9 au 21e si\u00e8cle, le programme vise \u00e0 nourrir les jeunes talents marocains, \u00e0 les aider \u00e0 lib\u00e9rer leur potentiel et \u00e0 acc\u00e9l\u00e9rer le d\u00e9veloppement num\u00e9rique du continent.<\/p>\n<p><strong>\u00a0<\/strong><\/p>\n<h4><strong>Laboratoire num\u00e9rique<\/strong><\/h4>\n<p>Donner aux jeunes des comp\u00e9tences num\u00e9riques telles que le codage et la programmation est essentiel pour garantir une \u00e9ducation de qualit\u00e9 inclusive et \u00e9quitable. Gr\u00e2ce \u00e0 notre programme Digital Lab, nous formons des jeunes \u00e0 la programmation et aux nouvelles technologies dans un certain nombre de pays, contribuant ainsi \u00e0 accro\u00eetre la litt\u00e9ratie et l&rsquo;adoption du num\u00e9rique chez les jeunes.<\/p>\n<p>&nbsp;<\/p>\n<h4><strong>Ericsson \u00c9duquer<\/strong><\/h4>\n<p>L&rsquo;acc\u00e8s au mat\u00e9riel d&rsquo;enseignement et d&rsquo;apprentissage sur les nouvelles technologies est l&rsquo;un des principaux moteurs de l&rsquo;adoption du num\u00e9rique. Ericsson Educate, un portail en ligne que nous avons lanc\u00e9 pendant la pand\u00e9mie en partenariat avec l&rsquo;UNESCO, offre aux enseignants et aux apprenants un acc\u00e8s illimit\u00e9 aux comp\u00e9tences en intelligence artificielle (IA). Les enseignants, les parents et les instructeurs du monde entier peuvent utiliser la plateforme pour aider les enfants et les \u00e9tudiants \u00e0 en savoir plus sur cette technologie \u00e9mergente.<\/p>\n<p>&nbsp;<\/p>\n<h4><strong>Inclusion financi\u00e8re (plate-forme de portefeuille Ericsson)<\/strong><\/h4>\n<p>L&rsquo;impact de l&rsquo;argent mobile sur la promotion de l&rsquo;inclusion num\u00e9rique ainsi que sur la promotion du d\u00e9veloppement \u00e9conomique ne peut \u00eatre surestim\u00e9. La plate-forme de portefeuille Ericsson, qui a aliment\u00e9 les services financiers mobiles dans de nombreux pays, aide les consommateurs et les entreprises \u00e0 \u00e9pargner, transf\u00e9rer et retirer de l&rsquo;argent en toute s\u00e9curit\u00e9, \u00e0 payer les commer\u00e7ants et les fournisseurs de services publics et \u00e0 acc\u00e9der \u00e0 des services financiers tels que l&rsquo;\u00e9pargne et les pr\u00eats.<\/p>\n<p><strong>\u00a0<\/strong><\/p>\n<h4><strong>Initiative Giga\u00a0:<\/strong><\/h4>\n<p>Les partenariats public-priv\u00e9 propulseront sans aucun doute l\u2019adoption du num\u00e9rique. Il y a deux ans, Ericsson a innov\u00e9 en devenant le premier partenaire du secteur priv\u00e9 \u00e0 s&rsquo;engager \u00e0 hauteur de plusieurs millions de dollars et \u00e0 apporter une importante contribution en nature pour soutenir l&rsquo;initiative conjointe UNICEF-UIT Giga pour la connectivit\u00e9 mondiale des \u00e9coles. En nous lan\u00e7ant dans cette aventure, nous nous sommes engag\u00e9s dans notre conviction, bas\u00e9e sur des d\u00e9cennies d&rsquo;exp\u00e9rience avec des partenariats public-priv\u00e9, que des partenariats r\u00e9ussis ne peuvent pas \u00eatre construits uniquement sur un soutien financier. Le soutien financier et en nature d&rsquo;Ericsson a contribu\u00e9 aux r\u00e9alisations de Giga \u00e0 ce jour en connectant plus de 5 000 \u00e9coles et plus de 2 millions d&rsquo;\u00e9l\u00e8ves.<\/p>\n<p>&nbsp;<\/p>\n<p>Chez Ericsson, nous pensons que la litt\u00e9ratie num\u00e9rique est essentielle pour cr\u00e9er un \u00e9cosyst\u00e8me innovant et durable bas\u00e9 sur la connaissance. Nous sommes donc fiers de jouer notre r\u00f4le pour soutenir l&rsquo;adoption du num\u00e9rique dans le pays. Combler la fracture num\u00e9rique \u00e0 travers le continent est une promesse, et nous continuerons d&rsquo;\u00eatre \u00e0 l&rsquo;avant-garde d&rsquo;un avenir plus prometteur et connect\u00e9 pour le Maroc, o\u00f9 nous sommes pr\u00e9sents depuis 1984.<\/p>\n","protected":false},"excerpt":{"rendered":"<p>C&rsquo;est une r\u00e9alit\u00e9 irr\u00e9futable que l&rsquo;acc\u00e8s \u00e0 Internet a r\u00e9volutionn\u00e9 les \u00e9conomies du monde entier.<\/p>\n","protected":false},"author":1,"featured_media":1774,"comment_status":"open","ping_status":"open","sticky":false,"template":"","format":"standard","meta":{"_acf_changed":false,"footnotes":""},"categories":[5,3],"tags":[589],"class_list":["post-1771","post","type-post","status-publish","format-standard","has-post-thumbnail","hentry","category-tech","category-nouvelles-selectionnees","tag-internet"],"acf":[],"yoast_head":"<!-- This site is optimized with the Yoast SEO plugin v22.0 - https:\/\/yoast.com\/wordpress\/plugins\/seo\/ -->\n<title>Acc\u00e9l\u00e9rer l&#039;adoption du num\u00e9rique au Maroc - MEDIA PLATEFORME | FR<\/title>\n<meta name=\"description\" content=\"C&#039;est une r\u00e9alit\u00e9 irr\u00e9futable que l&#039;acc\u00e8s \u00e0 Internet a r\u00e9volutionn\u00e9 les \u00e9conomies du monde entier. Le haut d\u00e9bit mobile a consid\u00e9rablemen\" \/>\n<meta name=\"robots\" content=\"index, follow, max-snippet:-1, max-image-preview:large, max-video-preview:-1\" \/>\n<link rel=\"canonical\" href=\"https:\/\/www.mediaplateforme.com\/fr\/accelerer-ladoption-du-numerique-au-maroc\/\" \/>\n<meta property=\"og:locale\" content=\"fr_FR\" \/>\n<meta property=\"og:type\" content=\"article\" \/>\n<meta property=\"og:title\" content=\"Acc\u00e9l\u00e9rer l&#039;adoption du num\u00e9rique au Maroc - MEDIA PLATEFORME | FR\" \/>\n<meta property=\"og:description\" content=\"C&#039;est une r\u00e9alit\u00e9 irr\u00e9futable que l&#039;acc\u00e8s \u00e0 Internet a r\u00e9volutionn\u00e9 les \u00e9conomies du monde entier. Le haut d\u00e9bit mobile a consid\u00e9rablemen\" \/>\n<meta property=\"og:url\" content=\"https:\/\/www.mediaplateforme.com\/fr\/accelerer-ladoption-du-numerique-au-maroc\/\" \/>\n<meta property=\"og:site_name\" content=\"MEDIA PLATEFORME | FR\" \/>\n<meta property=\"article:published_time\" content=\"2022-11-30T12:08:53+00:00\" \/>\n<meta property=\"og:image\" content=\"https:\/\/www.mediaplateforme.com\/fr\/wp-content\/uploads\/sites\/5\/2022\/11\/Image-2022-11-28-at-11.34.35-1.jpeg\" \/>\n\t<meta property=\"og:image:width\" content=\"837\" \/>\n\t<meta property=\"og:image:height\" content=\"870\" \/>\n\t<meta property=\"og:image:type\" content=\"image\/jpeg\" \/>\n<meta name=\"author\" content=\"Mediaplateforme\" \/>\n<meta name=\"twitter:card\" content=\"summary_large_image\" \/>\n<meta name=\"twitter:label1\" content=\"\u00c9crit par\" \/>\n\t<meta name=\"twitter:data1\" content=\"Mediaplateforme\" \/>\n\t<meta name=\"twitter:label2\" content=\"Dur\u00e9e de lecture estim\u00e9e\" \/>\n\t<meta name=\"twitter:data2\" content=\"6 minutes\" \/>\n<script type=\"application\/ld+json\" class=\"yoast-schema-graph\">{\"@context\":\"https:\/\/schema.org\",\"@graph\":[{\"@type\":\"WebPage\",\"@id\":\"https:\/\/www.mediaplateforme.com\/fr\/accelerer-ladoption-du-numerique-au-maroc\/\",\"url\":\"https:\/\/www.mediaplateforme.com\/fr\/accelerer-ladoption-du-numerique-au-maroc\/\",\"name\":\"Acc\u00e9l\u00e9rer l'adoption du num\u00e9rique au Maroc - MEDIA PLATEFORME | FR\",\"isPartOf\":{\"@id\":\"https:\/\/www.mediaplateforme.com\/fr\/#website\"},\"datePublished\":\"2022-11-30T12:08:53+00:00\",\"dateModified\":\"2022-11-30T12:08:53+00:00\",\"author\":{\"@id\":\"https:\/\/www.mediaplateforme.com\/fr\/#\/schema\/person\/89833db382b5db2c76b094bc902aa12a\"},\"description\":\"C'est une r\u00e9alit\u00e9 irr\u00e9futable que l'acc\u00e8s \u00e0 Internet a r\u00e9volutionn\u00e9 les \u00e9conomies du monde entier. Le haut d\u00e9bit mobile a consid\u00e9rablemen\",\"breadcrumb\":{\"@id\":\"https:\/\/www.mediaplateforme.com\/fr\/accelerer-ladoption-du-numerique-au-maroc\/#breadcrumb\"},\"inLanguage\":\"fr-FR\",\"potentialAction\":[{\"@type\":\"ReadAction\",\"target\":[\"https:\/\/www.mediaplateforme.com\/fr\/accelerer-ladoption-du-numerique-au-maroc\/\"]}]},{\"@type\":\"BreadcrumbList\",\"@id\":\"https:\/\/www.mediaplateforme.com\/fr\/accelerer-ladoption-du-numerique-au-maroc\/#breadcrumb\",\"itemListElement\":[{\"@type\":\"ListItem\",\"position\":1,\"name\":\"\u0627\u0644\u0631\u0626\u064a\u0633\u064a\u0629\",\"item\":\"https:\/\/www.mediaplateforme.com\/fr\/\"},{\"@type\":\"ListItem\",\"position\":2,\"name\":\"Acc\u00e9l\u00e9rer l&#8217;adoption du num\u00e9rique au Maroc\"}]},{\"@type\":\"WebSite\",\"@id\":\"https:\/\/www.mediaplateforme.com\/fr\/#website\",\"url\":\"https:\/\/www.mediaplateforme.com\/fr\/\",\"name\":\"MEDIA PLATEFORME | FR\",\"description\":\"Mediaplateforme sp\u00e9cialis\u00e9 dans la communication institutions publiques et des entreprises\",\"potentialAction\":[{\"@type\":\"SearchAction\",\"target\":{\"@type\":\"EntryPoint\",\"urlTemplate\":\"https:\/\/www.mediaplateforme.com\/fr\/?s={search_term_string}\"},\"query-input\":\"required name=search_term_string\"}],\"inLanguage\":\"fr-FR\"},{\"@type\":\"Person\",\"@id\":\"https:\/\/www.mediaplateforme.com\/fr\/#\/schema\/person\/89833db382b5db2c76b094bc902aa12a\",\"name\":\"Mediaplateforme\",\"image\":{\"@type\":\"ImageObject\",\"inLanguage\":\"fr-FR\",\"@id\":\"https:\/\/www.mediaplateforme.com\/fr\/#\/schema\/person\/image\/\",\"url\":\"https:\/\/secure.gravatar.com\/avatar\/6c9c02e8928cc65d54bf75157f7b3a2d06d7ad0494ca0951f679552ff03b34c1?s=96&d=mm&r=g\",\"contentUrl\":\"https:\/\/secure.gravatar.com\/avatar\/6c9c02e8928cc65d54bf75157f7b3a2d06d7ad0494ca0951f679552ff03b34c1?s=96&d=mm&r=g\",\"caption\":\"Mediaplateforme\"},\"sameAs\":[\"https:\/\/www.mediaplateforme.com\"],\"url\":\"https:\/\/www.mediaplateforme.com\/fr\/author\/mohamedladib\/\"}]}<\/script>\n<!-- \/ Yoast SEO plugin. -->","yoast_head_json":{"title":"Acc\u00e9l\u00e9rer l'adoption du num\u00e9rique au Maroc - MEDIA PLATEFORME | FR","description":"C'est une r\u00e9alit\u00e9 irr\u00e9futable que l'acc\u00e8s \u00e0 Internet a r\u00e9volutionn\u00e9 les \u00e9conomies du monde entier. Le haut d\u00e9bit mobile a consid\u00e9rablemen","robots":{"index":"index","follow":"follow","max-snippet":"max-snippet:-1","max-image-preview":"max-image-preview:large","max-video-preview":"max-video-preview:-1"},"canonical":"https:\/\/www.mediaplateforme.com\/fr\/accelerer-ladoption-du-numerique-au-maroc\/","og_locale":"fr_FR","og_type":"article","og_title":"Acc\u00e9l\u00e9rer l'adoption du num\u00e9rique au Maroc - MEDIA PLATEFORME | FR","og_description":"C'est une r\u00e9alit\u00e9 irr\u00e9futable que l'acc\u00e8s \u00e0 Internet a r\u00e9volutionn\u00e9 les \u00e9conomies du monde entier. Le haut d\u00e9bit mobile a consid\u00e9rablemen","og_url":"https:\/\/www.mediaplateforme.com\/fr\/accelerer-ladoption-du-numerique-au-maroc\/","og_site_name":"MEDIA PLATEFORME | FR","article_published_time":"2022-11-30T12:08:53+00:00","og_image":[{"width":837,"height":870,"url":"https:\/\/www.mediaplateforme.com\/fr\/wp-content\/uploads\/sites\/5\/2022\/11\/Image-2022-11-28-at-11.34.35-1.jpeg","type":"image\/jpeg"}],"author":"Mediaplateforme","twitter_card":"summary_large_image","twitter_misc":{"\u00c9crit par":"Mediaplateforme","Dur\u00e9e de lecture estim\u00e9e":"6 minutes"},"schema":{"@context":"https:\/\/schema.org","@graph":[{"@type":"WebPage","@id":"https:\/\/www.mediaplateforme.com\/fr\/accelerer-ladoption-du-numerique-au-maroc\/","url":"https:\/\/www.mediaplateforme.com\/fr\/accelerer-ladoption-du-numerique-au-maroc\/","name":"Acc\u00e9l\u00e9rer l'adoption du num\u00e9rique au Maroc - MEDIA PLATEFORME | FR","isPartOf":{"@id":"https:\/\/www.mediaplateforme.com\/fr\/#website"},"datePublished":"2022-11-30T12:08:53+00:00","dateModified":"2022-11-30T12:08:53+00:00","author":{"@id":"https:\/\/www.mediaplateforme.com\/fr\/#\/schema\/person\/89833db382b5db2c76b094bc902aa12a"},"description":"C'est une r\u00e9alit\u00e9 irr\u00e9futable que l'acc\u00e8s \u00e0 Internet a r\u00e9volutionn\u00e9 les \u00e9conomies du monde entier. Le haut d\u00e9bit mobile a consid\u00e9rablemen","breadcrumb":{"@id":"https:\/\/www.mediaplateforme.com\/fr\/accelerer-ladoption-du-numerique-au-maroc\/#breadcrumb"},"inLanguage":"fr-FR","potentialAction":[{"@type":"ReadAction","target":["https:\/\/www.mediaplateforme.com\/fr\/accelerer-ladoption-du-numerique-au-maroc\/"]}]},{"@type":"BreadcrumbList","@id":"https:\/\/www.mediaplateforme.com\/fr\/accelerer-ladoption-du-numerique-au-maroc\/#breadcrumb","itemListElement":[{"@type":"ListItem","position":1,"name":"\u0627\u0644\u0631\u0626\u064a\u0633\u064a\u0629","item":"https:\/\/www.mediaplateforme.com\/fr\/"},{"@type":"ListItem","position":2,"name":"Acc\u00e9l\u00e9rer l&#8217;adoption du num\u00e9rique au Maroc"}]},{"@type":"WebSite","@id":"https:\/\/www.mediaplateforme.com\/fr\/#website","url":"https:\/\/www.mediaplateforme.com\/fr\/","name":"MEDIA PLATEFORME | FR","description":"Mediaplateforme sp\u00e9cialis\u00e9 dans la communication institutions publiques et des entreprises","potentialAction":[{"@type":"SearchAction","target":{"@type":"EntryPoint","urlTemplate":"https:\/\/www.mediaplateforme.com\/fr\/?s={search_term_string}"},"query-input":"required name=search_term_string"}],"inLanguage":"fr-FR"},{"@type":"Person","@id":"https:\/\/www.mediaplateforme.com\/fr\/#\/schema\/person\/89833db382b5db2c76b094bc902aa12a","name":"Mediaplateforme","image":{"@type":"ImageObject","inLanguage":"fr-FR","@id":"https:\/\/www.mediaplateforme.com\/fr\/#\/schema\/person\/image\/","url":"https:\/\/secure.gravatar.com\/avatar\/6c9c02e8928cc65d54bf75157f7b3a2d06d7ad0494ca0951f679552ff03b34c1?s=96&d=mm&r=g","contentUrl":"https:\/\/secure.gravatar.com\/avatar\/6c9c02e8928cc65d54bf75157f7b3a2d06d7ad0494ca0951f679552ff03b34c1?s=96&d=mm&r=g","caption":"Mediaplateforme"},"sameAs":["https:\/\/www.mediaplateforme.com"],"url":"https:\/\/www.mediaplateforme.com\/fr\/author\/mohamedladib\/"}]}},"_links":{"self":[{"href":"https:\/\/www.mediaplateforme.com\/fr\/wp-json\/wp\/v2\/posts\/1771","targetHints":{"allow":["GET"]}}],"collection":[{"href":"https:\/\/www.mediaplateforme.com\/fr\/wp-json\/wp\/v2\/posts"}],"about":[{"href":"https:\/\/www.mediaplateforme.com\/fr\/wp-json\/wp\/v2\/types\/post"}],"author":[{"embeddable":true,"href":"https:\/\/www.mediaplateforme.com\/fr\/wp-json\/wp\/v2\/users\/1"}],"replies":[{"embeddable":true,"href":"https:\/\/www.mediaplateforme.com\/fr\/wp-json\/wp\/v2\/comments?post=1771"}],"version-history":[{"count":1,"href":"https:\/\/www.mediaplateforme.com\/fr\/wp-json\/wp\/v2\/posts\/1771\/revisions"}],"predecessor-version":[{"id":1772,"href":"https:\/\/www.mediaplateforme.com\/fr\/wp-json\/wp\/v2\/posts\/1771\/revisions\/1772"}],"wp:featuredmedia":[{"embeddable":true,"href":"https:\/\/www.mediaplateforme.com\/fr\/wp-json\/wp\/v2\/media\/1774"}],"wp:attachment":[{"href":"https:\/\/www.mediaplateforme.com\/fr\/wp-json\/wp\/v2\/media?parent=1771"}],"wp:term":[{"taxonomy":"category","embeddable":true,"href":"https:\/\/www.mediaplateforme.com\/fr\/wp-json\/wp\/v2\/categories?post=1771"},{"taxonomy":"post_tag","embeddable":true,"href":"https:\/\/www.mediaplateforme.com\/fr\/wp-json\/wp\/v2\/tags?post=1771"}],"curies":[{"name":"wp","href":"https:\/\/api.w.org\/{rel}","templated":true}]}}