{"id":1766,"date":"2022-11-30T12:58:56","date_gmt":"2022-11-30T11:58:56","guid":{"rendered":"https:\/\/www.mediaplateforme.com\/fr\/?p=1766"},"modified":"2022-11-30T12:58:56","modified_gmt":"2022-11-30T11:58:56","slug":"la-fondation-renault-maroc-rehabilite-une-nouvelle-ecole-primaire-publique-dans-la-region-de-tanger","status":"publish","type":"post","link":"https:\/\/www.mediaplateforme.com\/fr\/la-fondation-renault-maroc-rehabilite-une-nouvelle-ecole-primaire-publique-dans-la-region-de-tanger\/","title":{"rendered":"La Fondation Renault Maroc r\u00e9habilite une nouvelle \u00e9cole primaire publique dans la r\u00e9gion de Tanger"},"content":{"rendered":"<p>Mr Mohamed Bachiri, Directeur G\u00e9n\u00e9ral de Renault Group Maroc, et Pr\u00e9sident de la Fondation Renault Maroc, accompagn\u00e9 d\u2019une d\u00e9l\u00e9gation de Renault Group Maroc et de la Fondation Renault Maroc, ont visit\u00e9 l\u2019\u00e9cole primaire publique \u00abHamoumi\u00bb, le 3<sup>\u00e8me<\/sup> \u00e9tablissement scolaire int\u00e9gralement r\u00e9nov\u00e9 par la Fondation Renault Maroc dans la commune de Melloussa.<\/p>\n<p>La visite s\u2019est tenue en pr\u00e9sence des repr\u00e9sentants des autorit\u00e9s locales, des repr\u00e9sentants de la direction provinciale de l\u2019\u00e9ducation nationale et de la direction de l\u2019\u00e9cole, et a permis de constater les travaux de r\u00e9am\u00e9nagement r\u00e9alis\u00e9s par la Fondation Renault dans le but de rendre plus attractif l\u2019apprentissage et encourager davantage la r\u00e9tention scolaire en milieu rural \u00e0 travers l\u2019am\u00e9lioration de l\u2019environnement scolaire.<\/p>\n<p><img loading=\"lazy\" decoding=\"async\" class=\"alignnone size-medium wp-image-1768 aligncenter\" src=\"https:\/\/www.mediaplateforme.com\/fr\/wp-content\/uploads\/sites\/5\/2022\/11\/Fondation-Renault-Maroc_Renovation-ecole-2-300x300.jpg\" alt=\"\" width=\"300\" height=\"300\" srcset=\"https:\/\/www.mediaplateforme.com\/fr\/wp-content\/uploads\/sites\/5\/2022\/11\/Fondation-Renault-Maroc_Renovation-ecole-2-300x300.jpg 300w, https:\/\/www.mediaplateforme.com\/fr\/wp-content\/uploads\/sites\/5\/2022\/11\/Fondation-Renault-Maroc_Renovation-ecole-2-1024x1024.jpg 1024w, https:\/\/www.mediaplateforme.com\/fr\/wp-content\/uploads\/sites\/5\/2022\/11\/Fondation-Renault-Maroc_Renovation-ecole-2-150x150.jpg 150w, https:\/\/www.mediaplateforme.com\/fr\/wp-content\/uploads\/sites\/5\/2022\/11\/Fondation-Renault-Maroc_Renovation-ecole-2-768x768.jpg 768w, https:\/\/www.mediaplateforme.com\/fr\/wp-content\/uploads\/sites\/5\/2022\/11\/Fondation-Renault-Maroc_Renovation-ecole-2.jpg 1414w\" sizes=\"auto, (max-width: 300px) 100vw, 300px\" \/><\/p>\n<p>La r\u00e9novation de l\u2019\u00e9cole primaire \u00ab Hamoumi \u00bb, qui accueille plus de 200 \u00e9l\u00e8ves, a n\u00e9cessit\u00e9 la remise en \u00e9tat compl\u00e8te du r\u00e9seau \u00e9lectrique, la r\u00e9novation totale de l\u2019\u00e9tanch\u00e9it\u00e9, l\u2019am\u00e9nagement des sanitaires, la reconstruction de la muraille de l\u2019\u00e9cole, l\u2019am\u00e9nagement et le dallage des parties ext\u00e9rieures, la remise en \u00e9tat des portes et fen\u00eatres, la peinture int\u00e9grale de l\u2019\u00e9tablissement et le remplacement du mobilier scolaire.<\/p>\n<p>&nbsp;<\/p>\n<p>La Fondation Renault Maroc a lanc\u00e9 de nombreuses initiatives de r\u00e9fection d\u2019\u00e9tablissements scolaires publics en r\u00e9gions rurales et p\u00e9riurbaines, en particulier, des \u00e9coles primaires sur ses zones d\u2019implantation. A travers ce programme, la Fondation vise \u00e0 contribuer au confort quotidien des \u00e9l\u00e8ves et appuyer l\u2019apprentissage dans un environnement accueillant et s\u00e9curis\u00e9.<\/p>\n<p>&nbsp;<\/p>\n<p>Depuis son lancement en 2018, la Fondation Renault Maroc s\u2019est engag\u00e9e dans le d\u00e9veloppement d\u2019initiatives sociales dans les r\u00e9gions d\u2019implantation du groupe, en investissant en particulier l\u2019axe de l\u2019\u00e9ducation et celui de la pr\u00e9vention routi\u00e8re en milieu scolaire.<\/p>\n<p>Pour lutter contre les diff\u00e9rentes causes d\u2019abandon scolaire, la Fondation a d\u00e9velopp\u00e9 des initiatives visant \u00e0 rendre l\u2019\u00e9ducation plus accessible, telles que la mise en place des classes d\u2019enseignement pr\u00e9scolaire pour les plus jeunes, la r\u00e9habilitation d\u2019\u00e9coles publiques, des projets \u00e9ducatifs parascolaire pour appuyer l\u2019acc\u00e8s aux livres, des solutions efficaces de mobilit\u00e9 pour les coll\u00e9giens et l\u2019octroi de bourses pour les lyc\u00e9ens m\u00e9ritants.<\/p>\n","protected":false},"excerpt":{"rendered":"<p>Mr Mohamed Bachiri, Directeur G\u00e9n\u00e9ral de Renault Group Maroc, et Pr\u00e9sident de la Fondation Renault<\/p>\n","protected":false},"author":1,"featured_media":1767,"comment_status":"open","ping_status":"open","sticky":false,"template":"","format":"standard","meta":{"_acf_changed":false,"footnotes":""},"categories":[7,3],"tags":[228],"class_list":["post-1766","post","type-post","status-publish","format-standard","has-post-thumbnail","hentry","category-articles","category-nouvelles-selectionnees","tag-renault-group-maroc"],"acf":[],"yoast_head":"<!-- This site is optimized with the Yoast SEO plugin v22.0 - https:\/\/yoast.com\/wordpress\/plugins\/seo\/ -->\n<title>La Fondation Renault Maroc r\u00e9habilite une nouvelle \u00e9cole primaire publique dans la r\u00e9gion de Tanger - MEDIA PLATEFORME | FR<\/title>\n<meta name=\"description\" content=\"Mr Mohamed Bachiri, Directeur G\u00e9n\u00e9ral de Renault Group Maroc, et Pr\u00e9sident de la Fondation Renault Maroc, accompagn\u00e9 d\u2019une d\u00e9l\u00e9gation de\" \/>\n<meta name=\"robots\" content=\"index, follow, max-snippet:-1, max-image-preview:large, max-video-preview:-1\" \/>\n<link rel=\"canonical\" href=\"https:\/\/www.mediaplateforme.com\/fr\/la-fondation-renault-maroc-rehabilite-une-nouvelle-ecole-primaire-publique-dans-la-region-de-tanger\/\" \/>\n<meta property=\"og:locale\" content=\"fr_FR\" \/>\n<meta property=\"og:type\" content=\"article\" \/>\n<meta property=\"og:title\" content=\"La Fondation Renault Maroc r\u00e9habilite une nouvelle \u00e9cole primaire publique dans la r\u00e9gion de Tanger - MEDIA PLATEFORME | FR\" \/>\n<meta property=\"og:description\" content=\"Mr Mohamed Bachiri, Directeur G\u00e9n\u00e9ral de Renault Group Maroc, et Pr\u00e9sident de la Fondation Renault Maroc, accompagn\u00e9 d\u2019une d\u00e9l\u00e9gation de\" \/>\n<meta property=\"og:url\" content=\"https:\/\/www.mediaplateforme.com\/fr\/la-fondation-renault-maroc-rehabilite-une-nouvelle-ecole-primaire-publique-dans-la-region-de-tanger\/\" \/>\n<meta property=\"og:site_name\" content=\"MEDIA PLATEFORME | FR\" \/>\n<meta property=\"article:published_time\" content=\"2022-11-30T11:58:56+00:00\" \/>\n<meta property=\"og:image\" content=\"https:\/\/www.mediaplateforme.com\/fr\/wp-content\/uploads\/sites\/5\/2022\/11\/Fondation-Renault-Maroc_Renovation-ecole-primaire-1.jpg\" \/>\n\t<meta property=\"og:image:width\" content=\"1885\" \/>\n\t<meta property=\"og:image:height\" content=\"1060\" \/>\n\t<meta property=\"og:image:type\" content=\"image\/jpeg\" \/>\n<meta name=\"author\" content=\"Mediaplateforme\" \/>\n<meta name=\"twitter:card\" content=\"summary_large_image\" \/>\n<meta name=\"twitter:label1\" content=\"\u00c9crit par\" \/>\n\t<meta name=\"twitter:data1\" content=\"Mediaplateforme\" \/>\n\t<meta name=\"twitter:label2\" content=\"Dur\u00e9e de lecture estim\u00e9e\" \/>\n\t<meta name=\"twitter:data2\" content=\"2 minutes\" \/>\n<script type=\"application\/ld+json\" class=\"yoast-schema-graph\">{\"@context\":\"https:\/\/schema.org\",\"@graph\":[{\"@type\":\"WebPage\",\"@id\":\"https:\/\/www.mediaplateforme.com\/fr\/la-fondation-renault-maroc-rehabilite-une-nouvelle-ecole-primaire-publique-dans-la-region-de-tanger\/\",\"url\":\"https:\/\/www.mediaplateforme.com\/fr\/la-fondation-renault-maroc-rehabilite-une-nouvelle-ecole-primaire-publique-dans-la-region-de-tanger\/\",\"name\":\"La Fondation Renault Maroc r\u00e9habilite une nouvelle \u00e9cole primaire publique dans la r\u00e9gion de Tanger - MEDIA PLATEFORME | FR\",\"isPartOf\":{\"@id\":\"https:\/\/www.mediaplateforme.com\/fr\/#website\"},\"datePublished\":\"2022-11-30T11:58:56+00:00\",\"dateModified\":\"2022-11-30T11:58:56+00:00\",\"author\":{\"@id\":\"https:\/\/www.mediaplateforme.com\/fr\/#\/schema\/person\/89833db382b5db2c76b094bc902aa12a\"},\"description\":\"Mr Mohamed Bachiri, Directeur G\u00e9n\u00e9ral de Renault Group Maroc, et Pr\u00e9sident de la Fondation Renault Maroc, accompagn\u00e9 d\u2019une d\u00e9l\u00e9gation de\",\"breadcrumb\":{\"@id\":\"https:\/\/www.mediaplateforme.com\/fr\/la-fondation-renault-maroc-rehabilite-une-nouvelle-ecole-primaire-publique-dans-la-region-de-tanger\/#breadcrumb\"},\"inLanguage\":\"fr-FR\",\"potentialAction\":[{\"@type\":\"ReadAction\",\"target\":[\"https:\/\/www.mediaplateforme.com\/fr\/la-fondation-renault-maroc-rehabilite-une-nouvelle-ecole-primaire-publique-dans-la-region-de-tanger\/\"]}]},{\"@type\":\"BreadcrumbList\",\"@id\":\"https:\/\/www.mediaplateforme.com\/fr\/la-fondation-renault-maroc-rehabilite-une-nouvelle-ecole-primaire-publique-dans-la-region-de-tanger\/#breadcrumb\",\"itemListElement\":[{\"@type\":\"ListItem\",\"position\":1,\"name\":\"\u0627\u0644\u0631\u0626\u064a\u0633\u064a\u0629\",\"item\":\"https:\/\/www.mediaplateforme.com\/fr\/\"},{\"@type\":\"ListItem\",\"position\":2,\"name\":\"La Fondation Renault Maroc r\u00e9habilite une nouvelle \u00e9cole primaire publique dans la r\u00e9gion de Tanger\"}]},{\"@type\":\"WebSite\",\"@id\":\"https:\/\/www.mediaplateforme.com\/fr\/#website\",\"url\":\"https:\/\/www.mediaplateforme.com\/fr\/\",\"name\":\"MEDIA PLATEFORME | FR\",\"description\":\"Mediaplateforme sp\u00e9cialis\u00e9 dans la communication institutions publiques et des entreprises\",\"potentialAction\":[{\"@type\":\"SearchAction\",\"target\":{\"@type\":\"EntryPoint\",\"urlTemplate\":\"https:\/\/www.mediaplateforme.com\/fr\/?s={search_term_string}\"},\"query-input\":\"required name=search_term_string\"}],\"inLanguage\":\"fr-FR\"},{\"@type\":\"Person\",\"@id\":\"https:\/\/www.mediaplateforme.com\/fr\/#\/schema\/person\/89833db382b5db2c76b094bc902aa12a\",\"name\":\"Mediaplateforme\",\"image\":{\"@type\":\"ImageObject\",\"inLanguage\":\"fr-FR\",\"@id\":\"https:\/\/www.mediaplateforme.com\/fr\/#\/schema\/person\/image\/\",\"url\":\"https:\/\/secure.gravatar.com\/avatar\/6c9c02e8928cc65d54bf75157f7b3a2d06d7ad0494ca0951f679552ff03b34c1?s=96&d=mm&r=g\",\"contentUrl\":\"https:\/\/secure.gravatar.com\/avatar\/6c9c02e8928cc65d54bf75157f7b3a2d06d7ad0494ca0951f679552ff03b34c1?s=96&d=mm&r=g\",\"caption\":\"Mediaplateforme\"},\"sameAs\":[\"https:\/\/www.mediaplateforme.com\"],\"url\":\"https:\/\/www.mediaplateforme.com\/fr\/author\/mohamedladib\/\"}]}<\/script>\n<!-- \/ Yoast SEO plugin. -->","yoast_head_json":{"title":"La Fondation Renault Maroc r\u00e9habilite une nouvelle \u00e9cole primaire publique dans la r\u00e9gion de Tanger - MEDIA PLATEFORME | FR","description":"Mr Mohamed Bachiri, Directeur G\u00e9n\u00e9ral de Renault Group Maroc, et Pr\u00e9sident de la Fondation Renault Maroc, accompagn\u00e9 d\u2019une d\u00e9l\u00e9gation de","robots":{"index":"index","follow":"follow","max-snippet":"max-snippet:-1","max-image-preview":"max-image-preview:large","max-video-preview":"max-video-preview:-1"},"canonical":"https:\/\/www.mediaplateforme.com\/fr\/la-fondation-renault-maroc-rehabilite-une-nouvelle-ecole-primaire-publique-dans-la-region-de-tanger\/","og_locale":"fr_FR","og_type":"article","og_title":"La Fondation Renault Maroc r\u00e9habilite une nouvelle \u00e9cole primaire publique dans la r\u00e9gion de Tanger - MEDIA PLATEFORME | FR","og_description":"Mr Mohamed Bachiri, Directeur G\u00e9n\u00e9ral de Renault Group Maroc, et Pr\u00e9sident de la Fondation Renault Maroc, accompagn\u00e9 d\u2019une d\u00e9l\u00e9gation de","og_url":"https:\/\/www.mediaplateforme.com\/fr\/la-fondation-renault-maroc-rehabilite-une-nouvelle-ecole-primaire-publique-dans-la-region-de-tanger\/","og_site_name":"MEDIA PLATEFORME | FR","article_published_time":"2022-11-30T11:58:56+00:00","og_image":[{"width":1885,"height":1060,"url":"https:\/\/www.mediaplateforme.com\/fr\/wp-content\/uploads\/sites\/5\/2022\/11\/Fondation-Renault-Maroc_Renovation-ecole-primaire-1.jpg","type":"image\/jpeg"}],"author":"Mediaplateforme","twitter_card":"summary_large_image","twitter_misc":{"\u00c9crit par":"Mediaplateforme","Dur\u00e9e de lecture estim\u00e9e":"2 minutes"},"schema":{"@context":"https:\/\/schema.org","@graph":[{"@type":"WebPage","@id":"https:\/\/www.mediaplateforme.com\/fr\/la-fondation-renault-maroc-rehabilite-une-nouvelle-ecole-primaire-publique-dans-la-region-de-tanger\/","url":"https:\/\/www.mediaplateforme.com\/fr\/la-fondation-renault-maroc-rehabilite-une-nouvelle-ecole-primaire-publique-dans-la-region-de-tanger\/","name":"La Fondation Renault Maroc r\u00e9habilite une nouvelle \u00e9cole primaire publique dans la r\u00e9gion de Tanger - MEDIA PLATEFORME | FR","isPartOf":{"@id":"https:\/\/www.mediaplateforme.com\/fr\/#website"},"datePublished":"2022-11-30T11:58:56+00:00","dateModified":"2022-11-30T11:58:56+00:00","author":{"@id":"https:\/\/www.mediaplateforme.com\/fr\/#\/schema\/person\/89833db382b5db2c76b094bc902aa12a"},"description":"Mr Mohamed Bachiri, Directeur G\u00e9n\u00e9ral de Renault Group Maroc, et Pr\u00e9sident de la Fondation Renault Maroc, accompagn\u00e9 d\u2019une d\u00e9l\u00e9gation de","breadcrumb":{"@id":"https:\/\/www.mediaplateforme.com\/fr\/la-fondation-renault-maroc-rehabilite-une-nouvelle-ecole-primaire-publique-dans-la-region-de-tanger\/#breadcrumb"},"inLanguage":"fr-FR","potentialAction":[{"@type":"ReadAction","target":["https:\/\/www.mediaplateforme.com\/fr\/la-fondation-renault-maroc-rehabilite-une-nouvelle-ecole-primaire-publique-dans-la-region-de-tanger\/"]}]},{"@type":"BreadcrumbList","@id":"https:\/\/www.mediaplateforme.com\/fr\/la-fondation-renault-maroc-rehabilite-une-nouvelle-ecole-primaire-publique-dans-la-region-de-tanger\/#breadcrumb","itemListElement":[{"@type":"ListItem","position":1,"name":"\u0627\u0644\u0631\u0626\u064a\u0633\u064a\u0629","item":"https:\/\/www.mediaplateforme.com\/fr\/"},{"@type":"ListItem","position":2,"name":"La Fondation Renault Maroc r\u00e9habilite une nouvelle \u00e9cole primaire publique dans la r\u00e9gion de Tanger"}]},{"@type":"WebSite","@id":"https:\/\/www.mediaplateforme.com\/fr\/#website","url":"https:\/\/www.mediaplateforme.com\/fr\/","name":"MEDIA PLATEFORME | FR","description":"Mediaplateforme sp\u00e9cialis\u00e9 dans la communication institutions publiques et des entreprises","potentialAction":[{"@type":"SearchAction","target":{"@type":"EntryPoint","urlTemplate":"https:\/\/www.mediaplateforme.com\/fr\/?s={search_term_string}"},"query-input":"required name=search_term_string"}],"inLanguage":"fr-FR"},{"@type":"Person","@id":"https:\/\/www.mediaplateforme.com\/fr\/#\/schema\/person\/89833db382b5db2c76b094bc902aa12a","name":"Mediaplateforme","image":{"@type":"ImageObject","inLanguage":"fr-FR","@id":"https:\/\/www.mediaplateforme.com\/fr\/#\/schema\/person\/image\/","url":"https:\/\/secure.gravatar.com\/avatar\/6c9c02e8928cc65d54bf75157f7b3a2d06d7ad0494ca0951f679552ff03b34c1?s=96&d=mm&r=g","contentUrl":"https:\/\/secure.gravatar.com\/avatar\/6c9c02e8928cc65d54bf75157f7b3a2d06d7ad0494ca0951f679552ff03b34c1?s=96&d=mm&r=g","caption":"Mediaplateforme"},"sameAs":["https:\/\/www.mediaplateforme.com"],"url":"https:\/\/www.mediaplateforme.com\/fr\/author\/mohamedladib\/"}]}},"_links":{"self":[{"href":"https:\/\/www.mediaplateforme.com\/fr\/wp-json\/wp\/v2\/posts\/1766","targetHints":{"allow":["GET"]}}],"collection":[{"href":"https:\/\/www.mediaplateforme.com\/fr\/wp-json\/wp\/v2\/posts"}],"about":[{"href":"https:\/\/www.mediaplateforme.com\/fr\/wp-json\/wp\/v2\/types\/post"}],"author":[{"embeddable":true,"href":"https:\/\/www.mediaplateforme.com\/fr\/wp-json\/wp\/v2\/users\/1"}],"replies":[{"embeddable":true,"href":"https:\/\/www.mediaplateforme.com\/fr\/wp-json\/wp\/v2\/comments?post=1766"}],"version-history":[{"count":1,"href":"https:\/\/www.mediaplateforme.com\/fr\/wp-json\/wp\/v2\/posts\/1766\/revisions"}],"predecessor-version":[{"id":1769,"href":"https:\/\/www.mediaplateforme.com\/fr\/wp-json\/wp\/v2\/posts\/1766\/revisions\/1769"}],"wp:featuredmedia":[{"embeddable":true,"href":"https:\/\/www.mediaplateforme.com\/fr\/wp-json\/wp\/v2\/media\/1767"}],"wp:attachment":[{"href":"https:\/\/www.mediaplateforme.com\/fr\/wp-json\/wp\/v2\/media?parent=1766"}],"wp:term":[{"taxonomy":"category","embeddable":true,"href":"https:\/\/www.mediaplateforme.com\/fr\/wp-json\/wp\/v2\/categories?post=1766"},{"taxonomy":"post_tag","embeddable":true,"href":"https:\/\/www.mediaplateforme.com\/fr\/wp-json\/wp\/v2\/tags?post=1766"}],"curies":[{"name":"wp","href":"https:\/\/api.w.org\/{rel}","templated":true}]}}