{"id":1763,"date":"2022-11-30T12:41:02","date_gmt":"2022-11-30T11:41:02","guid":{"rendered":"https:\/\/www.mediaplateforme.com\/fr\/?p=1763"},"modified":"2022-11-30T12:41:02","modified_gmt":"2022-11-30T11:41:02","slug":"huawei-signe-lengagement-mondial-de-luit","status":"publish","type":"post","link":"https:\/\/www.mediaplateforme.com\/fr\/huawei-signe-lengagement-mondial-de-luit\/","title":{"rendered":"Huawei signe l&rsquo;engagement mondial de l&rsquo;UIT"},"content":{"rendered":"<p style=\"font-weight: 400;\">Huawei a sign\u00e9 un engagement mondial en vue de rejoindre l&rsquo;alliance num\u00e9rique\u00a0Partner2Connect\u00a0de l&rsquo;Union internationale des t\u00e9l\u00e9communications, qui apportera la connectivit\u00e9 \u00e0 environ 120 millions de personnes dans des zones recul\u00e9es dans plus de 80 pays \u00e0 l&rsquo;horizon 2025.<\/p>\n<p style=\"font-weight: 400;\">Liang Hua,<a href=\"https:\/\/www.mediaplateforme.com\/fr\/huawei-devoile-les-30-premieres-applications-regionales-preselectionnees-pour-le-concours-mondial-dinnovation-apps-up\/\"> le pr\u00e9sident de<\/a> Huawei, a annonc\u00e9 cette d\u00e9cision lors du forum sur le d\u00e9veloppement durable 2022 de l&rsquo;entreprise, Connectivit\u00e9+: Innover pour avoir un impact. Le forum a \u00e9tudi\u00e9 comment l&rsquo;innovation en mati\u00e8re de TIC pouvait lib\u00e9rer la valeur commerciale et sociale de la connectivit\u00e9 et favoriser la durabilit\u00e9 \u00e0 l&rsquo;\u00e8re de l&rsquo;\u00e9conomie num\u00e9rique.<\/p>\n<p style=\"font-weight: 400;\">Parmi les intervenants, citons de hauts responsables de l&rsquo;UIT et des Nations unies, des ministres des t\u00e9l\u00e9communications et des r\u00e9gulateurs du Cambodge, du Nigeria, du Bangladesh et du Pakistan, ainsi que des chefs d&rsquo;entreprise, des partenaires, des experts et des clients de Chine, d&rsquo;Afrique du Sud, de Belgique et d&rsquo;Allemagne.<\/p>\n<p style=\"font-weight: 400;\">\u00abDe toute \u00e9vidence, la connectivit\u00e9 \u00e0 elle seule ne suffit pas. Il doit \u00eatre abordable, le contenu doit \u00eatre pertinent et dans la langue locale, et les utilisateurs doivent avoir les comp\u00e9tences n\u00e9cessaires pour en faire le meilleur usage\u00bb, a d\u00e9clar\u00e9 Malcolm Johnson, secr\u00e9taire g\u00e9n\u00e9ral adjoint de l&rsquo;UIT. \u00abNous remercions Huawei pour son soutien \u00e0 la coalition num\u00e9rique Partner2Connect (P2C) et pour ses engagements en faveur du P2C dans les domaines cl\u00e9s de la connectivit\u00e9 rurale et des comp\u00e9tences num\u00e9riques.\u00bb<\/p>\n<p style=\"font-weight: 400;\">Siddharth Chatterjee, coordonnateur r\u00e9sident des Nations unies en Chine, a appel\u00e9 \u00e0 des \u00abpartenariats multipartites\u00bb entre les d\u00e9cideurs politiques, le secteur priv\u00e9, le monde universitaire et la soci\u00e9t\u00e9 civile afin de combler \u00abla triste r\u00e9alit\u00e9\u00bb d&rsquo;une fracture num\u00e9rique exclut un tiers de la population mondiale.<\/p>\n<p style=\"font-weight: 400;\">\u00ab Notre monde dynamique a besoin de toute urgence d&rsquo;une meilleure coop\u00e9ration num\u00e9rique pour tirer parti du potentiel de transformation de la technologie, cr\u00e9er de nouveaux emplois, stimuler l&rsquo;inclusion financi\u00e8re, combler l&rsquo;\u00e9cart entre les hommes et les femmes, construire une relance verte et redessiner notre monde pour qu&rsquo;il soit plus prosp\u00e8re et plus inclusif \u00bb, a-t-il soulign\u00e9. \u00ab Il est temps d&rsquo;agir maintenant\u00bb.<\/p>\n<p style=\"font-weight: 400;\">Dans son discours d&rsquo;ouverture, le Dr Liang a soulign\u00e9 que l&rsquo;acc\u00e8s \u00e0 un r\u00e9seau stable \u00e9tait une exigence et un droit fondamentaux \u00e0 l&rsquo;\u00e8re num\u00e9rique. L&rsquo;acc\u00e8s \u00e0 une connectivit\u00e9 fiable constituerait la premi\u00e8re \u00e9tape d&rsquo;une transformation de la vie d&rsquo;un grand nombre de personnes qui n&rsquo;ont toujours pas acc\u00e8s \u00e0 Internet.<\/p>\n<p style=\"font-weight: 400;\">\u00abLa connectivit\u00e9 sera plus qu&rsquo;un simple outil de communication pratique,\u00bb a-t-il affirm\u00e9. \u00abLa connectivit\u00e9, associ\u00e9e aux technologies num\u00e9riques telles que le cloud et l&rsquo;IA, contribuera \u00e0 faire entrer tout le monde dans le monde num\u00e9rique et \u00e0 leur donner acc\u00e8s \u00e0 davantage d&rsquo;informations et de comp\u00e9tences, \u00e0 de meilleurs services et \u00e0 des opportunit\u00e9s commerciales plus larges. En retour, cela favorisera la poursuite du d\u00e9veloppement social et \u00e9conomique.\u00bb<\/p>\n<p style=\"font-weight: 400;\">Cao Ming, Pr\u00e9sident de Huawei Wireless Solution, affirme: \u00abEn tant qu&rsquo;entreprise disposant des capacit\u00e9s les plus compl\u00e8tes en mati\u00e8re de TIC, Huawei int\u00e8gre le potentiel d&rsquo;innovation technologique complet des \u00e9quipements, des sites, de l&rsquo;\u00e9nergie, de la transmission et des antennes afin de r\u00e9soudre les difficult\u00e9s rencontr\u00e9es lors du d\u00e9ploiement traditionnel des sites, telles que les co\u00fbts \u00e9lev\u00e9s, les transports limit\u00e9s, le manque d&rsquo;\u00e9nergie et les probl\u00e8mes de maintenance. Nous avons continuellement am\u00e9lior\u00e9 les solutions RuralStar et RuralLink afin d&rsquo;\u00e9tendre la couverture de qualit\u00e9 aux zones recul\u00e9es, permettant ainsi \u00e0 un plus grand nombre de personnes, d&rsquo;h\u00f4pitaux communautaires, d&rsquo;\u00e9coles, de collectivit\u00e9s locales et de petites et moyennes entreprises de b\u00e9n\u00e9ficier des m\u00eames exp\u00e9riences de connectivit\u00e9 \u00e0 haut d\u00e9bit que dans les villes\u00bb.<\/p>\n<p style=\"font-weight: 400;\">Gr\u00e2ce aux solutions de la s\u00e9rie RuralStar, plus de 60 millions de personnes vivant dans des zones recul\u00e9es dans plus de 70 pays ont pu \u00eatre connect\u00e9es.<\/p>\n<p style=\"font-weight: 400;\">La construction de r\u00e9seaux optiques \u00e0 large bande offre une autre voie importante pour la r\u00e9alisation d&rsquo;un service universel. Huawei a propos\u00e9 une solution AirPON innovante pour les zones \u00e0 faible densit\u00e9 de population, notamment les zones recul\u00e9es. Gr\u00e2ce \u00e0 cette solution, il est possible de r\u00e9duire continuellement l&rsquo;encombrement des salles d&rsquo;\u00e9quipement, les co\u00fbts d&rsquo;installation de la fibre optique et la consommation \u00e9lectrique du r\u00e9seau, tout en assurant le d\u00e9ploiement rapide des r\u00e9seaux de communication locaux.<\/p>\n<p style=\"font-weight: 400;\">Rien qu&rsquo;en Afrique, Huawei a install\u00e9 plus de 250000 kilom\u00e8tres de fibres optiques, permettant \u00e0 30millions de foyers d&rsquo;acc\u00e9der au haut d\u00e9bit. L&rsquo;exp\u00e9rience des utilisateurs a \u00e9t\u00e9 constamment am\u00e9lior\u00e9e. La vitesse moyenne du haut d\u00e9bit domestique d\u00e9passe d\u00e9j\u00e0 30Mbit\/s, ce qui permet de b\u00e9n\u00e9ficier d&rsquo;une exp\u00e9rience plus intelligente, plus rapide et plus fluide du r\u00e9seau domestique.<\/p>\n<p style=\"font-weight: 400;\">\u00c0 mesure que l&rsquo;infrastructure des TIC continue d&rsquo;\u00e9voluer, des technologies innovantes telles que le cloud et l&rsquo;IA permettent aux habitants des zones rurales et recul\u00e9es de profiter de la commodit\u00e9 d&rsquo;un monde num\u00e9rique. Huawei Cloud a propos\u00e9 la strat\u00e9gie Tout en tant que service et mis \u00e0 disposition les plus de 30 ans d&rsquo;expertise technique et d&rsquo;exp\u00e9rience en mati\u00e8re de transformation num\u00e9rique de Huawei par le biais de services cloud. En d&rsquo;autres termes, l&rsquo;acc\u00e8s aux capacit\u00e9s de l&rsquo;infrastructure num\u00e9rique de Huawei sur le cloud est d\u00e9sormais aussi facile, abordable et durable que l&rsquo;eau et l&rsquo;\u00e9lectricit\u00e9.<\/p>\n<p style=\"font-weight: 400;\">La transformation num\u00e9rique, les talents num\u00e9riques et les nouveaux mod\u00e8les d&rsquo;entreprise constituent autant d&rsquo;\u00e9l\u00e9ments essentiels pour un d\u00e9veloppement \u00e9quilibr\u00e9 des r\u00e9gions isol\u00e9es. Huawei a pr\u00e9c\u00e9demment annonc\u00e9 que d&rsquo;ici 2025, gr\u00e2ce \u00e0 l&rsquo;am\u00e9lioration de l&rsquo;infrastructure TIC, l&rsquo;entreprise travaillera avec des partenaires pour permettre \u00e0 500 millions de personnes de b\u00e9n\u00e9ficier de services financiers num\u00e9riques et \u00e0 500 000 personnes de b\u00e9n\u00e9ficier d&rsquo;une \u00e9ducation inclusive.<\/p>\n<p style=\"font-weight: 400;\">Au Cambodge, premier pays partenaire P2C de l&rsquo;UIT, Huawei collaborera avec les services gouvernementaux par l&rsquo;interm\u00e9diaire du minist\u00e8re des Postes et T\u00e9l\u00e9communications et des universit\u00e9s dans le but d&rsquo;offrir 10000 possibilit\u00e9s de formation aux professionnels des TIC au cours des cinq prochaines ann\u00e9es.<\/p>\n<p style=\"font-weight: 400;\">\n<p style=\"font-weight: 400;\">Huawei s&rsquo;engage en faveur du d\u00e9veloppement inclusif. Gr\u00e2ce \u00e0 son innovation technologique permanente, Huawei contribue \u00e0 un niveau plus \u00e9lev\u00e9 de num\u00e9risation dans les r\u00e9gions \u00e9loign\u00e9es, permettant \u00e0 chacun de profiter du confort d&rsquo;une vie num\u00e9rique, et favorisant le d\u00e9veloppement \u00e9quilibr\u00e9 de l&rsquo;\u00e9conomie num\u00e9rique mondiale.<\/p>\n","protected":false},"excerpt":{"rendered":"<p>Huawei a sign\u00e9 un engagement mondial en vue de rejoindre l&rsquo;alliance num\u00e9rique\u00a0Partner2Connect\u00a0de l&rsquo;Union internationale des<\/p>\n","protected":false},"author":1,"featured_media":1764,"comment_status":"open","ping_status":"open","sticky":false,"template":"","format":"standard","meta":{"_acf_changed":false,"footnotes":""},"categories":[5,3],"tags":[21,588],"class_list":["post-1763","post","type-post","status-publish","format-standard","has-post-thumbnail","hentry","category-tech","category-nouvelles-selectionnees","tag-huawei","tag-lengagement-mondial-de-luit"],"acf":[],"yoast_head":"<!-- This site is optimized with the Yoast SEO plugin v22.0 - https:\/\/yoast.com\/wordpress\/plugins\/seo\/ -->\n<title>Huawei signe l&#039;engagement mondial de l&#039;UIT - MEDIA PLATEFORME | FR<\/title>\n<meta name=\"description\" content=\"Huawei a sign\u00e9 un engagement mondial en vue de rejoindre l&#039;alliance num\u00e9rique\u00a0Partner2Connect\u00a0de l&#039;Union internationale des\" \/>\n<meta name=\"robots\" content=\"index, follow, max-snippet:-1, max-image-preview:large, max-video-preview:-1\" \/>\n<link rel=\"canonical\" href=\"https:\/\/www.mediaplateforme.com\/fr\/huawei-signe-lengagement-mondial-de-luit\/\" \/>\n<meta property=\"og:locale\" content=\"fr_FR\" \/>\n<meta property=\"og:type\" content=\"article\" \/>\n<meta property=\"og:title\" content=\"Huawei signe l&#039;engagement mondial de l&#039;UIT - MEDIA PLATEFORME | FR\" \/>\n<meta property=\"og:description\" content=\"Huawei a sign\u00e9 un engagement mondial en vue de rejoindre l&#039;alliance num\u00e9rique\u00a0Partner2Connect\u00a0de l&#039;Union internationale des\" \/>\n<meta property=\"og:url\" content=\"https:\/\/www.mediaplateforme.com\/fr\/huawei-signe-lengagement-mondial-de-luit\/\" \/>\n<meta property=\"og:site_name\" content=\"MEDIA PLATEFORME | FR\" \/>\n<meta property=\"article:published_time\" content=\"2022-11-30T11:41:02+00:00\" \/>\n<meta property=\"og:image\" content=\"https:\/\/www.mediaplateforme.com\/fr\/wp-content\/uploads\/sites\/5\/2022\/11\/Dr.-Liang-Speech-photos11.jpg\" \/>\n\t<meta property=\"og:image:width\" content=\"2007\" \/>\n\t<meta property=\"og:image:height\" content=\"1044\" \/>\n\t<meta property=\"og:image:type\" content=\"image\/jpeg\" \/>\n<meta name=\"author\" content=\"Mediaplateforme\" \/>\n<meta name=\"twitter:card\" content=\"summary_large_image\" \/>\n<meta name=\"twitter:label1\" content=\"\u00c9crit par\" \/>\n\t<meta name=\"twitter:data1\" content=\"Mediaplateforme\" \/>\n\t<meta name=\"twitter:label2\" content=\"Dur\u00e9e de lecture estim\u00e9e\" \/>\n\t<meta name=\"twitter:data2\" content=\"5 minutes\" \/>\n<script type=\"application\/ld+json\" class=\"yoast-schema-graph\">{\"@context\":\"https:\/\/schema.org\",\"@graph\":[{\"@type\":\"WebPage\",\"@id\":\"https:\/\/www.mediaplateforme.com\/fr\/huawei-signe-lengagement-mondial-de-luit\/\",\"url\":\"https:\/\/www.mediaplateforme.com\/fr\/huawei-signe-lengagement-mondial-de-luit\/\",\"name\":\"Huawei signe l'engagement mondial de l'UIT - MEDIA PLATEFORME | FR\",\"isPartOf\":{\"@id\":\"https:\/\/www.mediaplateforme.com\/fr\/#website\"},\"datePublished\":\"2022-11-30T11:41:02+00:00\",\"dateModified\":\"2022-11-30T11:41:02+00:00\",\"author\":{\"@id\":\"https:\/\/www.mediaplateforme.com\/fr\/#\/schema\/person\/89833db382b5db2c76b094bc902aa12a\"},\"description\":\"Huawei a sign\u00e9 un engagement mondial en vue de rejoindre l'alliance num\u00e9rique\u00a0Partner2Connect\u00a0de l'Union internationale des\",\"breadcrumb\":{\"@id\":\"https:\/\/www.mediaplateforme.com\/fr\/huawei-signe-lengagement-mondial-de-luit\/#breadcrumb\"},\"inLanguage\":\"fr-FR\",\"potentialAction\":[{\"@type\":\"ReadAction\",\"target\":[\"https:\/\/www.mediaplateforme.com\/fr\/huawei-signe-lengagement-mondial-de-luit\/\"]}]},{\"@type\":\"BreadcrumbList\",\"@id\":\"https:\/\/www.mediaplateforme.com\/fr\/huawei-signe-lengagement-mondial-de-luit\/#breadcrumb\",\"itemListElement\":[{\"@type\":\"ListItem\",\"position\":1,\"name\":\"\u0627\u0644\u0631\u0626\u064a\u0633\u064a\u0629\",\"item\":\"https:\/\/www.mediaplateforme.com\/fr\/\"},{\"@type\":\"ListItem\",\"position\":2,\"name\":\"Huawei signe l&#8217;engagement mondial de l&#8217;UIT\"}]},{\"@type\":\"WebSite\",\"@id\":\"https:\/\/www.mediaplateforme.com\/fr\/#website\",\"url\":\"https:\/\/www.mediaplateforme.com\/fr\/\",\"name\":\"MEDIA PLATEFORME | FR\",\"description\":\"Mediaplateforme sp\u00e9cialis\u00e9 dans la communication institutions publiques et des entreprises\",\"potentialAction\":[{\"@type\":\"SearchAction\",\"target\":{\"@type\":\"EntryPoint\",\"urlTemplate\":\"https:\/\/www.mediaplateforme.com\/fr\/?s={search_term_string}\"},\"query-input\":\"required name=search_term_string\"}],\"inLanguage\":\"fr-FR\"},{\"@type\":\"Person\",\"@id\":\"https:\/\/www.mediaplateforme.com\/fr\/#\/schema\/person\/89833db382b5db2c76b094bc902aa12a\",\"name\":\"Mediaplateforme\",\"image\":{\"@type\":\"ImageObject\",\"inLanguage\":\"fr-FR\",\"@id\":\"https:\/\/www.mediaplateforme.com\/fr\/#\/schema\/person\/image\/\",\"url\":\"https:\/\/secure.gravatar.com\/avatar\/6c9c02e8928cc65d54bf75157f7b3a2d06d7ad0494ca0951f679552ff03b34c1?s=96&d=mm&r=g\",\"contentUrl\":\"https:\/\/secure.gravatar.com\/avatar\/6c9c02e8928cc65d54bf75157f7b3a2d06d7ad0494ca0951f679552ff03b34c1?s=96&d=mm&r=g\",\"caption\":\"Mediaplateforme\"},\"sameAs\":[\"https:\/\/www.mediaplateforme.com\"],\"url\":\"https:\/\/www.mediaplateforme.com\/fr\/author\/mohamedladib\/\"}]}<\/script>\n<!-- \/ Yoast SEO plugin. -->","yoast_head_json":{"title":"Huawei signe l'engagement mondial de l'UIT - MEDIA PLATEFORME | FR","description":"Huawei a sign\u00e9 un engagement mondial en vue de rejoindre l'alliance num\u00e9rique\u00a0Partner2Connect\u00a0de l'Union internationale des","robots":{"index":"index","follow":"follow","max-snippet":"max-snippet:-1","max-image-preview":"max-image-preview:large","max-video-preview":"max-video-preview:-1"},"canonical":"https:\/\/www.mediaplateforme.com\/fr\/huawei-signe-lengagement-mondial-de-luit\/","og_locale":"fr_FR","og_type":"article","og_title":"Huawei signe l'engagement mondial de l'UIT - MEDIA PLATEFORME | FR","og_description":"Huawei a sign\u00e9 un engagement mondial en vue de rejoindre l'alliance num\u00e9rique\u00a0Partner2Connect\u00a0de l'Union internationale des","og_url":"https:\/\/www.mediaplateforme.com\/fr\/huawei-signe-lengagement-mondial-de-luit\/","og_site_name":"MEDIA PLATEFORME | FR","article_published_time":"2022-11-30T11:41:02+00:00","og_image":[{"width":2007,"height":1044,"url":"https:\/\/www.mediaplateforme.com\/fr\/wp-content\/uploads\/sites\/5\/2022\/11\/Dr.-Liang-Speech-photos11.jpg","type":"image\/jpeg"}],"author":"Mediaplateforme","twitter_card":"summary_large_image","twitter_misc":{"\u00c9crit par":"Mediaplateforme","Dur\u00e9e de lecture estim\u00e9e":"5 minutes"},"schema":{"@context":"https:\/\/schema.org","@graph":[{"@type":"WebPage","@id":"https:\/\/www.mediaplateforme.com\/fr\/huawei-signe-lengagement-mondial-de-luit\/","url":"https:\/\/www.mediaplateforme.com\/fr\/huawei-signe-lengagement-mondial-de-luit\/","name":"Huawei signe l'engagement mondial de l'UIT - MEDIA PLATEFORME | FR","isPartOf":{"@id":"https:\/\/www.mediaplateforme.com\/fr\/#website"},"datePublished":"2022-11-30T11:41:02+00:00","dateModified":"2022-11-30T11:41:02+00:00","author":{"@id":"https:\/\/www.mediaplateforme.com\/fr\/#\/schema\/person\/89833db382b5db2c76b094bc902aa12a"},"description":"Huawei a sign\u00e9 un engagement mondial en vue de rejoindre l'alliance num\u00e9rique\u00a0Partner2Connect\u00a0de l'Union internationale des","breadcrumb":{"@id":"https:\/\/www.mediaplateforme.com\/fr\/huawei-signe-lengagement-mondial-de-luit\/#breadcrumb"},"inLanguage":"fr-FR","potentialAction":[{"@type":"ReadAction","target":["https:\/\/www.mediaplateforme.com\/fr\/huawei-signe-lengagement-mondial-de-luit\/"]}]},{"@type":"BreadcrumbList","@id":"https:\/\/www.mediaplateforme.com\/fr\/huawei-signe-lengagement-mondial-de-luit\/#breadcrumb","itemListElement":[{"@type":"ListItem","position":1,"name":"\u0627\u0644\u0631\u0626\u064a\u0633\u064a\u0629","item":"https:\/\/www.mediaplateforme.com\/fr\/"},{"@type":"ListItem","position":2,"name":"Huawei signe l&#8217;engagement mondial de l&#8217;UIT"}]},{"@type":"WebSite","@id":"https:\/\/www.mediaplateforme.com\/fr\/#website","url":"https:\/\/www.mediaplateforme.com\/fr\/","name":"MEDIA PLATEFORME | FR","description":"Mediaplateforme sp\u00e9cialis\u00e9 dans la communication institutions publiques et des entreprises","potentialAction":[{"@type":"SearchAction","target":{"@type":"EntryPoint","urlTemplate":"https:\/\/www.mediaplateforme.com\/fr\/?s={search_term_string}"},"query-input":"required name=search_term_string"}],"inLanguage":"fr-FR"},{"@type":"Person","@id":"https:\/\/www.mediaplateforme.com\/fr\/#\/schema\/person\/89833db382b5db2c76b094bc902aa12a","name":"Mediaplateforme","image":{"@type":"ImageObject","inLanguage":"fr-FR","@id":"https:\/\/www.mediaplateforme.com\/fr\/#\/schema\/person\/image\/","url":"https:\/\/secure.gravatar.com\/avatar\/6c9c02e8928cc65d54bf75157f7b3a2d06d7ad0494ca0951f679552ff03b34c1?s=96&d=mm&r=g","contentUrl":"https:\/\/secure.gravatar.com\/avatar\/6c9c02e8928cc65d54bf75157f7b3a2d06d7ad0494ca0951f679552ff03b34c1?s=96&d=mm&r=g","caption":"Mediaplateforme"},"sameAs":["https:\/\/www.mediaplateforme.com"],"url":"https:\/\/www.mediaplateforme.com\/fr\/author\/mohamedladib\/"}]}},"_links":{"self":[{"href":"https:\/\/www.mediaplateforme.com\/fr\/wp-json\/wp\/v2\/posts\/1763","targetHints":{"allow":["GET"]}}],"collection":[{"href":"https:\/\/www.mediaplateforme.com\/fr\/wp-json\/wp\/v2\/posts"}],"about":[{"href":"https:\/\/www.mediaplateforme.com\/fr\/wp-json\/wp\/v2\/types\/post"}],"author":[{"embeddable":true,"href":"https:\/\/www.mediaplateforme.com\/fr\/wp-json\/wp\/v2\/users\/1"}],"replies":[{"embeddable":true,"href":"https:\/\/www.mediaplateforme.com\/fr\/wp-json\/wp\/v2\/comments?post=1763"}],"version-history":[{"count":1,"href":"https:\/\/www.mediaplateforme.com\/fr\/wp-json\/wp\/v2\/posts\/1763\/revisions"}],"predecessor-version":[{"id":1765,"href":"https:\/\/www.mediaplateforme.com\/fr\/wp-json\/wp\/v2\/posts\/1763\/revisions\/1765"}],"wp:featuredmedia":[{"embeddable":true,"href":"https:\/\/www.mediaplateforme.com\/fr\/wp-json\/wp\/v2\/media\/1764"}],"wp:attachment":[{"href":"https:\/\/www.mediaplateforme.com\/fr\/wp-json\/wp\/v2\/media?parent=1763"}],"wp:term":[{"taxonomy":"category","embeddable":true,"href":"https:\/\/www.mediaplateforme.com\/fr\/wp-json\/wp\/v2\/categories?post=1763"},{"taxonomy":"post_tag","embeddable":true,"href":"https:\/\/www.mediaplateforme.com\/fr\/wp-json\/wp\/v2\/tags?post=1763"}],"curies":[{"name":"wp","href":"https:\/\/api.w.org\/{rel}","templated":true}]}}