{"id":1736,"date":"2022-11-24T13:37:19","date_gmt":"2022-11-24T12:37:19","guid":{"rendered":"https:\/\/www.mediaplateforme.com\/fr\/?p=1736"},"modified":"2022-11-24T13:37:19","modified_gmt":"2022-11-24T12:37:19","slug":"la-societe-de-developpement-saidia-sds-a-pris-part-a-la-cop27","status":"publish","type":"post","link":"https:\/\/www.mediaplateforme.com\/fr\/la-societe-de-developpement-saidia-sds-a-pris-part-a-la-cop27\/","title":{"rendered":"La Soci\u00e9t\u00e9 de D\u00e9veloppement Sa\u00efdia &#8211; SDS a pris part \u00e0 la COP27"},"content":{"rendered":"<p>La Soci\u00e9t\u00e9 de D\u00e9veloppement Sa\u00efdia a eu l\u2019honneur de participer \u00e0 la COP27. Cet important rendez-vous annuel pour la lutte contre le r\u00e9chauffement climatique s\u2019est tenu du 6 au 18 Novembre \u00e0 Charm El-Cheikh en Egypte et a r\u00e9uni des repr\u00e9sentants de plus de 200 pays.<\/p>\n<p>&nbsp;<\/p>\n<p>La COP accueille pour cette \u00e9dition un Pavillon M\u00e9diterran\u00e9en : un espace d\u2019\u00e9change con\u00e7u pour exposer les d\u00e9fis auxquels la r\u00e9gion est confront\u00e9e, ainsi que les solutions propos\u00e9es \u00e0 travers un grand nombre d\u2019\u00e9v\u00e9nements et des groupes de travail.<\/p>\n<p>&nbsp;<\/p>\n<p>Dans ce cadre, La SDS a pris part, le 17 Novembre, \u00e0 un\u00a0Side\u00a0Event organis\u00e9 par la Fondation Mohammed VI pour la Protection de l\u2019Environnement en collaboration avec le Programme des Nations Unies pour l\u2019environnement \u2013 Plan d\u2019action pour la M\u00e9diterran\u00e9e (PNUE-PAM). Cet \u00e9v\u00e9nement parall\u00e8le qui portait sur l\u2019\u00e9conomie circulaire des d\u00e9chets plastiques au niveau des diff\u00e9rents sites baln\u00e9aires sous le th\u00e8me\u00a0\u00a0 \u00ab Vers une \u00e9conomie circulaire pour la gestion durable des d\u00e9chets plastiques sur les \u00e9cosyst\u00e8mes des plages et des oc\u00e9ans pour la pr\u00e9servation de la biodiversit\u00e9 marine \u00bb.<\/p>\n<p>&nbsp;<\/p>\n<p>Durant cette session et en tant qu\u2019acteur actif et partenaire de la FM6E, la SDS a partag\u00e9 les actions du programme \u00ab Plages Propres \u00bb qui sont men\u00e9es en collaboration avec les associations locales au sein de la station touristique\u00a0Sa\u00efdia\u00a0Resorts, \u00e0 savoir : la gestion des plages, les \u00e9quipements utilis\u00e9s, les op\u00e9rations de nettoyage des plages et des fonds marins ainsi que les activit\u00e9s organis\u00e9es pour l\u2019\u00e9ducation environnementale au profit des jeunes.<\/p>\n<p>&nbsp;<\/p>\n<div>Ce t\u00e9moignage et ce partage d\u2019exp\u00e9rience avec les diff\u00e9rents participants s\u2019inscrit dans la vision globale de d\u00e9veloppement durable de\u00a0Sa\u00efdia\u00a0Resorts.<\/div>\n","protected":false},"excerpt":{"rendered":"<p>La Soci\u00e9t\u00e9 de D\u00e9veloppement Sa\u00efdia a eu l\u2019honneur de participer \u00e0 la COP27. Cet important<\/p>\n","protected":false},"author":1,"featured_media":1737,"comment_status":"open","ping_status":"open","sticky":false,"template":"","format":"standard","meta":{"_acf_changed":false,"footnotes":""},"categories":[4,3],"tags":[567,578,579],"class_list":["post-1736","post","type-post","status-publish","format-standard","has-post-thumbnail","hentry","category-economie","category-nouvelles-selectionnees","tag-cop27","tag-la-societe-de-developpement-saidia","tag-sds"],"acf":[],"yoast_head":"<!-- This site is optimized with the Yoast SEO plugin v22.0 - https:\/\/yoast.com\/wordpress\/plugins\/seo\/ -->\n<title>La Soci\u00e9t\u00e9 de D\u00e9veloppement Sa\u00efdia - SDS a pris part \u00e0 la COP27 - MEDIA PLATEFORME | FR<\/title>\n<meta name=\"description\" content=\"\u00a0La Soci\u00e9t\u00e9 de D\u00e9veloppement\u00a0Sa\u00efdia\u00a0a eu l\u2019honneur de participer \u00e0 la COP27. Cet important rendez-vous annuel pour la lutte contre le\" \/>\n<meta name=\"robots\" content=\"index, follow, max-snippet:-1, max-image-preview:large, max-video-preview:-1\" \/>\n<link rel=\"canonical\" href=\"https:\/\/www.mediaplateforme.com\/fr\/la-societe-de-developpement-saidia-sds-a-pris-part-a-la-cop27\/\" \/>\n<meta property=\"og:locale\" content=\"fr_FR\" \/>\n<meta property=\"og:type\" content=\"article\" \/>\n<meta property=\"og:title\" content=\"La Soci\u00e9t\u00e9 de D\u00e9veloppement Sa\u00efdia - SDS a pris part \u00e0 la COP27 - MEDIA PLATEFORME | FR\" \/>\n<meta property=\"og:description\" content=\"\u00a0La Soci\u00e9t\u00e9 de D\u00e9veloppement\u00a0Sa\u00efdia\u00a0a eu l\u2019honneur de participer \u00e0 la COP27. Cet important rendez-vous annuel pour la lutte contre le\" \/>\n<meta property=\"og:url\" content=\"https:\/\/www.mediaplateforme.com\/fr\/la-societe-de-developpement-saidia-sds-a-pris-part-a-la-cop27\/\" \/>\n<meta property=\"og:site_name\" content=\"MEDIA PLATEFORME | FR\" \/>\n<meta property=\"article:published_time\" content=\"2022-11-24T12:37:19+00:00\" \/>\n<meta property=\"og:image\" content=\"https:\/\/www.mediaplateforme.com\/fr\/wp-content\/uploads\/sites\/5\/2022\/11\/3fba4ac3-e96c-4722-9035-206be1a76c5a.jpg\" \/>\n\t<meta property=\"og:image:width\" content=\"1126\" \/>\n\t<meta property=\"og:image:height\" content=\"654\" \/>\n\t<meta property=\"og:image:type\" content=\"image\/jpeg\" \/>\n<meta name=\"author\" content=\"Mediaplateforme\" \/>\n<meta name=\"twitter:card\" content=\"summary_large_image\" \/>\n<meta name=\"twitter:label1\" content=\"\u00c9crit par\" \/>\n\t<meta name=\"twitter:data1\" content=\"Mediaplateforme\" \/>\n\t<meta name=\"twitter:label2\" content=\"Dur\u00e9e de lecture estim\u00e9e\" \/>\n\t<meta name=\"twitter:data2\" content=\"2 minutes\" \/>\n<script type=\"application\/ld+json\" class=\"yoast-schema-graph\">{\"@context\":\"https:\/\/schema.org\",\"@graph\":[{\"@type\":\"WebPage\",\"@id\":\"https:\/\/www.mediaplateforme.com\/fr\/la-societe-de-developpement-saidia-sds-a-pris-part-a-la-cop27\/\",\"url\":\"https:\/\/www.mediaplateforme.com\/fr\/la-societe-de-developpement-saidia-sds-a-pris-part-a-la-cop27\/\",\"name\":\"La Soci\u00e9t\u00e9 de D\u00e9veloppement Sa\u00efdia - SDS a pris part \u00e0 la COP27 - MEDIA PLATEFORME | FR\",\"isPartOf\":{\"@id\":\"https:\/\/www.mediaplateforme.com\/fr\/#website\"},\"datePublished\":\"2022-11-24T12:37:19+00:00\",\"dateModified\":\"2022-11-24T12:37:19+00:00\",\"author\":{\"@id\":\"https:\/\/www.mediaplateforme.com\/fr\/#\/schema\/person\/89833db382b5db2c76b094bc902aa12a\"},\"description\":\"\u00a0La Soci\u00e9t\u00e9 de D\u00e9veloppement\u00a0Sa\u00efdia\u00a0a eu l\u2019honneur de participer \u00e0 la COP27. Cet important rendez-vous annuel pour la lutte contre le\",\"breadcrumb\":{\"@id\":\"https:\/\/www.mediaplateforme.com\/fr\/la-societe-de-developpement-saidia-sds-a-pris-part-a-la-cop27\/#breadcrumb\"},\"inLanguage\":\"fr-FR\",\"potentialAction\":[{\"@type\":\"ReadAction\",\"target\":[\"https:\/\/www.mediaplateforme.com\/fr\/la-societe-de-developpement-saidia-sds-a-pris-part-a-la-cop27\/\"]}]},{\"@type\":\"BreadcrumbList\",\"@id\":\"https:\/\/www.mediaplateforme.com\/fr\/la-societe-de-developpement-saidia-sds-a-pris-part-a-la-cop27\/#breadcrumb\",\"itemListElement\":[{\"@type\":\"ListItem\",\"position\":1,\"name\":\"\u0627\u0644\u0631\u0626\u064a\u0633\u064a\u0629\",\"item\":\"https:\/\/www.mediaplateforme.com\/fr\/\"},{\"@type\":\"ListItem\",\"position\":2,\"name\":\"La Soci\u00e9t\u00e9 de D\u00e9veloppement Sa\u00efdia &#8211; SDS a pris part \u00e0 la COP27\"}]},{\"@type\":\"WebSite\",\"@id\":\"https:\/\/www.mediaplateforme.com\/fr\/#website\",\"url\":\"https:\/\/www.mediaplateforme.com\/fr\/\",\"name\":\"MEDIA PLATEFORME | FR\",\"description\":\"Mediaplateforme sp\u00e9cialis\u00e9 dans la communication institutions publiques et des entreprises\",\"potentialAction\":[{\"@type\":\"SearchAction\",\"target\":{\"@type\":\"EntryPoint\",\"urlTemplate\":\"https:\/\/www.mediaplateforme.com\/fr\/?s={search_term_string}\"},\"query-input\":\"required name=search_term_string\"}],\"inLanguage\":\"fr-FR\"},{\"@type\":\"Person\",\"@id\":\"https:\/\/www.mediaplateforme.com\/fr\/#\/schema\/person\/89833db382b5db2c76b094bc902aa12a\",\"name\":\"Mediaplateforme\",\"image\":{\"@type\":\"ImageObject\",\"inLanguage\":\"fr-FR\",\"@id\":\"https:\/\/www.mediaplateforme.com\/fr\/#\/schema\/person\/image\/\",\"url\":\"https:\/\/secure.gravatar.com\/avatar\/6c9c02e8928cc65d54bf75157f7b3a2d06d7ad0494ca0951f679552ff03b34c1?s=96&d=mm&r=g\",\"contentUrl\":\"https:\/\/secure.gravatar.com\/avatar\/6c9c02e8928cc65d54bf75157f7b3a2d06d7ad0494ca0951f679552ff03b34c1?s=96&d=mm&r=g\",\"caption\":\"Mediaplateforme\"},\"sameAs\":[\"https:\/\/www.mediaplateforme.com\"],\"url\":\"https:\/\/www.mediaplateforme.com\/fr\/author\/mohamedladib\/\"}]}<\/script>\n<!-- \/ Yoast SEO plugin. -->","yoast_head_json":{"title":"La Soci\u00e9t\u00e9 de D\u00e9veloppement Sa\u00efdia - SDS a pris part \u00e0 la COP27 - MEDIA PLATEFORME | FR","description":"\u00a0La Soci\u00e9t\u00e9 de D\u00e9veloppement\u00a0Sa\u00efdia\u00a0a eu l\u2019honneur de participer \u00e0 la COP27. Cet important rendez-vous annuel pour la lutte contre le","robots":{"index":"index","follow":"follow","max-snippet":"max-snippet:-1","max-image-preview":"max-image-preview:large","max-video-preview":"max-video-preview:-1"},"canonical":"https:\/\/www.mediaplateforme.com\/fr\/la-societe-de-developpement-saidia-sds-a-pris-part-a-la-cop27\/","og_locale":"fr_FR","og_type":"article","og_title":"La Soci\u00e9t\u00e9 de D\u00e9veloppement Sa\u00efdia - SDS a pris part \u00e0 la COP27 - MEDIA PLATEFORME | FR","og_description":"\u00a0La Soci\u00e9t\u00e9 de D\u00e9veloppement\u00a0Sa\u00efdia\u00a0a eu l\u2019honneur de participer \u00e0 la COP27. Cet important rendez-vous annuel pour la lutte contre le","og_url":"https:\/\/www.mediaplateforme.com\/fr\/la-societe-de-developpement-saidia-sds-a-pris-part-a-la-cop27\/","og_site_name":"MEDIA PLATEFORME | FR","article_published_time":"2022-11-24T12:37:19+00:00","og_image":[{"width":1126,"height":654,"url":"https:\/\/www.mediaplateforme.com\/fr\/wp-content\/uploads\/sites\/5\/2022\/11\/3fba4ac3-e96c-4722-9035-206be1a76c5a.jpg","type":"image\/jpeg"}],"author":"Mediaplateforme","twitter_card":"summary_large_image","twitter_misc":{"\u00c9crit par":"Mediaplateforme","Dur\u00e9e de lecture estim\u00e9e":"2 minutes"},"schema":{"@context":"https:\/\/schema.org","@graph":[{"@type":"WebPage","@id":"https:\/\/www.mediaplateforme.com\/fr\/la-societe-de-developpement-saidia-sds-a-pris-part-a-la-cop27\/","url":"https:\/\/www.mediaplateforme.com\/fr\/la-societe-de-developpement-saidia-sds-a-pris-part-a-la-cop27\/","name":"La Soci\u00e9t\u00e9 de D\u00e9veloppement Sa\u00efdia - SDS a pris part \u00e0 la COP27 - MEDIA PLATEFORME | FR","isPartOf":{"@id":"https:\/\/www.mediaplateforme.com\/fr\/#website"},"datePublished":"2022-11-24T12:37:19+00:00","dateModified":"2022-11-24T12:37:19+00:00","author":{"@id":"https:\/\/www.mediaplateforme.com\/fr\/#\/schema\/person\/89833db382b5db2c76b094bc902aa12a"},"description":"\u00a0La Soci\u00e9t\u00e9 de D\u00e9veloppement\u00a0Sa\u00efdia\u00a0a eu l\u2019honneur de participer \u00e0 la COP27. Cet important rendez-vous annuel pour la lutte contre le","breadcrumb":{"@id":"https:\/\/www.mediaplateforme.com\/fr\/la-societe-de-developpement-saidia-sds-a-pris-part-a-la-cop27\/#breadcrumb"},"inLanguage":"fr-FR","potentialAction":[{"@type":"ReadAction","target":["https:\/\/www.mediaplateforme.com\/fr\/la-societe-de-developpement-saidia-sds-a-pris-part-a-la-cop27\/"]}]},{"@type":"BreadcrumbList","@id":"https:\/\/www.mediaplateforme.com\/fr\/la-societe-de-developpement-saidia-sds-a-pris-part-a-la-cop27\/#breadcrumb","itemListElement":[{"@type":"ListItem","position":1,"name":"\u0627\u0644\u0631\u0626\u064a\u0633\u064a\u0629","item":"https:\/\/www.mediaplateforme.com\/fr\/"},{"@type":"ListItem","position":2,"name":"La Soci\u00e9t\u00e9 de D\u00e9veloppement Sa\u00efdia &#8211; SDS a pris part \u00e0 la COP27"}]},{"@type":"WebSite","@id":"https:\/\/www.mediaplateforme.com\/fr\/#website","url":"https:\/\/www.mediaplateforme.com\/fr\/","name":"MEDIA PLATEFORME | FR","description":"Mediaplateforme sp\u00e9cialis\u00e9 dans la communication institutions publiques et des entreprises","potentialAction":[{"@type":"SearchAction","target":{"@type":"EntryPoint","urlTemplate":"https:\/\/www.mediaplateforme.com\/fr\/?s={search_term_string}"},"query-input":"required name=search_term_string"}],"inLanguage":"fr-FR"},{"@type":"Person","@id":"https:\/\/www.mediaplateforme.com\/fr\/#\/schema\/person\/89833db382b5db2c76b094bc902aa12a","name":"Mediaplateforme","image":{"@type":"ImageObject","inLanguage":"fr-FR","@id":"https:\/\/www.mediaplateforme.com\/fr\/#\/schema\/person\/image\/","url":"https:\/\/secure.gravatar.com\/avatar\/6c9c02e8928cc65d54bf75157f7b3a2d06d7ad0494ca0951f679552ff03b34c1?s=96&d=mm&r=g","contentUrl":"https:\/\/secure.gravatar.com\/avatar\/6c9c02e8928cc65d54bf75157f7b3a2d06d7ad0494ca0951f679552ff03b34c1?s=96&d=mm&r=g","caption":"Mediaplateforme"},"sameAs":["https:\/\/www.mediaplateforme.com"],"url":"https:\/\/www.mediaplateforme.com\/fr\/author\/mohamedladib\/"}]}},"_links":{"self":[{"href":"https:\/\/www.mediaplateforme.com\/fr\/wp-json\/wp\/v2\/posts\/1736","targetHints":{"allow":["GET"]}}],"collection":[{"href":"https:\/\/www.mediaplateforme.com\/fr\/wp-json\/wp\/v2\/posts"}],"about":[{"href":"https:\/\/www.mediaplateforme.com\/fr\/wp-json\/wp\/v2\/types\/post"}],"author":[{"embeddable":true,"href":"https:\/\/www.mediaplateforme.com\/fr\/wp-json\/wp\/v2\/users\/1"}],"replies":[{"embeddable":true,"href":"https:\/\/www.mediaplateforme.com\/fr\/wp-json\/wp\/v2\/comments?post=1736"}],"version-history":[{"count":1,"href":"https:\/\/www.mediaplateforme.com\/fr\/wp-json\/wp\/v2\/posts\/1736\/revisions"}],"predecessor-version":[{"id":1738,"href":"https:\/\/www.mediaplateforme.com\/fr\/wp-json\/wp\/v2\/posts\/1736\/revisions\/1738"}],"wp:featuredmedia":[{"embeddable":true,"href":"https:\/\/www.mediaplateforme.com\/fr\/wp-json\/wp\/v2\/media\/1737"}],"wp:attachment":[{"href":"https:\/\/www.mediaplateforme.com\/fr\/wp-json\/wp\/v2\/media?parent=1736"}],"wp:term":[{"taxonomy":"category","embeddable":true,"href":"https:\/\/www.mediaplateforme.com\/fr\/wp-json\/wp\/v2\/categories?post=1736"},{"taxonomy":"post_tag","embeddable":true,"href":"https:\/\/www.mediaplateforme.com\/fr\/wp-json\/wp\/v2\/tags?post=1736"}],"curies":[{"name":"wp","href":"https:\/\/api.w.org\/{rel}","templated":true}]}}