{"id":171,"date":"2022-06-25T10:02:04","date_gmt":"2022-06-25T09:02:04","guid":{"rendered":"https:\/\/www.mediaplateforme.com\/fr\/?p=171"},"modified":"2022-06-25T10:02:04","modified_gmt":"2022-06-25T09:02:04","slug":"bmw-serie-7-et-x7-smeia-presente-les-nouveaux-modeles","status":"publish","type":"post","link":"https:\/\/www.mediaplateforme.com\/fr\/bmw-serie-7-et-x7-smeia-presente-les-nouveaux-modeles\/","title":{"rendered":"BMW s\u00e9rie 7 et X7 : Smeia pr\u00e9sente les nouveaux mod\u00e8les"},"content":{"rendered":"<h4>Smeia a pr\u00e9sent\u00e9, en avant-premi\u00e8re, \u00e0 ses clients et partenaires, la toute nouvelle BMW S\u00e9rie 7 et le nouveau BMW X7, deux mois avant le d\u00e9marrage de leur production en s\u00e9rie.<\/h4>\n<p>Le Maroc fait partie des rares march\u00e9s ayant le privil\u00e8ge de disposer de ces deux mod\u00e8les en pr\u00e9-lancement pour les pr\u00e9senter au public marocain.<\/p>\n<p>\u00abBMW s\u00e9rie 7 et BMW X7 sont deux mod\u00e8les phares de la gamme la plus luxueuse de BMW. Nous avons eu le privil\u00e8ge d\u2019avoir des pr\u00e9-s\u00e9ries bien avant la production pr\u00e9vue \u00e0 partir de septembre prochain. Nous avons re\u00e7u deux mod\u00e8les que nous pr\u00e9sentons \u00e0 la presse et \u00e0 nos clients. Cette gamme repr\u00e9sente toute l\u2019innovation et le savoir-faire de BMW conjugu\u00e9s \u00e0 un luxe de tr\u00e8s haut niveau et un raffinement de haute facture\u00bb, indique Majdouline Chafai Alaoui, directrice de la marque BMW au Maroc.<\/p>\n<p>S\u2019agissant des v\u00e9hicules pr\u00e9sent\u00e9s, Aziz Rochdi, directeur commercial et marketing de BMW-MINI, a affirm\u00e9 que \u00abla nouvelle BMW s\u00e9rie 7 est une v\u00e9ritable nouveaut\u00e9 qui incarne le luxe selon BMW. Ses concepteurs ont marqu\u00e9 le coup avec un design futuriste, une personnalit\u00e9 et une prestance affirm\u00e9e. Le constructeur a beaucoup investi pour la mettre dans un standard plus \u00e9lev\u00e9 \u00e0 tous les niveaux\u00bb.<\/p>\n<p>Quant au nouveau BMW X7, Rochdi a expliqu\u00e9 que \u00abc\u2019est un remaniement de la gamme actuelle mais en profondeur. Le changement est tr\u00e8s important au niveau du design. Il est mis au go\u00fbt du jour avec la nouvelle calandre et les feux en deux parties. L\u2019int\u00e9rieur a \u00e9t\u00e9 remani\u00e9, on distingue de nouveaux \u00e9crans incurv\u00e9s beaucoup plus grands. D\u2019autres options de s\u00e9rie ont \u00e9t\u00e9 ajout\u00e9es tant au niveau du confort que de la finition haut de gamme. Sur le plan technique, la suspension a \u00e9t\u00e9 am\u00e9lior\u00e9e pour avoir plus de suspension et plus de dynamisme de conduite afin d\u2019assurer une meilleure maniabilit\u00e9 eu \u00e9gard au grand gabarit de la voiture\u00bb.<\/p>\n<p>La nouvelle BMW S\u00e9rie 7 offre une exp\u00e9rience de conduite r\u00e9solument novatrice, ax\u00e9e sur le plaisir de conduire, un confort exceptionnel sur les longs trajets et une exp\u00e9rience digitale hors pair. La BMW i7, quant \u00e0 elle, est au c\u0153ur de cette r\u00e9interpr\u00e9tation qui porte la mobilit\u00e9 personnelle \u00e0 un niveau d\u2019agr\u00e9ment et d\u2019exclusivit\u00e9 unique. La berline 100% \u00e9lectrique, qui fait partie int\u00e9grante de la gamme, illustre \u00e0 merveille le concept premium durable qui caract\u00e9rise les mod\u00e8les les plus exclusifs du constructeur munichois.<\/p>\n<p>&nbsp;<\/p>\n<p>La proue de la nouvelle S\u00e9rie 7 fait la part belle aux codes stylistiques de la marque, tout en introduisant une diff\u00e9renciation visuelle qui la distingue des autres mod\u00e8les de la gamme BMW. Avec ses \u00e9quipements exclusifs, notamment le BMW Theatre Screen (disponible \u00e0 partir de la production du mois de mars 2023), l\u2019exp\u00e9rience multisensorielle BMW iDrive avec son \u00e9cran incurv\u00e9 BMW Curved Display, ou encore l\u2019assistant de man\u0153uvre, con\u00e7u pour le stationnement enti\u00e8rement automatis\u00e9, le nouveau mod\u00e8le incarne \u00e0 merveille la formidable capacit\u00e9 d\u2019innovation de BMW.<br \/>\nDans le monde entier, la nouvelle BMW S\u00e9rie 7 sera propos\u00e9e exclusivement dans une variante de carrosserie \u00e0 empattement long, procurant aux passagers \u00e0 l\u2019arri\u00e8re un espace et un confort hors du commun. En outre, son habitacle apporte une sensation de bien-\u00eatre incomparable doubl\u00e9e d\u2019une atmosph\u00e8re exclusive gr\u00e2ce \u00e0 ses nouveaux mat\u00e9riaux de qualit\u00e9 sup\u00e9rieure, \u00e0 son syst\u00e8me de divertissement innovant et \u00e0 l\u2019offre \u00e9tendue Executive Lounge, propos\u00e9e en option (de s\u00e9rie sur le niveau de finition sup\u00e9rieur).<\/p>\n<p>Le lancement mondial de la nouvelle BMW S\u00e9rie 7 d\u00e9butera en novembre 2022. La nouvelle BMW S\u00e9rie 7 est dot\u00e9e de s\u00e9rie de projecteurs avant \u00e0 LED matriciels adaptatifs, avec fonction BMW Selective Beam, un syst\u00e8me d\u2019assistance anti-\u00e9blouissement pour les feux de route. Les fonctionnalit\u00e9s d\u2019\u00e9clairage sont r\u00e9parties en deux segments lumineux distincts. Le segment sup\u00e9rieur, constitu\u00e9 d\u2019un bandeau lumineux extr\u00eamement fin, comporte les feux de jour, les feux de position et les indicateurs de changement de direction.<\/p>\n<p>&nbsp;<\/p>\n<h3>Confort de conduite exceptionnel et bien-\u00eatre incomparable<\/h3>\n<p>L\u2019habitacle de la nouvelle BMW S\u00e9rie 7 procure au conducteur comme aux passagers un confort exceptionnel et une exp\u00e9rience de conduite alliant modernit\u00e9 et \u00e9l\u00e9gance. Ainsi, l\u2019habitacle r\u00e9sume le parfait \u00e9quilibre entre sportivit\u00e9 et confort de conduite qui caract\u00e9rise le nouveau mod\u00e8le : pour le conducteur, la nouvelle S\u00e9rie 7 est une berline aussi \u00e9l\u00e9gante que dynamique. Pour les passagers, notamment \u00e0 l\u2019arri\u00e8re, elle offre une sensation de bien-\u00eatre incomparable.<\/p>\n<p>Le tableau de bord de la nouvelle BMW S\u00e9rie 7 comprend nettement moins de boutons et d\u2019organes de commande analogiques par rapport \u00e0 la g\u00e9n\u00e9ration pr\u00e9c\u00e9dente. En effet, le nouveau mod\u00e8le mise sur la digitalisation, comme en atteste l\u2019affichage BMW Curved Display (de s\u00e9rie). Ce combin\u00e9 100% num\u00e9rique se compose d\u2019un \u00e9cran d\u2019information de 12,3 pouces, log\u00e9 derri\u00e8re le volant, et d\u2019un \u00e9cran de contr\u00f4le central de 14,9 pouces. Par ailleurs, le volant et le s\u00e9lecteur de vitesse sur la console centrale ont \u00e9galement \u00e9t\u00e9 redessin\u00e9s. En outre, le nouveau mod\u00e8le est \u00e9quip\u00e9 pour la premi\u00e8re fois du syst\u00e8me BMW Interaction Bar, un nouveau type d\u2019interface de commande doubl\u00e9 d\u2019une signature visuelle caract\u00e9ristique. Ce syst\u00e8me fonctionnel est dot\u00e9 d\u2019un r\u00e9tro\u00e9clairage d\u2019une grande \u00e9l\u00e9gance et s\u2019\u00e9tend sur toute la longueur du tableau de bord jusque sur les portes.<\/p>\n<p>&nbsp;<\/p>\n<h3>Puissance et efficience<\/h3>\n<p>D\u00e8s novembre prochain, la nouvelle BMW S\u00e9rie 7 sera propos\u00e9e en limousine 100% \u00e9lectrique BMW i7 xDrive60 (consommation \u00e9lectrique en mixte combin\u00e9e : 18,4 \u2013 19,6 kWh\/100 km; \u00e9missions de CO2 combin\u00e9s : 0 g\/km).<\/p>\n<p>La BMW i7 xDrive60 est \u00e9quip\u00e9e de deux moteurs \u00e9lectriques d\u00e9veloppant une puissance cumul\u00e9e de 544 ch (400 kW), et b\u00e9n\u00e9ficie de nombreuses innovations permettant d\u2019accro\u00eetre son autonomie (de 591 \u00e0 625 km).<\/p>\n<p>Le moteur diesel six-cylindres en ligne, associ\u00e9 \u00e0 une hybridation l\u00e9g\u00e8re de 48V, d\u00e9veloppant 300 ch (220 kW) de la BMW 740d xDrive (consommation de carburant mixte combin\u00e9e : 5,9 \u2013 6,9l\/100 km; \u00e9missions de CO2 combin\u00e9es: 157 \u2013 182 g\/km), compl\u00e9tera la gamme de motorisation au printemps 2023.<\/p>\n<p>Les variantes hybrides rechargeables de la nouvelle BMW S\u00e9rie 7 seront commercialis\u00e9es \u00e9galement au d\u00e9but de l\u2019ann\u00e9e 2023. \u00c0 l\u2019instar de la BMW i7, elles seront dot\u00e9es de la cinqui\u00e8me g\u00e9n\u00e9ration de la technologie BMW eDrive, qui permet de porter l\u2019autonomie \u00e9lectrique \u00e0 plus de 80 km. Des variantes suppl\u00e9mentaires de la BMW i7 seront pr\u00e9sent\u00e9es ult\u00e9rieurement, dont le futur fleuron de la gamme, la BMW i7 M70 xDrive (consommation \u00e9lectrique mixte combin\u00e9e : 21,2 \u2013 26,4 kWh\/100 km; \u00e9missions de CO2 combin\u00e9es : 0 g\/km), d\u00e9veloppant 660 ch (485 kW).<\/p>\n<p>La nouvelle BMW S\u00e9rie 7 b\u00e9n\u00e9ficie de nombreuses innovations en mati\u00e8re de syst\u00e8mes de r\u00e9glage du ch\u00e2ssis, conf\u00e9rant \u00e0 la voiture une conduite parfaitement \u00e9quilibr\u00e9e entre confort et sportivit\u00e9. Par rapport \u00e0 la g\u00e9n\u00e9ration pr\u00e9c\u00e9dente, la caisse gagne en rigidit\u00e9, les jantes et les voies s\u2019\u00e9largissent. La suspension pneumatique \u00e0 l\u2019avant et \u00e0 l\u2019arri\u00e8re, ainsi que les 4 roues directrices ActiveDrive ont \u00e9t\u00e9 optimis\u00e9es et sont fournies de s\u00e9rie.<\/p>\n<p>La nouvelle BMW S\u00e9rie 7 b\u00e9n\u00e9ficie du plus large \u00e9ventail de syst\u00e8mes de conduite et de stationnement automatis\u00e9s jamais propos\u00e9s sur un mod\u00e8le de la marque. Ces technologies innovantes assurent une parfaite int\u00e9gration des syst\u00e8mes actuels et pr\u00e9figurent la mise en \u0153uvre \u00e0 moyen terme de fonctions de conduite autonome de niveau 3. En associant le r\u00e9gulateur de vitesse actif avec fonction Stop&amp;Go \u00e0 l\u2019assistant directionnel et de contr\u00f4le de la trajectoire, le nouveau mod\u00e8le offre une exp\u00e9rience de conduite automatis\u00e9e particuli\u00e8rement intense.<\/p>\n<p>Le Park Assist Pro, disponible en option, est dot\u00e9 d\u2019un assistant de marche arri\u00e8re qui permet d\u00e9sormais d\u2019effectuer des man\u0153uvres directionnelles sur une distance maximale de 200m.<\/p>\n","protected":false},"excerpt":{"rendered":"<p>Smeia a pr\u00e9sent\u00e9, en avant-premi\u00e8re, \u00e0 ses clients et partenaires, la toute nouvelle BMW S\u00e9rie<\/p>\n","protected":false},"author":1,"featured_media":172,"comment_status":"open","ping_status":"open","sticky":false,"template":"","format":"standard","meta":{"_acf_changed":false,"footnotes":""},"categories":[7,3],"tags":[69,70,72,73,74,71],"class_list":["post-171","post","type-post","status-publish","format-standard","has-post-thumbnail","hentry","category-articles","category-nouvelles-selectionnees","tag-bmw","tag-serie-7","tag-smeia","tag-voiture","tag-voitures","tag-x7"],"acf":[],"yoast_head":"<!-- This site is optimized with the Yoast SEO plugin v22.0 - https:\/\/yoast.com\/wordpress\/plugins\/seo\/ -->\n<title>BMW s\u00e9rie 7 et X7 : Smeia pr\u00e9sente les nouveaux mod\u00e8les - MEDIA PLATEFORME | FR<\/title>\n<meta name=\"description\" content=\"Smeia a pr\u00e9sent\u00e9 la toute nouvelle BMW S\u00e9rie 7 et le nouveau BMW X7, deux mois avant le d\u00e9marrage de leur production en s\u00e9rie.\" \/>\n<meta name=\"robots\" content=\"index, follow, max-snippet:-1, max-image-preview:large, max-video-preview:-1\" \/>\n<link rel=\"canonical\" href=\"https:\/\/www.mediaplateforme.com\/fr\/bmw-serie-7-et-x7-smeia-presente-les-nouveaux-modeles\/\" \/>\n<meta property=\"og:locale\" content=\"fr_FR\" \/>\n<meta property=\"og:type\" content=\"article\" \/>\n<meta property=\"og:title\" content=\"BMW s\u00e9rie 7 et X7 : Smeia pr\u00e9sente les nouveaux mod\u00e8les - MEDIA PLATEFORME | FR\" \/>\n<meta property=\"og:description\" content=\"Smeia a pr\u00e9sent\u00e9 la toute nouvelle BMW S\u00e9rie 7 et le nouveau BMW X7, deux mois avant le d\u00e9marrage de leur production en s\u00e9rie.\" \/>\n<meta property=\"og:url\" content=\"https:\/\/www.mediaplateforme.com\/fr\/bmw-serie-7-et-x7-smeia-presente-les-nouveaux-modeles\/\" \/>\n<meta property=\"og:site_name\" content=\"MEDIA PLATEFORME | FR\" \/>\n<meta property=\"article:published_time\" content=\"2022-06-25T09:02:04+00:00\" \/>\n<meta property=\"og:image\" content=\"https:\/\/www.mediaplateforme.com\/fr\/wp-content\/uploads\/sites\/5\/2022\/06\/BMW.jpg\" \/>\n\t<meta property=\"og:image:width\" content=\"528\" \/>\n\t<meta property=\"og:image:height\" content=\"397\" \/>\n\t<meta property=\"og:image:type\" content=\"image\/jpeg\" \/>\n<meta name=\"author\" content=\"Mediaplateforme\" \/>\n<meta name=\"twitter:card\" content=\"summary_large_image\" \/>\n<meta name=\"twitter:label1\" content=\"\u00c9crit par\" \/>\n\t<meta name=\"twitter:data1\" content=\"Mediaplateforme\" \/>\n\t<meta name=\"twitter:label2\" content=\"Dur\u00e9e de lecture estim\u00e9e\" \/>\n\t<meta name=\"twitter:data2\" content=\"7 minutes\" \/>\n<script type=\"application\/ld+json\" class=\"yoast-schema-graph\">{\"@context\":\"https:\/\/schema.org\",\"@graph\":[{\"@type\":\"WebPage\",\"@id\":\"https:\/\/www.mediaplateforme.com\/fr\/bmw-serie-7-et-x7-smeia-presente-les-nouveaux-modeles\/\",\"url\":\"https:\/\/www.mediaplateforme.com\/fr\/bmw-serie-7-et-x7-smeia-presente-les-nouveaux-modeles\/\",\"name\":\"BMW s\u00e9rie 7 et X7 : Smeia pr\u00e9sente les nouveaux mod\u00e8les - MEDIA PLATEFORME | FR\",\"isPartOf\":{\"@id\":\"https:\/\/www.mediaplateforme.com\/fr\/#website\"},\"datePublished\":\"2022-06-25T09:02:04+00:00\",\"dateModified\":\"2022-06-25T09:02:04+00:00\",\"author\":{\"@id\":\"https:\/\/www.mediaplateforme.com\/fr\/#\/schema\/person\/89833db382b5db2c76b094bc902aa12a\"},\"description\":\"Smeia a pr\u00e9sent\u00e9 la toute nouvelle BMW S\u00e9rie 7 et le nouveau BMW X7, deux mois avant le d\u00e9marrage de leur production en s\u00e9rie.\",\"breadcrumb\":{\"@id\":\"https:\/\/www.mediaplateforme.com\/fr\/bmw-serie-7-et-x7-smeia-presente-les-nouveaux-modeles\/#breadcrumb\"},\"inLanguage\":\"fr-FR\",\"potentialAction\":[{\"@type\":\"ReadAction\",\"target\":[\"https:\/\/www.mediaplateforme.com\/fr\/bmw-serie-7-et-x7-smeia-presente-les-nouveaux-modeles\/\"]}]},{\"@type\":\"BreadcrumbList\",\"@id\":\"https:\/\/www.mediaplateforme.com\/fr\/bmw-serie-7-et-x7-smeia-presente-les-nouveaux-modeles\/#breadcrumb\",\"itemListElement\":[{\"@type\":\"ListItem\",\"position\":1,\"name\":\"\u0627\u0644\u0631\u0626\u064a\u0633\u064a\u0629\",\"item\":\"https:\/\/www.mediaplateforme.com\/fr\/\"},{\"@type\":\"ListItem\",\"position\":2,\"name\":\"BMW s\u00e9rie 7 et X7 : Smeia pr\u00e9sente les nouveaux mod\u00e8les\"}]},{\"@type\":\"WebSite\",\"@id\":\"https:\/\/www.mediaplateforme.com\/fr\/#website\",\"url\":\"https:\/\/www.mediaplateforme.com\/fr\/\",\"name\":\"MEDIA PLATEFORME | FR\",\"description\":\"Mediaplateforme sp\u00e9cialis\u00e9 dans la communication institutions publiques et des entreprises\",\"potentialAction\":[{\"@type\":\"SearchAction\",\"target\":{\"@type\":\"EntryPoint\",\"urlTemplate\":\"https:\/\/www.mediaplateforme.com\/fr\/?s={search_term_string}\"},\"query-input\":\"required name=search_term_string\"}],\"inLanguage\":\"fr-FR\"},{\"@type\":\"Person\",\"@id\":\"https:\/\/www.mediaplateforme.com\/fr\/#\/schema\/person\/89833db382b5db2c76b094bc902aa12a\",\"name\":\"Mediaplateforme\",\"image\":{\"@type\":\"ImageObject\",\"inLanguage\":\"fr-FR\",\"@id\":\"https:\/\/www.mediaplateforme.com\/fr\/#\/schema\/person\/image\/\",\"url\":\"https:\/\/secure.gravatar.com\/avatar\/6c9c02e8928cc65d54bf75157f7b3a2d06d7ad0494ca0951f679552ff03b34c1?s=96&d=mm&r=g\",\"contentUrl\":\"https:\/\/secure.gravatar.com\/avatar\/6c9c02e8928cc65d54bf75157f7b3a2d06d7ad0494ca0951f679552ff03b34c1?s=96&d=mm&r=g\",\"caption\":\"Mediaplateforme\"},\"sameAs\":[\"https:\/\/www.mediaplateforme.com\"],\"url\":\"https:\/\/www.mediaplateforme.com\/fr\/author\/mohamedladib\/\"}]}<\/script>\n<!-- \/ Yoast SEO plugin. -->","yoast_head_json":{"title":"BMW s\u00e9rie 7 et X7 : Smeia pr\u00e9sente les nouveaux mod\u00e8les - MEDIA PLATEFORME | FR","description":"Smeia a pr\u00e9sent\u00e9 la toute nouvelle BMW S\u00e9rie 7 et le nouveau BMW X7, deux mois avant le d\u00e9marrage de leur production en s\u00e9rie.","robots":{"index":"index","follow":"follow","max-snippet":"max-snippet:-1","max-image-preview":"max-image-preview:large","max-video-preview":"max-video-preview:-1"},"canonical":"https:\/\/www.mediaplateforme.com\/fr\/bmw-serie-7-et-x7-smeia-presente-les-nouveaux-modeles\/","og_locale":"fr_FR","og_type":"article","og_title":"BMW s\u00e9rie 7 et X7 : Smeia pr\u00e9sente les nouveaux mod\u00e8les - MEDIA PLATEFORME | FR","og_description":"Smeia a pr\u00e9sent\u00e9 la toute nouvelle BMW S\u00e9rie 7 et le nouveau BMW X7, deux mois avant le d\u00e9marrage de leur production en s\u00e9rie.","og_url":"https:\/\/www.mediaplateforme.com\/fr\/bmw-serie-7-et-x7-smeia-presente-les-nouveaux-modeles\/","og_site_name":"MEDIA PLATEFORME | FR","article_published_time":"2022-06-25T09:02:04+00:00","og_image":[{"width":528,"height":397,"url":"https:\/\/www.mediaplateforme.com\/fr\/wp-content\/uploads\/sites\/5\/2022\/06\/BMW.jpg","type":"image\/jpeg"}],"author":"Mediaplateforme","twitter_card":"summary_large_image","twitter_misc":{"\u00c9crit par":"Mediaplateforme","Dur\u00e9e de lecture estim\u00e9e":"7 minutes"},"schema":{"@context":"https:\/\/schema.org","@graph":[{"@type":"WebPage","@id":"https:\/\/www.mediaplateforme.com\/fr\/bmw-serie-7-et-x7-smeia-presente-les-nouveaux-modeles\/","url":"https:\/\/www.mediaplateforme.com\/fr\/bmw-serie-7-et-x7-smeia-presente-les-nouveaux-modeles\/","name":"BMW s\u00e9rie 7 et X7 : Smeia pr\u00e9sente les nouveaux mod\u00e8les - MEDIA PLATEFORME | FR","isPartOf":{"@id":"https:\/\/www.mediaplateforme.com\/fr\/#website"},"datePublished":"2022-06-25T09:02:04+00:00","dateModified":"2022-06-25T09:02:04+00:00","author":{"@id":"https:\/\/www.mediaplateforme.com\/fr\/#\/schema\/person\/89833db382b5db2c76b094bc902aa12a"},"description":"Smeia a pr\u00e9sent\u00e9 la toute nouvelle BMW S\u00e9rie 7 et le nouveau BMW X7, deux mois avant le d\u00e9marrage de leur production en s\u00e9rie.","breadcrumb":{"@id":"https:\/\/www.mediaplateforme.com\/fr\/bmw-serie-7-et-x7-smeia-presente-les-nouveaux-modeles\/#breadcrumb"},"inLanguage":"fr-FR","potentialAction":[{"@type":"ReadAction","target":["https:\/\/www.mediaplateforme.com\/fr\/bmw-serie-7-et-x7-smeia-presente-les-nouveaux-modeles\/"]}]},{"@type":"BreadcrumbList","@id":"https:\/\/www.mediaplateforme.com\/fr\/bmw-serie-7-et-x7-smeia-presente-les-nouveaux-modeles\/#breadcrumb","itemListElement":[{"@type":"ListItem","position":1,"name":"\u0627\u0644\u0631\u0626\u064a\u0633\u064a\u0629","item":"https:\/\/www.mediaplateforme.com\/fr\/"},{"@type":"ListItem","position":2,"name":"BMW s\u00e9rie 7 et X7 : Smeia pr\u00e9sente les nouveaux mod\u00e8les"}]},{"@type":"WebSite","@id":"https:\/\/www.mediaplateforme.com\/fr\/#website","url":"https:\/\/www.mediaplateforme.com\/fr\/","name":"MEDIA PLATEFORME | FR","description":"Mediaplateforme sp\u00e9cialis\u00e9 dans la communication institutions publiques et des entreprises","potentialAction":[{"@type":"SearchAction","target":{"@type":"EntryPoint","urlTemplate":"https:\/\/www.mediaplateforme.com\/fr\/?s={search_term_string}"},"query-input":"required name=search_term_string"}],"inLanguage":"fr-FR"},{"@type":"Person","@id":"https:\/\/www.mediaplateforme.com\/fr\/#\/schema\/person\/89833db382b5db2c76b094bc902aa12a","name":"Mediaplateforme","image":{"@type":"ImageObject","inLanguage":"fr-FR","@id":"https:\/\/www.mediaplateforme.com\/fr\/#\/schema\/person\/image\/","url":"https:\/\/secure.gravatar.com\/avatar\/6c9c02e8928cc65d54bf75157f7b3a2d06d7ad0494ca0951f679552ff03b34c1?s=96&d=mm&r=g","contentUrl":"https:\/\/secure.gravatar.com\/avatar\/6c9c02e8928cc65d54bf75157f7b3a2d06d7ad0494ca0951f679552ff03b34c1?s=96&d=mm&r=g","caption":"Mediaplateforme"},"sameAs":["https:\/\/www.mediaplateforme.com"],"url":"https:\/\/www.mediaplateforme.com\/fr\/author\/mohamedladib\/"}]}},"_links":{"self":[{"href":"https:\/\/www.mediaplateforme.com\/fr\/wp-json\/wp\/v2\/posts\/171","targetHints":{"allow":["GET"]}}],"collection":[{"href":"https:\/\/www.mediaplateforme.com\/fr\/wp-json\/wp\/v2\/posts"}],"about":[{"href":"https:\/\/www.mediaplateforme.com\/fr\/wp-json\/wp\/v2\/types\/post"}],"author":[{"embeddable":true,"href":"https:\/\/www.mediaplateforme.com\/fr\/wp-json\/wp\/v2\/users\/1"}],"replies":[{"embeddable":true,"href":"https:\/\/www.mediaplateforme.com\/fr\/wp-json\/wp\/v2\/comments?post=171"}],"version-history":[{"count":0,"href":"https:\/\/www.mediaplateforme.com\/fr\/wp-json\/wp\/v2\/posts\/171\/revisions"}],"wp:featuredmedia":[{"embeddable":true,"href":"https:\/\/www.mediaplateforme.com\/fr\/wp-json\/wp\/v2\/media\/172"}],"wp:attachment":[{"href":"https:\/\/www.mediaplateforme.com\/fr\/wp-json\/wp\/v2\/media?parent=171"}],"wp:term":[{"taxonomy":"category","embeddable":true,"href":"https:\/\/www.mediaplateforme.com\/fr\/wp-json\/wp\/v2\/categories?post=171"},{"taxonomy":"post_tag","embeddable":true,"href":"https:\/\/www.mediaplateforme.com\/fr\/wp-json\/wp\/v2\/tags?post=171"}],"curies":[{"name":"wp","href":"https:\/\/api.w.org\/{rel}","templated":true}]}}