{"id":1636,"date":"2022-11-16T13:42:45","date_gmt":"2022-11-16T12:42:45","guid":{"rendered":"https:\/\/www.mediaplateforme.com\/fr\/?p=1636"},"modified":"2022-11-16T13:42:45","modified_gmt":"2022-11-16T12:42:45","slug":"la-marque-de-luxe-suisse-de-qnet-revele-sa-collection-de-bijoux-affirmation-de-foi","status":"publish","type":"post","link":"https:\/\/www.mediaplateforme.com\/fr\/la-marque-de-luxe-suisse-de-qnet-revele-sa-collection-de-bijoux-affirmation-de-foi\/","title":{"rendered":"La marque de luxe suisse de QNET r\u00e9v\u00e8le sa collection de bijoux \u2018affirmation de foi\u2019"},"content":{"rendered":"<p style=\"font-weight: 400;\">La marque de luxe suisse de QNET, Bernhard H. Mayer\u00ae, d\u00e9montre son d\u00e9vouement \u00e0 l\u2019acte de croire en ce qui est plus grand que soi avec le pendentif Amani de la collection Iman. Con\u00e7u pour t\u00e9moigner d\u2019une conviction profonde dans la force in\u00e9branlable de la foi, le pendentif Amani vante une conception \u00e0 la fois \u00e9labor\u00e9e et \u00e9l\u00e9gante, qui sert \u00e0 rappeler la magnificence de Allah.<\/p>\n<h4 style=\"font-weight: 400;\"><strong>Diamant et or jaune \u00a0<\/strong><\/h4>\n<p style=\"font-weight: 400;\">Le pendentif Amani symbolise l\u2019id\u00e9e que Allah est infini est qu\u2019il est magnifique. Le bijou incarne l\u2018id\u00e9e que se d\u00e9vouer \u00e0 une croyance qui d\u00e9passe soi-m\u00eame est en effet la plus grande r\u00e9compense.<\/p>\n<p style=\"font-weight: 400;\">Orn\u00e9 d\u2019une belle calligraphie arabe Bismillah, le bijou offre la philosophie de l\u2019esp\u00e9rance et de l\u2019assurance sereine devant la sagesse de Allah. La forme est circulaire et on or jaune, dot\u00e9 d\u2019un diamant. La nature sans fin du cercle nous rappelle que Allah est infini et qu\u2019il est magnifique.<\/p>\n<h4 style=\"font-weight: 400;\"><strong>Une pure expression de foi<\/strong><\/h4>\n<p style=\"font-weight: 400;\">Le pendentif Amani Pendant est un symbole d\u2019affirmation de foi dans le d\u00e9vouement \u00e0 l\u2019Islam. Con\u00e7u avec un savoir-faire d\u2019artiste et dans le soin ultime du d\u00e9tail, chaque pi\u00e8ce de la collection Iman incarne la force in\u00e9branlable que nous puisons dans notre foi. Le geste de porter le pendentif Amani est en lui-m\u00eame un appel silencieux \u00e0 Allah, qu\u2019il pose sa main \u00e0 l\u2019\u00e9paule de celle qui le porte pour la guider vers la prosp\u00e9rit\u00e9, le succ\u00e8s, et l\u2019unit\u00e9.<\/p>\n<p style=\"font-weight: 400;\">Le directeur g\u00e9n\u00e9ral du marketing chez QNET, Paul McHenry, commente l\u2019unique et fin travail et savoir-faire m\u00e9ticuleux de la pi\u00e8ce\u00a0: \u201cBernhard H. Mayer\u00ae b\u00e9n\u00e9ficie du prestige et d\u2019une r\u00e9putation unique dans le domaine du bijou, et ceci en raison de la consistance avec laquelle l\u2019entreprise de la famille Mayer applique sa philosophie d\u2019excellence. Cette qu\u00eate de perfection se transmet au pendentif Amani et \u00e0 toute la collection Iman. Nous sommes confiants que nous avons respect\u00e9 les plus haut standards \u00e9tablis par la marque Bernhard H. Mayer, et que nos clients seront ravis de cette nouvelle collection\u00a0\u00bb.<\/p>\n<p style=\"font-weight: 400;\">Pour mieux conna\u00eetre Bernhard H.Mayer\u00ae, la collection Iman et le pendentif Amani, visitez\u00a0<a href=\"http:\/\/www.bernhardhmayer.com\/\" data-saferedirecturl=\"https:\/\/www.google.com\/url?q=http:\/\/www.bernhardhmayer.com&amp;source=gmail&amp;ust=1668687875193000&amp;usg=AOvVaw1bYSutsRr8JmNf9MB0Ukv8\">www.bernhardhmayer.com<\/a>.<\/p>\n<p style=\"font-weight: 400;\">\n<h4 style=\"font-weight: 400;\"><strong><u>\u00c0 propos de QNET<\/u><\/strong><\/h4>\n<p style=\"font-weight: 400;\">Bas\u00e9e en Asie, QNET est une des premi\u00e8res soci\u00e9t\u00e9s mondiales de vente directe E-Commerce, offrant une large gamme de produits sant\u00e9, bien-\u00eatre, et lifestyle qui permettent aux gens de vivre des vies meilleures. Le mod\u00e8le d\u2019affaires QNET est proche du citoyen. Aliment\u00e9 par le pouvoir de la E-Commerce, QNET a contribu\u00e9 \u00e0 habiliter des millions d\u2019entrepreneurs dans plus de 100 pays \u00e0 travers le monde. Le si\u00e8ge social de QNET est \u00e0 Hong Kong, avec une pr\u00e9sence dans 25+ pays dans le monde \u00e0 travers les filiales, succursales, agences partenaires et franchises.<\/p>\n<p style=\"font-weight: 400;\">QNET est membre de l&rsquo;Association de Vente Directe dans de nombreux pays, ainsi que la Hong Kong Health Food Association et la Health Supplements Industry Association \u00e0 Singapore, entre autres. QNET est aussi actif dans les parrainages sportifs \u00e0 l\u2019\u00e9chelle globale. Parmi les partenariats les plus importants sont Partenaire de Vente Directe pour le Manchester City Football Club et pour la Ligue des Clubs Africains de la CAF.<\/p>\n<p style=\"font-weight: 400;\">Pour savoir plus, visitez le site web QNET \u00e0\u00a0<a href=\"http:\/\/www.qnet.net\/\" data-saferedirecturl=\"https:\/\/www.google.com\/url?q=http:\/\/www.qnet.net&amp;source=gmail&amp;ust=1668687875193000&amp;usg=AOvVaw3YZnKBHT3nU6ccfHpULgz0\">www.qnet.net<\/a>.<\/p>\n","protected":false},"excerpt":{"rendered":"<p>La marque de luxe suisse de QNET, Bernhard H. Mayer\u00ae, d\u00e9montre son d\u00e9vouement \u00e0 l\u2019acte<\/p>\n","protected":false},"author":1,"featured_media":1637,"comment_status":"open","ping_status":"open","sticky":false,"template":"","format":"standard","meta":{"_acf_changed":false,"footnotes":""},"categories":[7,3],"tags":[13],"class_list":["post-1636","post","type-post","status-publish","format-standard","has-post-thumbnail","hentry","category-articles","category-nouvelles-selectionnees","tag-qnet"],"acf":[],"yoast_head":"<!-- This site is optimized with the Yoast SEO plugin v22.0 - https:\/\/yoast.com\/wordpress\/plugins\/seo\/ -->\n<title>La marque de luxe suisse de QNET r\u00e9v\u00e8le sa collection de bijoux \u2018affirmation de foi\u2019 - MEDIA PLATEFORME | FR<\/title>\n<meta name=\"description\" content=\"La marque de luxe suisse de QNET, Bernhard H. Mayer\u00ae, d\u00e9montre son d\u00e9vouement \u00e0 l\u2019acte de croire en ce qui est plus grand que soi .\" \/>\n<meta name=\"robots\" content=\"index, follow, max-snippet:-1, max-image-preview:large, max-video-preview:-1\" \/>\n<link rel=\"canonical\" href=\"https:\/\/www.mediaplateforme.com\/fr\/la-marque-de-luxe-suisse-de-qnet-revele-sa-collection-de-bijoux-affirmation-de-foi\/\" \/>\n<meta property=\"og:locale\" content=\"fr_FR\" \/>\n<meta property=\"og:type\" content=\"article\" \/>\n<meta property=\"og:title\" content=\"La marque de luxe suisse de QNET r\u00e9v\u00e8le sa collection de bijoux \u2018affirmation de foi\u2019 - MEDIA PLATEFORME | FR\" \/>\n<meta property=\"og:description\" content=\"La marque de luxe suisse de QNET, Bernhard H. Mayer\u00ae, d\u00e9montre son d\u00e9vouement \u00e0 l\u2019acte de croire en ce qui est plus grand que soi .\" \/>\n<meta property=\"og:url\" content=\"https:\/\/www.mediaplateforme.com\/fr\/la-marque-de-luxe-suisse-de-qnet-revele-sa-collection-de-bijoux-affirmation-de-foi\/\" \/>\n<meta property=\"og:site_name\" content=\"MEDIA PLATEFORME | FR\" \/>\n<meta property=\"article:published_time\" content=\"2022-11-16T12:42:45+00:00\" \/>\n<meta property=\"og:image\" content=\"https:\/\/www.mediaplateforme.com\/fr\/wp-content\/uploads\/sites\/5\/2022\/11\/Amani-Pendant.png\" \/>\n\t<meta property=\"og:image:width\" content=\"2844\" \/>\n\t<meta property=\"og:image:height\" content=\"1644\" \/>\n\t<meta property=\"og:image:type\" content=\"image\/png\" \/>\n<meta name=\"author\" content=\"Mediaplateforme\" \/>\n<meta name=\"twitter:card\" content=\"summary_large_image\" \/>\n<meta name=\"twitter:label1\" content=\"\u00c9crit par\" \/>\n\t<meta name=\"twitter:data1\" content=\"Mediaplateforme\" \/>\n\t<meta name=\"twitter:label2\" content=\"Dur\u00e9e de lecture estim\u00e9e\" \/>\n\t<meta name=\"twitter:data2\" content=\"3 minutes\" \/>\n<script type=\"application\/ld+json\" class=\"yoast-schema-graph\">{\"@context\":\"https:\/\/schema.org\",\"@graph\":[{\"@type\":\"WebPage\",\"@id\":\"https:\/\/www.mediaplateforme.com\/fr\/la-marque-de-luxe-suisse-de-qnet-revele-sa-collection-de-bijoux-affirmation-de-foi\/\",\"url\":\"https:\/\/www.mediaplateforme.com\/fr\/la-marque-de-luxe-suisse-de-qnet-revele-sa-collection-de-bijoux-affirmation-de-foi\/\",\"name\":\"La marque de luxe suisse de QNET r\u00e9v\u00e8le sa collection de bijoux \u2018affirmation de foi\u2019 - MEDIA PLATEFORME | FR\",\"isPartOf\":{\"@id\":\"https:\/\/www.mediaplateforme.com\/fr\/#website\"},\"datePublished\":\"2022-11-16T12:42:45+00:00\",\"dateModified\":\"2022-11-16T12:42:45+00:00\",\"author\":{\"@id\":\"https:\/\/www.mediaplateforme.com\/fr\/#\/schema\/person\/89833db382b5db2c76b094bc902aa12a\"},\"description\":\"La marque de luxe suisse de QNET, Bernhard H. Mayer\u00ae, d\u00e9montre son d\u00e9vouement \u00e0 l\u2019acte de croire en ce qui est plus grand que soi .\",\"breadcrumb\":{\"@id\":\"https:\/\/www.mediaplateforme.com\/fr\/la-marque-de-luxe-suisse-de-qnet-revele-sa-collection-de-bijoux-affirmation-de-foi\/#breadcrumb\"},\"inLanguage\":\"fr-FR\",\"potentialAction\":[{\"@type\":\"ReadAction\",\"target\":[\"https:\/\/www.mediaplateforme.com\/fr\/la-marque-de-luxe-suisse-de-qnet-revele-sa-collection-de-bijoux-affirmation-de-foi\/\"]}]},{\"@type\":\"BreadcrumbList\",\"@id\":\"https:\/\/www.mediaplateforme.com\/fr\/la-marque-de-luxe-suisse-de-qnet-revele-sa-collection-de-bijoux-affirmation-de-foi\/#breadcrumb\",\"itemListElement\":[{\"@type\":\"ListItem\",\"position\":1,\"name\":\"\u0627\u0644\u0631\u0626\u064a\u0633\u064a\u0629\",\"item\":\"https:\/\/www.mediaplateforme.com\/fr\/\"},{\"@type\":\"ListItem\",\"position\":2,\"name\":\"La marque de luxe suisse de QNET r\u00e9v\u00e8le sa collection de bijoux \u2018affirmation de foi\u2019\"}]},{\"@type\":\"WebSite\",\"@id\":\"https:\/\/www.mediaplateforme.com\/fr\/#website\",\"url\":\"https:\/\/www.mediaplateforme.com\/fr\/\",\"name\":\"MEDIA PLATEFORME | FR\",\"description\":\"Mediaplateforme sp\u00e9cialis\u00e9 dans la communication institutions publiques et des entreprises\",\"potentialAction\":[{\"@type\":\"SearchAction\",\"target\":{\"@type\":\"EntryPoint\",\"urlTemplate\":\"https:\/\/www.mediaplateforme.com\/fr\/?s={search_term_string}\"},\"query-input\":\"required name=search_term_string\"}],\"inLanguage\":\"fr-FR\"},{\"@type\":\"Person\",\"@id\":\"https:\/\/www.mediaplateforme.com\/fr\/#\/schema\/person\/89833db382b5db2c76b094bc902aa12a\",\"name\":\"Mediaplateforme\",\"image\":{\"@type\":\"ImageObject\",\"inLanguage\":\"fr-FR\",\"@id\":\"https:\/\/www.mediaplateforme.com\/fr\/#\/schema\/person\/image\/\",\"url\":\"https:\/\/secure.gravatar.com\/avatar\/6c9c02e8928cc65d54bf75157f7b3a2d06d7ad0494ca0951f679552ff03b34c1?s=96&d=mm&r=g\",\"contentUrl\":\"https:\/\/secure.gravatar.com\/avatar\/6c9c02e8928cc65d54bf75157f7b3a2d06d7ad0494ca0951f679552ff03b34c1?s=96&d=mm&r=g\",\"caption\":\"Mediaplateforme\"},\"sameAs\":[\"https:\/\/www.mediaplateforme.com\"],\"url\":\"https:\/\/www.mediaplateforme.com\/fr\/author\/mohamedladib\/\"}]}<\/script>\n<!-- \/ Yoast SEO plugin. -->","yoast_head_json":{"title":"La marque de luxe suisse de QNET r\u00e9v\u00e8le sa collection de bijoux \u2018affirmation de foi\u2019 - MEDIA PLATEFORME | FR","description":"La marque de luxe suisse de QNET, Bernhard H. Mayer\u00ae, d\u00e9montre son d\u00e9vouement \u00e0 l\u2019acte de croire en ce qui est plus grand que soi .","robots":{"index":"index","follow":"follow","max-snippet":"max-snippet:-1","max-image-preview":"max-image-preview:large","max-video-preview":"max-video-preview:-1"},"canonical":"https:\/\/www.mediaplateforme.com\/fr\/la-marque-de-luxe-suisse-de-qnet-revele-sa-collection-de-bijoux-affirmation-de-foi\/","og_locale":"fr_FR","og_type":"article","og_title":"La marque de luxe suisse de QNET r\u00e9v\u00e8le sa collection de bijoux \u2018affirmation de foi\u2019 - MEDIA PLATEFORME | FR","og_description":"La marque de luxe suisse de QNET, Bernhard H. Mayer\u00ae, d\u00e9montre son d\u00e9vouement \u00e0 l\u2019acte de croire en ce qui est plus grand que soi .","og_url":"https:\/\/www.mediaplateforme.com\/fr\/la-marque-de-luxe-suisse-de-qnet-revele-sa-collection-de-bijoux-affirmation-de-foi\/","og_site_name":"MEDIA PLATEFORME | FR","article_published_time":"2022-11-16T12:42:45+00:00","og_image":[{"width":2844,"height":1644,"url":"https:\/\/www.mediaplateforme.com\/fr\/wp-content\/uploads\/sites\/5\/2022\/11\/Amani-Pendant.png","type":"image\/png"}],"author":"Mediaplateforme","twitter_card":"summary_large_image","twitter_misc":{"\u00c9crit par":"Mediaplateforme","Dur\u00e9e de lecture estim\u00e9e":"3 minutes"},"schema":{"@context":"https:\/\/schema.org","@graph":[{"@type":"WebPage","@id":"https:\/\/www.mediaplateforme.com\/fr\/la-marque-de-luxe-suisse-de-qnet-revele-sa-collection-de-bijoux-affirmation-de-foi\/","url":"https:\/\/www.mediaplateforme.com\/fr\/la-marque-de-luxe-suisse-de-qnet-revele-sa-collection-de-bijoux-affirmation-de-foi\/","name":"La marque de luxe suisse de QNET r\u00e9v\u00e8le sa collection de bijoux \u2018affirmation de foi\u2019 - MEDIA PLATEFORME | FR","isPartOf":{"@id":"https:\/\/www.mediaplateforme.com\/fr\/#website"},"datePublished":"2022-11-16T12:42:45+00:00","dateModified":"2022-11-16T12:42:45+00:00","author":{"@id":"https:\/\/www.mediaplateforme.com\/fr\/#\/schema\/person\/89833db382b5db2c76b094bc902aa12a"},"description":"La marque de luxe suisse de QNET, Bernhard H. Mayer\u00ae, d\u00e9montre son d\u00e9vouement \u00e0 l\u2019acte de croire en ce qui est plus grand que soi .","breadcrumb":{"@id":"https:\/\/www.mediaplateforme.com\/fr\/la-marque-de-luxe-suisse-de-qnet-revele-sa-collection-de-bijoux-affirmation-de-foi\/#breadcrumb"},"inLanguage":"fr-FR","potentialAction":[{"@type":"ReadAction","target":["https:\/\/www.mediaplateforme.com\/fr\/la-marque-de-luxe-suisse-de-qnet-revele-sa-collection-de-bijoux-affirmation-de-foi\/"]}]},{"@type":"BreadcrumbList","@id":"https:\/\/www.mediaplateforme.com\/fr\/la-marque-de-luxe-suisse-de-qnet-revele-sa-collection-de-bijoux-affirmation-de-foi\/#breadcrumb","itemListElement":[{"@type":"ListItem","position":1,"name":"\u0627\u0644\u0631\u0626\u064a\u0633\u064a\u0629","item":"https:\/\/www.mediaplateforme.com\/fr\/"},{"@type":"ListItem","position":2,"name":"La marque de luxe suisse de QNET r\u00e9v\u00e8le sa collection de bijoux \u2018affirmation de foi\u2019"}]},{"@type":"WebSite","@id":"https:\/\/www.mediaplateforme.com\/fr\/#website","url":"https:\/\/www.mediaplateforme.com\/fr\/","name":"MEDIA PLATEFORME | FR","description":"Mediaplateforme sp\u00e9cialis\u00e9 dans la communication institutions publiques et des entreprises","potentialAction":[{"@type":"SearchAction","target":{"@type":"EntryPoint","urlTemplate":"https:\/\/www.mediaplateforme.com\/fr\/?s={search_term_string}"},"query-input":"required name=search_term_string"}],"inLanguage":"fr-FR"},{"@type":"Person","@id":"https:\/\/www.mediaplateforme.com\/fr\/#\/schema\/person\/89833db382b5db2c76b094bc902aa12a","name":"Mediaplateforme","image":{"@type":"ImageObject","inLanguage":"fr-FR","@id":"https:\/\/www.mediaplateforme.com\/fr\/#\/schema\/person\/image\/","url":"https:\/\/secure.gravatar.com\/avatar\/6c9c02e8928cc65d54bf75157f7b3a2d06d7ad0494ca0951f679552ff03b34c1?s=96&d=mm&r=g","contentUrl":"https:\/\/secure.gravatar.com\/avatar\/6c9c02e8928cc65d54bf75157f7b3a2d06d7ad0494ca0951f679552ff03b34c1?s=96&d=mm&r=g","caption":"Mediaplateforme"},"sameAs":["https:\/\/www.mediaplateforme.com"],"url":"https:\/\/www.mediaplateforme.com\/fr\/author\/mohamedladib\/"}]}},"_links":{"self":[{"href":"https:\/\/www.mediaplateforme.com\/fr\/wp-json\/wp\/v2\/posts\/1636","targetHints":{"allow":["GET"]}}],"collection":[{"href":"https:\/\/www.mediaplateforme.com\/fr\/wp-json\/wp\/v2\/posts"}],"about":[{"href":"https:\/\/www.mediaplateforme.com\/fr\/wp-json\/wp\/v2\/types\/post"}],"author":[{"embeddable":true,"href":"https:\/\/www.mediaplateforme.com\/fr\/wp-json\/wp\/v2\/users\/1"}],"replies":[{"embeddable":true,"href":"https:\/\/www.mediaplateforme.com\/fr\/wp-json\/wp\/v2\/comments?post=1636"}],"version-history":[{"count":1,"href":"https:\/\/www.mediaplateforme.com\/fr\/wp-json\/wp\/v2\/posts\/1636\/revisions"}],"predecessor-version":[{"id":1638,"href":"https:\/\/www.mediaplateforme.com\/fr\/wp-json\/wp\/v2\/posts\/1636\/revisions\/1638"}],"wp:featuredmedia":[{"embeddable":true,"href":"https:\/\/www.mediaplateforme.com\/fr\/wp-json\/wp\/v2\/media\/1637"}],"wp:attachment":[{"href":"https:\/\/www.mediaplateforme.com\/fr\/wp-json\/wp\/v2\/media?parent=1636"}],"wp:term":[{"taxonomy":"category","embeddable":true,"href":"https:\/\/www.mediaplateforme.com\/fr\/wp-json\/wp\/v2\/categories?post=1636"},{"taxonomy":"post_tag","embeddable":true,"href":"https:\/\/www.mediaplateforme.com\/fr\/wp-json\/wp\/v2\/tags?post=1636"}],"curies":[{"name":"wp","href":"https:\/\/api.w.org\/{rel}","templated":true}]}}