{"id":1579,"date":"2022-11-08T23:15:37","date_gmt":"2022-11-08T22:15:37","guid":{"rendered":"https:\/\/www.mediaplateforme.com\/fr\/?p=1579"},"modified":"2022-11-08T23:15:37","modified_gmt":"2022-11-08T22:15:37","slug":"maroc-ue-cloture-du-jumelage-pour-le-renforcement-des-capacites-de-regulation-du-secteur-postal","status":"publish","type":"post","link":"https:\/\/www.mediaplateforme.com\/fr\/maroc-ue-cloture-du-jumelage-pour-le-renforcement-des-capacites-de-regulation-du-secteur-postal\/","title":{"rendered":"Maroc-UE : Cl\u00f4ture du jumelage pour le renforcement des capacit\u00e9s de r\u00e9gulation du secteur postal"},"content":{"rendered":"<p>La c\u00e9r\u00e9monie de cl\u00f4ture du programme de jumelage Maroc-UE relatif au renforcement des capacit\u00e9s de r\u00e9gulation du secteur postal marocain s\u2019est tenue le mardi 8 novembre 2022, au si\u00e8ge du Minist\u00e8re de L\u2019Industrie et du Commerce, \u00e0 Rabat.<\/p>\n<p>Cette c\u00e9r\u00e9monie s\u2019est d\u00e9roul\u00e9e en pr\u00e9sence du Directeur G\u00e9n\u00e9ral de Barid Al Maghrib, M. Ahmed Amin Benjelloun Touimi, du Chef de la Coop\u00e9ration, Ministre conseiller \u00e0 l&rsquo;Union europ\u00e9enne au Maroc, M. Jean-Christophe Filori et de la Cheffe du Service \u00e9conomique r\u00e9gional \u00e0 l\u2019Ambassade de France au Maroc, Mme C\u00e9cile Humbert-Bouvier.<\/p>\n<p>Inscrit au programme de coop\u00e9ration multisectoriel \u00ab R\u00e9ussir le Statut avanc\u00e9 \u00bb (RSA), ce projet de jumelage a pour objectif de mettre en place un cadre l\u00e9gislatif et structurel de r\u00e9gulation de la poste visant la modernisation des services et une meilleure d\u00e9finition des fonctions de ce secteur (r\u00e9gulation, r\u00e9glementation et exploitation).<\/p>\n<p>Dans le cadre de ce projet de jumelage, des recommandations ont \u00e9t\u00e9 formul\u00e9es portant notamment sur la mise en place d\u2019un Observatoire d\u00e9di\u00e9 aux tendances du march\u00e9 postal et du mono-colis au Maroc. La mise en place d\u2019un M\u00e9diateur Postal a \u00e9t\u00e9 \u00e9galement recommand\u00e9e afin d\u2019offrir aux consommateurs marocains une instance de recours en cas de litige ou de dysfonctionnement lors de la r\u00e9ception d\u2019un courrier ou d\u2019un colis.<\/p>\n<p>D\u2019autre part, des ateliers de formation d\u00e9di\u00e9s au renforcement des capacit\u00e9s institutionnelles et m\u00e9thodologiques dans le domaine de la r\u00e9gulation postale ont \u00e9t\u00e9 organis\u00e9s au profit de l\u2019ensemble des parties prenantes.<\/p>\n<p>A cette occasion, M. Benjelloun Touimi a d\u00e9clar\u00e9\u00a0: \u00ab Le travail effectu\u00e9 vient \u00e0 point nomm\u00e9 pour enrichir la r\u00e9flexion autour du projet de loi relative au secteur postal et contribuer \u00e0 construire un cadre de r\u00e9gulation plus complet \u00e0 la hauteur des pratiques et standards internationaux \u00bb.\u00a0 Et d\u2019ajouter que\u00a0: \u00ab\u00a0le Minist\u00e8re de l\u2019Industrie et de Commerce s\u2019est engag\u00e9 \u00e0 r\u00e9former le march\u00e9 postal afin d\u2019en assurer un d\u00e9veloppement durable et int\u00e9gr\u00e9 et mettre en place une nouvelle organisation du secteur \u00bb.<\/p>\n<ol>\n<li>Jean-Christophe Filori a soulign\u00e9\u00a0: \u00ab\u00a0le secteur postal joue r\u00f4le crucial dans l\u2019\u00e9conomie, d\u2019autant qu\u2019il assure une mission de service universel et permet l\u2019inclusion financi\u00e8re des populations et des territoires. Et d\u2019ajouter que \u00ab\u00a0Ce jumelage, que nous cl\u00f4turons aujourd\u2019hui, a permis d\u2019\u00e9mettre des recommandations pour la mise en place d\u2019un observatoire postal et d\u2019un m\u00e9diateur postal. J\u2019esp\u00e8re que ce partenariat, de par l\u2019\u00e9change d\u2019exp\u00e9riences et d\u2019id\u00e9es qu\u2019il a suscit\u00e9, sera utile aux d\u00e9cisions des Autorit\u00e9s marocaines quant \u00e0 la formation de ces deux entit\u00e9s \u00bb.<\/li>\n<\/ol>\n<p>&nbsp;<\/p>\n<p>\u00ab Je remercie encore une fois les autorit\u00e9s marocaines et l\u2019Union europ\u00e9enne pour la mise en \u0153uvre de ce jumelage qui a constitu\u00e9 une nouvelle opportunit\u00e9 de partage et de renforcement du partenariat entre nos deux pays o\u00f9 la coop\u00e9ration en mati\u00e8re postale est forte et ancienne \u00bb a d\u00e9clar\u00e9 Mme C\u00e9cile Humbert-Bouvier<\/p>\n<p>Le Minist\u00e8re de l\u2019Industrie et du Commerce, en tant qu\u2019autorit\u00e9 de r\u00e9gulation postale au Maroc compte, parmi ses pr\u00e9rogatives phares, la r\u00e9forme du secteur en profondeur afin d\u2019en assurer une meilleure r\u00e9gulation et des prestations de services de qualit\u00e9, conformes aux normes internationales.<\/p>\n<p>Le d\u00e9veloppement du secteur postal vise notamment la poursuite du processus de d\u00e9veloppement du secteur, son ouverture graduelle \u00e0 la concurrence et le soutien du processus de convergence vers l\u2019acquis communautaire.<\/p>\n","protected":false},"excerpt":{"rendered":"<p>La c\u00e9r\u00e9monie de cl\u00f4ture du programme de jumelage Maroc-UE relatif au renforcement des capacit\u00e9s de<\/p>\n","protected":false},"author":1,"featured_media":1580,"comment_status":"open","ping_status":"open","sticky":false,"template":"","format":"standard","meta":{"_acf_changed":false,"footnotes":""},"categories":[7,3],"tags":[18,530,529],"class_list":["post-1579","post","type-post","status-publish","format-standard","has-post-thumbnail","hentry","category-articles","category-nouvelles-selectionnees","tag-maroc","tag-regulation-du-secteur-postal-marocain","tag-ue"],"acf":[],"yoast_head":"<!-- This site is optimized with the Yoast SEO plugin v22.0 - https:\/\/yoast.com\/wordpress\/plugins\/seo\/ -->\n<title>Maroc-UE : Cl\u00f4ture du jumelage pour le renforcement des capacit\u00e9s de r\u00e9gulation du secteur postal - MEDIA PLATEFORME | FR<\/title>\n<meta name=\"description\" content=\"La c\u00e9r\u00e9monie de cl\u00f4ture du programme de jumelage Maroc-UE relatif au renforcement des capacit\u00e9s de r\u00e9gulation du secteur postal marocain.\" \/>\n<meta name=\"robots\" content=\"index, follow, max-snippet:-1, max-image-preview:large, max-video-preview:-1\" \/>\n<link rel=\"canonical\" href=\"https:\/\/www.mediaplateforme.com\/fr\/maroc-ue-cloture-du-jumelage-pour-le-renforcement-des-capacites-de-regulation-du-secteur-postal\/\" \/>\n<meta property=\"og:locale\" content=\"fr_FR\" \/>\n<meta property=\"og:type\" content=\"article\" \/>\n<meta property=\"og:title\" content=\"Maroc-UE : Cl\u00f4ture du jumelage pour le renforcement des capacit\u00e9s de r\u00e9gulation du secteur postal - MEDIA PLATEFORME | FR\" \/>\n<meta property=\"og:description\" content=\"La c\u00e9r\u00e9monie de cl\u00f4ture du programme de jumelage Maroc-UE relatif au renforcement des capacit\u00e9s de r\u00e9gulation du secteur postal marocain.\" \/>\n<meta property=\"og:url\" content=\"https:\/\/www.mediaplateforme.com\/fr\/maroc-ue-cloture-du-jumelage-pour-le-renforcement-des-capacites-de-regulation-du-secteur-postal\/\" \/>\n<meta property=\"og:site_name\" content=\"MEDIA PLATEFORME | FR\" \/>\n<meta property=\"article:published_time\" content=\"2022-11-08T22:15:37+00:00\" \/>\n<meta property=\"og:image\" content=\"https:\/\/www.mediaplateforme.com\/fr\/wp-content\/uploads\/sites\/5\/2022\/11\/\u0627\u0644\u0645\u063a\u0631\u0628-\u0648\u0627\u0644\u0627\u062a\u062d\u0627\u062f-\u0627\u0644\u0623\u0648\u0631\u0628\u064a-\u0627\u062e\u062a\u062a\u0627\u0645-\u0628\u0631\u0646\u0627\u0645\u062c-\u0627\u0644\u062a\u0648\u0623\u0645\u0629-\u0644\u062a\u0639\u0632\u064a\u0632-\u0642\u062f\u0631\u0627\u062a-\u062a\u0642\u0646\u064a\u0646-\u0627\u0644\u0642\u0637\u0627\u0639-\u0627\u0644\u0628\u0631\u064a\u062f\u064a.jpeg\" \/>\n\t<meta property=\"og:image:width\" content=\"640\" \/>\n\t<meta property=\"og:image:height\" content=\"366\" \/>\n\t<meta property=\"og:image:type\" content=\"image\/jpeg\" \/>\n<meta name=\"author\" content=\"Mediaplateforme\" \/>\n<meta name=\"twitter:card\" content=\"summary_large_image\" \/>\n<meta name=\"twitter:label1\" content=\"\u00c9crit par\" \/>\n\t<meta name=\"twitter:data1\" content=\"Mediaplateforme\" \/>\n\t<meta name=\"twitter:label2\" content=\"Dur\u00e9e de lecture estim\u00e9e\" \/>\n\t<meta name=\"twitter:data2\" content=\"3 minutes\" \/>\n<script type=\"application\/ld+json\" class=\"yoast-schema-graph\">{\"@context\":\"https:\/\/schema.org\",\"@graph\":[{\"@type\":\"WebPage\",\"@id\":\"https:\/\/www.mediaplateforme.com\/fr\/maroc-ue-cloture-du-jumelage-pour-le-renforcement-des-capacites-de-regulation-du-secteur-postal\/\",\"url\":\"https:\/\/www.mediaplateforme.com\/fr\/maroc-ue-cloture-du-jumelage-pour-le-renforcement-des-capacites-de-regulation-du-secteur-postal\/\",\"name\":\"Maroc-UE : Cl\u00f4ture du jumelage pour le renforcement des capacit\u00e9s de r\u00e9gulation du secteur postal - MEDIA PLATEFORME | FR\",\"isPartOf\":{\"@id\":\"https:\/\/www.mediaplateforme.com\/fr\/#website\"},\"datePublished\":\"2022-11-08T22:15:37+00:00\",\"dateModified\":\"2022-11-08T22:15:37+00:00\",\"author\":{\"@id\":\"https:\/\/www.mediaplateforme.com\/fr\/#\/schema\/person\/89833db382b5db2c76b094bc902aa12a\"},\"description\":\"La c\u00e9r\u00e9monie de cl\u00f4ture du programme de jumelage Maroc-UE relatif au renforcement des capacit\u00e9s de r\u00e9gulation du secteur postal marocain.\",\"breadcrumb\":{\"@id\":\"https:\/\/www.mediaplateforme.com\/fr\/maroc-ue-cloture-du-jumelage-pour-le-renforcement-des-capacites-de-regulation-du-secteur-postal\/#breadcrumb\"},\"inLanguage\":\"fr-FR\",\"potentialAction\":[{\"@type\":\"ReadAction\",\"target\":[\"https:\/\/www.mediaplateforme.com\/fr\/maroc-ue-cloture-du-jumelage-pour-le-renforcement-des-capacites-de-regulation-du-secteur-postal\/\"]}]},{\"@type\":\"BreadcrumbList\",\"@id\":\"https:\/\/www.mediaplateforme.com\/fr\/maroc-ue-cloture-du-jumelage-pour-le-renforcement-des-capacites-de-regulation-du-secteur-postal\/#breadcrumb\",\"itemListElement\":[{\"@type\":\"ListItem\",\"position\":1,\"name\":\"\u0627\u0644\u0631\u0626\u064a\u0633\u064a\u0629\",\"item\":\"https:\/\/www.mediaplateforme.com\/fr\/\"},{\"@type\":\"ListItem\",\"position\":2,\"name\":\"Maroc-UE : Cl\u00f4ture du jumelage pour le renforcement des capacit\u00e9s de r\u00e9gulation du secteur postal\"}]},{\"@type\":\"WebSite\",\"@id\":\"https:\/\/www.mediaplateforme.com\/fr\/#website\",\"url\":\"https:\/\/www.mediaplateforme.com\/fr\/\",\"name\":\"MEDIA PLATEFORME | FR\",\"description\":\"Mediaplateforme sp\u00e9cialis\u00e9 dans la communication institutions publiques et des entreprises\",\"potentialAction\":[{\"@type\":\"SearchAction\",\"target\":{\"@type\":\"EntryPoint\",\"urlTemplate\":\"https:\/\/www.mediaplateforme.com\/fr\/?s={search_term_string}\"},\"query-input\":\"required name=search_term_string\"}],\"inLanguage\":\"fr-FR\"},{\"@type\":\"Person\",\"@id\":\"https:\/\/www.mediaplateforme.com\/fr\/#\/schema\/person\/89833db382b5db2c76b094bc902aa12a\",\"name\":\"Mediaplateforme\",\"image\":{\"@type\":\"ImageObject\",\"inLanguage\":\"fr-FR\",\"@id\":\"https:\/\/www.mediaplateforme.com\/fr\/#\/schema\/person\/image\/\",\"url\":\"https:\/\/secure.gravatar.com\/avatar\/6c9c02e8928cc65d54bf75157f7b3a2d06d7ad0494ca0951f679552ff03b34c1?s=96&d=mm&r=g\",\"contentUrl\":\"https:\/\/secure.gravatar.com\/avatar\/6c9c02e8928cc65d54bf75157f7b3a2d06d7ad0494ca0951f679552ff03b34c1?s=96&d=mm&r=g\",\"caption\":\"Mediaplateforme\"},\"sameAs\":[\"https:\/\/www.mediaplateforme.com\"],\"url\":\"https:\/\/www.mediaplateforme.com\/fr\/author\/mohamedladib\/\"}]}<\/script>\n<!-- \/ Yoast SEO plugin. -->","yoast_head_json":{"title":"Maroc-UE : Cl\u00f4ture du jumelage pour le renforcement des capacit\u00e9s de r\u00e9gulation du secteur postal - MEDIA PLATEFORME | FR","description":"La c\u00e9r\u00e9monie de cl\u00f4ture du programme de jumelage Maroc-UE relatif au renforcement des capacit\u00e9s de r\u00e9gulation du secteur postal marocain.","robots":{"index":"index","follow":"follow","max-snippet":"max-snippet:-1","max-image-preview":"max-image-preview:large","max-video-preview":"max-video-preview:-1"},"canonical":"https:\/\/www.mediaplateforme.com\/fr\/maroc-ue-cloture-du-jumelage-pour-le-renforcement-des-capacites-de-regulation-du-secteur-postal\/","og_locale":"fr_FR","og_type":"article","og_title":"Maroc-UE : Cl\u00f4ture du jumelage pour le renforcement des capacit\u00e9s de r\u00e9gulation du secteur postal - MEDIA PLATEFORME | FR","og_description":"La c\u00e9r\u00e9monie de cl\u00f4ture du programme de jumelage Maroc-UE relatif au renforcement des capacit\u00e9s de r\u00e9gulation du secteur postal marocain.","og_url":"https:\/\/www.mediaplateforme.com\/fr\/maroc-ue-cloture-du-jumelage-pour-le-renforcement-des-capacites-de-regulation-du-secteur-postal\/","og_site_name":"MEDIA PLATEFORME | FR","article_published_time":"2022-11-08T22:15:37+00:00","og_image":[{"width":640,"height":366,"url":"https:\/\/www.mediaplateforme.com\/fr\/wp-content\/uploads\/sites\/5\/2022\/11\/\u0627\u0644\u0645\u063a\u0631\u0628-\u0648\u0627\u0644\u0627\u062a\u062d\u0627\u062f-\u0627\u0644\u0623\u0648\u0631\u0628\u064a-\u0627\u062e\u062a\u062a\u0627\u0645-\u0628\u0631\u0646\u0627\u0645\u062c-\u0627\u0644\u062a\u0648\u0623\u0645\u0629-\u0644\u062a\u0639\u0632\u064a\u0632-\u0642\u062f\u0631\u0627\u062a-\u062a\u0642\u0646\u064a\u0646-\u0627\u0644\u0642\u0637\u0627\u0639-\u0627\u0644\u0628\u0631\u064a\u062f\u064a.jpeg","type":"image\/jpeg"}],"author":"Mediaplateforme","twitter_card":"summary_large_image","twitter_misc":{"\u00c9crit par":"Mediaplateforme","Dur\u00e9e de lecture estim\u00e9e":"3 minutes"},"schema":{"@context":"https:\/\/schema.org","@graph":[{"@type":"WebPage","@id":"https:\/\/www.mediaplateforme.com\/fr\/maroc-ue-cloture-du-jumelage-pour-le-renforcement-des-capacites-de-regulation-du-secteur-postal\/","url":"https:\/\/www.mediaplateforme.com\/fr\/maroc-ue-cloture-du-jumelage-pour-le-renforcement-des-capacites-de-regulation-du-secteur-postal\/","name":"Maroc-UE : Cl\u00f4ture du jumelage pour le renforcement des capacit\u00e9s de r\u00e9gulation du secteur postal - MEDIA PLATEFORME | FR","isPartOf":{"@id":"https:\/\/www.mediaplateforme.com\/fr\/#website"},"datePublished":"2022-11-08T22:15:37+00:00","dateModified":"2022-11-08T22:15:37+00:00","author":{"@id":"https:\/\/www.mediaplateforme.com\/fr\/#\/schema\/person\/89833db382b5db2c76b094bc902aa12a"},"description":"La c\u00e9r\u00e9monie de cl\u00f4ture du programme de jumelage Maroc-UE relatif au renforcement des capacit\u00e9s de r\u00e9gulation du secteur postal marocain.","breadcrumb":{"@id":"https:\/\/www.mediaplateforme.com\/fr\/maroc-ue-cloture-du-jumelage-pour-le-renforcement-des-capacites-de-regulation-du-secteur-postal\/#breadcrumb"},"inLanguage":"fr-FR","potentialAction":[{"@type":"ReadAction","target":["https:\/\/www.mediaplateforme.com\/fr\/maroc-ue-cloture-du-jumelage-pour-le-renforcement-des-capacites-de-regulation-du-secteur-postal\/"]}]},{"@type":"BreadcrumbList","@id":"https:\/\/www.mediaplateforme.com\/fr\/maroc-ue-cloture-du-jumelage-pour-le-renforcement-des-capacites-de-regulation-du-secteur-postal\/#breadcrumb","itemListElement":[{"@type":"ListItem","position":1,"name":"\u0627\u0644\u0631\u0626\u064a\u0633\u064a\u0629","item":"https:\/\/www.mediaplateforme.com\/fr\/"},{"@type":"ListItem","position":2,"name":"Maroc-UE : Cl\u00f4ture du jumelage pour le renforcement des capacit\u00e9s de r\u00e9gulation du secteur postal"}]},{"@type":"WebSite","@id":"https:\/\/www.mediaplateforme.com\/fr\/#website","url":"https:\/\/www.mediaplateforme.com\/fr\/","name":"MEDIA PLATEFORME | FR","description":"Mediaplateforme sp\u00e9cialis\u00e9 dans la communication institutions publiques et des entreprises","potentialAction":[{"@type":"SearchAction","target":{"@type":"EntryPoint","urlTemplate":"https:\/\/www.mediaplateforme.com\/fr\/?s={search_term_string}"},"query-input":"required name=search_term_string"}],"inLanguage":"fr-FR"},{"@type":"Person","@id":"https:\/\/www.mediaplateforme.com\/fr\/#\/schema\/person\/89833db382b5db2c76b094bc902aa12a","name":"Mediaplateforme","image":{"@type":"ImageObject","inLanguage":"fr-FR","@id":"https:\/\/www.mediaplateforme.com\/fr\/#\/schema\/person\/image\/","url":"https:\/\/secure.gravatar.com\/avatar\/6c9c02e8928cc65d54bf75157f7b3a2d06d7ad0494ca0951f679552ff03b34c1?s=96&d=mm&r=g","contentUrl":"https:\/\/secure.gravatar.com\/avatar\/6c9c02e8928cc65d54bf75157f7b3a2d06d7ad0494ca0951f679552ff03b34c1?s=96&d=mm&r=g","caption":"Mediaplateforme"},"sameAs":["https:\/\/www.mediaplateforme.com"],"url":"https:\/\/www.mediaplateforme.com\/fr\/author\/mohamedladib\/"}]}},"_links":{"self":[{"href":"https:\/\/www.mediaplateforme.com\/fr\/wp-json\/wp\/v2\/posts\/1579","targetHints":{"allow":["GET"]}}],"collection":[{"href":"https:\/\/www.mediaplateforme.com\/fr\/wp-json\/wp\/v2\/posts"}],"about":[{"href":"https:\/\/www.mediaplateforme.com\/fr\/wp-json\/wp\/v2\/types\/post"}],"author":[{"embeddable":true,"href":"https:\/\/www.mediaplateforme.com\/fr\/wp-json\/wp\/v2\/users\/1"}],"replies":[{"embeddable":true,"href":"https:\/\/www.mediaplateforme.com\/fr\/wp-json\/wp\/v2\/comments?post=1579"}],"version-history":[{"count":1,"href":"https:\/\/www.mediaplateforme.com\/fr\/wp-json\/wp\/v2\/posts\/1579\/revisions"}],"predecessor-version":[{"id":1581,"href":"https:\/\/www.mediaplateforme.com\/fr\/wp-json\/wp\/v2\/posts\/1579\/revisions\/1581"}],"wp:featuredmedia":[{"embeddable":true,"href":"https:\/\/www.mediaplateforme.com\/fr\/wp-json\/wp\/v2\/media\/1580"}],"wp:attachment":[{"href":"https:\/\/www.mediaplateforme.com\/fr\/wp-json\/wp\/v2\/media?parent=1579"}],"wp:term":[{"taxonomy":"category","embeddable":true,"href":"https:\/\/www.mediaplateforme.com\/fr\/wp-json\/wp\/v2\/categories?post=1579"},{"taxonomy":"post_tag","embeddable":true,"href":"https:\/\/www.mediaplateforme.com\/fr\/wp-json\/wp\/v2\/tags?post=1579"}],"curies":[{"name":"wp","href":"https:\/\/api.w.org\/{rel}","templated":true}]}}