{"id":1558,"date":"2022-11-07T13:20:48","date_gmt":"2022-11-07T12:20:48","guid":{"rendered":"https:\/\/www.mediaplateforme.com\/fr\/?p=1558"},"modified":"2022-11-07T13:20:48","modified_gmt":"2022-11-07T12:20:48","slug":"cetaphil-celebre-75-ans-de-succes-dans-le-monde-des-soins-pour-peaux-sensibles","status":"publish","type":"post","link":"https:\/\/www.mediaplateforme.com\/fr\/cetaphil-celebre-75-ans-de-succes-dans-le-monde-des-soins-pour-peaux-sensibles\/","title":{"rendered":"Cetaphil\u00ae c\u00e9l\u00e8bre 75 ans de succ\u00e8s dans le monde des soins pour peaux sensibles"},"content":{"rendered":"<h3>La seule marque d\u00e9di\u00e9e aux besoins des peaux sensibles depuis plus de 75 ans comm\u00e9more l&rsquo;occasion avec une nouvelle campagne mondiale et des engagements d\u2019inclusion.<\/h3>\n<p>Cetaphil, la marque embl\u00e9matique de soins pour peaux sensibles recommand\u00e9e par les dermatologues et appartenant au leader de la dermatologie Galderma, f\u00eate son 75\u00e8me anniversaire ce mois-ci en annon\u00e7ant son engagement \u00e0 am\u00e9liorer l&rsquo;inclusion au service de la dermatologie et \u00e0 renforcer l&rsquo;autonomie des personnes ayant une peau sensible.<\/p>\n<p>\u00ab\u00a0Depuis 75 ans, notre seul objectif a \u00e9t\u00e9 d&rsquo;utiliser la science pour comprendre et traiter les besoins uniques des peaux sensibles. Tout au long de notre histoire et alors que nous nous tournons vers l&rsquo;avenir, nous allons continuer de repousser les limites de l&rsquo;innovation et de la recherche pour offrir ce qu&rsquo;il y a de mieux \u00e0 nos consommateurs. Nous continuerons \u00e0 donner la priorit\u00e9 aux initiatives qui transforment la fa\u00e7on dont les peaux sensibles sont repr\u00e9sent\u00e9es, comprises et trait\u00e9es.\u00a0\u00bb<\/p>\n<p>WALTER GEIGER<\/p>\n<h4>RESPONSABLE DE LA DIVISION MONDIALE GRAND PUBLIC, GALDERMA<\/h4>\n<p>Marque phare du portefeuille de Galderma, Cetaphil a le plaisir de d\u00e9voiler plusieurs nouvelles initiatives qui contribueront \u00e0 fa\u00e7onner la communication et la compr\u00e9hension des peaux sensibles dans le monde entier, au fur et \u00e0 mesure que la marque se tourne vers l&rsquo;avenir :<\/p>\n<h4>UN ENGAGEMENT EN FAVEUR DE L&rsquo;INCLUSIVIT\u00c9 EN DERMATOLOGIE<\/h4>\n<p>Les structures actuelles au sein des \u00e9tablissements de soins de sant\u00e9, des institutions universitaires et de la soci\u00e9t\u00e9 en g\u00e9n\u00e9ral ont entra\u00een\u00e9 des in\u00e9galit\u00e9s dans les soins dermatologiques et, plus particuli\u00e8rement, dans le traitement des peaux de couleur &#8211; qu&rsquo;il s&rsquo;agisse de la mani\u00e8re dont la peau est repr\u00e9sent\u00e9e et \u00e9tudi\u00e9e ou de la formation des m\u00e9decins. Les affections cutan\u00e9es ont souvent des manifestations uniques en fonction de la couleur de la peau. Et le manque de formation au sujet de la peau de couleur peut conduire \u00e0 des diagnostics tardifs ou erron\u00e9s.<\/p>\n<p>Par le biais d&rsquo;un certain nombre d&rsquo;initiatives, Cetaphil s&rsquo;engage \u00e0 mettre en place un mouvement visant \u00e0 accro\u00eetre les comp\u00e9tences acad\u00e9miques, professionnelles et culturelles dans le domaine de la dermatologie afin d&rsquo;\u00e9liminer les lacunes dans le traitement de toutes les peaux sensibles. Dans la premi\u00e8re phase, Cetaphil inclut :<\/p>\n<p>&#8211; Une formation acad\u00e9mique : Cetaphil soutient la distribution de The Full Spectrum of Dermatology : A Diverse and Inclusive Atlas, Volume 2. Cette ressource compl\u00e8te aide les m\u00e9decins \u00e0 reconna\u00eetre les pr\u00e9sentations cliniques des maladies de la peau sur les diff\u00e9rentes carnations. Dirig\u00e9 par les co-auteurs Misty Eleryan, MD, MS et Adam Friedman, MD, l&rsquo;Atlas fournit des images c\u00f4te \u00e0 c\u00f4te et \u00e0 haute r\u00e9solution des conditions dermatologiques les plus courantes dans un spectre complet de carnations afin que les dermatologues du monde entier soient \u00e9quip\u00e9s pour diagnostiquer et traiter toutes les peaux.<\/p>\n<p>&#8211; Des essais cliniques Cetaphil : L&rsquo;inclusion globale des minorit\u00e9s dans les essais cliniques est rest\u00e9e inchang\u00e9e au cours de la derni\u00e8re d\u00e9cennie. Cetaphil vise \u00e0 \u00e9tablir une nouvelle norme mondiale en mati\u00e8re d&rsquo;essais cliniques sur les soins de la peau afin de modifier la dynamique de l&rsquo;ensemble du secteur pour que ces essais soient plus repr\u00e9sentatifs des diverses carnations. L&rsquo;objectif de la marque est d&rsquo;augmenter le nombre de sujets cliniques Cetaphil ayant une peau de couleur de 26% \u00e0 ~40% au niveau mondial d&rsquo;ici 2024.<\/p>\n<p>&nbsp;<\/p>\n<h4>Nouvelle campagne mondiale<\/h4>\n<p>Pour marquer l&rsquo;occasion, une refonte compl\u00e8te de la marque culmine avec le lancement d&rsquo;une nouvelle campagne mondiale, \u00c0 NOUS LA PEAU. \u00c0 VOUS LA VIE. Des \u00e9tudes montrent que de nombreux consommateurs r\u00e9fl\u00e9chissent \u00e0 deux fois avant de s&rsquo;adonner \u00e0 des activit\u00e9s quotidiennes qu&rsquo;ils appr\u00e9cient, ou \u00e9vitent compl\u00e8tement de le faire, de peur que leur peau ne r\u00e9agisse ou ne s&rsquo;enflamme. La nouvelle campagne de Cetaphil &#8211; lanc\u00e9e \u00e0 l&rsquo;\u00e9chelle mondiale \u00e0 travers l&rsquo;ensemble du marketing mix &#8211; a \u00e9t\u00e9 cr\u00e9\u00e9e pour permettre aux personnes \u00e0 la peau sensible de faire davantage de choses qu&rsquo;elles aiment sans h\u00e9sitation.<\/p>\n<p>Fond\u00e9e sur un engagement ferme \u00e0 faire progresser la science de la peau sensible, Cetaphil continue \u00e0 fournir des solutions de pointe recommand\u00e9es par les dermatologues gr\u00e2ce \u00e0 de nouveaux efforts en mati\u00e8re de d\u00e9couverte scientifique, d&rsquo;\u00e9ducation et d&rsquo;inclusion.<\/p>\n<p>D\u00e9velopp\u00e9 en 1947 par un pharmacien pionnier du Texas, aux \u00c9tats-Unis, Cetaphil a commenc\u00e9 avec un seul produit : la \u00ab\u00a0Cetaphil Cleansing Lotion\u00a0\u00bb, con\u00e7ue sp\u00e9cifiquement pour traiter les patients \u00e0 la peau sensible. Aujourd&rsquo;hui connu sous le nom de Gentle Skin Cleanser, ce produit embl\u00e9matique continue d&rsquo;\u00eatre un best-seller mondial. Au cours des sept derni\u00e8res d\u00e9cennies, le portefeuille de Cetaphil a \u00e9volu\u00e9 pour r\u00e9pondre \u00e0 une vari\u00e9t\u00e9 de besoins complexes en mati\u00e8re de peau sensible : nettoyants, hydratants, protection solaire et les solutions pour les affections cutan\u00e9es telles que l&rsquo;ecz\u00e9ma et l&rsquo;acn\u00e9. L&rsquo;innovation en mati\u00e8re de produits reste au c\u0153ur de la marque, avec le lancement de 7 nouveaux produits rien qu&rsquo;en 2022.<\/p>\n","protected":false},"excerpt":{"rendered":"<p>La seule marque d\u00e9di\u00e9e aux besoins des peaux sensibles depuis plus de 75 ans comm\u00e9more<\/p>\n","protected":false},"author":1,"featured_media":1559,"comment_status":"open","ping_status":"open","sticky":false,"template":"","format":"standard","meta":{"_acf_changed":false,"footnotes":""},"categories":[4,3],"tags":[520],"class_list":["post-1558","post","type-post","status-publish","format-standard","has-post-thumbnail","hentry","category-economie","category-nouvelles-selectionnees","tag-cetaphil"],"acf":[],"yoast_head":"<!-- This site is optimized with the Yoast SEO plugin v22.0 - https:\/\/yoast.com\/wordpress\/plugins\/seo\/ -->\n<title>Cetaphil\u00ae c\u00e9l\u00e8bre 75 ans de succ\u00e8s dans le monde des soins pour peaux sensibles - MEDIA PLATEFORME | FR<\/title>\n<meta name=\"description\" content=\"Cetaphil, la marque embl\u00e9matique de soins pour peaux sensibles recommand\u00e9e par les dermatologues et appartenant au leader de la\" \/>\n<meta name=\"robots\" content=\"index, follow, max-snippet:-1, max-image-preview:large, max-video-preview:-1\" \/>\n<link rel=\"canonical\" href=\"https:\/\/www.mediaplateforme.com\/fr\/cetaphil-celebre-75-ans-de-succes-dans-le-monde-des-soins-pour-peaux-sensibles\/\" \/>\n<meta property=\"og:locale\" content=\"fr_FR\" \/>\n<meta property=\"og:type\" content=\"article\" \/>\n<meta property=\"og:title\" content=\"Cetaphil\u00ae c\u00e9l\u00e8bre 75 ans de succ\u00e8s dans le monde des soins pour peaux sensibles - MEDIA PLATEFORME | FR\" \/>\n<meta property=\"og:description\" content=\"Cetaphil, la marque embl\u00e9matique de soins pour peaux sensibles recommand\u00e9e par les dermatologues et appartenant au leader de la\" \/>\n<meta property=\"og:url\" content=\"https:\/\/www.mediaplateforme.com\/fr\/cetaphil-celebre-75-ans-de-succes-dans-le-monde-des-soins-pour-peaux-sensibles\/\" \/>\n<meta property=\"og:site_name\" content=\"MEDIA PLATEFORME | FR\" \/>\n<meta property=\"article:published_time\" content=\"2022-11-07T12:20:48+00:00\" \/>\n<meta property=\"og:image\" content=\"https:\/\/www.mediaplateforme.com\/fr\/wp-content\/uploads\/sites\/5\/2022\/11\/visuel-cetaphil-moisturizing-cream-scaled.jpeg\" \/>\n\t<meta property=\"og:image:width\" content=\"2560\" \/>\n\t<meta property=\"og:image:height\" content=\"2560\" \/>\n\t<meta property=\"og:image:type\" content=\"image\/jpeg\" \/>\n<meta name=\"author\" content=\"Mediaplateforme\" \/>\n<meta name=\"twitter:card\" content=\"summary_large_image\" \/>\n<meta name=\"twitter:label1\" content=\"\u00c9crit par\" \/>\n\t<meta name=\"twitter:data1\" content=\"Mediaplateforme\" \/>\n\t<meta name=\"twitter:label2\" content=\"Dur\u00e9e de lecture estim\u00e9e\" \/>\n\t<meta name=\"twitter:data2\" content=\"4 minutes\" \/>\n<script type=\"application\/ld+json\" class=\"yoast-schema-graph\">{\"@context\":\"https:\/\/schema.org\",\"@graph\":[{\"@type\":\"WebPage\",\"@id\":\"https:\/\/www.mediaplateforme.com\/fr\/cetaphil-celebre-75-ans-de-succes-dans-le-monde-des-soins-pour-peaux-sensibles\/\",\"url\":\"https:\/\/www.mediaplateforme.com\/fr\/cetaphil-celebre-75-ans-de-succes-dans-le-monde-des-soins-pour-peaux-sensibles\/\",\"name\":\"Cetaphil\u00ae c\u00e9l\u00e8bre 75 ans de succ\u00e8s dans le monde des soins pour peaux sensibles - MEDIA PLATEFORME | FR\",\"isPartOf\":{\"@id\":\"https:\/\/www.mediaplateforme.com\/fr\/#website\"},\"datePublished\":\"2022-11-07T12:20:48+00:00\",\"dateModified\":\"2022-11-07T12:20:48+00:00\",\"author\":{\"@id\":\"https:\/\/www.mediaplateforme.com\/fr\/#\/schema\/person\/89833db382b5db2c76b094bc902aa12a\"},\"description\":\"Cetaphil, la marque embl\u00e9matique de soins pour peaux sensibles recommand\u00e9e par les dermatologues et appartenant au leader de la\",\"breadcrumb\":{\"@id\":\"https:\/\/www.mediaplateforme.com\/fr\/cetaphil-celebre-75-ans-de-succes-dans-le-monde-des-soins-pour-peaux-sensibles\/#breadcrumb\"},\"inLanguage\":\"fr-FR\",\"potentialAction\":[{\"@type\":\"ReadAction\",\"target\":[\"https:\/\/www.mediaplateforme.com\/fr\/cetaphil-celebre-75-ans-de-succes-dans-le-monde-des-soins-pour-peaux-sensibles\/\"]}]},{\"@type\":\"BreadcrumbList\",\"@id\":\"https:\/\/www.mediaplateforme.com\/fr\/cetaphil-celebre-75-ans-de-succes-dans-le-monde-des-soins-pour-peaux-sensibles\/#breadcrumb\",\"itemListElement\":[{\"@type\":\"ListItem\",\"position\":1,\"name\":\"\u0627\u0644\u0631\u0626\u064a\u0633\u064a\u0629\",\"item\":\"https:\/\/www.mediaplateforme.com\/fr\/\"},{\"@type\":\"ListItem\",\"position\":2,\"name\":\"Cetaphil\u00ae c\u00e9l\u00e8bre 75 ans de succ\u00e8s dans le monde des soins pour peaux sensibles\"}]},{\"@type\":\"WebSite\",\"@id\":\"https:\/\/www.mediaplateforme.com\/fr\/#website\",\"url\":\"https:\/\/www.mediaplateforme.com\/fr\/\",\"name\":\"MEDIA PLATEFORME | FR\",\"description\":\"Mediaplateforme sp\u00e9cialis\u00e9 dans la communication institutions publiques et des entreprises\",\"potentialAction\":[{\"@type\":\"SearchAction\",\"target\":{\"@type\":\"EntryPoint\",\"urlTemplate\":\"https:\/\/www.mediaplateforme.com\/fr\/?s={search_term_string}\"},\"query-input\":\"required name=search_term_string\"}],\"inLanguage\":\"fr-FR\"},{\"@type\":\"Person\",\"@id\":\"https:\/\/www.mediaplateforme.com\/fr\/#\/schema\/person\/89833db382b5db2c76b094bc902aa12a\",\"name\":\"Mediaplateforme\",\"image\":{\"@type\":\"ImageObject\",\"inLanguage\":\"fr-FR\",\"@id\":\"https:\/\/www.mediaplateforme.com\/fr\/#\/schema\/person\/image\/\",\"url\":\"https:\/\/secure.gravatar.com\/avatar\/6c9c02e8928cc65d54bf75157f7b3a2d06d7ad0494ca0951f679552ff03b34c1?s=96&d=mm&r=g\",\"contentUrl\":\"https:\/\/secure.gravatar.com\/avatar\/6c9c02e8928cc65d54bf75157f7b3a2d06d7ad0494ca0951f679552ff03b34c1?s=96&d=mm&r=g\",\"caption\":\"Mediaplateforme\"},\"sameAs\":[\"https:\/\/www.mediaplateforme.com\"],\"url\":\"https:\/\/www.mediaplateforme.com\/fr\/author\/mohamedladib\/\"}]}<\/script>\n<!-- \/ Yoast SEO plugin. -->","yoast_head_json":{"title":"Cetaphil\u00ae c\u00e9l\u00e8bre 75 ans de succ\u00e8s dans le monde des soins pour peaux sensibles - MEDIA PLATEFORME | FR","description":"Cetaphil, la marque embl\u00e9matique de soins pour peaux sensibles recommand\u00e9e par les dermatologues et appartenant au leader de la","robots":{"index":"index","follow":"follow","max-snippet":"max-snippet:-1","max-image-preview":"max-image-preview:large","max-video-preview":"max-video-preview:-1"},"canonical":"https:\/\/www.mediaplateforme.com\/fr\/cetaphil-celebre-75-ans-de-succes-dans-le-monde-des-soins-pour-peaux-sensibles\/","og_locale":"fr_FR","og_type":"article","og_title":"Cetaphil\u00ae c\u00e9l\u00e8bre 75 ans de succ\u00e8s dans le monde des soins pour peaux sensibles - MEDIA PLATEFORME | FR","og_description":"Cetaphil, la marque embl\u00e9matique de soins pour peaux sensibles recommand\u00e9e par les dermatologues et appartenant au leader de la","og_url":"https:\/\/www.mediaplateforme.com\/fr\/cetaphil-celebre-75-ans-de-succes-dans-le-monde-des-soins-pour-peaux-sensibles\/","og_site_name":"MEDIA PLATEFORME | FR","article_published_time":"2022-11-07T12:20:48+00:00","og_image":[{"width":2560,"height":2560,"url":"https:\/\/www.mediaplateforme.com\/fr\/wp-content\/uploads\/sites\/5\/2022\/11\/visuel-cetaphil-moisturizing-cream-scaled.jpeg","type":"image\/jpeg"}],"author":"Mediaplateforme","twitter_card":"summary_large_image","twitter_misc":{"\u00c9crit par":"Mediaplateforme","Dur\u00e9e de lecture estim\u00e9e":"4 minutes"},"schema":{"@context":"https:\/\/schema.org","@graph":[{"@type":"WebPage","@id":"https:\/\/www.mediaplateforme.com\/fr\/cetaphil-celebre-75-ans-de-succes-dans-le-monde-des-soins-pour-peaux-sensibles\/","url":"https:\/\/www.mediaplateforme.com\/fr\/cetaphil-celebre-75-ans-de-succes-dans-le-monde-des-soins-pour-peaux-sensibles\/","name":"Cetaphil\u00ae c\u00e9l\u00e8bre 75 ans de succ\u00e8s dans le monde des soins pour peaux sensibles - MEDIA PLATEFORME | FR","isPartOf":{"@id":"https:\/\/www.mediaplateforme.com\/fr\/#website"},"datePublished":"2022-11-07T12:20:48+00:00","dateModified":"2022-11-07T12:20:48+00:00","author":{"@id":"https:\/\/www.mediaplateforme.com\/fr\/#\/schema\/person\/89833db382b5db2c76b094bc902aa12a"},"description":"Cetaphil, la marque embl\u00e9matique de soins pour peaux sensibles recommand\u00e9e par les dermatologues et appartenant au leader de la","breadcrumb":{"@id":"https:\/\/www.mediaplateforme.com\/fr\/cetaphil-celebre-75-ans-de-succes-dans-le-monde-des-soins-pour-peaux-sensibles\/#breadcrumb"},"inLanguage":"fr-FR","potentialAction":[{"@type":"ReadAction","target":["https:\/\/www.mediaplateforme.com\/fr\/cetaphil-celebre-75-ans-de-succes-dans-le-monde-des-soins-pour-peaux-sensibles\/"]}]},{"@type":"BreadcrumbList","@id":"https:\/\/www.mediaplateforme.com\/fr\/cetaphil-celebre-75-ans-de-succes-dans-le-monde-des-soins-pour-peaux-sensibles\/#breadcrumb","itemListElement":[{"@type":"ListItem","position":1,"name":"\u0627\u0644\u0631\u0626\u064a\u0633\u064a\u0629","item":"https:\/\/www.mediaplateforme.com\/fr\/"},{"@type":"ListItem","position":2,"name":"Cetaphil\u00ae c\u00e9l\u00e8bre 75 ans de succ\u00e8s dans le monde des soins pour peaux sensibles"}]},{"@type":"WebSite","@id":"https:\/\/www.mediaplateforme.com\/fr\/#website","url":"https:\/\/www.mediaplateforme.com\/fr\/","name":"MEDIA PLATEFORME | FR","description":"Mediaplateforme sp\u00e9cialis\u00e9 dans la communication institutions publiques et des entreprises","potentialAction":[{"@type":"SearchAction","target":{"@type":"EntryPoint","urlTemplate":"https:\/\/www.mediaplateforme.com\/fr\/?s={search_term_string}"},"query-input":"required name=search_term_string"}],"inLanguage":"fr-FR"},{"@type":"Person","@id":"https:\/\/www.mediaplateforme.com\/fr\/#\/schema\/person\/89833db382b5db2c76b094bc902aa12a","name":"Mediaplateforme","image":{"@type":"ImageObject","inLanguage":"fr-FR","@id":"https:\/\/www.mediaplateforme.com\/fr\/#\/schema\/person\/image\/","url":"https:\/\/secure.gravatar.com\/avatar\/6c9c02e8928cc65d54bf75157f7b3a2d06d7ad0494ca0951f679552ff03b34c1?s=96&d=mm&r=g","contentUrl":"https:\/\/secure.gravatar.com\/avatar\/6c9c02e8928cc65d54bf75157f7b3a2d06d7ad0494ca0951f679552ff03b34c1?s=96&d=mm&r=g","caption":"Mediaplateforme"},"sameAs":["https:\/\/www.mediaplateforme.com"],"url":"https:\/\/www.mediaplateforme.com\/fr\/author\/mohamedladib\/"}]}},"_links":{"self":[{"href":"https:\/\/www.mediaplateforme.com\/fr\/wp-json\/wp\/v2\/posts\/1558","targetHints":{"allow":["GET"]}}],"collection":[{"href":"https:\/\/www.mediaplateforme.com\/fr\/wp-json\/wp\/v2\/posts"}],"about":[{"href":"https:\/\/www.mediaplateforme.com\/fr\/wp-json\/wp\/v2\/types\/post"}],"author":[{"embeddable":true,"href":"https:\/\/www.mediaplateforme.com\/fr\/wp-json\/wp\/v2\/users\/1"}],"replies":[{"embeddable":true,"href":"https:\/\/www.mediaplateforme.com\/fr\/wp-json\/wp\/v2\/comments?post=1558"}],"version-history":[{"count":1,"href":"https:\/\/www.mediaplateforme.com\/fr\/wp-json\/wp\/v2\/posts\/1558\/revisions"}],"predecessor-version":[{"id":1560,"href":"https:\/\/www.mediaplateforme.com\/fr\/wp-json\/wp\/v2\/posts\/1558\/revisions\/1560"}],"wp:featuredmedia":[{"embeddable":true,"href":"https:\/\/www.mediaplateforme.com\/fr\/wp-json\/wp\/v2\/media\/1559"}],"wp:attachment":[{"href":"https:\/\/www.mediaplateforme.com\/fr\/wp-json\/wp\/v2\/media?parent=1558"}],"wp:term":[{"taxonomy":"category","embeddable":true,"href":"https:\/\/www.mediaplateforme.com\/fr\/wp-json\/wp\/v2\/categories?post=1558"},{"taxonomy":"post_tag","embeddable":true,"href":"https:\/\/www.mediaplateforme.com\/fr\/wp-json\/wp\/v2\/tags?post=1558"}],"curies":[{"name":"wp","href":"https:\/\/api.w.org\/{rel}","templated":true}]}}