{"id":1555,"date":"2022-11-07T13:12:16","date_gmt":"2022-11-07T12:12:16","guid":{"rendered":"https:\/\/www.mediaplateforme.com\/fr\/?p=1555"},"modified":"2022-11-07T13:30:40","modified_gmt":"2022-11-07T12:30:40","slug":"costa-coffee","status":"publish","type":"post","link":"https:\/\/www.mediaplateforme.com\/fr\/costa-coffee\/","title":{"rendered":"Costa Coffee ouvre son premier magasin au Maroc"},"content":{"rendered":"<p>Costa Coffee d\u00e9barque enfin au Maroc ! Le premier magasin de la c\u00e9l\u00e8bre marque qui se sp\u00e9cialise en caf\u00e9 premium, a ouvert ses portes ce 3 Novembre \u00e0 Marrakech. L\u2019enseigne de renom a pignon sur rue au sein du Menara Mall, l&rsquo;un des plus grands centres commerciaux de la ville ocre. Et ce n&rsquo;est que le d\u00e9but puisqu\u2019un autre magasin Costa Coffee est pr\u00e9vu plus tard \u00e0 Casablanca ! Au menu, une incroyable panoplie de caf\u00e9s finement pr\u00e9par\u00e9s, en plus d\u2019une large gamme de plats extr\u00eamement savoureux et d\u2019une vari\u00e9t\u00e9 \u00e9tendue de boissons exquises qui ne manqueront de rendre vos journ\u00e9es beaucoup plus fra\u00eeches !<\/p>\n<p>&nbsp;<\/p>\n<p>Fond\u00e9e \u00e0 Londres en 1971, Costa Coffee compte \u00e0 son actif plus de 50 ann\u00e9es d&rsquo;exp\u00e9rience dans le domaine de la fabrication de caf\u00e9 premium. La marque cherche en permanence \u00e0 am\u00e9liorer la vie des gens en poussant davantage de monde \u00e0 appr\u00e9cier le caf\u00e9 de qualit\u00e9. Costa Coffee est d\u2019ailleurs c\u00e9l\u00e8bre pour son iconique m\u00e9lange <em>Signature Mocha Italia<\/em> \u00e0 torr\u00e9faction lente, provenant de fermes labellis\u00e9es \u00abRainforest Alliance Certified\u2122\u00bb. Il a fallu aux fr\u00e8res Costa de r\u00e9aliser pas moins de 112 tentatives afin de r\u00e9ussir \u00e0 perfectionner leur incroyable m\u00e9lange qui est devenu d\u00e9sormais c\u00e9l\u00e8bre \u00e0 travers le monde entier et qui sera bient\u00f4t disponible au Maroc.<\/p>\n<p>&nbsp;<\/p>\n<p>Cet ann\u00e9e, Goldex Investment, qui g\u00e8re avec succ\u00e8s 52 magasins de la marque Costa Coffee au Royaume-Uni, a choisi Marrakech pour y ouvrir la premi\u00e8re boutique de l\u2019enseigne de renom. Objectif avou\u00e9, inciter davantage de personnes \u00e0 aimer le bon caf\u00e9 et \u00e0 go\u00fbter \u00e0 la subtilit\u00e9 envo\u00fbtante du m\u00e9lange <em>Signature Mocha Italia<\/em> sign\u00e9 Costa Coffee. Parfaitement \u00e9quilibr\u00e9s avec une douce saveur de noisette et un ar\u00f4me de caramel, ces m\u00e9langes ont \u00e9t\u00e9 prim\u00e9s dans le monde entier*.\u00a0<em>\u00ab\u00a0Lorsque l&rsquo;occasion d\u2019introduire Costa Coffee au Maroc s&rsquo;est pr\u00e9sent\u00e9e, j&rsquo;ai tout de suite su que c&rsquo;\u00e9tait une opportunit\u00e9 \u00e0 ne pas manquer. La culture du caf\u00e9 que j&rsquo;ai v\u00e9cue au Maroc m\u2019a d\u00e9finitivement convaincu que l\u2019implantation de Costa Coffee au sein du Royaume \u00e9tait un projet que je ne pouvais tout simplement pas rater. Apr\u00e8s avoir pass\u00e9 beaucoup de temps au Maroc \u00e0 tenter de cerner et de comprendre toutes les subtilit\u00e9s qui caract\u00e9risent ce march\u00e9 unique en son genre, je suis ravi de vous annoncer aujourd\u2019hui que notre premi\u00e8re boutique ouvrira \u00e0 Marrakech. Nos deux autres prochains magasins seront, pour leur part, bas\u00e9s \u00e0 Casablanca. Les travaux de pr\u00e9paration de ces futurs points de vente sont d\u00e9j\u00e0 en cours et leur ouverture est pr\u00e9vue un peu plus tard au cours de cette ann\u00e9e\u00bb, <\/em>a d\u00e9clar\u00e9 Diljit Brar, directeur g\u00e9n\u00e9ral de Goldex Investment.<\/p>\n<p><em>\u00a0<\/em><\/p>\n<p>Bien que le style italien classique repr\u00e9sente l\u2019une des grandes caract\u00e9ristiques qui ont fait de Costa Coffee l&rsquo;une des cha\u00eenes de caf\u00e9 les plus populaires au monde, la marque a bien plus \u00e0 offrir que de simples tasses d&rsquo;espressos ou d&rsquo;americanos. A Marrakech, elle contribuera \u00e0 rendre votre journ\u00e9e un peu plus fraiche gr\u00e2ce \u00e0 une large gamme de caf\u00e9s glac\u00e9s et de rafra\u00eechissements en tout genre.<\/p>\n<p>&nbsp;<\/p>\n<p>Le magasin de Marrakech n&rsquo;est que le pr\u00e9lude pour d\u2019autres ouvertures attendues dans tout le Royaume, \u00e9tant donn\u00e9 que Goldex compte \u00e9tendre davantage la pr\u00e9sence de la marque Costa Coffee au Maroc. Un deuxi\u00e8me magasin ouvrira ses portes \u00e0 Casablanca un peu plus tard cette ann\u00e9e. La cha\u00eene op\u00e8re dans pas moins de 32 pays diff\u00e9rents avec une pr\u00e9sence de plus de 4 000 magasins. Aujourd\u2019hui, la marque s\u2019implante au Maroc pour le plus grand plaisir des aficionados de caf\u00e9 de grande qualit\u00e9 et d\u2019exp\u00e9riences gustatives abouties !<\/p>\n","protected":false},"excerpt":{"rendered":"<p>Costa Coffee d\u00e9barque enfin au Maroc ! Le premier magasin de la c\u00e9l\u00e8bre marque qui<\/p>\n","protected":false},"author":1,"featured_media":1561,"comment_status":"open","ping_status":"open","sticky":false,"template":"","format":"standard","meta":{"_acf_changed":false,"footnotes":""},"categories":[2,3],"tags":[519],"class_list":["post-1555","post","type-post","status-publish","format-standard","has-post-thumbnail","hentry","category-nouvelles","category-nouvelles-selectionnees","tag-costa-coffee"],"acf":[],"yoast_head":"<!-- This site is optimized with the Yoast SEO plugin v22.0 - https:\/\/yoast.com\/wordpress\/plugins\/seo\/ -->\n<title>Costa Coffee ouvre son premier magasin au Maroc - MEDIA PLATEFORME | FR<\/title>\n<meta name=\"description\" content=\"Costa Coffee d\u00e9barque enfin au Maroc ! Le premier magasin de la c\u00e9l\u00e8bre marque qui se sp\u00e9cialise en caf\u00e9 premium, a ouvert \u00e0 Marrakech !\" \/>\n<meta name=\"robots\" content=\"index, follow, max-snippet:-1, max-image-preview:large, max-video-preview:-1\" \/>\n<link rel=\"canonical\" href=\"https:\/\/www.mediaplateforme.com\/fr\/costa-coffee\/\" \/>\n<meta property=\"og:locale\" content=\"fr_FR\" \/>\n<meta property=\"og:type\" content=\"article\" \/>\n<meta property=\"og:title\" content=\"Costa Coffee ouvre son premier magasin au Maroc - MEDIA PLATEFORME | FR\" \/>\n<meta property=\"og:description\" content=\"Costa Coffee d\u00e9barque enfin au Maroc ! Le premier magasin de la c\u00e9l\u00e8bre marque qui se sp\u00e9cialise en caf\u00e9 premium, a ouvert \u00e0 Marrakech !\" \/>\n<meta property=\"og:url\" content=\"https:\/\/www.mediaplateforme.com\/fr\/costa-coffee\/\" \/>\n<meta property=\"og:site_name\" content=\"MEDIA PLATEFORME | FR\" \/>\n<meta property=\"article:published_time\" content=\"2022-11-07T12:12:16+00:00\" \/>\n<meta property=\"article:modified_time\" content=\"2022-11-07T12:30:40+00:00\" \/>\n<meta property=\"og:image\" content=\"https:\/\/www.mediaplateforme.com\/fr\/wp-content\/uploads\/sites\/5\/2022\/11\/image00007.jpeg\" \/>\n\t<meta property=\"og:image:width\" content=\"1620\" \/>\n\t<meta property=\"og:image:height\" content=\"1080\" \/>\n\t<meta property=\"og:image:type\" content=\"image\/jpeg\" \/>\n<meta name=\"author\" content=\"Mediaplateforme\" \/>\n<meta name=\"twitter:card\" content=\"summary_large_image\" \/>\n<meta name=\"twitter:label1\" content=\"\u00c9crit par\" \/>\n\t<meta name=\"twitter:data1\" content=\"Mediaplateforme\" \/>\n\t<meta name=\"twitter:label2\" content=\"Dur\u00e9e de lecture estim\u00e9e\" \/>\n\t<meta name=\"twitter:data2\" content=\"3 minutes\" \/>\n<script type=\"application\/ld+json\" class=\"yoast-schema-graph\">{\"@context\":\"https:\/\/schema.org\",\"@graph\":[{\"@type\":\"WebPage\",\"@id\":\"https:\/\/www.mediaplateforme.com\/fr\/costa-coffee\/\",\"url\":\"https:\/\/www.mediaplateforme.com\/fr\/costa-coffee\/\",\"name\":\"Costa Coffee ouvre son premier magasin au Maroc - MEDIA PLATEFORME | FR\",\"isPartOf\":{\"@id\":\"https:\/\/www.mediaplateforme.com\/fr\/#website\"},\"datePublished\":\"2022-11-07T12:12:16+00:00\",\"dateModified\":\"2022-11-07T12:30:40+00:00\",\"author\":{\"@id\":\"https:\/\/www.mediaplateforme.com\/fr\/#\/schema\/person\/89833db382b5db2c76b094bc902aa12a\"},\"description\":\"Costa Coffee d\u00e9barque enfin au Maroc ! Le premier magasin de la c\u00e9l\u00e8bre marque qui se sp\u00e9cialise en caf\u00e9 premium, a ouvert \u00e0 Marrakech !\",\"breadcrumb\":{\"@id\":\"https:\/\/www.mediaplateforme.com\/fr\/costa-coffee\/#breadcrumb\"},\"inLanguage\":\"fr-FR\",\"potentialAction\":[{\"@type\":\"ReadAction\",\"target\":[\"https:\/\/www.mediaplateforme.com\/fr\/costa-coffee\/\"]}]},{\"@type\":\"BreadcrumbList\",\"@id\":\"https:\/\/www.mediaplateforme.com\/fr\/costa-coffee\/#breadcrumb\",\"itemListElement\":[{\"@type\":\"ListItem\",\"position\":1,\"name\":\"\u0627\u0644\u0631\u0626\u064a\u0633\u064a\u0629\",\"item\":\"https:\/\/www.mediaplateforme.com\/fr\/\"},{\"@type\":\"ListItem\",\"position\":2,\"name\":\"Costa Coffee ouvre son premier magasin au Maroc\"}]},{\"@type\":\"WebSite\",\"@id\":\"https:\/\/www.mediaplateforme.com\/fr\/#website\",\"url\":\"https:\/\/www.mediaplateforme.com\/fr\/\",\"name\":\"MEDIA PLATEFORME | FR\",\"description\":\"Mediaplateforme sp\u00e9cialis\u00e9 dans la communication institutions publiques et des entreprises\",\"potentialAction\":[{\"@type\":\"SearchAction\",\"target\":{\"@type\":\"EntryPoint\",\"urlTemplate\":\"https:\/\/www.mediaplateforme.com\/fr\/?s={search_term_string}\"},\"query-input\":\"required name=search_term_string\"}],\"inLanguage\":\"fr-FR\"},{\"@type\":\"Person\",\"@id\":\"https:\/\/www.mediaplateforme.com\/fr\/#\/schema\/person\/89833db382b5db2c76b094bc902aa12a\",\"name\":\"Mediaplateforme\",\"image\":{\"@type\":\"ImageObject\",\"inLanguage\":\"fr-FR\",\"@id\":\"https:\/\/www.mediaplateforme.com\/fr\/#\/schema\/person\/image\/\",\"url\":\"https:\/\/secure.gravatar.com\/avatar\/6c9c02e8928cc65d54bf75157f7b3a2d06d7ad0494ca0951f679552ff03b34c1?s=96&d=mm&r=g\",\"contentUrl\":\"https:\/\/secure.gravatar.com\/avatar\/6c9c02e8928cc65d54bf75157f7b3a2d06d7ad0494ca0951f679552ff03b34c1?s=96&d=mm&r=g\",\"caption\":\"Mediaplateforme\"},\"sameAs\":[\"https:\/\/www.mediaplateforme.com\"],\"url\":\"https:\/\/www.mediaplateforme.com\/fr\/author\/mohamedladib\/\"}]}<\/script>\n<!-- \/ Yoast SEO plugin. -->","yoast_head_json":{"title":"Costa Coffee ouvre son premier magasin au Maroc - MEDIA PLATEFORME | FR","description":"Costa Coffee d\u00e9barque enfin au Maroc ! Le premier magasin de la c\u00e9l\u00e8bre marque qui se sp\u00e9cialise en caf\u00e9 premium, a ouvert \u00e0 Marrakech !","robots":{"index":"index","follow":"follow","max-snippet":"max-snippet:-1","max-image-preview":"max-image-preview:large","max-video-preview":"max-video-preview:-1"},"canonical":"https:\/\/www.mediaplateforme.com\/fr\/costa-coffee\/","og_locale":"fr_FR","og_type":"article","og_title":"Costa Coffee ouvre son premier magasin au Maroc - MEDIA PLATEFORME | FR","og_description":"Costa Coffee d\u00e9barque enfin au Maroc ! Le premier magasin de la c\u00e9l\u00e8bre marque qui se sp\u00e9cialise en caf\u00e9 premium, a ouvert \u00e0 Marrakech !","og_url":"https:\/\/www.mediaplateforme.com\/fr\/costa-coffee\/","og_site_name":"MEDIA PLATEFORME | FR","article_published_time":"2022-11-07T12:12:16+00:00","article_modified_time":"2022-11-07T12:30:40+00:00","og_image":[{"width":1620,"height":1080,"url":"https:\/\/www.mediaplateforme.com\/fr\/wp-content\/uploads\/sites\/5\/2022\/11\/image00007.jpeg","type":"image\/jpeg"}],"author":"Mediaplateforme","twitter_card":"summary_large_image","twitter_misc":{"\u00c9crit par":"Mediaplateforme","Dur\u00e9e de lecture estim\u00e9e":"3 minutes"},"schema":{"@context":"https:\/\/schema.org","@graph":[{"@type":"WebPage","@id":"https:\/\/www.mediaplateforme.com\/fr\/costa-coffee\/","url":"https:\/\/www.mediaplateforme.com\/fr\/costa-coffee\/","name":"Costa Coffee ouvre son premier magasin au Maroc - MEDIA PLATEFORME | FR","isPartOf":{"@id":"https:\/\/www.mediaplateforme.com\/fr\/#website"},"datePublished":"2022-11-07T12:12:16+00:00","dateModified":"2022-11-07T12:30:40+00:00","author":{"@id":"https:\/\/www.mediaplateforme.com\/fr\/#\/schema\/person\/89833db382b5db2c76b094bc902aa12a"},"description":"Costa Coffee d\u00e9barque enfin au Maroc ! Le premier magasin de la c\u00e9l\u00e8bre marque qui se sp\u00e9cialise en caf\u00e9 premium, a ouvert \u00e0 Marrakech !","breadcrumb":{"@id":"https:\/\/www.mediaplateforme.com\/fr\/costa-coffee\/#breadcrumb"},"inLanguage":"fr-FR","potentialAction":[{"@type":"ReadAction","target":["https:\/\/www.mediaplateforme.com\/fr\/costa-coffee\/"]}]},{"@type":"BreadcrumbList","@id":"https:\/\/www.mediaplateforme.com\/fr\/costa-coffee\/#breadcrumb","itemListElement":[{"@type":"ListItem","position":1,"name":"\u0627\u0644\u0631\u0626\u064a\u0633\u064a\u0629","item":"https:\/\/www.mediaplateforme.com\/fr\/"},{"@type":"ListItem","position":2,"name":"Costa Coffee ouvre son premier magasin au Maroc"}]},{"@type":"WebSite","@id":"https:\/\/www.mediaplateforme.com\/fr\/#website","url":"https:\/\/www.mediaplateforme.com\/fr\/","name":"MEDIA PLATEFORME | FR","description":"Mediaplateforme sp\u00e9cialis\u00e9 dans la communication institutions publiques et des entreprises","potentialAction":[{"@type":"SearchAction","target":{"@type":"EntryPoint","urlTemplate":"https:\/\/www.mediaplateforme.com\/fr\/?s={search_term_string}"},"query-input":"required name=search_term_string"}],"inLanguage":"fr-FR"},{"@type":"Person","@id":"https:\/\/www.mediaplateforme.com\/fr\/#\/schema\/person\/89833db382b5db2c76b094bc902aa12a","name":"Mediaplateforme","image":{"@type":"ImageObject","inLanguage":"fr-FR","@id":"https:\/\/www.mediaplateforme.com\/fr\/#\/schema\/person\/image\/","url":"https:\/\/secure.gravatar.com\/avatar\/6c9c02e8928cc65d54bf75157f7b3a2d06d7ad0494ca0951f679552ff03b34c1?s=96&d=mm&r=g","contentUrl":"https:\/\/secure.gravatar.com\/avatar\/6c9c02e8928cc65d54bf75157f7b3a2d06d7ad0494ca0951f679552ff03b34c1?s=96&d=mm&r=g","caption":"Mediaplateforme"},"sameAs":["https:\/\/www.mediaplateforme.com"],"url":"https:\/\/www.mediaplateforme.com\/fr\/author\/mohamedladib\/"}]}},"_links":{"self":[{"href":"https:\/\/www.mediaplateforme.com\/fr\/wp-json\/wp\/v2\/posts\/1555","targetHints":{"allow":["GET"]}}],"collection":[{"href":"https:\/\/www.mediaplateforme.com\/fr\/wp-json\/wp\/v2\/posts"}],"about":[{"href":"https:\/\/www.mediaplateforme.com\/fr\/wp-json\/wp\/v2\/types\/post"}],"author":[{"embeddable":true,"href":"https:\/\/www.mediaplateforme.com\/fr\/wp-json\/wp\/v2\/users\/1"}],"replies":[{"embeddable":true,"href":"https:\/\/www.mediaplateforme.com\/fr\/wp-json\/wp\/v2\/comments?post=1555"}],"version-history":[{"count":1,"href":"https:\/\/www.mediaplateforme.com\/fr\/wp-json\/wp\/v2\/posts\/1555\/revisions"}],"predecessor-version":[{"id":1557,"href":"https:\/\/www.mediaplateforme.com\/fr\/wp-json\/wp\/v2\/posts\/1555\/revisions\/1557"}],"wp:featuredmedia":[{"embeddable":true,"href":"https:\/\/www.mediaplateforme.com\/fr\/wp-json\/wp\/v2\/media\/1561"}],"wp:attachment":[{"href":"https:\/\/www.mediaplateforme.com\/fr\/wp-json\/wp\/v2\/media?parent=1555"}],"wp:term":[{"taxonomy":"category","embeddable":true,"href":"https:\/\/www.mediaplateforme.com\/fr\/wp-json\/wp\/v2\/categories?post=1555"},{"taxonomy":"post_tag","embeddable":true,"href":"https:\/\/www.mediaplateforme.com\/fr\/wp-json\/wp\/v2\/tags?post=1555"}],"curies":[{"name":"wp","href":"https:\/\/api.w.org\/{rel}","templated":true}]}}