{"id":1550,"date":"2022-11-07T13:02:57","date_gmt":"2022-11-07T12:02:57","guid":{"rendered":"https:\/\/www.mediaplateforme.com\/fr\/?p=1550"},"modified":"2022-11-07T13:02:57","modified_gmt":"2022-11-07T12:02:57","slug":"barid-al-maghrib-emet-un-timbre-poste-special-commemorant-le-47eme-anniversaire-de-la-marche-verte","status":"publish","type":"post","link":"https:\/\/www.mediaplateforme.com\/fr\/barid-al-maghrib-emet-un-timbre-poste-special-commemorant-le-47eme-anniversaire-de-la-marche-verte\/","title":{"rendered":"Barid Al-Maghrib \u00e9met un timbre-poste sp\u00e9cial comm\u00e9morant le \u00ab 47\u00e8me anniversaire de la marche verte \u00bb"},"content":{"rendered":"<p style=\"font-weight: 400;\">Le Groupe Barid Al-Maghrib lance une \u00e9mission sp\u00e9ciale de timbre-poste comm\u00e9morant le 47<sup>\u00e8me<\/sup>\u00a0anniversaire de la glorieuse Marche Verte, en mettant en avant l\u2019une des facettes du patrimoine immat\u00e9riel de nos provinces du Sud.<\/p>\n<p style=\"font-weight: 400;\">Cette \u00e9mission sp\u00e9ciale illustre des tentes dress\u00e9es sur le sable du Sahara Marocain et des personnes de la r\u00e9gion vaquant au c\u00e9r\u00e9monial du th\u00e9 sahraoui, consid\u00e9r\u00e9 comme un symbole de g\u00e9n\u00e9rosit\u00e9 et d\u2019hospitalit\u00e9. La carte du Royaume surplombant ce timbre souligne l\u2019unit\u00e9 territoriale du Royaume.<\/p>\n<p style=\"font-weight: 400;\">A travers ce nouveau timbre-poste qui enrichit la\u00a0collection philat\u00e9lique comptant plus d\u2019une cinquantaine de timbres-poste d\u00e9di\u00e9s \u00e0 ce th\u00e8me depuis 1975, Barid Al-Maghrib r\u00e9it\u00e8re son attachement ind\u00e9fectible \u00e0 l\u2019int\u00e9grit\u00e9 territoriale du Royaume.<\/p>\n","protected":false},"excerpt":{"rendered":"<p>Le Groupe Barid Al-Maghrib lance une \u00e9mission sp\u00e9ciale de timbre-poste comm\u00e9morant le 47\u00e8me\u00a0anniversaire de la<\/p>\n","protected":false},"author":1,"featured_media":1553,"comment_status":"open","ping_status":"open","sticky":false,"template":"","format":"standard","meta":{"_acf_changed":false,"footnotes":""},"categories":[7,3],"tags":[163,518],"class_list":["post-1550","post","type-post","status-publish","format-standard","has-post-thumbnail","hentry","category-articles","category-nouvelles-selectionnees","tag-barid-al-maghrib","tag-marche-verte"],"acf":[],"yoast_head":"<!-- This site is optimized with the Yoast SEO plugin v22.0 - https:\/\/yoast.com\/wordpress\/plugins\/seo\/ -->\n<title>Barid Al-Maghrib \u00e9met un timbre-poste sp\u00e9cial comm\u00e9morant le \u00ab 47\u00e8me anniversaire de la marche verte \u00bb - MEDIA PLATEFORME | FR<\/title>\n<meta name=\"description\" content=\"Le Groupe Barid Al-Maghrib lance une \u00e9mission sp\u00e9ciale de timbre-poste comm\u00e9morant le 47\u00e8me\u00a0anniversaire de la glorieuse Marche Verte, .\" \/>\n<meta name=\"robots\" content=\"index, follow, max-snippet:-1, max-image-preview:large, max-video-preview:-1\" \/>\n<link rel=\"canonical\" href=\"https:\/\/www.mediaplateforme.com\/fr\/barid-al-maghrib-emet-un-timbre-poste-special-commemorant-le-47eme-anniversaire-de-la-marche-verte\/\" \/>\n<meta property=\"og:locale\" content=\"fr_FR\" \/>\n<meta property=\"og:type\" content=\"article\" \/>\n<meta property=\"og:title\" content=\"Barid Al-Maghrib \u00e9met un timbre-poste sp\u00e9cial comm\u00e9morant le \u00ab 47\u00e8me anniversaire de la marche verte \u00bb - MEDIA PLATEFORME | FR\" \/>\n<meta property=\"og:description\" content=\"Le Groupe Barid Al-Maghrib lance une \u00e9mission sp\u00e9ciale de timbre-poste comm\u00e9morant le 47\u00e8me\u00a0anniversaire de la glorieuse Marche Verte, .\" \/>\n<meta property=\"og:url\" content=\"https:\/\/www.mediaplateforme.com\/fr\/barid-al-maghrib-emet-un-timbre-poste-special-commemorant-le-47eme-anniversaire-de-la-marche-verte\/\" \/>\n<meta property=\"og:site_name\" content=\"MEDIA PLATEFORME | FR\" \/>\n<meta property=\"article:published_time\" content=\"2022-11-07T12:02:57+00:00\" \/>\n<meta property=\"og:image\" content=\"https:\/\/www.mediaplateforme.com\/fr\/wp-content\/uploads\/sites\/5\/2022\/11\/marche-verte-barid-al-magherib.jpg\" \/>\n\t<meta property=\"og:image:width\" content=\"604\" \/>\n\t<meta property=\"og:image:height\" content=\"452\" \/>\n\t<meta property=\"og:image:type\" content=\"image\/jpeg\" \/>\n<meta name=\"author\" content=\"Mediaplateforme\" \/>\n<meta name=\"twitter:card\" content=\"summary_large_image\" \/>\n<meta name=\"twitter:label1\" content=\"\u00c9crit par\" \/>\n\t<meta name=\"twitter:data1\" content=\"Mediaplateforme\" \/>\n\t<meta name=\"twitter:label2\" content=\"Dur\u00e9e de lecture estim\u00e9e\" \/>\n\t<meta name=\"twitter:data2\" content=\"1 minute\" \/>\n<script type=\"application\/ld+json\" class=\"yoast-schema-graph\">{\"@context\":\"https:\/\/schema.org\",\"@graph\":[{\"@type\":\"WebPage\",\"@id\":\"https:\/\/www.mediaplateforme.com\/fr\/barid-al-maghrib-emet-un-timbre-poste-special-commemorant-le-47eme-anniversaire-de-la-marche-verte\/\",\"url\":\"https:\/\/www.mediaplateforme.com\/fr\/barid-al-maghrib-emet-un-timbre-poste-special-commemorant-le-47eme-anniversaire-de-la-marche-verte\/\",\"name\":\"Barid Al-Maghrib \u00e9met un timbre-poste sp\u00e9cial comm\u00e9morant le \u00ab 47\u00e8me anniversaire de la marche verte \u00bb - MEDIA PLATEFORME | FR\",\"isPartOf\":{\"@id\":\"https:\/\/www.mediaplateforme.com\/fr\/#website\"},\"datePublished\":\"2022-11-07T12:02:57+00:00\",\"dateModified\":\"2022-11-07T12:02:57+00:00\",\"author\":{\"@id\":\"https:\/\/www.mediaplateforme.com\/fr\/#\/schema\/person\/89833db382b5db2c76b094bc902aa12a\"},\"description\":\"Le Groupe Barid Al-Maghrib lance une \u00e9mission sp\u00e9ciale de timbre-poste comm\u00e9morant le 47\u00e8me\u00a0anniversaire de la glorieuse Marche Verte, .\",\"breadcrumb\":{\"@id\":\"https:\/\/www.mediaplateforme.com\/fr\/barid-al-maghrib-emet-un-timbre-poste-special-commemorant-le-47eme-anniversaire-de-la-marche-verte\/#breadcrumb\"},\"inLanguage\":\"fr-FR\",\"potentialAction\":[{\"@type\":\"ReadAction\",\"target\":[\"https:\/\/www.mediaplateforme.com\/fr\/barid-al-maghrib-emet-un-timbre-poste-special-commemorant-le-47eme-anniversaire-de-la-marche-verte\/\"]}]},{\"@type\":\"BreadcrumbList\",\"@id\":\"https:\/\/www.mediaplateforme.com\/fr\/barid-al-maghrib-emet-un-timbre-poste-special-commemorant-le-47eme-anniversaire-de-la-marche-verte\/#breadcrumb\",\"itemListElement\":[{\"@type\":\"ListItem\",\"position\":1,\"name\":\"\u0627\u0644\u0631\u0626\u064a\u0633\u064a\u0629\",\"item\":\"https:\/\/www.mediaplateforme.com\/fr\/\"},{\"@type\":\"ListItem\",\"position\":2,\"name\":\"Barid Al-Maghrib \u00e9met un timbre-poste sp\u00e9cial comm\u00e9morant le \u00ab 47\u00e8me anniversaire de la marche verte \u00bb\"}]},{\"@type\":\"WebSite\",\"@id\":\"https:\/\/www.mediaplateforme.com\/fr\/#website\",\"url\":\"https:\/\/www.mediaplateforme.com\/fr\/\",\"name\":\"MEDIA PLATEFORME | FR\",\"description\":\"Mediaplateforme sp\u00e9cialis\u00e9 dans la communication institutions publiques et des entreprises\",\"potentialAction\":[{\"@type\":\"SearchAction\",\"target\":{\"@type\":\"EntryPoint\",\"urlTemplate\":\"https:\/\/www.mediaplateforme.com\/fr\/?s={search_term_string}\"},\"query-input\":\"required name=search_term_string\"}],\"inLanguage\":\"fr-FR\"},{\"@type\":\"Person\",\"@id\":\"https:\/\/www.mediaplateforme.com\/fr\/#\/schema\/person\/89833db382b5db2c76b094bc902aa12a\",\"name\":\"Mediaplateforme\",\"image\":{\"@type\":\"ImageObject\",\"inLanguage\":\"fr-FR\",\"@id\":\"https:\/\/www.mediaplateforme.com\/fr\/#\/schema\/person\/image\/\",\"url\":\"https:\/\/secure.gravatar.com\/avatar\/6c9c02e8928cc65d54bf75157f7b3a2d06d7ad0494ca0951f679552ff03b34c1?s=96&d=mm&r=g\",\"contentUrl\":\"https:\/\/secure.gravatar.com\/avatar\/6c9c02e8928cc65d54bf75157f7b3a2d06d7ad0494ca0951f679552ff03b34c1?s=96&d=mm&r=g\",\"caption\":\"Mediaplateforme\"},\"sameAs\":[\"https:\/\/www.mediaplateforme.com\"],\"url\":\"https:\/\/www.mediaplateforme.com\/fr\/author\/mohamedladib\/\"}]}<\/script>\n<!-- \/ Yoast SEO plugin. -->","yoast_head_json":{"title":"Barid Al-Maghrib \u00e9met un timbre-poste sp\u00e9cial comm\u00e9morant le \u00ab 47\u00e8me anniversaire de la marche verte \u00bb - MEDIA PLATEFORME | FR","description":"Le Groupe Barid Al-Maghrib lance une \u00e9mission sp\u00e9ciale de timbre-poste comm\u00e9morant le 47\u00e8me\u00a0anniversaire de la glorieuse Marche Verte, .","robots":{"index":"index","follow":"follow","max-snippet":"max-snippet:-1","max-image-preview":"max-image-preview:large","max-video-preview":"max-video-preview:-1"},"canonical":"https:\/\/www.mediaplateforme.com\/fr\/barid-al-maghrib-emet-un-timbre-poste-special-commemorant-le-47eme-anniversaire-de-la-marche-verte\/","og_locale":"fr_FR","og_type":"article","og_title":"Barid Al-Maghrib \u00e9met un timbre-poste sp\u00e9cial comm\u00e9morant le \u00ab 47\u00e8me anniversaire de la marche verte \u00bb - MEDIA PLATEFORME | FR","og_description":"Le Groupe Barid Al-Maghrib lance une \u00e9mission sp\u00e9ciale de timbre-poste comm\u00e9morant le 47\u00e8me\u00a0anniversaire de la glorieuse Marche Verte, .","og_url":"https:\/\/www.mediaplateforme.com\/fr\/barid-al-maghrib-emet-un-timbre-poste-special-commemorant-le-47eme-anniversaire-de-la-marche-verte\/","og_site_name":"MEDIA PLATEFORME | FR","article_published_time":"2022-11-07T12:02:57+00:00","og_image":[{"width":604,"height":452,"url":"https:\/\/www.mediaplateforme.com\/fr\/wp-content\/uploads\/sites\/5\/2022\/11\/marche-verte-barid-al-magherib.jpg","type":"image\/jpeg"}],"author":"Mediaplateforme","twitter_card":"summary_large_image","twitter_misc":{"\u00c9crit par":"Mediaplateforme","Dur\u00e9e de lecture estim\u00e9e":"1 minute"},"schema":{"@context":"https:\/\/schema.org","@graph":[{"@type":"WebPage","@id":"https:\/\/www.mediaplateforme.com\/fr\/barid-al-maghrib-emet-un-timbre-poste-special-commemorant-le-47eme-anniversaire-de-la-marche-verte\/","url":"https:\/\/www.mediaplateforme.com\/fr\/barid-al-maghrib-emet-un-timbre-poste-special-commemorant-le-47eme-anniversaire-de-la-marche-verte\/","name":"Barid Al-Maghrib \u00e9met un timbre-poste sp\u00e9cial comm\u00e9morant le \u00ab 47\u00e8me anniversaire de la marche verte \u00bb - MEDIA PLATEFORME | FR","isPartOf":{"@id":"https:\/\/www.mediaplateforme.com\/fr\/#website"},"datePublished":"2022-11-07T12:02:57+00:00","dateModified":"2022-11-07T12:02:57+00:00","author":{"@id":"https:\/\/www.mediaplateforme.com\/fr\/#\/schema\/person\/89833db382b5db2c76b094bc902aa12a"},"description":"Le Groupe Barid Al-Maghrib lance une \u00e9mission sp\u00e9ciale de timbre-poste comm\u00e9morant le 47\u00e8me\u00a0anniversaire de la glorieuse Marche Verte, .","breadcrumb":{"@id":"https:\/\/www.mediaplateforme.com\/fr\/barid-al-maghrib-emet-un-timbre-poste-special-commemorant-le-47eme-anniversaire-de-la-marche-verte\/#breadcrumb"},"inLanguage":"fr-FR","potentialAction":[{"@type":"ReadAction","target":["https:\/\/www.mediaplateforme.com\/fr\/barid-al-maghrib-emet-un-timbre-poste-special-commemorant-le-47eme-anniversaire-de-la-marche-verte\/"]}]},{"@type":"BreadcrumbList","@id":"https:\/\/www.mediaplateforme.com\/fr\/barid-al-maghrib-emet-un-timbre-poste-special-commemorant-le-47eme-anniversaire-de-la-marche-verte\/#breadcrumb","itemListElement":[{"@type":"ListItem","position":1,"name":"\u0627\u0644\u0631\u0626\u064a\u0633\u064a\u0629","item":"https:\/\/www.mediaplateforme.com\/fr\/"},{"@type":"ListItem","position":2,"name":"Barid Al-Maghrib \u00e9met un timbre-poste sp\u00e9cial comm\u00e9morant le \u00ab 47\u00e8me anniversaire de la marche verte \u00bb"}]},{"@type":"WebSite","@id":"https:\/\/www.mediaplateforme.com\/fr\/#website","url":"https:\/\/www.mediaplateforme.com\/fr\/","name":"MEDIA PLATEFORME | FR","description":"Mediaplateforme sp\u00e9cialis\u00e9 dans la communication institutions publiques et des entreprises","potentialAction":[{"@type":"SearchAction","target":{"@type":"EntryPoint","urlTemplate":"https:\/\/www.mediaplateforme.com\/fr\/?s={search_term_string}"},"query-input":"required name=search_term_string"}],"inLanguage":"fr-FR"},{"@type":"Person","@id":"https:\/\/www.mediaplateforme.com\/fr\/#\/schema\/person\/89833db382b5db2c76b094bc902aa12a","name":"Mediaplateforme","image":{"@type":"ImageObject","inLanguage":"fr-FR","@id":"https:\/\/www.mediaplateforme.com\/fr\/#\/schema\/person\/image\/","url":"https:\/\/secure.gravatar.com\/avatar\/6c9c02e8928cc65d54bf75157f7b3a2d06d7ad0494ca0951f679552ff03b34c1?s=96&d=mm&r=g","contentUrl":"https:\/\/secure.gravatar.com\/avatar\/6c9c02e8928cc65d54bf75157f7b3a2d06d7ad0494ca0951f679552ff03b34c1?s=96&d=mm&r=g","caption":"Mediaplateforme"},"sameAs":["https:\/\/www.mediaplateforme.com"],"url":"https:\/\/www.mediaplateforme.com\/fr\/author\/mohamedladib\/"}]}},"_links":{"self":[{"href":"https:\/\/www.mediaplateforme.com\/fr\/wp-json\/wp\/v2\/posts\/1550","targetHints":{"allow":["GET"]}}],"collection":[{"href":"https:\/\/www.mediaplateforme.com\/fr\/wp-json\/wp\/v2\/posts"}],"about":[{"href":"https:\/\/www.mediaplateforme.com\/fr\/wp-json\/wp\/v2\/types\/post"}],"author":[{"embeddable":true,"href":"https:\/\/www.mediaplateforme.com\/fr\/wp-json\/wp\/v2\/users\/1"}],"replies":[{"embeddable":true,"href":"https:\/\/www.mediaplateforme.com\/fr\/wp-json\/wp\/v2\/comments?post=1550"}],"version-history":[{"count":2,"href":"https:\/\/www.mediaplateforme.com\/fr\/wp-json\/wp\/v2\/posts\/1550\/revisions"}],"predecessor-version":[{"id":1554,"href":"https:\/\/www.mediaplateforme.com\/fr\/wp-json\/wp\/v2\/posts\/1550\/revisions\/1554"}],"wp:featuredmedia":[{"embeddable":true,"href":"https:\/\/www.mediaplateforme.com\/fr\/wp-json\/wp\/v2\/media\/1553"}],"wp:attachment":[{"href":"https:\/\/www.mediaplateforme.com\/fr\/wp-json\/wp\/v2\/media?parent=1550"}],"wp:term":[{"taxonomy":"category","embeddable":true,"href":"https:\/\/www.mediaplateforme.com\/fr\/wp-json\/wp\/v2\/categories?post=1550"},{"taxonomy":"post_tag","embeddable":true,"href":"https:\/\/www.mediaplateforme.com\/fr\/wp-json\/wp\/v2\/tags?post=1550"}],"curies":[{"name":"wp","href":"https:\/\/api.w.org\/{rel}","templated":true}]}}