{"id":155,"date":"2022-06-24T16:42:02","date_gmt":"2022-06-24T15:42:02","guid":{"rendered":"https:\/\/www.mediaplateforme.com\/fr\/?p=155"},"modified":"2022-06-24T16:42:02","modified_gmt":"2022-06-24T15:42:02","slug":"m-mezzour-inaugure-une-usine-allemande-specialisee-dans-les-composantes-automobiles","status":"publish","type":"post","link":"https:\/\/www.mediaplateforme.com\/fr\/m-mezzour-inaugure-une-usine-allemande-specialisee-dans-les-composantes-automobiles\/","title":{"rendered":"M. Mezzour inaugure une usine allemande sp\u00e9cialis\u00e9e dans les composantes automobiles"},"content":{"rendered":"<p>Le ministre de <a href=\"https:\/\/www.mediaplateforme.com\/fr\/m-mezzour-inaugure-une-usine-allemande-s\/\">l&rsquo;Industrie et du Commerce<\/a>, Ryad Mezzour, a inaugur\u00e9, mercredi \u00e0 Tanger Automotive City, situ\u00e9e dans la plateforme industrielle Tanger Med, une usine sp\u00e9cialis\u00e9e dans les composants et les assemblages pour les syst\u00e8mes de d\u00e9verrouillage m\u00e9canique relevant du groupe allemand Stahlschmidt International Holding GmbH (SCS).<\/p>\n<p>La nouvelle unit\u00e9 allemande renforce la position de Tanger en tant que destination industrielle par excellence et contribue \u00e0 soutenir la coop\u00e9ration \u00e9conomique maroco-allemande qui, gr\u00e2ce \u00e0 la sagesse de SM le Roi Mohammed VI, conna\u00eet une \u00e9volution tangible, \u00e9quilibr\u00e9e et prometteuse, a soulign\u00e9 M. Mezzour lors de la c\u00e9r\u00e9monie d&rsquo;ouverture de cette usine, \u00e0 laquelle ont pris part des responsables administratifs et des personnalit\u00e9s \u00e9conomiques.<\/p>\n<p>Le ministre a \u00e9galement relev\u00e9 que l&rsquo;investissement \u00e9tranger qualitatif au Maroc s\u2019explique par la stabilit\u00e9, la s\u00e9curit\u00e9 et l&rsquo;ouverture dont jouit le Royaume, ainsi que par son attractivit\u00e9 \u00e9conomique.<\/p>\n<p>Le Maroc est devenu une destination industrielle pour les grands groupes industriels internationaux de r\u00e9f\u00e9rence, notamment dans le domaine de l&rsquo;automobile et d&rsquo;autres industries vitales, gr\u00e2ce aux incitations que le Royaume accorde aux investisseurs en g\u00e9n\u00e9ral et \u00e0 la pr\u00e9sence d&rsquo;une main-d&rsquo;\u0153uvre et de cadres qualifi\u00e9s et exp\u00e9riment\u00e9s, a-t-il fait observer, tout en rappelant la situation g\u00e9ographique du pays en tant que passerelle \u00e9conomique reliant le nord et le sud du globe.<\/p>\n<p>M. Mezzour a expliqu\u00e9 que la confiance des investisseurs \u00e9trangers dans le pr\u00e9sent et l&rsquo;avenir du Maroc, notamment les grands groupes industriels, est renforc\u00e9e d&rsquo;ann\u00e9e en ann\u00e9e, ce qui se refl\u00e8te dans les indicateurs d&rsquo;attraction de capitaux et de mobilit\u00e9 du port Tanger Med et de ses plateformes.<\/p>\n<p>En attirant de grands groupes industriels internationaux, le Maroc confirme son statut de leader continental et r\u00e9gional dans le secteur automobile, a not\u00e9 le ministre, ajoutant que cela atteste de la grande comp\u00e9titivit\u00e9 de la plateforme industrielle marocaine.<\/p>\n<p>Il a fait savoir que la nouvelle unit\u00e9 industrielle du groupe allemand, qui a choisi le Maroc comme premi\u00e8re plateforme \u00e0 l\u2019\u00e9chelle africaine, vient r\u00e9pondre \u00e0 la demande des constructeurs automobiles les plus prestigieux du monde, qui ont une pr\u00e9sence particuli\u00e8re sur le march\u00e9 international.<\/p>\n<p>De son c\u00f4t\u00e9, le Directeur g\u00e9n\u00e9ral de Tanger Med, Mehdi Tazi Rifi, a indiqu\u00e9 que le choix du groupe allemand de s\u2019implanter \u00e0 la plateforme industrielle de Tanger-Med, qui est actuellement le premier port aux niveaux m\u00e9diterran\u00e9en et africain, confirme la pertinence des choix et des orientations \u00e9conomiques du Maroc et son d\u00e9veloppement continu et l&rsquo;int\u00e9gration et la coordination des services du port, qui combinent les services industriels, portuaires et logistiques.<\/p>\n<p>Il a relev\u00e9 que l&rsquo;ouverture de cette nouvelle usine allemande confirme \u00e9galement que ce groupe suit la voie d&rsquo;autres entreprises internationales de premier plan de divers pays, qui ont une longue histoire dans le domaine industriel, ajoutant que les autorit\u00e9s portuaires de Tanger Med offrent toutes les conditions favorables aux entreprises internationales et les accompagnent \u00e0 tous les niveaux pour assurer la r\u00e9ussite de leurs projets au Maroc.<\/p>\n<p>Pour sa part, l\u2019ambassadeur de la R\u00e9publique f\u00e9d\u00e9rale d\u2019Allemagne \u00e0 Rabat, Robert Dogler, a not\u00e9 que ce nouvel investissement allemand \u00e0 Tanger-Med vient accompagner la dynamique des relations maroco-allemandes sur tous les plans et confirme \u00e9galement la capacit\u00e9 du Maroc, gr\u00e2ce \u00e0 la clairvoyance de SM le Roi Mohammed VI, \u00e0 attirer les grands groupes industriels allemands qui voient dans le Royaume une puissance \u00e9conomique \u00e9mergente et un mod\u00e8le r\u00e9gional et continental.<\/p>\n<p>Le Maroc, qui est le deuxi\u00e8me partenaire africain de l&rsquo;Allemagne, a accumul\u00e9 ces derni\u00e8res ann\u00e9es une exp\u00e9rience importante dans l&rsquo;attraction d&rsquo;investissements de qualit\u00e9, en raison de sa main-d&rsquo;\u0153uvre de qualit\u00e9, de ses d&rsquo;infrastructures industrielles et \u00e9conomiques de pointe et attractives, ainsi que de son ouverture et de sa stabilit\u00e9, a fait remarquer le diplomate, estimant que le Royaume attirera in\u00e9vitablement d&rsquo;autres investissements allemands dans un avenir pr\u00e9visible.<\/p>\n<p>Sur la m\u00eame lign\u00e9e, le pr\u00e9sident de la Chambre allemande de l\u2019industrie et du commerce, Andreas Wenzel, a jug\u00e9 prometteuses les perspectives de coop\u00e9ration \u00e9conomique entre Rabat et Berlin, d&rsquo;autant plus que les investissements allemands au Maroc connaissent un d\u00e9veloppement quantitatif et qualitatif.<\/p>\n<p>Le Maroc est devenu une plateforme industrielle importante pour les grands groupes industriels allemands qui ont commenc\u00e9 \u00e0 renforcer leur pr\u00e9sence dans le Royaume, en tant que porte d&rsquo;entr\u00e9e incontournable sur le march\u00e9 africain, a fait observer M. Wenzel, tout en saluant la comp\u00e9tence de la main-d&rsquo;\u0153uvre jeune du Maroc et les mesures officielles prises pour attirer les capitaux, les investissements \u00e9trangers et les programmes de formation en g\u00e9n\u00e9ral, qui accompagnent le march\u00e9 du travail et les attentes des divers investisseurs.<\/p>\n<p>Construite sur un terrain de 21.400 m\u00b2 (9.400 m\u00b2 b\u00e2tie \u00e0 ce jour, et 12.000 m\u00b2 sera achev\u00e9e en janvier 2023), cette usine, dont la r\u00e9alisation a n\u00e9cessit\u00e9 un investissement de 107 millions de dirhams (MDH) et permettra la cr\u00e9ation de 1075 emplois et la r\u00e9alisation d\u2019un chiffre d\u2019affaires annuel de plus de 400 MDH.<\/p>\n","protected":false},"excerpt":{"rendered":"<p>Le ministre de l&rsquo;Industrie et du Commerce, Ryad Mezzour, a inaugur\u00e9, mercredi \u00e0 Tanger Automotive<\/p>\n","protected":false},"author":1,"featured_media":152,"comment_status":"open","ping_status":"open","sticky":false,"template":"","format":"standard","meta":{"_acf_changed":false,"footnotes":""},"categories":[4,3],"tags":[62,59],"class_list":["post-155","post","type-post","status-publish","format-standard","has-post-thumbnail","hentry","category-economie","category-nouvelles-selectionnees","tag-le-ministre-de-lindustrie-et-du-commerce","tag-ryad-mezzour"],"acf":[],"yoast_head":"<!-- This site is optimized with the Yoast SEO plugin v22.0 - https:\/\/yoast.com\/wordpress\/plugins\/seo\/ -->\n<title>M. Mezzour inaugure une usine allemande sp\u00e9cialis\u00e9e dans les composantes automobiles - MEDIA PLATEFORME | FR<\/title>\n<meta name=\"description\" content=\"Le ministre de l&#039;Industrie et du Commerce, Ryad Mezzour, a inaugur\u00e9, Automotive City, situ\u00e9e dans la plateforme industrielle Tanger Med,\" \/>\n<meta name=\"robots\" content=\"index, follow, max-snippet:-1, max-image-preview:large, max-video-preview:-1\" \/>\n<link rel=\"canonical\" href=\"https:\/\/www.mediaplateforme.com\/fr\/m-mezzour-inaugure-une-usine-allemande-specialisee-dans-les-composantes-automobiles\/\" \/>\n<meta property=\"og:locale\" content=\"fr_FR\" \/>\n<meta property=\"og:type\" content=\"article\" \/>\n<meta property=\"og:title\" content=\"M. Mezzour inaugure une usine allemande sp\u00e9cialis\u00e9e dans les composantes automobiles - MEDIA PLATEFORME | FR\" \/>\n<meta property=\"og:description\" content=\"Le ministre de l&#039;Industrie et du Commerce, Ryad Mezzour, a inaugur\u00e9, Automotive City, situ\u00e9e dans la plateforme industrielle Tanger Med,\" \/>\n<meta property=\"og:url\" content=\"https:\/\/www.mediaplateforme.com\/fr\/m-mezzour-inaugure-une-usine-allemande-specialisee-dans-les-composantes-automobiles\/\" \/>\n<meta property=\"og:site_name\" content=\"MEDIA PLATEFORME | FR\" \/>\n<meta property=\"article:published_time\" content=\"2022-06-24T15:42:02+00:00\" \/>\n<meta property=\"og:image\" content=\"https:\/\/www.mediaplateforme.com\/fr\/wp-content\/uploads\/sites\/5\/2022\/06\/\u0627-\u0645\u0635\u0646\u0639-\u0627\u0644\u0645\u062c\u0645\u0648\u0639\u0629-\u0627\u0644\u0623\u0644\u0645\u0627\u0646\u064a\u0629-\u0634\u062a\u0627\u0644\u0634\u0645\u064a\u062a.jpg\" \/>\n\t<meta property=\"og:image:width\" content=\"641\" \/>\n\t<meta property=\"og:image:height\" content=\"357\" \/>\n\t<meta property=\"og:image:type\" content=\"image\/jpeg\" \/>\n<meta name=\"author\" content=\"Mediaplateforme\" \/>\n<meta name=\"twitter:card\" content=\"summary_large_image\" \/>\n<meta name=\"twitter:label1\" content=\"\u00c9crit par\" \/>\n\t<meta name=\"twitter:data1\" content=\"Mediaplateforme\" \/>\n\t<meta name=\"twitter:label2\" content=\"Dur\u00e9e de lecture estim\u00e9e\" \/>\n\t<meta name=\"twitter:data2\" content=\"4 minutes\" \/>\n<script type=\"application\/ld+json\" class=\"yoast-schema-graph\">{\"@context\":\"https:\/\/schema.org\",\"@graph\":[{\"@type\":\"WebPage\",\"@id\":\"https:\/\/www.mediaplateforme.com\/fr\/m-mezzour-inaugure-une-usine-allemande-specialisee-dans-les-composantes-automobiles\/\",\"url\":\"https:\/\/www.mediaplateforme.com\/fr\/m-mezzour-inaugure-une-usine-allemande-specialisee-dans-les-composantes-automobiles\/\",\"name\":\"M. Mezzour inaugure une usine allemande sp\u00e9cialis\u00e9e dans les composantes automobiles - MEDIA PLATEFORME | FR\",\"isPartOf\":{\"@id\":\"https:\/\/www.mediaplateforme.com\/fr\/#website\"},\"datePublished\":\"2022-06-24T15:42:02+00:00\",\"dateModified\":\"2022-06-24T15:42:02+00:00\",\"author\":{\"@id\":\"https:\/\/www.mediaplateforme.com\/fr\/#\/schema\/person\/89833db382b5db2c76b094bc902aa12a\"},\"description\":\"Le ministre de l'Industrie et du Commerce, Ryad Mezzour, a inaugur\u00e9, Automotive City, situ\u00e9e dans la plateforme industrielle Tanger Med,\",\"breadcrumb\":{\"@id\":\"https:\/\/www.mediaplateforme.com\/fr\/m-mezzour-inaugure-une-usine-allemande-specialisee-dans-les-composantes-automobiles\/#breadcrumb\"},\"inLanguage\":\"fr-FR\",\"potentialAction\":[{\"@type\":\"ReadAction\",\"target\":[\"https:\/\/www.mediaplateforme.com\/fr\/m-mezzour-inaugure-une-usine-allemande-specialisee-dans-les-composantes-automobiles\/\"]}]},{\"@type\":\"BreadcrumbList\",\"@id\":\"https:\/\/www.mediaplateforme.com\/fr\/m-mezzour-inaugure-une-usine-allemande-specialisee-dans-les-composantes-automobiles\/#breadcrumb\",\"itemListElement\":[{\"@type\":\"ListItem\",\"position\":1,\"name\":\"\u0627\u0644\u0631\u0626\u064a\u0633\u064a\u0629\",\"item\":\"https:\/\/www.mediaplateforme.com\/fr\/\"},{\"@type\":\"ListItem\",\"position\":2,\"name\":\"M. Mezzour inaugure une usine allemande sp\u00e9cialis\u00e9e dans les composantes automobiles\"}]},{\"@type\":\"WebSite\",\"@id\":\"https:\/\/www.mediaplateforme.com\/fr\/#website\",\"url\":\"https:\/\/www.mediaplateforme.com\/fr\/\",\"name\":\"MEDIA PLATEFORME | FR\",\"description\":\"Mediaplateforme sp\u00e9cialis\u00e9 dans la communication institutions publiques et des entreprises\",\"potentialAction\":[{\"@type\":\"SearchAction\",\"target\":{\"@type\":\"EntryPoint\",\"urlTemplate\":\"https:\/\/www.mediaplateforme.com\/fr\/?s={search_term_string}\"},\"query-input\":\"required name=search_term_string\"}],\"inLanguage\":\"fr-FR\"},{\"@type\":\"Person\",\"@id\":\"https:\/\/www.mediaplateforme.com\/fr\/#\/schema\/person\/89833db382b5db2c76b094bc902aa12a\",\"name\":\"Mediaplateforme\",\"image\":{\"@type\":\"ImageObject\",\"inLanguage\":\"fr-FR\",\"@id\":\"https:\/\/www.mediaplateforme.com\/fr\/#\/schema\/person\/image\/\",\"url\":\"https:\/\/secure.gravatar.com\/avatar\/6c9c02e8928cc65d54bf75157f7b3a2d06d7ad0494ca0951f679552ff03b34c1?s=96&d=mm&r=g\",\"contentUrl\":\"https:\/\/secure.gravatar.com\/avatar\/6c9c02e8928cc65d54bf75157f7b3a2d06d7ad0494ca0951f679552ff03b34c1?s=96&d=mm&r=g\",\"caption\":\"Mediaplateforme\"},\"sameAs\":[\"https:\/\/www.mediaplateforme.com\"],\"url\":\"https:\/\/www.mediaplateforme.com\/fr\/author\/mohamedladib\/\"}]}<\/script>\n<!-- \/ Yoast SEO plugin. -->","yoast_head_json":{"title":"M. Mezzour inaugure une usine allemande sp\u00e9cialis\u00e9e dans les composantes automobiles - MEDIA PLATEFORME | FR","description":"Le ministre de l'Industrie et du Commerce, Ryad Mezzour, a inaugur\u00e9, Automotive City, situ\u00e9e dans la plateforme industrielle Tanger Med,","robots":{"index":"index","follow":"follow","max-snippet":"max-snippet:-1","max-image-preview":"max-image-preview:large","max-video-preview":"max-video-preview:-1"},"canonical":"https:\/\/www.mediaplateforme.com\/fr\/m-mezzour-inaugure-une-usine-allemande-specialisee-dans-les-composantes-automobiles\/","og_locale":"fr_FR","og_type":"article","og_title":"M. Mezzour inaugure une usine allemande sp\u00e9cialis\u00e9e dans les composantes automobiles - MEDIA PLATEFORME | FR","og_description":"Le ministre de l'Industrie et du Commerce, Ryad Mezzour, a inaugur\u00e9, Automotive City, situ\u00e9e dans la plateforme industrielle Tanger Med,","og_url":"https:\/\/www.mediaplateforme.com\/fr\/m-mezzour-inaugure-une-usine-allemande-specialisee-dans-les-composantes-automobiles\/","og_site_name":"MEDIA PLATEFORME | FR","article_published_time":"2022-06-24T15:42:02+00:00","og_image":[{"width":641,"height":357,"url":"https:\/\/www.mediaplateforme.com\/fr\/wp-content\/uploads\/sites\/5\/2022\/06\/\u0627-\u0645\u0635\u0646\u0639-\u0627\u0644\u0645\u062c\u0645\u0648\u0639\u0629-\u0627\u0644\u0623\u0644\u0645\u0627\u0646\u064a\u0629-\u0634\u062a\u0627\u0644\u0634\u0645\u064a\u062a.jpg","type":"image\/jpeg"}],"author":"Mediaplateforme","twitter_card":"summary_large_image","twitter_misc":{"\u00c9crit par":"Mediaplateforme","Dur\u00e9e de lecture estim\u00e9e":"4 minutes"},"schema":{"@context":"https:\/\/schema.org","@graph":[{"@type":"WebPage","@id":"https:\/\/www.mediaplateforme.com\/fr\/m-mezzour-inaugure-une-usine-allemande-specialisee-dans-les-composantes-automobiles\/","url":"https:\/\/www.mediaplateforme.com\/fr\/m-mezzour-inaugure-une-usine-allemande-specialisee-dans-les-composantes-automobiles\/","name":"M. Mezzour inaugure une usine allemande sp\u00e9cialis\u00e9e dans les composantes automobiles - MEDIA PLATEFORME | FR","isPartOf":{"@id":"https:\/\/www.mediaplateforme.com\/fr\/#website"},"datePublished":"2022-06-24T15:42:02+00:00","dateModified":"2022-06-24T15:42:02+00:00","author":{"@id":"https:\/\/www.mediaplateforme.com\/fr\/#\/schema\/person\/89833db382b5db2c76b094bc902aa12a"},"description":"Le ministre de l'Industrie et du Commerce, Ryad Mezzour, a inaugur\u00e9, Automotive City, situ\u00e9e dans la plateforme industrielle Tanger Med,","breadcrumb":{"@id":"https:\/\/www.mediaplateforme.com\/fr\/m-mezzour-inaugure-une-usine-allemande-specialisee-dans-les-composantes-automobiles\/#breadcrumb"},"inLanguage":"fr-FR","potentialAction":[{"@type":"ReadAction","target":["https:\/\/www.mediaplateforme.com\/fr\/m-mezzour-inaugure-une-usine-allemande-specialisee-dans-les-composantes-automobiles\/"]}]},{"@type":"BreadcrumbList","@id":"https:\/\/www.mediaplateforme.com\/fr\/m-mezzour-inaugure-une-usine-allemande-specialisee-dans-les-composantes-automobiles\/#breadcrumb","itemListElement":[{"@type":"ListItem","position":1,"name":"\u0627\u0644\u0631\u0626\u064a\u0633\u064a\u0629","item":"https:\/\/www.mediaplateforme.com\/fr\/"},{"@type":"ListItem","position":2,"name":"M. Mezzour inaugure une usine allemande sp\u00e9cialis\u00e9e dans les composantes automobiles"}]},{"@type":"WebSite","@id":"https:\/\/www.mediaplateforme.com\/fr\/#website","url":"https:\/\/www.mediaplateforme.com\/fr\/","name":"MEDIA PLATEFORME | FR","description":"Mediaplateforme sp\u00e9cialis\u00e9 dans la communication institutions publiques et des entreprises","potentialAction":[{"@type":"SearchAction","target":{"@type":"EntryPoint","urlTemplate":"https:\/\/www.mediaplateforme.com\/fr\/?s={search_term_string}"},"query-input":"required name=search_term_string"}],"inLanguage":"fr-FR"},{"@type":"Person","@id":"https:\/\/www.mediaplateforme.com\/fr\/#\/schema\/person\/89833db382b5db2c76b094bc902aa12a","name":"Mediaplateforme","image":{"@type":"ImageObject","inLanguage":"fr-FR","@id":"https:\/\/www.mediaplateforme.com\/fr\/#\/schema\/person\/image\/","url":"https:\/\/secure.gravatar.com\/avatar\/6c9c02e8928cc65d54bf75157f7b3a2d06d7ad0494ca0951f679552ff03b34c1?s=96&d=mm&r=g","contentUrl":"https:\/\/secure.gravatar.com\/avatar\/6c9c02e8928cc65d54bf75157f7b3a2d06d7ad0494ca0951f679552ff03b34c1?s=96&d=mm&r=g","caption":"Mediaplateforme"},"sameAs":["https:\/\/www.mediaplateforme.com"],"url":"https:\/\/www.mediaplateforme.com\/fr\/author\/mohamedladib\/"}]}},"_links":{"self":[{"href":"https:\/\/www.mediaplateforme.com\/fr\/wp-json\/wp\/v2\/posts\/155","targetHints":{"allow":["GET"]}}],"collection":[{"href":"https:\/\/www.mediaplateforme.com\/fr\/wp-json\/wp\/v2\/posts"}],"about":[{"href":"https:\/\/www.mediaplateforme.com\/fr\/wp-json\/wp\/v2\/types\/post"}],"author":[{"embeddable":true,"href":"https:\/\/www.mediaplateforme.com\/fr\/wp-json\/wp\/v2\/users\/1"}],"replies":[{"embeddable":true,"href":"https:\/\/www.mediaplateforme.com\/fr\/wp-json\/wp\/v2\/comments?post=155"}],"version-history":[{"count":0,"href":"https:\/\/www.mediaplateforme.com\/fr\/wp-json\/wp\/v2\/posts\/155\/revisions"}],"wp:featuredmedia":[{"embeddable":true,"href":"https:\/\/www.mediaplateforme.com\/fr\/wp-json\/wp\/v2\/media\/152"}],"wp:attachment":[{"href":"https:\/\/www.mediaplateforme.com\/fr\/wp-json\/wp\/v2\/media?parent=155"}],"wp:term":[{"taxonomy":"category","embeddable":true,"href":"https:\/\/www.mediaplateforme.com\/fr\/wp-json\/wp\/v2\/categories?post=155"},{"taxonomy":"post_tag","embeddable":true,"href":"https:\/\/www.mediaplateforme.com\/fr\/wp-json\/wp\/v2\/tags?post=155"}],"curies":[{"name":"wp","href":"https:\/\/api.w.org\/{rel}","templated":true}]}}