{"id":1544,"date":"2022-11-03T19:28:04","date_gmt":"2022-11-03T18:28:04","guid":{"rendered":"https:\/\/www.mediaplateforme.com\/fr\/?p=1544"},"modified":"2022-11-03T19:28:04","modified_gmt":"2022-11-03T18:28:04","slug":"marjane-contribue-au-soutien-du-pouvoir-dachat","status":"publish","type":"post","link":"https:\/\/www.mediaplateforme.com\/fr\/marjane-contribue-au-soutien-du-pouvoir-dachat\/","title":{"rendered":"Marjane contribue au soutien du pouvoir d\u2019achat"},"content":{"rendered":"<p>Depuis plusieurs mois, Marjane prend des mesures volontaristes en faveur du soutien du pouvoir d\u2019achat. Aujourd\u2019hui, par la refonte de son programme \u00ab cash back \u00bb, Marjane renforce son engagement \u00e0 r\u00e9duire les prix en offrant des avantages sensibles allant jusqu\u2019\u00e0 20% d\u2019\u00e9conomie au travers de sa \u00ab Carte Marjane \u00bb que ce soit dans les hypermarch\u00e9s Marjane, les Marjane Market et m\u00eame sur son application e-commerce. Les clients d\u00e9tenteurs de la carte b\u00e9n\u00e9ficient donc de :<br \/>\n&#8211; 10% d\u2019\u00e9conomie revers\u00e9 dans la cagnotte du client sur tous les produits frais de la marque \u00ab Fili\u00e8re Exclusive M \u00bb<br \/>\n&#8211; 10 \u00e0 20% d\u2019\u00e9conomie sur 400 produits de grande consommation du quotidien<br \/>\n\u00ab Dans le contexte difficile d\u2019inflation que nous connaissons tous et qui est d\u00fb aux perturbations que conna\u00eet la cha\u00eene d\u2019approvisionnement mondiale, nous avons voulu contribuer au soutien du pouvoir d\u2019achat de nos clients et tenter de mieux accompagner les familles dans leur quotidien \u00bb d\u00e9clare M. Ayoub Azami, Pr\u00e9sident Directeur G\u00e9n\u00e9ral de Marjane Holding. \u00ab Dans cette optique, nous avons mis en place, \u00e0 travers la carte Marjane, un programme de cash back qui offre \u00e0 nos clients des prix r\u00e9ellement d\u00e9croch\u00e9s sur des produits essentiels \u00bb.<br \/>\nPour ce faire, Marjane s\u2019appuie d\u2019une part sur ses fili\u00e8res contr\u00f4l\u00e9es de production de produits frais (l\u00e9gumes, fruits, poissons et viandes rouges) en proposant \u00e0 ses clients une \u00e9conomie de 10% sur tous les produits de la marque \u00ab Fili\u00e8re Exclusive M \u00bb ; et d\u2019autre part elle a s\u00e9lectionn\u00e9 400 produits de grande consommation tiers dont elle baisse les prix de mani\u00e8re volontariste par \u00ab cash back \u00bb revers\u00e9 sur la cagnotte digitale du client.<br \/>\nAinsi cette initiative s\u2019inscrit dans la vocation globale du Groupe qui vise \u00e0 contribuer au soutien du pouvoir d\u2019achat de ses clients en baissant les prix sur une large gamme de produits essentiels tout en leur proposant des produits (\u00ab Fili\u00e8re Exclusive M \u00bb) dont la production est supervis\u00e9e, la qualit\u00e9 trac\u00e9e et contr\u00f4l\u00e9e par ses \u00e9quipes avec une approche in\u00e9dite \u00ab du champ au rayon \u00bb.<br \/>\n\u00c0 propos de Marjane Holding<br \/>\nPionnier de la grande distribution moderne au Maroc, le Groupe Marjane a su amener depuis plus de 30 ans, les produits du commerce moderne au grand public, dans les grands centres urbains comme dans les villes moyennes.<br \/>\nLe groupe Marjane g\u00e8re \u00e9galement 441 000 m\u00e8tres carr\u00e9s de galeries marchandes, de parcs d\u2019activit\u00e9s et de shopping malls de derni\u00e8re g\u00e9n\u00e9ration.<br \/>\nAvec ses 12 000 collaborateurs et 144 points de vente dans 30 villes, le Groupe Marjane effectue plus de 100 millions de transactions par an.<\/p>\n","protected":false},"excerpt":{"rendered":"<p>Depuis plusieurs mois, Marjane prend des mesures volontaristes en faveur du soutien du pouvoir d\u2019achat.<\/p>\n","protected":false},"author":1,"featured_media":1546,"comment_status":"open","ping_status":"open","sticky":false,"template":"","format":"standard","meta":{"_acf_changed":false,"footnotes":""},"categories":[2,3],"tags":[515,516,207],"class_list":["post-1544","post","type-post","status-publish","format-standard","has-post-thumbnail","hentry","category-nouvelles","category-nouvelles-selectionnees","tag-carte-marjane","tag-filiere-exclusive-m","tag-marjane"],"acf":[],"yoast_head":"<!-- This site is optimized with the Yoast SEO plugin v22.0 - https:\/\/yoast.com\/wordpress\/plugins\/seo\/ -->\n<title>Marjane contribue au soutien du pouvoir d\u2019achat - MEDIA PLATEFORME | FR<\/title>\n<meta name=\"description\" content=\"Depuis plusieurs mois, Marjane prend des mesures volontaristes en faveur du soutien du pouvoir d\u2019achat. Aujourd\u2019hui, par la refonte de\" \/>\n<meta name=\"robots\" content=\"index, follow, max-snippet:-1, max-image-preview:large, max-video-preview:-1\" \/>\n<link rel=\"canonical\" href=\"https:\/\/www.mediaplateforme.com\/fr\/marjane-contribue-au-soutien-du-pouvoir-dachat\/\" \/>\n<meta property=\"og:locale\" content=\"fr_FR\" \/>\n<meta property=\"og:type\" content=\"article\" \/>\n<meta property=\"og:title\" content=\"Marjane contribue au soutien du pouvoir d\u2019achat - MEDIA PLATEFORME | FR\" \/>\n<meta property=\"og:description\" content=\"Depuis plusieurs mois, Marjane prend des mesures volontaristes en faveur du soutien du pouvoir d\u2019achat. Aujourd\u2019hui, par la refonte de\" \/>\n<meta property=\"og:url\" content=\"https:\/\/www.mediaplateforme.com\/fr\/marjane-contribue-au-soutien-du-pouvoir-dachat\/\" \/>\n<meta property=\"og:site_name\" content=\"MEDIA PLATEFORME | FR\" \/>\n<meta property=\"article:published_time\" content=\"2022-11-03T18:28:04+00:00\" \/>\n<meta property=\"og:image\" content=\"https:\/\/www.mediaplateforme.com\/fr\/wp-content\/uploads\/sites\/5\/2022\/11\/Marjane-holding.png\" \/>\n\t<meta property=\"og:image:width\" content=\"3615\" \/>\n\t<meta property=\"og:image:height\" content=\"2729\" \/>\n\t<meta property=\"og:image:type\" content=\"image\/png\" \/>\n<meta name=\"author\" content=\"Mediaplateforme\" \/>\n<meta name=\"twitter:card\" content=\"summary_large_image\" \/>\n<meta name=\"twitter:label1\" content=\"\u00c9crit par\" \/>\n\t<meta name=\"twitter:data1\" content=\"Mediaplateforme\" \/>\n\t<meta name=\"twitter:label2\" content=\"Dur\u00e9e de lecture estim\u00e9e\" \/>\n\t<meta name=\"twitter:data2\" content=\"3 minutes\" \/>\n<script type=\"application\/ld+json\" class=\"yoast-schema-graph\">{\"@context\":\"https:\/\/schema.org\",\"@graph\":[{\"@type\":\"WebPage\",\"@id\":\"https:\/\/www.mediaplateforme.com\/fr\/marjane-contribue-au-soutien-du-pouvoir-dachat\/\",\"url\":\"https:\/\/www.mediaplateforme.com\/fr\/marjane-contribue-au-soutien-du-pouvoir-dachat\/\",\"name\":\"Marjane contribue au soutien du pouvoir d\u2019achat - MEDIA PLATEFORME | FR\",\"isPartOf\":{\"@id\":\"https:\/\/www.mediaplateforme.com\/fr\/#website\"},\"datePublished\":\"2022-11-03T18:28:04+00:00\",\"dateModified\":\"2022-11-03T18:28:04+00:00\",\"author\":{\"@id\":\"https:\/\/www.mediaplateforme.com\/fr\/#\/schema\/person\/89833db382b5db2c76b094bc902aa12a\"},\"description\":\"Depuis plusieurs mois, Marjane prend des mesures volontaristes en faveur du soutien du pouvoir d\u2019achat. Aujourd\u2019hui, par la refonte de\",\"breadcrumb\":{\"@id\":\"https:\/\/www.mediaplateforme.com\/fr\/marjane-contribue-au-soutien-du-pouvoir-dachat\/#breadcrumb\"},\"inLanguage\":\"fr-FR\",\"potentialAction\":[{\"@type\":\"ReadAction\",\"target\":[\"https:\/\/www.mediaplateforme.com\/fr\/marjane-contribue-au-soutien-du-pouvoir-dachat\/\"]}]},{\"@type\":\"BreadcrumbList\",\"@id\":\"https:\/\/www.mediaplateforme.com\/fr\/marjane-contribue-au-soutien-du-pouvoir-dachat\/#breadcrumb\",\"itemListElement\":[{\"@type\":\"ListItem\",\"position\":1,\"name\":\"\u0627\u0644\u0631\u0626\u064a\u0633\u064a\u0629\",\"item\":\"https:\/\/www.mediaplateforme.com\/fr\/\"},{\"@type\":\"ListItem\",\"position\":2,\"name\":\"Marjane contribue au soutien du pouvoir d\u2019achat\"}]},{\"@type\":\"WebSite\",\"@id\":\"https:\/\/www.mediaplateforme.com\/fr\/#website\",\"url\":\"https:\/\/www.mediaplateforme.com\/fr\/\",\"name\":\"MEDIA PLATEFORME | FR\",\"description\":\"Mediaplateforme sp\u00e9cialis\u00e9 dans la communication institutions publiques et des entreprises\",\"potentialAction\":[{\"@type\":\"SearchAction\",\"target\":{\"@type\":\"EntryPoint\",\"urlTemplate\":\"https:\/\/www.mediaplateforme.com\/fr\/?s={search_term_string}\"},\"query-input\":\"required name=search_term_string\"}],\"inLanguage\":\"fr-FR\"},{\"@type\":\"Person\",\"@id\":\"https:\/\/www.mediaplateforme.com\/fr\/#\/schema\/person\/89833db382b5db2c76b094bc902aa12a\",\"name\":\"Mediaplateforme\",\"image\":{\"@type\":\"ImageObject\",\"inLanguage\":\"fr-FR\",\"@id\":\"https:\/\/www.mediaplateforme.com\/fr\/#\/schema\/person\/image\/\",\"url\":\"https:\/\/secure.gravatar.com\/avatar\/6c9c02e8928cc65d54bf75157f7b3a2d06d7ad0494ca0951f679552ff03b34c1?s=96&d=mm&r=g\",\"contentUrl\":\"https:\/\/secure.gravatar.com\/avatar\/6c9c02e8928cc65d54bf75157f7b3a2d06d7ad0494ca0951f679552ff03b34c1?s=96&d=mm&r=g\",\"caption\":\"Mediaplateforme\"},\"sameAs\":[\"https:\/\/www.mediaplateforme.com\"],\"url\":\"https:\/\/www.mediaplateforme.com\/fr\/author\/mohamedladib\/\"}]}<\/script>\n<!-- \/ Yoast SEO plugin. -->","yoast_head_json":{"title":"Marjane contribue au soutien du pouvoir d\u2019achat - MEDIA PLATEFORME | FR","description":"Depuis plusieurs mois, Marjane prend des mesures volontaristes en faveur du soutien du pouvoir d\u2019achat. Aujourd\u2019hui, par la refonte de","robots":{"index":"index","follow":"follow","max-snippet":"max-snippet:-1","max-image-preview":"max-image-preview:large","max-video-preview":"max-video-preview:-1"},"canonical":"https:\/\/www.mediaplateforme.com\/fr\/marjane-contribue-au-soutien-du-pouvoir-dachat\/","og_locale":"fr_FR","og_type":"article","og_title":"Marjane contribue au soutien du pouvoir d\u2019achat - MEDIA PLATEFORME | FR","og_description":"Depuis plusieurs mois, Marjane prend des mesures volontaristes en faveur du soutien du pouvoir d\u2019achat. Aujourd\u2019hui, par la refonte de","og_url":"https:\/\/www.mediaplateforme.com\/fr\/marjane-contribue-au-soutien-du-pouvoir-dachat\/","og_site_name":"MEDIA PLATEFORME | FR","article_published_time":"2022-11-03T18:28:04+00:00","og_image":[{"width":3615,"height":2729,"url":"https:\/\/www.mediaplateforme.com\/fr\/wp-content\/uploads\/sites\/5\/2022\/11\/Marjane-holding.png","type":"image\/png"}],"author":"Mediaplateforme","twitter_card":"summary_large_image","twitter_misc":{"\u00c9crit par":"Mediaplateforme","Dur\u00e9e de lecture estim\u00e9e":"3 minutes"},"schema":{"@context":"https:\/\/schema.org","@graph":[{"@type":"WebPage","@id":"https:\/\/www.mediaplateforme.com\/fr\/marjane-contribue-au-soutien-du-pouvoir-dachat\/","url":"https:\/\/www.mediaplateforme.com\/fr\/marjane-contribue-au-soutien-du-pouvoir-dachat\/","name":"Marjane contribue au soutien du pouvoir d\u2019achat - MEDIA PLATEFORME | FR","isPartOf":{"@id":"https:\/\/www.mediaplateforme.com\/fr\/#website"},"datePublished":"2022-11-03T18:28:04+00:00","dateModified":"2022-11-03T18:28:04+00:00","author":{"@id":"https:\/\/www.mediaplateforme.com\/fr\/#\/schema\/person\/89833db382b5db2c76b094bc902aa12a"},"description":"Depuis plusieurs mois, Marjane prend des mesures volontaristes en faveur du soutien du pouvoir d\u2019achat. Aujourd\u2019hui, par la refonte de","breadcrumb":{"@id":"https:\/\/www.mediaplateforme.com\/fr\/marjane-contribue-au-soutien-du-pouvoir-dachat\/#breadcrumb"},"inLanguage":"fr-FR","potentialAction":[{"@type":"ReadAction","target":["https:\/\/www.mediaplateforme.com\/fr\/marjane-contribue-au-soutien-du-pouvoir-dachat\/"]}]},{"@type":"BreadcrumbList","@id":"https:\/\/www.mediaplateforme.com\/fr\/marjane-contribue-au-soutien-du-pouvoir-dachat\/#breadcrumb","itemListElement":[{"@type":"ListItem","position":1,"name":"\u0627\u0644\u0631\u0626\u064a\u0633\u064a\u0629","item":"https:\/\/www.mediaplateforme.com\/fr\/"},{"@type":"ListItem","position":2,"name":"Marjane contribue au soutien du pouvoir d\u2019achat"}]},{"@type":"WebSite","@id":"https:\/\/www.mediaplateforme.com\/fr\/#website","url":"https:\/\/www.mediaplateforme.com\/fr\/","name":"MEDIA PLATEFORME | FR","description":"Mediaplateforme sp\u00e9cialis\u00e9 dans la communication institutions publiques et des entreprises","potentialAction":[{"@type":"SearchAction","target":{"@type":"EntryPoint","urlTemplate":"https:\/\/www.mediaplateforme.com\/fr\/?s={search_term_string}"},"query-input":"required name=search_term_string"}],"inLanguage":"fr-FR"},{"@type":"Person","@id":"https:\/\/www.mediaplateforme.com\/fr\/#\/schema\/person\/89833db382b5db2c76b094bc902aa12a","name":"Mediaplateforme","image":{"@type":"ImageObject","inLanguage":"fr-FR","@id":"https:\/\/www.mediaplateforme.com\/fr\/#\/schema\/person\/image\/","url":"https:\/\/secure.gravatar.com\/avatar\/6c9c02e8928cc65d54bf75157f7b3a2d06d7ad0494ca0951f679552ff03b34c1?s=96&d=mm&r=g","contentUrl":"https:\/\/secure.gravatar.com\/avatar\/6c9c02e8928cc65d54bf75157f7b3a2d06d7ad0494ca0951f679552ff03b34c1?s=96&d=mm&r=g","caption":"Mediaplateforme"},"sameAs":["https:\/\/www.mediaplateforme.com"],"url":"https:\/\/www.mediaplateforme.com\/fr\/author\/mohamedladib\/"}]}},"_links":{"self":[{"href":"https:\/\/www.mediaplateforme.com\/fr\/wp-json\/wp\/v2\/posts\/1544","targetHints":{"allow":["GET"]}}],"collection":[{"href":"https:\/\/www.mediaplateforme.com\/fr\/wp-json\/wp\/v2\/posts"}],"about":[{"href":"https:\/\/www.mediaplateforme.com\/fr\/wp-json\/wp\/v2\/types\/post"}],"author":[{"embeddable":true,"href":"https:\/\/www.mediaplateforme.com\/fr\/wp-json\/wp\/v2\/users\/1"}],"replies":[{"embeddable":true,"href":"https:\/\/www.mediaplateforme.com\/fr\/wp-json\/wp\/v2\/comments?post=1544"}],"version-history":[{"count":1,"href":"https:\/\/www.mediaplateforme.com\/fr\/wp-json\/wp\/v2\/posts\/1544\/revisions"}],"predecessor-version":[{"id":1545,"href":"https:\/\/www.mediaplateforme.com\/fr\/wp-json\/wp\/v2\/posts\/1544\/revisions\/1545"}],"wp:featuredmedia":[{"embeddable":true,"href":"https:\/\/www.mediaplateforme.com\/fr\/wp-json\/wp\/v2\/media\/1546"}],"wp:attachment":[{"href":"https:\/\/www.mediaplateforme.com\/fr\/wp-json\/wp\/v2\/media?parent=1544"}],"wp:term":[{"taxonomy":"category","embeddable":true,"href":"https:\/\/www.mediaplateforme.com\/fr\/wp-json\/wp\/v2\/categories?post=1544"},{"taxonomy":"post_tag","embeddable":true,"href":"https:\/\/www.mediaplateforme.com\/fr\/wp-json\/wp\/v2\/tags?post=1544"}],"curies":[{"name":"wp","href":"https:\/\/api.w.org\/{rel}","templated":true}]}}