{"id":1537,"date":"2022-11-03T12:01:57","date_gmt":"2022-11-03T11:01:57","guid":{"rendered":"https:\/\/www.mediaplateforme.com\/fr\/?p=1537"},"modified":"2022-11-03T12:01:57","modified_gmt":"2022-11-03T11:01:57","slug":"le-black-friday-de-jumia-le-bon-moment-cest-maintenant","status":"publish","type":"post","link":"https:\/\/www.mediaplateforme.com\/fr\/le-black-friday-de-jumia-le-bon-moment-cest-maintenant\/","title":{"rendered":"Le Black Friday de Jumia \u00ab Le bon moment, c\u2019est maintenant \u00bb"},"content":{"rendered":"<p style=\"font-weight: 400;\">Du 04 au 30 novembre prochain, Jumia c\u00e9l\u00e8bre sa grande f\u00eate du shopping qui ne dure pas un seul vendredi, mais pr\u00e8s d\u2019un mois ! Et dans le contexte tendu actuel, Jumia a d\u00e9ploy\u00e9 son savoir-faire pour maintenir une politique de prix et de livraison toujours attractive.<\/p>\n<p style=\"font-weight: 400;\">Chez Jumia, le Black Friday est une f\u00eate, et surtout un rendez-vous tr\u00e8s attendu par les consommateurs, mais \u00e9galement un moment tr\u00e8s important pour tout l&rsquo;\u00e9cosyst\u00e8me de l\u2019e-commerce.\u00a0\u00ab\u00a0Le contexte inflationniste est venu redistribuer les cartes et nous a pouss\u00e9s \u00e0 d\u00e9velopper notre offre commerciale en prenant en consid\u00e9ration la hausse des prix \u00bb d\u00e9clare Badr Bouslikhane, CEO Jumia Maroc.\u00a0Ainsi, les \u00e9quipes Jumia ont-elles \u0153uvr\u00e9 pour placer ce Black Friday sous le th\u00e8me : \u00ab\u00a0le bon moment, c\u2019est maintenant\u00a0\u00bb.<\/p>\n<p style=\"font-weight: 400;\">Pour r\u00e9ussir ce challenge, Badr Bouslikhane explique : \u00ab Nous avons engag\u00e9 avec nos partenaires, les n\u00e9gociations et discussions n\u00e9cessaires pour pouvoir offrir les meilleurs deals d\u2019aujourd\u2019hui avec les prix d\u2019hier \u00bb.<\/p>\n<p style=\"font-weight: 400;\">M\u00eame les prix des livraisons ont \u00e9t\u00e9 \u00e9pargn\u00e9s par la hausse du prix des carburants aux niveaux national et international. Badr Bouslikhane annonce ainsi, \u00ab Notre engagement vis-\u00e0-vis de nos clients est de continuer \u00e0 op\u00e9rer avec 0 impact sur les frais de livraisons et le maintien de la livraison gratuite sur les produits Jumia Express au niveau des principales villes du Royaume \u00bb. Une bonne nouvelle pour les consommateurs qui pourront ainsi profiter du Black Friday Jumia sans se soucier des frais de livraison, comme \u00e0 l\u2019accoutum\u00e9.<\/p>\n<p style=\"font-weight: 400;\">Des consommateurs qui pourront profiter du Black Friday pour s\u2019offrir de nombreux produits d\u2019\u00e9lectrom\u00e9nager (t\u00e9l\u00e9visions, r\u00e9frig\u00e9rateurs, machines \u00e0 laver et petit \u00e9lectrom\u00e9nager), de la mode (v\u00eatements, chaussures, accessoires, hommes, femmes et enfants), et bien s\u00fbr de l\u2019\u00e9lectronique ou encore tout ce qu\u2019il faut pour la maison.<\/p>\n<p style=\"font-weight: 400;\">Pour rappel, les temps forts \u00e0 ne pas manquer cette ann\u00e9e:<\/p>\n<p style=\"font-weight: 400;\">&#8211;\u00a0\u00a0\u00a0\u00a0\u00a0\u00a0\u00a0Des explosion days chaque vendredi avec des r\u00e9ductions allant jusqu&rsquo;\u00e0 80%<\/p>\n<p style=\"font-weight: 400;\">&#8211;\u00a0\u00a0\u00a0\u00a0\u00a0\u00a0\u00a0Des journ\u00e9es sp\u00e9ciales d\u00e9di\u00e9es aux marques partenaires<\/p>\n<p style=\"font-weight: 400;\">&#8211;\u00a0\u00a0\u00a0\u00a0\u00a0\u00a0\u00a0Des ventes flash tous les jours \u00e0 midi et \u00e0 20h<\/p>\n","protected":false},"excerpt":{"rendered":"<p>Du 04 au 30 novembre prochain, Jumia c\u00e9l\u00e8bre sa grande f\u00eate du shopping qui ne<\/p>\n","protected":false},"author":1,"featured_media":1538,"comment_status":"open","ping_status":"open","sticky":false,"template":"","format":"standard","meta":{"_acf_changed":false,"footnotes":""},"categories":[7,3],"tags":[223,514],"class_list":["post-1537","post","type-post","status-publish","format-standard","has-post-thumbnail","hentry","category-articles","category-nouvelles-selectionnees","tag-jumia","tag-le-black-friday-de-jumia"],"acf":[],"yoast_head":"<!-- This site is optimized with the Yoast SEO plugin v22.0 - https:\/\/yoast.com\/wordpress\/plugins\/seo\/ -->\n<title>Le Black Friday de Jumia \u00ab Le bon moment, c\u2019est maintenant \u00bb - MEDIA PLATEFORME | FR<\/title>\n<meta name=\"description\" content=\"Du 04 au 30 novembre prochain, Jumia c\u00e9l\u00e8bre sa grande f\u00eate du shopping qui ne dure pas un seul vendredi, mais pr\u00e8s d\u2019un mois ! Et dans\" \/>\n<meta name=\"robots\" content=\"index, follow, max-snippet:-1, max-image-preview:large, max-video-preview:-1\" \/>\n<link rel=\"canonical\" href=\"https:\/\/www.mediaplateforme.com\/fr\/le-black-friday-de-jumia-le-bon-moment-cest-maintenant\/\" \/>\n<meta property=\"og:locale\" content=\"fr_FR\" \/>\n<meta property=\"og:type\" content=\"article\" \/>\n<meta property=\"og:title\" content=\"Le Black Friday de Jumia \u00ab Le bon moment, c\u2019est maintenant \u00bb - MEDIA PLATEFORME | FR\" \/>\n<meta property=\"og:description\" content=\"Du 04 au 30 novembre prochain, Jumia c\u00e9l\u00e8bre sa grande f\u00eate du shopping qui ne dure pas un seul vendredi, mais pr\u00e8s d\u2019un mois ! Et dans\" \/>\n<meta property=\"og:url\" content=\"https:\/\/www.mediaplateforme.com\/fr\/le-black-friday-de-jumia-le-bon-moment-cest-maintenant\/\" \/>\n<meta property=\"og:site_name\" content=\"MEDIA PLATEFORME | FR\" \/>\n<meta property=\"article:published_time\" content=\"2022-11-03T11:01:57+00:00\" \/>\n<meta property=\"og:image\" content=\"https:\/\/www.mediaplateforme.com\/fr\/wp-content\/uploads\/sites\/5\/2022\/11\/BF.png\" \/>\n\t<meta property=\"og:image:width\" content=\"660\" \/>\n\t<meta property=\"og:image:height\" content=\"330\" \/>\n\t<meta property=\"og:image:type\" content=\"image\/png\" \/>\n<meta name=\"author\" content=\"Mediaplateforme\" \/>\n<meta name=\"twitter:card\" content=\"summary_large_image\" \/>\n<meta name=\"twitter:label1\" content=\"\u00c9crit par\" \/>\n\t<meta name=\"twitter:data1\" content=\"Mediaplateforme\" \/>\n\t<meta name=\"twitter:label2\" content=\"Dur\u00e9e de lecture estim\u00e9e\" \/>\n\t<meta name=\"twitter:data2\" content=\"2 minutes\" \/>\n<script type=\"application\/ld+json\" class=\"yoast-schema-graph\">{\"@context\":\"https:\/\/schema.org\",\"@graph\":[{\"@type\":\"WebPage\",\"@id\":\"https:\/\/www.mediaplateforme.com\/fr\/le-black-friday-de-jumia-le-bon-moment-cest-maintenant\/\",\"url\":\"https:\/\/www.mediaplateforme.com\/fr\/le-black-friday-de-jumia-le-bon-moment-cest-maintenant\/\",\"name\":\"Le Black Friday de Jumia \u00ab Le bon moment, c\u2019est maintenant \u00bb - MEDIA PLATEFORME | FR\",\"isPartOf\":{\"@id\":\"https:\/\/www.mediaplateforme.com\/fr\/#website\"},\"datePublished\":\"2022-11-03T11:01:57+00:00\",\"dateModified\":\"2022-11-03T11:01:57+00:00\",\"author\":{\"@id\":\"https:\/\/www.mediaplateforme.com\/fr\/#\/schema\/person\/89833db382b5db2c76b094bc902aa12a\"},\"description\":\"Du 04 au 30 novembre prochain, Jumia c\u00e9l\u00e8bre sa grande f\u00eate du shopping qui ne dure pas un seul vendredi, mais pr\u00e8s d\u2019un mois ! Et dans\",\"breadcrumb\":{\"@id\":\"https:\/\/www.mediaplateforme.com\/fr\/le-black-friday-de-jumia-le-bon-moment-cest-maintenant\/#breadcrumb\"},\"inLanguage\":\"fr-FR\",\"potentialAction\":[{\"@type\":\"ReadAction\",\"target\":[\"https:\/\/www.mediaplateforme.com\/fr\/le-black-friday-de-jumia-le-bon-moment-cest-maintenant\/\"]}]},{\"@type\":\"BreadcrumbList\",\"@id\":\"https:\/\/www.mediaplateforme.com\/fr\/le-black-friday-de-jumia-le-bon-moment-cest-maintenant\/#breadcrumb\",\"itemListElement\":[{\"@type\":\"ListItem\",\"position\":1,\"name\":\"\u0627\u0644\u0631\u0626\u064a\u0633\u064a\u0629\",\"item\":\"https:\/\/www.mediaplateforme.com\/fr\/\"},{\"@type\":\"ListItem\",\"position\":2,\"name\":\"Le Black Friday de Jumia \u00ab Le bon moment, c\u2019est maintenant \u00bb\"}]},{\"@type\":\"WebSite\",\"@id\":\"https:\/\/www.mediaplateforme.com\/fr\/#website\",\"url\":\"https:\/\/www.mediaplateforme.com\/fr\/\",\"name\":\"MEDIA PLATEFORME | FR\",\"description\":\"Mediaplateforme sp\u00e9cialis\u00e9 dans la communication institutions publiques et des entreprises\",\"potentialAction\":[{\"@type\":\"SearchAction\",\"target\":{\"@type\":\"EntryPoint\",\"urlTemplate\":\"https:\/\/www.mediaplateforme.com\/fr\/?s={search_term_string}\"},\"query-input\":\"required name=search_term_string\"}],\"inLanguage\":\"fr-FR\"},{\"@type\":\"Person\",\"@id\":\"https:\/\/www.mediaplateforme.com\/fr\/#\/schema\/person\/89833db382b5db2c76b094bc902aa12a\",\"name\":\"Mediaplateforme\",\"image\":{\"@type\":\"ImageObject\",\"inLanguage\":\"fr-FR\",\"@id\":\"https:\/\/www.mediaplateforme.com\/fr\/#\/schema\/person\/image\/\",\"url\":\"https:\/\/secure.gravatar.com\/avatar\/6c9c02e8928cc65d54bf75157f7b3a2d06d7ad0494ca0951f679552ff03b34c1?s=96&d=mm&r=g\",\"contentUrl\":\"https:\/\/secure.gravatar.com\/avatar\/6c9c02e8928cc65d54bf75157f7b3a2d06d7ad0494ca0951f679552ff03b34c1?s=96&d=mm&r=g\",\"caption\":\"Mediaplateforme\"},\"sameAs\":[\"https:\/\/www.mediaplateforme.com\"],\"url\":\"https:\/\/www.mediaplateforme.com\/fr\/author\/mohamedladib\/\"}]}<\/script>\n<!-- \/ Yoast SEO plugin. -->","yoast_head_json":{"title":"Le Black Friday de Jumia \u00ab Le bon moment, c\u2019est maintenant \u00bb - MEDIA PLATEFORME | FR","description":"Du 04 au 30 novembre prochain, Jumia c\u00e9l\u00e8bre sa grande f\u00eate du shopping qui ne dure pas un seul vendredi, mais pr\u00e8s d\u2019un mois ! Et dans","robots":{"index":"index","follow":"follow","max-snippet":"max-snippet:-1","max-image-preview":"max-image-preview:large","max-video-preview":"max-video-preview:-1"},"canonical":"https:\/\/www.mediaplateforme.com\/fr\/le-black-friday-de-jumia-le-bon-moment-cest-maintenant\/","og_locale":"fr_FR","og_type":"article","og_title":"Le Black Friday de Jumia \u00ab Le bon moment, c\u2019est maintenant \u00bb - MEDIA PLATEFORME | FR","og_description":"Du 04 au 30 novembre prochain, Jumia c\u00e9l\u00e8bre sa grande f\u00eate du shopping qui ne dure pas un seul vendredi, mais pr\u00e8s d\u2019un mois ! Et dans","og_url":"https:\/\/www.mediaplateforme.com\/fr\/le-black-friday-de-jumia-le-bon-moment-cest-maintenant\/","og_site_name":"MEDIA PLATEFORME | FR","article_published_time":"2022-11-03T11:01:57+00:00","og_image":[{"width":660,"height":330,"url":"https:\/\/www.mediaplateforme.com\/fr\/wp-content\/uploads\/sites\/5\/2022\/11\/BF.png","type":"image\/png"}],"author":"Mediaplateforme","twitter_card":"summary_large_image","twitter_misc":{"\u00c9crit par":"Mediaplateforme","Dur\u00e9e de lecture estim\u00e9e":"2 minutes"},"schema":{"@context":"https:\/\/schema.org","@graph":[{"@type":"WebPage","@id":"https:\/\/www.mediaplateforme.com\/fr\/le-black-friday-de-jumia-le-bon-moment-cest-maintenant\/","url":"https:\/\/www.mediaplateforme.com\/fr\/le-black-friday-de-jumia-le-bon-moment-cest-maintenant\/","name":"Le Black Friday de Jumia \u00ab Le bon moment, c\u2019est maintenant \u00bb - MEDIA PLATEFORME | FR","isPartOf":{"@id":"https:\/\/www.mediaplateforme.com\/fr\/#website"},"datePublished":"2022-11-03T11:01:57+00:00","dateModified":"2022-11-03T11:01:57+00:00","author":{"@id":"https:\/\/www.mediaplateforme.com\/fr\/#\/schema\/person\/89833db382b5db2c76b094bc902aa12a"},"description":"Du 04 au 30 novembre prochain, Jumia c\u00e9l\u00e8bre sa grande f\u00eate du shopping qui ne dure pas un seul vendredi, mais pr\u00e8s d\u2019un mois ! Et dans","breadcrumb":{"@id":"https:\/\/www.mediaplateforme.com\/fr\/le-black-friday-de-jumia-le-bon-moment-cest-maintenant\/#breadcrumb"},"inLanguage":"fr-FR","potentialAction":[{"@type":"ReadAction","target":["https:\/\/www.mediaplateforme.com\/fr\/le-black-friday-de-jumia-le-bon-moment-cest-maintenant\/"]}]},{"@type":"BreadcrumbList","@id":"https:\/\/www.mediaplateforme.com\/fr\/le-black-friday-de-jumia-le-bon-moment-cest-maintenant\/#breadcrumb","itemListElement":[{"@type":"ListItem","position":1,"name":"\u0627\u0644\u0631\u0626\u064a\u0633\u064a\u0629","item":"https:\/\/www.mediaplateforme.com\/fr\/"},{"@type":"ListItem","position":2,"name":"Le Black Friday de Jumia \u00ab Le bon moment, c\u2019est maintenant \u00bb"}]},{"@type":"WebSite","@id":"https:\/\/www.mediaplateforme.com\/fr\/#website","url":"https:\/\/www.mediaplateforme.com\/fr\/","name":"MEDIA PLATEFORME | FR","description":"Mediaplateforme sp\u00e9cialis\u00e9 dans la communication institutions publiques et des entreprises","potentialAction":[{"@type":"SearchAction","target":{"@type":"EntryPoint","urlTemplate":"https:\/\/www.mediaplateforme.com\/fr\/?s={search_term_string}"},"query-input":"required name=search_term_string"}],"inLanguage":"fr-FR"},{"@type":"Person","@id":"https:\/\/www.mediaplateforme.com\/fr\/#\/schema\/person\/89833db382b5db2c76b094bc902aa12a","name":"Mediaplateforme","image":{"@type":"ImageObject","inLanguage":"fr-FR","@id":"https:\/\/www.mediaplateforme.com\/fr\/#\/schema\/person\/image\/","url":"https:\/\/secure.gravatar.com\/avatar\/6c9c02e8928cc65d54bf75157f7b3a2d06d7ad0494ca0951f679552ff03b34c1?s=96&d=mm&r=g","contentUrl":"https:\/\/secure.gravatar.com\/avatar\/6c9c02e8928cc65d54bf75157f7b3a2d06d7ad0494ca0951f679552ff03b34c1?s=96&d=mm&r=g","caption":"Mediaplateforme"},"sameAs":["https:\/\/www.mediaplateforme.com"],"url":"https:\/\/www.mediaplateforme.com\/fr\/author\/mohamedladib\/"}]}},"_links":{"self":[{"href":"https:\/\/www.mediaplateforme.com\/fr\/wp-json\/wp\/v2\/posts\/1537","targetHints":{"allow":["GET"]}}],"collection":[{"href":"https:\/\/www.mediaplateforme.com\/fr\/wp-json\/wp\/v2\/posts"}],"about":[{"href":"https:\/\/www.mediaplateforme.com\/fr\/wp-json\/wp\/v2\/types\/post"}],"author":[{"embeddable":true,"href":"https:\/\/www.mediaplateforme.com\/fr\/wp-json\/wp\/v2\/users\/1"}],"replies":[{"embeddable":true,"href":"https:\/\/www.mediaplateforme.com\/fr\/wp-json\/wp\/v2\/comments?post=1537"}],"version-history":[{"count":2,"href":"https:\/\/www.mediaplateforme.com\/fr\/wp-json\/wp\/v2\/posts\/1537\/revisions"}],"predecessor-version":[{"id":1540,"href":"https:\/\/www.mediaplateforme.com\/fr\/wp-json\/wp\/v2\/posts\/1537\/revisions\/1540"}],"wp:featuredmedia":[{"embeddable":true,"href":"https:\/\/www.mediaplateforme.com\/fr\/wp-json\/wp\/v2\/media\/1538"}],"wp:attachment":[{"href":"https:\/\/www.mediaplateforme.com\/fr\/wp-json\/wp\/v2\/media?parent=1537"}],"wp:term":[{"taxonomy":"category","embeddable":true,"href":"https:\/\/www.mediaplateforme.com\/fr\/wp-json\/wp\/v2\/categories?post=1537"},{"taxonomy":"post_tag","embeddable":true,"href":"https:\/\/www.mediaplateforme.com\/fr\/wp-json\/wp\/v2\/tags?post=1537"}],"curies":[{"name":"wp","href":"https:\/\/api.w.org\/{rel}","templated":true}]}}