{"id":1530,"date":"2022-11-02T20:23:32","date_gmt":"2022-11-02T19:23:32","guid":{"rendered":"https:\/\/www.mediaplateforme.com\/fr\/?p=1530"},"modified":"2022-11-02T20:23:32","modified_gmt":"2022-11-02T19:23:32","slug":"al-karama-annonce-un-investissement-de-35-mdhs-dans-son-unite-de-production-dait-melloul-a-agadir","status":"publish","type":"post","link":"https:\/\/www.mediaplateforme.com\/fr\/al-karama-annonce-un-investissement-de-35-mdhs-dans-son-unite-de-production-dait-melloul-a-agadir\/","title":{"rendered":"Al Karama annonce un investissement de 35 MDHS dans son unit\u00e9 de production d\u2019Ait Melloul \u00e0 Agadir"},"content":{"rendered":"<p class=\"x_gmail-Standard\">La soci\u00e9t\u00e9 des Eaux Min\u00e9rales Al Karama vient d\u2019op\u00e9rer une extension, qui s\u2019\u00e9tend sur plus de 3000m\u00b2, dans son usine d\u2019Ait Melloul \u00e0 Agadir. Il s\u2019agit d\u2019un investissement de 35 millions de DH qui int\u00e8gre d\u00e9sormais une nouvelle ligne d\u2019embouteillage pour la production de bouteilles Amane Souss en petits formats (1,5 L, 50 cl et 33 cl), lanc\u00e9es pour la premi\u00e8re fois sur le march\u00e9. Cette nouvelle ligne permettra en outre \u00e0 l\u2019usine de g\u00e9n\u00e9rer 30 nouveaux emplois directs.<\/p>\n<p class=\"x_gmail-Standard\">\u00ab<i>Cette extension d\u2019usine intervient dans le sillage de la strat\u00e9gie de d\u00e9veloppement et de p\u00e9n\u00e9tration du march\u00e9 op\u00e9r\u00e9e par la soci\u00e9t\u00e9 des eaux min\u00e9rales Al Karama sur le sol Marocain, mais aussi suite \u00e0 la forte demande pour les bouteilles Amane Souss de petits formats au sein du march\u00e9 marocain<\/i>\u00bb, a d\u00e9clar\u00e9 Mounir El Bari, Directeur G\u00e9n\u00e9ral de Al Karama.<\/p>\n<p class=\"x_gmail-Standard\">Amane Souss b\u00e9n\u00e9ficie en outre du label b\u00e9b\u00e9 octroy\u00e9 par le Minist\u00e8re de la Sant\u00e9 en reconnaissance de sa composition qui se caract\u00e9rise par une faible teneur en Sodium et Nitrate, et qui est fortement conseill\u00e9e pour les femmes enceintes, les nourrissons et b\u00e9b\u00e9s.<\/p>\n<p class=\"x_gmail-Standard\">Disponible en formats 1,5L, 2L, 3L, 5L et 7L, Amane Souss se distingue sur le march\u00e9 marocain avec ses Eco-bouteilles en bleu Azur et rose qui pr\u00e9servent l\u2019eau des rayons du soleil.\u00a0 Cette eau de table pure min\u00e9ralis\u00e9e par syst\u00e8me d\u2019ultrafiltration et d\u2019osmose inverse est mise en bouteille \u00e0 Agadir. Solidement ancr\u00e9e dans l\u2019identit\u00e9 marocaine, Amane Souss a puis\u00e9 son nom dans la culture amazigh, en plus d\u2019avoir pour philosophie l\u2019adage marocain \u00abAl Maa Amane\u00bb.<\/p>\n<p class=\"x_MsoNormal\">Pour rester toujours plus proche de ses clients,\u00a0Amane\u00a0propose la solution de livraison \u00e0 domicile gr\u00e2ce au num\u00e9ro unique\u00a0: 0675 210 210 .<\/p>\n","protected":false},"excerpt":{"rendered":"<p>La soci\u00e9t\u00e9 des Eaux Min\u00e9rales Al Karama vient d\u2019op\u00e9rer une extension, qui s\u2019\u00e9tend sur plus<\/p>\n","protected":false},"author":1,"featured_media":1531,"comment_status":"open","ping_status":"open","sticky":false,"template":"","format":"standard","meta":{"_acf_changed":false,"footnotes":""},"categories":[4,3],"tags":[510,511,509],"class_list":["post-1530","post","type-post","status-publish","format-standard","has-post-thumbnail","hentry","category-economie","category-nouvelles-selectionnees","tag-agadir","tag-ait-melloul","tag-al-karama"],"acf":[],"yoast_head":"<!-- This site is optimized with the Yoast SEO plugin v22.0 - https:\/\/yoast.com\/wordpress\/plugins\/seo\/ -->\n<title>Al Karama annonce un investissement de 35 MDHS dans son unit\u00e9 de production d\u2019Ait Melloul \u00e0 Agadir - MEDIA PLATEFORME | FR<\/title>\n<meta name=\"description\" content=\"La soci\u00e9t\u00e9 des Eaux Min\u00e9rales Al Karama vient d\u2019op\u00e9rer une extension, qui s\u2019\u00e9tend sur plus de 3000m\u00b2, dans son usine d\u2019Ait Melloul \u00e0 Agadir\" \/>\n<meta name=\"robots\" content=\"index, follow, max-snippet:-1, max-image-preview:large, max-video-preview:-1\" \/>\n<link rel=\"canonical\" href=\"https:\/\/www.mediaplateforme.com\/fr\/al-karama-annonce-un-investissement-de-35-mdhs-dans-son-unite-de-production-dait-melloul-a-agadir\/\" \/>\n<meta property=\"og:locale\" content=\"fr_FR\" \/>\n<meta property=\"og:type\" content=\"article\" \/>\n<meta property=\"og:title\" content=\"Al Karama annonce un investissement de 35 MDHS dans son unit\u00e9 de production d\u2019Ait Melloul \u00e0 Agadir - MEDIA PLATEFORME | FR\" \/>\n<meta property=\"og:description\" content=\"La soci\u00e9t\u00e9 des Eaux Min\u00e9rales Al Karama vient d\u2019op\u00e9rer une extension, qui s\u2019\u00e9tend sur plus de 3000m\u00b2, dans son usine d\u2019Ait Melloul \u00e0 Agadir\" \/>\n<meta property=\"og:url\" content=\"https:\/\/www.mediaplateforme.com\/fr\/al-karama-annonce-un-investissement-de-35-mdhs-dans-son-unite-de-production-dait-melloul-a-agadir\/\" \/>\n<meta property=\"og:site_name\" content=\"MEDIA PLATEFORME | FR\" \/>\n<meta property=\"article:published_time\" content=\"2022-11-02T19:23:32+00:00\" \/>\n<meta property=\"og:image\" content=\"https:\/\/www.mediaplateforme.com\/fr\/wp-content\/uploads\/sites\/5\/2022\/11\/Logo-amane-.jpg\" \/>\n\t<meta property=\"og:image:width\" content=\"1261\" \/>\n\t<meta property=\"og:image:height\" content=\"892\" \/>\n\t<meta property=\"og:image:type\" content=\"image\/jpeg\" \/>\n<meta name=\"author\" content=\"Mediaplateforme\" \/>\n<meta name=\"twitter:card\" content=\"summary_large_image\" \/>\n<meta name=\"twitter:label1\" content=\"\u00c9crit par\" \/>\n\t<meta name=\"twitter:data1\" content=\"Mediaplateforme\" \/>\n\t<meta name=\"twitter:label2\" content=\"Dur\u00e9e de lecture estim\u00e9e\" \/>\n\t<meta name=\"twitter:data2\" content=\"2 minutes\" \/>\n<script type=\"application\/ld+json\" class=\"yoast-schema-graph\">{\"@context\":\"https:\/\/schema.org\",\"@graph\":[{\"@type\":\"WebPage\",\"@id\":\"https:\/\/www.mediaplateforme.com\/fr\/al-karama-annonce-un-investissement-de-35-mdhs-dans-son-unite-de-production-dait-melloul-a-agadir\/\",\"url\":\"https:\/\/www.mediaplateforme.com\/fr\/al-karama-annonce-un-investissement-de-35-mdhs-dans-son-unite-de-production-dait-melloul-a-agadir\/\",\"name\":\"Al Karama annonce un investissement de 35 MDHS dans son unit\u00e9 de production d\u2019Ait Melloul \u00e0 Agadir - MEDIA PLATEFORME | FR\",\"isPartOf\":{\"@id\":\"https:\/\/www.mediaplateforme.com\/fr\/#website\"},\"datePublished\":\"2022-11-02T19:23:32+00:00\",\"dateModified\":\"2022-11-02T19:23:32+00:00\",\"author\":{\"@id\":\"https:\/\/www.mediaplateforme.com\/fr\/#\/schema\/person\/89833db382b5db2c76b094bc902aa12a\"},\"description\":\"La soci\u00e9t\u00e9 des Eaux Min\u00e9rales Al Karama vient d\u2019op\u00e9rer une extension, qui s\u2019\u00e9tend sur plus de 3000m\u00b2, dans son usine d\u2019Ait Melloul \u00e0 Agadir\",\"breadcrumb\":{\"@id\":\"https:\/\/www.mediaplateforme.com\/fr\/al-karama-annonce-un-investissement-de-35-mdhs-dans-son-unite-de-production-dait-melloul-a-agadir\/#breadcrumb\"},\"inLanguage\":\"fr-FR\",\"potentialAction\":[{\"@type\":\"ReadAction\",\"target\":[\"https:\/\/www.mediaplateforme.com\/fr\/al-karama-annonce-un-investissement-de-35-mdhs-dans-son-unite-de-production-dait-melloul-a-agadir\/\"]}]},{\"@type\":\"BreadcrumbList\",\"@id\":\"https:\/\/www.mediaplateforme.com\/fr\/al-karama-annonce-un-investissement-de-35-mdhs-dans-son-unite-de-production-dait-melloul-a-agadir\/#breadcrumb\",\"itemListElement\":[{\"@type\":\"ListItem\",\"position\":1,\"name\":\"\u0627\u0644\u0631\u0626\u064a\u0633\u064a\u0629\",\"item\":\"https:\/\/www.mediaplateforme.com\/fr\/\"},{\"@type\":\"ListItem\",\"position\":2,\"name\":\"Al Karama annonce un investissement de 35 MDHS dans son unit\u00e9 de production d\u2019Ait Melloul \u00e0 Agadir\"}]},{\"@type\":\"WebSite\",\"@id\":\"https:\/\/www.mediaplateforme.com\/fr\/#website\",\"url\":\"https:\/\/www.mediaplateforme.com\/fr\/\",\"name\":\"MEDIA PLATEFORME | FR\",\"description\":\"Mediaplateforme sp\u00e9cialis\u00e9 dans la communication institutions publiques et des entreprises\",\"potentialAction\":[{\"@type\":\"SearchAction\",\"target\":{\"@type\":\"EntryPoint\",\"urlTemplate\":\"https:\/\/www.mediaplateforme.com\/fr\/?s={search_term_string}\"},\"query-input\":\"required name=search_term_string\"}],\"inLanguage\":\"fr-FR\"},{\"@type\":\"Person\",\"@id\":\"https:\/\/www.mediaplateforme.com\/fr\/#\/schema\/person\/89833db382b5db2c76b094bc902aa12a\",\"name\":\"Mediaplateforme\",\"image\":{\"@type\":\"ImageObject\",\"inLanguage\":\"fr-FR\",\"@id\":\"https:\/\/www.mediaplateforme.com\/fr\/#\/schema\/person\/image\/\",\"url\":\"https:\/\/secure.gravatar.com\/avatar\/6c9c02e8928cc65d54bf75157f7b3a2d06d7ad0494ca0951f679552ff03b34c1?s=96&d=mm&r=g\",\"contentUrl\":\"https:\/\/secure.gravatar.com\/avatar\/6c9c02e8928cc65d54bf75157f7b3a2d06d7ad0494ca0951f679552ff03b34c1?s=96&d=mm&r=g\",\"caption\":\"Mediaplateforme\"},\"sameAs\":[\"https:\/\/www.mediaplateforme.com\"],\"url\":\"https:\/\/www.mediaplateforme.com\/fr\/author\/mohamedladib\/\"}]}<\/script>\n<!-- \/ Yoast SEO plugin. -->","yoast_head_json":{"title":"Al Karama annonce un investissement de 35 MDHS dans son unit\u00e9 de production d\u2019Ait Melloul \u00e0 Agadir - MEDIA PLATEFORME | FR","description":"La soci\u00e9t\u00e9 des Eaux Min\u00e9rales Al Karama vient d\u2019op\u00e9rer une extension, qui s\u2019\u00e9tend sur plus de 3000m\u00b2, dans son usine d\u2019Ait Melloul \u00e0 Agadir","robots":{"index":"index","follow":"follow","max-snippet":"max-snippet:-1","max-image-preview":"max-image-preview:large","max-video-preview":"max-video-preview:-1"},"canonical":"https:\/\/www.mediaplateforme.com\/fr\/al-karama-annonce-un-investissement-de-35-mdhs-dans-son-unite-de-production-dait-melloul-a-agadir\/","og_locale":"fr_FR","og_type":"article","og_title":"Al Karama annonce un investissement de 35 MDHS dans son unit\u00e9 de production d\u2019Ait Melloul \u00e0 Agadir - MEDIA PLATEFORME | FR","og_description":"La soci\u00e9t\u00e9 des Eaux Min\u00e9rales Al Karama vient d\u2019op\u00e9rer une extension, qui s\u2019\u00e9tend sur plus de 3000m\u00b2, dans son usine d\u2019Ait Melloul \u00e0 Agadir","og_url":"https:\/\/www.mediaplateforme.com\/fr\/al-karama-annonce-un-investissement-de-35-mdhs-dans-son-unite-de-production-dait-melloul-a-agadir\/","og_site_name":"MEDIA PLATEFORME | FR","article_published_time":"2022-11-02T19:23:32+00:00","og_image":[{"width":1261,"height":892,"url":"https:\/\/www.mediaplateforme.com\/fr\/wp-content\/uploads\/sites\/5\/2022\/11\/Logo-amane-.jpg","type":"image\/jpeg"}],"author":"Mediaplateforme","twitter_card":"summary_large_image","twitter_misc":{"\u00c9crit par":"Mediaplateforme","Dur\u00e9e de lecture estim\u00e9e":"2 minutes"},"schema":{"@context":"https:\/\/schema.org","@graph":[{"@type":"WebPage","@id":"https:\/\/www.mediaplateforme.com\/fr\/al-karama-annonce-un-investissement-de-35-mdhs-dans-son-unite-de-production-dait-melloul-a-agadir\/","url":"https:\/\/www.mediaplateforme.com\/fr\/al-karama-annonce-un-investissement-de-35-mdhs-dans-son-unite-de-production-dait-melloul-a-agadir\/","name":"Al Karama annonce un investissement de 35 MDHS dans son unit\u00e9 de production d\u2019Ait Melloul \u00e0 Agadir - MEDIA PLATEFORME | FR","isPartOf":{"@id":"https:\/\/www.mediaplateforme.com\/fr\/#website"},"datePublished":"2022-11-02T19:23:32+00:00","dateModified":"2022-11-02T19:23:32+00:00","author":{"@id":"https:\/\/www.mediaplateforme.com\/fr\/#\/schema\/person\/89833db382b5db2c76b094bc902aa12a"},"description":"La soci\u00e9t\u00e9 des Eaux Min\u00e9rales Al Karama vient d\u2019op\u00e9rer une extension, qui s\u2019\u00e9tend sur plus de 3000m\u00b2, dans son usine d\u2019Ait Melloul \u00e0 Agadir","breadcrumb":{"@id":"https:\/\/www.mediaplateforme.com\/fr\/al-karama-annonce-un-investissement-de-35-mdhs-dans-son-unite-de-production-dait-melloul-a-agadir\/#breadcrumb"},"inLanguage":"fr-FR","potentialAction":[{"@type":"ReadAction","target":["https:\/\/www.mediaplateforme.com\/fr\/al-karama-annonce-un-investissement-de-35-mdhs-dans-son-unite-de-production-dait-melloul-a-agadir\/"]}]},{"@type":"BreadcrumbList","@id":"https:\/\/www.mediaplateforme.com\/fr\/al-karama-annonce-un-investissement-de-35-mdhs-dans-son-unite-de-production-dait-melloul-a-agadir\/#breadcrumb","itemListElement":[{"@type":"ListItem","position":1,"name":"\u0627\u0644\u0631\u0626\u064a\u0633\u064a\u0629","item":"https:\/\/www.mediaplateforme.com\/fr\/"},{"@type":"ListItem","position":2,"name":"Al Karama annonce un investissement de 35 MDHS dans son unit\u00e9 de production d\u2019Ait Melloul \u00e0 Agadir"}]},{"@type":"WebSite","@id":"https:\/\/www.mediaplateforme.com\/fr\/#website","url":"https:\/\/www.mediaplateforme.com\/fr\/","name":"MEDIA PLATEFORME | FR","description":"Mediaplateforme sp\u00e9cialis\u00e9 dans la communication institutions publiques et des entreprises","potentialAction":[{"@type":"SearchAction","target":{"@type":"EntryPoint","urlTemplate":"https:\/\/www.mediaplateforme.com\/fr\/?s={search_term_string}"},"query-input":"required name=search_term_string"}],"inLanguage":"fr-FR"},{"@type":"Person","@id":"https:\/\/www.mediaplateforme.com\/fr\/#\/schema\/person\/89833db382b5db2c76b094bc902aa12a","name":"Mediaplateforme","image":{"@type":"ImageObject","inLanguage":"fr-FR","@id":"https:\/\/www.mediaplateforme.com\/fr\/#\/schema\/person\/image\/","url":"https:\/\/secure.gravatar.com\/avatar\/6c9c02e8928cc65d54bf75157f7b3a2d06d7ad0494ca0951f679552ff03b34c1?s=96&d=mm&r=g","contentUrl":"https:\/\/secure.gravatar.com\/avatar\/6c9c02e8928cc65d54bf75157f7b3a2d06d7ad0494ca0951f679552ff03b34c1?s=96&d=mm&r=g","caption":"Mediaplateforme"},"sameAs":["https:\/\/www.mediaplateforme.com"],"url":"https:\/\/www.mediaplateforme.com\/fr\/author\/mohamedladib\/"}]}},"_links":{"self":[{"href":"https:\/\/www.mediaplateforme.com\/fr\/wp-json\/wp\/v2\/posts\/1530","targetHints":{"allow":["GET"]}}],"collection":[{"href":"https:\/\/www.mediaplateforme.com\/fr\/wp-json\/wp\/v2\/posts"}],"about":[{"href":"https:\/\/www.mediaplateforme.com\/fr\/wp-json\/wp\/v2\/types\/post"}],"author":[{"embeddable":true,"href":"https:\/\/www.mediaplateforme.com\/fr\/wp-json\/wp\/v2\/users\/1"}],"replies":[{"embeddable":true,"href":"https:\/\/www.mediaplateforme.com\/fr\/wp-json\/wp\/v2\/comments?post=1530"}],"version-history":[{"count":1,"href":"https:\/\/www.mediaplateforme.com\/fr\/wp-json\/wp\/v2\/posts\/1530\/revisions"}],"predecessor-version":[{"id":1532,"href":"https:\/\/www.mediaplateforme.com\/fr\/wp-json\/wp\/v2\/posts\/1530\/revisions\/1532"}],"wp:featuredmedia":[{"embeddable":true,"href":"https:\/\/www.mediaplateforme.com\/fr\/wp-json\/wp\/v2\/media\/1531"}],"wp:attachment":[{"href":"https:\/\/www.mediaplateforme.com\/fr\/wp-json\/wp\/v2\/media?parent=1530"}],"wp:term":[{"taxonomy":"category","embeddable":true,"href":"https:\/\/www.mediaplateforme.com\/fr\/wp-json\/wp\/v2\/categories?post=1530"},{"taxonomy":"post_tag","embeddable":true,"href":"https:\/\/www.mediaplateforme.com\/fr\/wp-json\/wp\/v2\/tags?post=1530"}],"curies":[{"name":"wp","href":"https:\/\/api.w.org\/{rel}","templated":true}]}}