{"id":1522,"date":"2022-11-02T20:14:07","date_gmt":"2022-11-02T19:14:07","guid":{"rendered":"https:\/\/www.mediaplateforme.com\/fr\/?p=1522"},"modified":"2022-11-02T20:14:07","modified_gmt":"2022-11-02T19:14:07","slug":"te-connectivity-morocco-celebre-sa-10eme-annee-de-succes-et-de-developpement-durable","status":"publish","type":"post","link":"https:\/\/www.mediaplateforme.com\/fr\/te-connectivity-morocco-celebre-sa-10eme-annee-de-succes-et-de-developpement-durable\/","title":{"rendered":"TE Connectivity Morocco c\u00e9l\u00e8bre sa 10\u00e8me ann\u00e9e de succ\u00e8s et de d\u00e9veloppement durable"},"content":{"rendered":"<p>TE Connectivity Morocco c\u00e9l\u00e8bre le 10\u00e8me anniversaire de ses sites de Tanger. Pour c\u00e9l\u00e9brer ce jalon, une c\u00e9r\u00e9monie aura lieu le 2 novembre 2022 au site de TE Connectivity Tangier Automotive City (TAC) et sera pr\u00e9sid\u00e9e par M. Ryad MEZZOUR, le ministre marocain de l&rsquo;Industrie et du Commerce.<\/p>\n<p>TE Connectivity Morocco a commenc\u00e9 ses activit\u00e9s en mars 2012 comme \u00e9tant un centre de distribution relativement petit situ\u00e9 dans la zone franche logistique de Medhub pour assurer l&rsquo;approvisionnement des clients locaux. Au d\u00e9but, le site s&rsquo;\u00e9tendait sur une superficie d&rsquo;environ de 2500 m\u00e8tres carr\u00e9s et ne comptait que cinq employ\u00e9s.<\/p>\n<p>Apr\u00e8s une performance remarquablement r\u00e9ussie dans les op\u00e9rations de distribution, TE Connectivity a d\u00e9cid\u00e9 d&rsquo;\u00e9tendre ses op\u00e9rations locales au Maroc aux activit\u00e9s de production et d\u2019&rsquo;ing\u00e9nierie \u00e0 valeur ajout\u00e9e telles que le d\u00e9veloppement des produits. TE Connectivity Morocco compte, aujourd&rsquo;hui, plus de 2600 employ\u00e9s pour assumer des fonctions telles que celles de la production, des cadres interm\u00e9diaires, d&rsquo;ing\u00e9nierie et des cadres sup\u00e9rieurs mobilis\u00e9s dans un tr\u00e8s grand campus industriel comprenant quatre usines de fabrication implant\u00e9es dans diff\u00e9rent parcs industriels : TFZ, TAC1, TAC2, ainsi qu&rsquo;un nouveau centre de distribution d&rsquo;une superficie de 10000 m\u00e8tres carr\u00e9s situ\u00e9 \u00e0 Medhub d\u00e9di\u00e9 aux op\u00e9rations logistiques.<\/p>\n<p>A cette occasion, M.<a href=\"https:\/\/www.mediaplateforme.com\/fr\/m-mezzour-inaugure-une-usine-allemande-specialisee-dans-les-composantes-automobiles\/\"> Ryad Mezzour<\/a> a soulign\u00e9 : \u201c TE Connectivity a \u00e9t\u00e9 le premier \u00e0 produire des connecteurs pour automobile au Maroc. C\u2019est une v\u00e9ritable success story que nous devons en grande partie \u00e0 nos comp\u00e9tences marocaines. Le groupe poursuit sa mont\u00e9e en puissance au Maroc en s\u2019orientant vers des m\u00e9tiers de pointe, notamment la production de syst\u00e8mes de connexion pour \u00e9quipements industriels . C\u2019est un signe incontestable de la confiance renouvl\u00e9e du groupe en la destination Maroc et de l\u2019attractivit\u00e9 de la plateforme industrielle nationale\u201d<br \/>\n\u00ab Cela a \u00e9t\u00e9 passionnant de suivre le parcours de notre \u00e9quipe au Maroc au fil des ans, \u00bb a d\u00e9clar\u00e9 Vish Ananthan, senior vice-pr\u00e9sident et directeur g\u00e9n\u00e9ral de Industrial business de TE Connectivity.<\/p>\n<p>Le campus op\u00e8re pour deux segments de TE Connectivity, \u00e0 savoir: les solutions de transport, incluant l&rsquo;automobile et le transport industriel et commercial, et les solutions industrielles.<\/p>\n<p>\u00c0 l\u2019occasion de cet \u00e9v\u00e8nement, plusieurs hauts dirigeants du segment solutions de transport de TE Connectivity ont fait part de leurs commentaires sur cet anniversaire et sur l&rsquo;importance que rev\u00eat le site install\u00e9 au Maroc pour leurs activit\u00e9s. \u00ab Nous tenons \u00e0 f\u00e9liciter nos coll\u00e8gues de Tanger \u00e0 l&rsquo;occasion de cet impressionnant 10\u00e8me anniversaire, \u00bb a d\u00e9clar\u00e9 Jean Michel Renaudie, senior vice-pr\u00e9sident et directeur g\u00e9n\u00e9ral de l&rsquo;unit\u00e9 de Transport Industriel et Commercial (ICT) de TE Connectivity. \u00ab ICT a permis de d\u00e9velopper consid\u00e9rablement notre pr\u00e9sence au Maroc au fil des ann\u00e9es et de devenir ainsi un \u00e9l\u00e9ment important dans nos efforts d&rsquo;innovations et de services aux clients. \u00bb<\/p>\n<p>Matthias Lechner, senior vice-pr\u00e9sident et directeur g\u00e9n\u00e9ral de l&rsquo;activit\u00e9 Automotive EMEA de TE Connectivity, a fait \u00e9cho \u00e0 ses sentiments. \u00ab Nos installations \u00e0 Tanger sont devenues de plus en plus importantes pour nos activit\u00e9s au cours de la derni\u00e8re d\u00e9cennie, \u00bb a-t-il d\u00e9clar\u00e9. \u00ab Le soutien apport\u00e9 par le gouvernement a \u00e9t\u00e9 tr\u00e8s appr\u00e9ci\u00e9 et la disponibilit\u00e9 de talents hautement qualifi\u00e9s dans la r\u00e9gion nous a permis de d\u00e9velopper \u00e0 la fois notre offre d&#8217;emploi et notre installation. Je tiens \u00e0 remercier toute l\u2019\u00e9quipe pour leur excellent travail au cours de ces 10 derni\u00e8res ann\u00e9es et je me r\u00e9jouis d&rsquo;avance de pouvoir poursuivre notre excellente collaboration au Maroc pendant de nombreuses ann\u00e9es. \u00bb<\/p>\n<p>CONCERNANT TE CONNECTIVITY<br \/>\nTE Connectivity est un leader mondial dans le domaine de la technologie industrielle, cr\u00e9ant un avenir plus s\u00fbr, durable, productif et connect\u00e9. Notre large gamme de solutions en mati\u00e8re de connectivit\u00e9 et de capteurs, \u00e9prouv\u00e9e dans les environnements les plus difficiles, permet des avanc\u00e9es dans les domaines du transport, des applications industrielles, de la technologie m\u00e9dicale, de l&rsquo;\u00e9nergie, de la communication de donn\u00e9es et dans l\u2019univers de la maison. Avec plus de 85 000 employ\u00e9s, dont plus de 8 000 ing\u00e9nieurs, travaillant aux c\u00f4t\u00e9s de clients dans pr\u00e8s de 140 pays, TE veille \u00e0 ce que EVERY CONNECTION COUNTS*. Pour en savoir plus, rendez-vous sur www.te.com et sur LinkedIn, Facebook, WeChat and Twitter.<\/p>\n","protected":false},"excerpt":{"rendered":"<p>TE Connectivity Morocco c\u00e9l\u00e8bre le 10\u00e8me anniversaire de ses sites de Tanger. Pour c\u00e9l\u00e9brer ce<\/p>\n","protected":false},"author":1,"featured_media":1523,"comment_status":"open","ping_status":"open","sticky":false,"template":"","format":"standard","meta":{"_acf_changed":false,"footnotes":""},"categories":[4,3],"tags":[506],"class_list":["post-1522","post","type-post","status-publish","format-standard","has-post-thumbnail","hentry","category-economie","category-nouvelles-selectionnees","tag-te-connectivity-morocco"],"acf":[],"yoast_head":"<!-- This site is optimized with the Yoast SEO plugin v22.0 - https:\/\/yoast.com\/wordpress\/plugins\/seo\/ -->\n<title>TE Connectivity Morocco c\u00e9l\u00e8bre sa 10\u00e8me ann\u00e9e de succ\u00e8s et de d\u00e9veloppement durable - MEDIA PLATEFORME | FR<\/title>\n<meta name=\"description\" content=\"TE Connectivity Morocco c\u00e9l\u00e8bre le 10\u00e8me anniversaire de ses sites de Tanger. Pour c\u00e9l\u00e9brer ce jalon, une c\u00e9r\u00e9monie aura lieu .\" \/>\n<meta name=\"robots\" content=\"index, follow, max-snippet:-1, max-image-preview:large, max-video-preview:-1\" \/>\n<link rel=\"canonical\" href=\"https:\/\/www.mediaplateforme.com\/fr\/te-connectivity-morocco-celebre-sa-10eme-annee-de-succes-et-de-developpement-durable\/\" \/>\n<meta property=\"og:locale\" content=\"fr_FR\" \/>\n<meta property=\"og:type\" content=\"article\" \/>\n<meta property=\"og:title\" content=\"TE Connectivity Morocco c\u00e9l\u00e8bre sa 10\u00e8me ann\u00e9e de succ\u00e8s et de d\u00e9veloppement durable - MEDIA PLATEFORME | FR\" \/>\n<meta property=\"og:description\" content=\"TE Connectivity Morocco c\u00e9l\u00e8bre le 10\u00e8me anniversaire de ses sites de Tanger. Pour c\u00e9l\u00e9brer ce jalon, une c\u00e9r\u00e9monie aura lieu .\" \/>\n<meta property=\"og:url\" content=\"https:\/\/www.mediaplateforme.com\/fr\/te-connectivity-morocco-celebre-sa-10eme-annee-de-succes-et-de-developpement-durable\/\" \/>\n<meta property=\"og:site_name\" content=\"MEDIA PLATEFORME | FR\" \/>\n<meta property=\"article:published_time\" content=\"2022-11-02T19:14:07+00:00\" \/>\n<meta property=\"og:image\" content=\"https:\/\/www.mediaplateforme.com\/fr\/wp-content\/uploads\/sites\/5\/2022\/11\/TE-Connectivity-10-Years-02102022-4.jpeg\" \/>\n\t<meta property=\"og:image:width\" content=\"1280\" \/>\n\t<meta property=\"og:image:height\" content=\"853\" \/>\n\t<meta property=\"og:image:type\" content=\"image\/jpeg\" \/>\n<meta name=\"author\" content=\"Mediaplateforme\" \/>\n<meta name=\"twitter:card\" content=\"summary_large_image\" \/>\n<meta name=\"twitter:label1\" content=\"\u00c9crit par\" \/>\n\t<meta name=\"twitter:data1\" content=\"Mediaplateforme\" \/>\n\t<meta name=\"twitter:label2\" content=\"Dur\u00e9e de lecture estim\u00e9e\" \/>\n\t<meta name=\"twitter:data2\" content=\"4 minutes\" \/>\n<script type=\"application\/ld+json\" class=\"yoast-schema-graph\">{\"@context\":\"https:\/\/schema.org\",\"@graph\":[{\"@type\":\"WebPage\",\"@id\":\"https:\/\/www.mediaplateforme.com\/fr\/te-connectivity-morocco-celebre-sa-10eme-annee-de-succes-et-de-developpement-durable\/\",\"url\":\"https:\/\/www.mediaplateforme.com\/fr\/te-connectivity-morocco-celebre-sa-10eme-annee-de-succes-et-de-developpement-durable\/\",\"name\":\"TE Connectivity Morocco c\u00e9l\u00e8bre sa 10\u00e8me ann\u00e9e de succ\u00e8s et de d\u00e9veloppement durable - MEDIA PLATEFORME | FR\",\"isPartOf\":{\"@id\":\"https:\/\/www.mediaplateforme.com\/fr\/#website\"},\"datePublished\":\"2022-11-02T19:14:07+00:00\",\"dateModified\":\"2022-11-02T19:14:07+00:00\",\"author\":{\"@id\":\"https:\/\/www.mediaplateforme.com\/fr\/#\/schema\/person\/89833db382b5db2c76b094bc902aa12a\"},\"description\":\"TE Connectivity Morocco c\u00e9l\u00e8bre le 10\u00e8me anniversaire de ses sites de Tanger. Pour c\u00e9l\u00e9brer ce jalon, une c\u00e9r\u00e9monie aura lieu .\",\"breadcrumb\":{\"@id\":\"https:\/\/www.mediaplateforme.com\/fr\/te-connectivity-morocco-celebre-sa-10eme-annee-de-succes-et-de-developpement-durable\/#breadcrumb\"},\"inLanguage\":\"fr-FR\",\"potentialAction\":[{\"@type\":\"ReadAction\",\"target\":[\"https:\/\/www.mediaplateforme.com\/fr\/te-connectivity-morocco-celebre-sa-10eme-annee-de-succes-et-de-developpement-durable\/\"]}]},{\"@type\":\"BreadcrumbList\",\"@id\":\"https:\/\/www.mediaplateforme.com\/fr\/te-connectivity-morocco-celebre-sa-10eme-annee-de-succes-et-de-developpement-durable\/#breadcrumb\",\"itemListElement\":[{\"@type\":\"ListItem\",\"position\":1,\"name\":\"\u0627\u0644\u0631\u0626\u064a\u0633\u064a\u0629\",\"item\":\"https:\/\/www.mediaplateforme.com\/fr\/\"},{\"@type\":\"ListItem\",\"position\":2,\"name\":\"TE Connectivity Morocco c\u00e9l\u00e8bre sa 10\u00e8me ann\u00e9e de succ\u00e8s et de d\u00e9veloppement durable\"}]},{\"@type\":\"WebSite\",\"@id\":\"https:\/\/www.mediaplateforme.com\/fr\/#website\",\"url\":\"https:\/\/www.mediaplateforme.com\/fr\/\",\"name\":\"MEDIA PLATEFORME | FR\",\"description\":\"Mediaplateforme sp\u00e9cialis\u00e9 dans la communication institutions publiques et des entreprises\",\"potentialAction\":[{\"@type\":\"SearchAction\",\"target\":{\"@type\":\"EntryPoint\",\"urlTemplate\":\"https:\/\/www.mediaplateforme.com\/fr\/?s={search_term_string}\"},\"query-input\":\"required name=search_term_string\"}],\"inLanguage\":\"fr-FR\"},{\"@type\":\"Person\",\"@id\":\"https:\/\/www.mediaplateforme.com\/fr\/#\/schema\/person\/89833db382b5db2c76b094bc902aa12a\",\"name\":\"Mediaplateforme\",\"image\":{\"@type\":\"ImageObject\",\"inLanguage\":\"fr-FR\",\"@id\":\"https:\/\/www.mediaplateforme.com\/fr\/#\/schema\/person\/image\/\",\"url\":\"https:\/\/secure.gravatar.com\/avatar\/6c9c02e8928cc65d54bf75157f7b3a2d06d7ad0494ca0951f679552ff03b34c1?s=96&d=mm&r=g\",\"contentUrl\":\"https:\/\/secure.gravatar.com\/avatar\/6c9c02e8928cc65d54bf75157f7b3a2d06d7ad0494ca0951f679552ff03b34c1?s=96&d=mm&r=g\",\"caption\":\"Mediaplateforme\"},\"sameAs\":[\"https:\/\/www.mediaplateforme.com\"],\"url\":\"https:\/\/www.mediaplateforme.com\/fr\/author\/mohamedladib\/\"}]}<\/script>\n<!-- \/ Yoast SEO plugin. -->","yoast_head_json":{"title":"TE Connectivity Morocco c\u00e9l\u00e8bre sa 10\u00e8me ann\u00e9e de succ\u00e8s et de d\u00e9veloppement durable - MEDIA PLATEFORME | FR","description":"TE Connectivity Morocco c\u00e9l\u00e8bre le 10\u00e8me anniversaire de ses sites de Tanger. Pour c\u00e9l\u00e9brer ce jalon, une c\u00e9r\u00e9monie aura lieu .","robots":{"index":"index","follow":"follow","max-snippet":"max-snippet:-1","max-image-preview":"max-image-preview:large","max-video-preview":"max-video-preview:-1"},"canonical":"https:\/\/www.mediaplateforme.com\/fr\/te-connectivity-morocco-celebre-sa-10eme-annee-de-succes-et-de-developpement-durable\/","og_locale":"fr_FR","og_type":"article","og_title":"TE Connectivity Morocco c\u00e9l\u00e8bre sa 10\u00e8me ann\u00e9e de succ\u00e8s et de d\u00e9veloppement durable - MEDIA PLATEFORME | FR","og_description":"TE Connectivity Morocco c\u00e9l\u00e8bre le 10\u00e8me anniversaire de ses sites de Tanger. Pour c\u00e9l\u00e9brer ce jalon, une c\u00e9r\u00e9monie aura lieu .","og_url":"https:\/\/www.mediaplateforme.com\/fr\/te-connectivity-morocco-celebre-sa-10eme-annee-de-succes-et-de-developpement-durable\/","og_site_name":"MEDIA PLATEFORME | FR","article_published_time":"2022-11-02T19:14:07+00:00","og_image":[{"width":1280,"height":853,"url":"https:\/\/www.mediaplateforme.com\/fr\/wp-content\/uploads\/sites\/5\/2022\/11\/TE-Connectivity-10-Years-02102022-4.jpeg","type":"image\/jpeg"}],"author":"Mediaplateforme","twitter_card":"summary_large_image","twitter_misc":{"\u00c9crit par":"Mediaplateforme","Dur\u00e9e de lecture estim\u00e9e":"4 minutes"},"schema":{"@context":"https:\/\/schema.org","@graph":[{"@type":"WebPage","@id":"https:\/\/www.mediaplateforme.com\/fr\/te-connectivity-morocco-celebre-sa-10eme-annee-de-succes-et-de-developpement-durable\/","url":"https:\/\/www.mediaplateforme.com\/fr\/te-connectivity-morocco-celebre-sa-10eme-annee-de-succes-et-de-developpement-durable\/","name":"TE Connectivity Morocco c\u00e9l\u00e8bre sa 10\u00e8me ann\u00e9e de succ\u00e8s et de d\u00e9veloppement durable - MEDIA PLATEFORME | FR","isPartOf":{"@id":"https:\/\/www.mediaplateforme.com\/fr\/#website"},"datePublished":"2022-11-02T19:14:07+00:00","dateModified":"2022-11-02T19:14:07+00:00","author":{"@id":"https:\/\/www.mediaplateforme.com\/fr\/#\/schema\/person\/89833db382b5db2c76b094bc902aa12a"},"description":"TE Connectivity Morocco c\u00e9l\u00e8bre le 10\u00e8me anniversaire de ses sites de Tanger. Pour c\u00e9l\u00e9brer ce jalon, une c\u00e9r\u00e9monie aura lieu .","breadcrumb":{"@id":"https:\/\/www.mediaplateforme.com\/fr\/te-connectivity-morocco-celebre-sa-10eme-annee-de-succes-et-de-developpement-durable\/#breadcrumb"},"inLanguage":"fr-FR","potentialAction":[{"@type":"ReadAction","target":["https:\/\/www.mediaplateforme.com\/fr\/te-connectivity-morocco-celebre-sa-10eme-annee-de-succes-et-de-developpement-durable\/"]}]},{"@type":"BreadcrumbList","@id":"https:\/\/www.mediaplateforme.com\/fr\/te-connectivity-morocco-celebre-sa-10eme-annee-de-succes-et-de-developpement-durable\/#breadcrumb","itemListElement":[{"@type":"ListItem","position":1,"name":"\u0627\u0644\u0631\u0626\u064a\u0633\u064a\u0629","item":"https:\/\/www.mediaplateforme.com\/fr\/"},{"@type":"ListItem","position":2,"name":"TE Connectivity Morocco c\u00e9l\u00e8bre sa 10\u00e8me ann\u00e9e de succ\u00e8s et de d\u00e9veloppement durable"}]},{"@type":"WebSite","@id":"https:\/\/www.mediaplateforme.com\/fr\/#website","url":"https:\/\/www.mediaplateforme.com\/fr\/","name":"MEDIA PLATEFORME | FR","description":"Mediaplateforme sp\u00e9cialis\u00e9 dans la communication institutions publiques et des entreprises","potentialAction":[{"@type":"SearchAction","target":{"@type":"EntryPoint","urlTemplate":"https:\/\/www.mediaplateforme.com\/fr\/?s={search_term_string}"},"query-input":"required name=search_term_string"}],"inLanguage":"fr-FR"},{"@type":"Person","@id":"https:\/\/www.mediaplateforme.com\/fr\/#\/schema\/person\/89833db382b5db2c76b094bc902aa12a","name":"Mediaplateforme","image":{"@type":"ImageObject","inLanguage":"fr-FR","@id":"https:\/\/www.mediaplateforme.com\/fr\/#\/schema\/person\/image\/","url":"https:\/\/secure.gravatar.com\/avatar\/6c9c02e8928cc65d54bf75157f7b3a2d06d7ad0494ca0951f679552ff03b34c1?s=96&d=mm&r=g","contentUrl":"https:\/\/secure.gravatar.com\/avatar\/6c9c02e8928cc65d54bf75157f7b3a2d06d7ad0494ca0951f679552ff03b34c1?s=96&d=mm&r=g","caption":"Mediaplateforme"},"sameAs":["https:\/\/www.mediaplateforme.com"],"url":"https:\/\/www.mediaplateforme.com\/fr\/author\/mohamedladib\/"}]}},"_links":{"self":[{"href":"https:\/\/www.mediaplateforme.com\/fr\/wp-json\/wp\/v2\/posts\/1522","targetHints":{"allow":["GET"]}}],"collection":[{"href":"https:\/\/www.mediaplateforme.com\/fr\/wp-json\/wp\/v2\/posts"}],"about":[{"href":"https:\/\/www.mediaplateforme.com\/fr\/wp-json\/wp\/v2\/types\/post"}],"author":[{"embeddable":true,"href":"https:\/\/www.mediaplateforme.com\/fr\/wp-json\/wp\/v2\/users\/1"}],"replies":[{"embeddable":true,"href":"https:\/\/www.mediaplateforme.com\/fr\/wp-json\/wp\/v2\/comments?post=1522"}],"version-history":[{"count":1,"href":"https:\/\/www.mediaplateforme.com\/fr\/wp-json\/wp\/v2\/posts\/1522\/revisions"}],"predecessor-version":[{"id":1524,"href":"https:\/\/www.mediaplateforme.com\/fr\/wp-json\/wp\/v2\/posts\/1522\/revisions\/1524"}],"wp:featuredmedia":[{"embeddable":true,"href":"https:\/\/www.mediaplateforme.com\/fr\/wp-json\/wp\/v2\/media\/1523"}],"wp:attachment":[{"href":"https:\/\/www.mediaplateforme.com\/fr\/wp-json\/wp\/v2\/media?parent=1522"}],"wp:term":[{"taxonomy":"category","embeddable":true,"href":"https:\/\/www.mediaplateforme.com\/fr\/wp-json\/wp\/v2\/categories?post=1522"},{"taxonomy":"post_tag","embeddable":true,"href":"https:\/\/www.mediaplateforme.com\/fr\/wp-json\/wp\/v2\/tags?post=1522"}],"curies":[{"name":"wp","href":"https:\/\/api.w.org\/{rel}","templated":true}]}}