{"id":1519,"date":"2022-11-02T13:57:21","date_gmt":"2022-11-02T12:57:21","guid":{"rendered":"https:\/\/www.mediaplateforme.com\/fr\/?p=1519"},"modified":"2022-11-02T13:57:21","modified_gmt":"2022-11-02T12:57:21","slug":"ligne-de-financement-de-13-me-accordee-par-la-berd-a-boa","status":"publish","type":"post","link":"https:\/\/www.mediaplateforme.com\/fr\/ligne-de-financement-de-13-me-accordee-par-la-berd-a-boa\/","title":{"rendered":"Ligne de financement de 13 M\u20ac accord\u00e9e par la BERD \u00e0 BOA"},"content":{"rendered":"<p>BANK OF AFRICA s\u2019est vue octroyer une ligne de financement de 13 millions d\u2019euros de la Banque Europ\u00e9enne pour la Reconstruction et le D\u00e9veloppement \u2013BERD-, partenaire majeur de BANK OF AFRICA depuis plus de 10 ans, avec le soutien du Fonds Vert pour le Climat \u2013FVC- et de l\u2019Union Europ\u00e9enne.<\/p>\n<p>&nbsp;<\/p>\n<p>Cette nouvelle ligne est une extension du financement de 25 M\u20ac accord\u00e9 en septembre 2021 par la BERD dans le cadre de la facilit\u00e9 de financement de l\u2019\u00e9conomie<\/p>\n<p>verte (GEFF).<\/p>\n<p>L\u2019objectif principal de cette ligne est de promouvoir la transition verte des entreprises marocaines.<\/p>\n<p>Ce pr\u00eat vise notamment le soutien des petites et moyennes entreprises (PME), afin de leur permettre d\u2019investir dans des technologies propres \u00ab Clean Tech \u00bb.<\/p>\n<p>La Banque, ainsi que sa filiale de cr\u00e9dit-bail Maghrebail, continueront de proposer des cr\u00e9dits avec un accompagnement en termes de pr\u00e9paration, mise en \u0153uvre et suivi des projets, outre des sessions de renforcement des capacit\u00e9s et de sensibilisation en mati\u00e8re de technologies d\u2019att\u00e9nuation et d\u2019adaptation face au changement climatique.<\/p>\n<p>Dans le cadre de la promotion de la politique genre, ce programme vise \u00e9galement \u00e0 favoriser l\u2019acc\u00e8s des femmes au financement vert.<\/p>\n<p>&nbsp;<\/p>\n<h4>A propos de la Banque Europ\u00e9enne pour la Reconstruction et le D\u00e9veloppement BERD<\/h4>\n<p>&nbsp;<\/p>\n<p>La Banque Europ\u00e9enne pour la Reconstruction et le D\u00e9veloppement -BERD- est une institution financi\u00e8re internationale fond\u00e9e en 1991.<\/p>\n<p>En tant que banque multilat\u00e9rale d&rsquo;investissement pour le d\u00e9veloppement, la<\/p>\n<p>BERD d\u00e9veloppe des partenariats avec un large \u00e9ventail de parties prenantes dans pr\u00e8s de 40 \u00e9conomies sur trois continents. A travers ces partenariats et projets d\u2019investissement financiers la BERD \u0153uvre pour la<\/p>\n<p>transition vers des \u00e9conomies de march\u00e9 ouvertes, tout en favorisant une croissance durable et inclusive.<\/p>\n<p>&nbsp;<\/p>\n<h4>A propos du Fonds Vert pour le Climat- FVC<\/h4>\n<p>&nbsp;<\/p>\n<p>Bas\u00e9 \u00e0 Incheon, en Cor\u00e9e du Sud, le Fonds Vert pour le Climat (Green Climate Fund -GCF-) est le plus grand Fonds au monde d\u00e9di\u00e9 \u00e0 l&rsquo;action climatique.<\/p>\n<p>\u00c9tabli dans le cadre de la Convention-Cadre des Nations Unies sur les Changements Climatiques, le GCF met en \u0153uvre des mesures d\u2019adaptation pour aider les pays en voie de d\u00e9veloppement \u00e0 s&rsquo;adapter au changement climatique et \u00e0 att\u00e9nuer ses effets.<\/p>\n<p>Le nombre total d&rsquo;entit\u00e9s accr\u00e9dit\u00e9es par le GCF est de 75, incluant des \u00e9tablissements bancaires et financiers, institutions de d\u00e9veloppement et organismes publics dans le monde.<\/p>\n<p>BANK OF AFRICA, en tant que Group Lead dans la d\u00e9marche d&rsquo;int\u00e9gration des Risques Climatiques dans le processus de distribution des cr\u00e9dits, s\u2019engage au renforcement de son dispositif d\u2019acc\u00e8s aux \u2018\u2019ressources vertes\u2019\u2019 pour le climat et aux fins d\u2019une distribution, au meilleur co\u00fbt, \u00e0 la client\u00e8le.<\/p>\n<p>A propos de BANK OF AFRICA BANK OF AFRICA est un Groupe bancaire panafricain multi-m\u00e9tiers implant\u00e9 dans 32 pays, dont 20 en<\/p>\n<p>Afrique, et avec un r\u00e9seau de pr\u00e8s de 2 000 points de vente. Avec un r\u00e9seau bancaire des plus \u00e9toff\u00e9 du<\/p>\n<p>continent et gr\u00e2ce \u00e0 son rayonnement international, compte parmi les principaux groupes bancaires et<\/p>\n<h4>financiers en Afrique.<\/h4>\n<p>Le Groupe BANK OF AFRICA s\u2019est transform\u00e9 pendant plus de 60 ans, mettant son expertise et son savoir-faire au service de l\u2019innovation, du progr\u00e8s et de l\u2019excellence.<\/p>\n","protected":false},"excerpt":{"rendered":"<p>BANK OF AFRICA s\u2019est vue octroyer une ligne de financement de 13 millions d\u2019euros de<\/p>\n","protected":false},"author":1,"featured_media":1016,"comment_status":"open","ping_status":"open","sticky":false,"template":"","format":"standard","meta":{"_acf_changed":false,"footnotes":""},"categories":[4,3],"tags":[152,505],"class_list":["post-1519","post","type-post","status-publish","format-standard","has-post-thumbnail","hentry","category-economie","category-nouvelles-selectionnees","tag-bank-of-africa","tag-berd"],"acf":[],"yoast_head":"<!-- This site is optimized with the Yoast SEO plugin v22.0 - https:\/\/yoast.com\/wordpress\/plugins\/seo\/ -->\n<title>Ligne de financement de 13 M\u20ac accord\u00e9e par la BERD \u00e0 BOA - MEDIA PLATEFORME | FR<\/title>\n<meta name=\"description\" content=\"BANK OF AFRICA s\u2019est vue octroyer une ligne de financement de 13 millions d\u2019euros de la Banque Europ\u00e9enne pour la Reconstruction et\" \/>\n<meta name=\"robots\" content=\"index, follow, max-snippet:-1, max-image-preview:large, max-video-preview:-1\" \/>\n<link rel=\"canonical\" href=\"https:\/\/www.mediaplateforme.com\/fr\/ligne-de-financement-de-13-me-accordee-par-la-berd-a-boa\/\" \/>\n<meta property=\"og:locale\" content=\"fr_FR\" \/>\n<meta property=\"og:type\" content=\"article\" \/>\n<meta property=\"og:title\" content=\"Ligne de financement de 13 M\u20ac accord\u00e9e par la BERD \u00e0 BOA - MEDIA PLATEFORME | FR\" \/>\n<meta property=\"og:description\" content=\"BANK OF AFRICA s\u2019est vue octroyer une ligne de financement de 13 millions d\u2019euros de la Banque Europ\u00e9enne pour la Reconstruction et\" \/>\n<meta property=\"og:url\" content=\"https:\/\/www.mediaplateforme.com\/fr\/ligne-de-financement-de-13-me-accordee-par-la-berd-a-boa\/\" \/>\n<meta property=\"og:site_name\" content=\"MEDIA PLATEFORME | FR\" \/>\n<meta property=\"article:published_time\" content=\"2022-11-02T12:57:21+00:00\" \/>\n<meta property=\"og:image\" content=\"https:\/\/www.mediaplateforme.com\/fr\/wp-content\/uploads\/sites\/5\/2022\/09\/bank-of-africa.jpg\" \/>\n\t<meta property=\"og:image:width\" content=\"407\" \/>\n\t<meta property=\"og:image:height\" content=\"288\" \/>\n\t<meta property=\"og:image:type\" content=\"image\/jpeg\" \/>\n<meta name=\"author\" content=\"Mediaplateforme\" \/>\n<meta name=\"twitter:card\" content=\"summary_large_image\" \/>\n<meta name=\"twitter:label1\" content=\"\u00c9crit par\" \/>\n\t<meta name=\"twitter:data1\" content=\"Mediaplateforme\" \/>\n\t<meta name=\"twitter:label2\" content=\"Dur\u00e9e de lecture estim\u00e9e\" \/>\n\t<meta name=\"twitter:data2\" content=\"3 minutes\" \/>\n<script type=\"application\/ld+json\" class=\"yoast-schema-graph\">{\"@context\":\"https:\/\/schema.org\",\"@graph\":[{\"@type\":\"WebPage\",\"@id\":\"https:\/\/www.mediaplateforme.com\/fr\/ligne-de-financement-de-13-me-accordee-par-la-berd-a-boa\/\",\"url\":\"https:\/\/www.mediaplateforme.com\/fr\/ligne-de-financement-de-13-me-accordee-par-la-berd-a-boa\/\",\"name\":\"Ligne de financement de 13 M\u20ac accord\u00e9e par la BERD \u00e0 BOA - MEDIA PLATEFORME | FR\",\"isPartOf\":{\"@id\":\"https:\/\/www.mediaplateforme.com\/fr\/#website\"},\"datePublished\":\"2022-11-02T12:57:21+00:00\",\"dateModified\":\"2022-11-02T12:57:21+00:00\",\"author\":{\"@id\":\"https:\/\/www.mediaplateforme.com\/fr\/#\/schema\/person\/89833db382b5db2c76b094bc902aa12a\"},\"description\":\"BANK OF AFRICA s\u2019est vue octroyer une ligne de financement de 13 millions d\u2019euros de la Banque Europ\u00e9enne pour la Reconstruction et\",\"breadcrumb\":{\"@id\":\"https:\/\/www.mediaplateforme.com\/fr\/ligne-de-financement-de-13-me-accordee-par-la-berd-a-boa\/#breadcrumb\"},\"inLanguage\":\"fr-FR\",\"potentialAction\":[{\"@type\":\"ReadAction\",\"target\":[\"https:\/\/www.mediaplateforme.com\/fr\/ligne-de-financement-de-13-me-accordee-par-la-berd-a-boa\/\"]}]},{\"@type\":\"BreadcrumbList\",\"@id\":\"https:\/\/www.mediaplateforme.com\/fr\/ligne-de-financement-de-13-me-accordee-par-la-berd-a-boa\/#breadcrumb\",\"itemListElement\":[{\"@type\":\"ListItem\",\"position\":1,\"name\":\"\u0627\u0644\u0631\u0626\u064a\u0633\u064a\u0629\",\"item\":\"https:\/\/www.mediaplateforme.com\/fr\/\"},{\"@type\":\"ListItem\",\"position\":2,\"name\":\"Ligne de financement de 13 M\u20ac accord\u00e9e par la BERD \u00e0 BOA\"}]},{\"@type\":\"WebSite\",\"@id\":\"https:\/\/www.mediaplateforme.com\/fr\/#website\",\"url\":\"https:\/\/www.mediaplateforme.com\/fr\/\",\"name\":\"MEDIA PLATEFORME | FR\",\"description\":\"Mediaplateforme sp\u00e9cialis\u00e9 dans la communication institutions publiques et des entreprises\",\"potentialAction\":[{\"@type\":\"SearchAction\",\"target\":{\"@type\":\"EntryPoint\",\"urlTemplate\":\"https:\/\/www.mediaplateforme.com\/fr\/?s={search_term_string}\"},\"query-input\":\"required name=search_term_string\"}],\"inLanguage\":\"fr-FR\"},{\"@type\":\"Person\",\"@id\":\"https:\/\/www.mediaplateforme.com\/fr\/#\/schema\/person\/89833db382b5db2c76b094bc902aa12a\",\"name\":\"Mediaplateforme\",\"image\":{\"@type\":\"ImageObject\",\"inLanguage\":\"fr-FR\",\"@id\":\"https:\/\/www.mediaplateforme.com\/fr\/#\/schema\/person\/image\/\",\"url\":\"https:\/\/secure.gravatar.com\/avatar\/6c9c02e8928cc65d54bf75157f7b3a2d06d7ad0494ca0951f679552ff03b34c1?s=96&d=mm&r=g\",\"contentUrl\":\"https:\/\/secure.gravatar.com\/avatar\/6c9c02e8928cc65d54bf75157f7b3a2d06d7ad0494ca0951f679552ff03b34c1?s=96&d=mm&r=g\",\"caption\":\"Mediaplateforme\"},\"sameAs\":[\"https:\/\/www.mediaplateforme.com\"],\"url\":\"https:\/\/www.mediaplateforme.com\/fr\/author\/mohamedladib\/\"}]}<\/script>\n<!-- \/ Yoast SEO plugin. -->","yoast_head_json":{"title":"Ligne de financement de 13 M\u20ac accord\u00e9e par la BERD \u00e0 BOA - MEDIA PLATEFORME | FR","description":"BANK OF AFRICA s\u2019est vue octroyer une ligne de financement de 13 millions d\u2019euros de la Banque Europ\u00e9enne pour la Reconstruction et","robots":{"index":"index","follow":"follow","max-snippet":"max-snippet:-1","max-image-preview":"max-image-preview:large","max-video-preview":"max-video-preview:-1"},"canonical":"https:\/\/www.mediaplateforme.com\/fr\/ligne-de-financement-de-13-me-accordee-par-la-berd-a-boa\/","og_locale":"fr_FR","og_type":"article","og_title":"Ligne de financement de 13 M\u20ac accord\u00e9e par la BERD \u00e0 BOA - MEDIA PLATEFORME | FR","og_description":"BANK OF AFRICA s\u2019est vue octroyer une ligne de financement de 13 millions d\u2019euros de la Banque Europ\u00e9enne pour la Reconstruction et","og_url":"https:\/\/www.mediaplateforme.com\/fr\/ligne-de-financement-de-13-me-accordee-par-la-berd-a-boa\/","og_site_name":"MEDIA PLATEFORME | FR","article_published_time":"2022-11-02T12:57:21+00:00","og_image":[{"width":407,"height":288,"url":"https:\/\/www.mediaplateforme.com\/fr\/wp-content\/uploads\/sites\/5\/2022\/09\/bank-of-africa.jpg","type":"image\/jpeg"}],"author":"Mediaplateforme","twitter_card":"summary_large_image","twitter_misc":{"\u00c9crit par":"Mediaplateforme","Dur\u00e9e de lecture estim\u00e9e":"3 minutes"},"schema":{"@context":"https:\/\/schema.org","@graph":[{"@type":"WebPage","@id":"https:\/\/www.mediaplateforme.com\/fr\/ligne-de-financement-de-13-me-accordee-par-la-berd-a-boa\/","url":"https:\/\/www.mediaplateforme.com\/fr\/ligne-de-financement-de-13-me-accordee-par-la-berd-a-boa\/","name":"Ligne de financement de 13 M\u20ac accord\u00e9e par la BERD \u00e0 BOA - MEDIA PLATEFORME | FR","isPartOf":{"@id":"https:\/\/www.mediaplateforme.com\/fr\/#website"},"datePublished":"2022-11-02T12:57:21+00:00","dateModified":"2022-11-02T12:57:21+00:00","author":{"@id":"https:\/\/www.mediaplateforme.com\/fr\/#\/schema\/person\/89833db382b5db2c76b094bc902aa12a"},"description":"BANK OF AFRICA s\u2019est vue octroyer une ligne de financement de 13 millions d\u2019euros de la Banque Europ\u00e9enne pour la Reconstruction et","breadcrumb":{"@id":"https:\/\/www.mediaplateforme.com\/fr\/ligne-de-financement-de-13-me-accordee-par-la-berd-a-boa\/#breadcrumb"},"inLanguage":"fr-FR","potentialAction":[{"@type":"ReadAction","target":["https:\/\/www.mediaplateforme.com\/fr\/ligne-de-financement-de-13-me-accordee-par-la-berd-a-boa\/"]}]},{"@type":"BreadcrumbList","@id":"https:\/\/www.mediaplateforme.com\/fr\/ligne-de-financement-de-13-me-accordee-par-la-berd-a-boa\/#breadcrumb","itemListElement":[{"@type":"ListItem","position":1,"name":"\u0627\u0644\u0631\u0626\u064a\u0633\u064a\u0629","item":"https:\/\/www.mediaplateforme.com\/fr\/"},{"@type":"ListItem","position":2,"name":"Ligne de financement de 13 M\u20ac accord\u00e9e par la BERD \u00e0 BOA"}]},{"@type":"WebSite","@id":"https:\/\/www.mediaplateforme.com\/fr\/#website","url":"https:\/\/www.mediaplateforme.com\/fr\/","name":"MEDIA PLATEFORME | FR","description":"Mediaplateforme sp\u00e9cialis\u00e9 dans la communication institutions publiques et des entreprises","potentialAction":[{"@type":"SearchAction","target":{"@type":"EntryPoint","urlTemplate":"https:\/\/www.mediaplateforme.com\/fr\/?s={search_term_string}"},"query-input":"required name=search_term_string"}],"inLanguage":"fr-FR"},{"@type":"Person","@id":"https:\/\/www.mediaplateforme.com\/fr\/#\/schema\/person\/89833db382b5db2c76b094bc902aa12a","name":"Mediaplateforme","image":{"@type":"ImageObject","inLanguage":"fr-FR","@id":"https:\/\/www.mediaplateforme.com\/fr\/#\/schema\/person\/image\/","url":"https:\/\/secure.gravatar.com\/avatar\/6c9c02e8928cc65d54bf75157f7b3a2d06d7ad0494ca0951f679552ff03b34c1?s=96&d=mm&r=g","contentUrl":"https:\/\/secure.gravatar.com\/avatar\/6c9c02e8928cc65d54bf75157f7b3a2d06d7ad0494ca0951f679552ff03b34c1?s=96&d=mm&r=g","caption":"Mediaplateforme"},"sameAs":["https:\/\/www.mediaplateforme.com"],"url":"https:\/\/www.mediaplateforme.com\/fr\/author\/mohamedladib\/"}]}},"_links":{"self":[{"href":"https:\/\/www.mediaplateforme.com\/fr\/wp-json\/wp\/v2\/posts\/1519","targetHints":{"allow":["GET"]}}],"collection":[{"href":"https:\/\/www.mediaplateforme.com\/fr\/wp-json\/wp\/v2\/posts"}],"about":[{"href":"https:\/\/www.mediaplateforme.com\/fr\/wp-json\/wp\/v2\/types\/post"}],"author":[{"embeddable":true,"href":"https:\/\/www.mediaplateforme.com\/fr\/wp-json\/wp\/v2\/users\/1"}],"replies":[{"embeddable":true,"href":"https:\/\/www.mediaplateforme.com\/fr\/wp-json\/wp\/v2\/comments?post=1519"}],"version-history":[{"count":1,"href":"https:\/\/www.mediaplateforme.com\/fr\/wp-json\/wp\/v2\/posts\/1519\/revisions"}],"predecessor-version":[{"id":1520,"href":"https:\/\/www.mediaplateforme.com\/fr\/wp-json\/wp\/v2\/posts\/1519\/revisions\/1520"}],"wp:featuredmedia":[{"embeddable":true,"href":"https:\/\/www.mediaplateforme.com\/fr\/wp-json\/wp\/v2\/media\/1016"}],"wp:attachment":[{"href":"https:\/\/www.mediaplateforme.com\/fr\/wp-json\/wp\/v2\/media?parent=1519"}],"wp:term":[{"taxonomy":"category","embeddable":true,"href":"https:\/\/www.mediaplateforme.com\/fr\/wp-json\/wp\/v2\/categories?post=1519"},{"taxonomy":"post_tag","embeddable":true,"href":"https:\/\/www.mediaplateforme.com\/fr\/wp-json\/wp\/v2\/tags?post=1519"}],"curies":[{"name":"wp","href":"https:\/\/api.w.org\/{rel}","templated":true}]}}