{"id":1513,"date":"2022-11-01T19:16:36","date_gmt":"2022-11-01T18:16:36","guid":{"rendered":"https:\/\/www.mediaplateforme.com\/fr\/?p=1513"},"modified":"2022-11-01T19:16:36","modified_gmt":"2022-11-01T18:16:36","slug":"inauguration-de-lusine-omega-textile-maroc-a-casablanca","status":"publish","type":"post","link":"https:\/\/www.mediaplateforme.com\/fr\/inauguration-de-lusine-omega-textile-maroc-a-casablanca\/","title":{"rendered":"Inauguration de l\u2019usine Omega Textile Maroc \u00e0 Casablanca"},"content":{"rendered":"<p>M. Ryad Mezzour, Ministre de l\u2019Industrie et du Commerce, a pr\u00e9sid\u00e9, mardi 01 novembre 2022, \u00e0 Casablanca, la c\u00e9r\u00e9monie d&rsquo;inauguration de la nouvelle unit\u00e9 de textile \u00e0 capital chinois \u00ab Omega Textile Maroc \u00bb, en pr\u00e9sence de Mme Emma Cai, pr\u00e9sidente de la soci\u00e9t\u00e9.<\/p>\n<p>Avec cette nouvelle unit\u00e9 industrielle d\u00e9di\u00e9e \u00e0 la fabrication des chaussettes, Omega Textile Maroc compte se positionner en tant que fabriquant de produit fini int\u00e9grant l\u2019ensemble de la chaine de valeur adressant le march\u00e9 marocain et africain, et ce, en acqu\u00e9rant des \u00e9quipements de production performant derni\u00e8re g\u00e9n\u00e9ration.<\/p>\n<p>A cette occasion, M. le Ministre a soulign\u00e9 que \u00ab ce nouvel investissement est porteur de d\u00e9veloppement et de performance pour l\u2019industrie textile marocaine. Il permet au groupe de renforcer sa comp\u00e9titivit\u00e9 et accroitre son taux d\u2019int\u00e9gration \u00bb et d\u2019ajouter qu\u2019avec ce nouveau projet, le groupe d\u00e9localise sa production au Maroc, ce qui prouve encore une fois la comp\u00e9titivit\u00e9 de la destination Maroc \u00bb.<\/p>\n<p>Ce nouveau projet constitue la premi\u00e8re phase d\u2019un programme d\u2019investissement qui a fait l\u2019objet d\u2019une convention sign\u00e9e avec le Minist\u00e8re de l\u2019industrie en juillet 2020, et qui porte sur un montant d\u2019investissement de 78,649 MDH avec \u00e0 la cl\u00e9 la cr\u00e9ation de 627 nouveaux emplois dont 240 directs et un chiffre d\u2019affaires de 45 MDH \u00e0 horizon 2024 dont 60% est destin\u00e9 \u00e0 l\u2019export, notamment vers l\u2019Am\u00e9rique. Le programme d\u2019investissement est d\u00e9di\u00e9 \u00e0 la production de chaussettes et articles de bonneterie en utilisant la technologie 4.0.<\/p>\n<p>Cet investissement est le 3eme du groupe chinois au Maroc. Le groupe dispose, en effet, de deux autres unit\u00e9s industrielles \u00e0 Settat, sp\u00e9cialis\u00e9e respectivement dans la confection et dans la fabrication de chaussures sport et pantoufles.<\/p>\n<p>&nbsp;<\/p>\n<p>&nbsp;<\/p>\n<p>&nbsp;<\/p>\n","protected":false},"excerpt":{"rendered":"<p>M. Ryad Mezzour, Ministre de l\u2019Industrie et du Commerce, a pr\u00e9sid\u00e9, mardi 01 novembre 2022,<\/p>\n","protected":false},"author":1,"featured_media":1514,"comment_status":"open","ping_status":"open","sticky":false,"template":"","format":"standard","meta":{"_acf_changed":false,"footnotes":""},"categories":[4,3],"tags":[500,59],"class_list":["post-1513","post","type-post","status-publish","format-standard","has-post-thumbnail","hentry","category-economie","category-nouvelles-selectionnees","tag-omega-textile","tag-ryad-mezzour"],"acf":[],"yoast_head":"<!-- This site is optimized with the Yoast SEO plugin v22.0 - https:\/\/yoast.com\/wordpress\/plugins\/seo\/ -->\n<title>Inauguration de l\u2019usine Omega Textile Maroc \u00e0 Casablanca - MEDIA PLATEFORME | FR<\/title>\n<meta name=\"description\" content=\"Ryad Mezzour, Ministre de l\u2019Industrie et du Commerce, a pr\u00e9sid\u00e9, mardi 01 novembre 2022, \u00e0 Casablanca, la c\u00e9r\u00e9monie d&#039;inauguration de\" \/>\n<meta name=\"robots\" content=\"index, follow, max-snippet:-1, max-image-preview:large, max-video-preview:-1\" \/>\n<link rel=\"canonical\" href=\"https:\/\/www.mediaplateforme.com\/fr\/inauguration-de-lusine-omega-textile-maroc-a-casablanca\/\" \/>\n<meta property=\"og:locale\" content=\"fr_FR\" \/>\n<meta property=\"og:type\" content=\"article\" \/>\n<meta property=\"og:title\" content=\"Inauguration de l\u2019usine Omega Textile Maroc \u00e0 Casablanca - MEDIA PLATEFORME | FR\" \/>\n<meta property=\"og:description\" content=\"Ryad Mezzour, Ministre de l\u2019Industrie et du Commerce, a pr\u00e9sid\u00e9, mardi 01 novembre 2022, \u00e0 Casablanca, la c\u00e9r\u00e9monie d&#039;inauguration de\" \/>\n<meta property=\"og:url\" content=\"https:\/\/www.mediaplateforme.com\/fr\/inauguration-de-lusine-omega-textile-maroc-a-casablanca\/\" \/>\n<meta property=\"og:site_name\" content=\"MEDIA PLATEFORME | FR\" \/>\n<meta property=\"article:published_time\" content=\"2022-11-01T18:16:36+00:00\" \/>\n<meta property=\"og:image\" content=\"https:\/\/www.mediaplateforme.com\/fr\/wp-content\/uploads\/sites\/5\/2022\/11\/Textile-Habillement.jpg\" \/>\n\t<meta property=\"og:image:width\" content=\"700\" \/>\n\t<meta property=\"og:image:height\" content=\"400\" \/>\n\t<meta property=\"og:image:type\" content=\"image\/jpeg\" \/>\n<meta name=\"author\" content=\"Mediaplateforme\" \/>\n<meta name=\"twitter:card\" content=\"summary_large_image\" \/>\n<meta name=\"twitter:label1\" content=\"\u00c9crit par\" \/>\n\t<meta name=\"twitter:data1\" content=\"Mediaplateforme\" \/>\n\t<meta name=\"twitter:label2\" content=\"Dur\u00e9e de lecture estim\u00e9e\" \/>\n\t<meta name=\"twitter:data2\" content=\"2 minutes\" \/>\n<script type=\"application\/ld+json\" class=\"yoast-schema-graph\">{\"@context\":\"https:\/\/schema.org\",\"@graph\":[{\"@type\":\"WebPage\",\"@id\":\"https:\/\/www.mediaplateforme.com\/fr\/inauguration-de-lusine-omega-textile-maroc-a-casablanca\/\",\"url\":\"https:\/\/www.mediaplateforme.com\/fr\/inauguration-de-lusine-omega-textile-maroc-a-casablanca\/\",\"name\":\"Inauguration de l\u2019usine Omega Textile Maroc \u00e0 Casablanca - MEDIA PLATEFORME | FR\",\"isPartOf\":{\"@id\":\"https:\/\/www.mediaplateforme.com\/fr\/#website\"},\"datePublished\":\"2022-11-01T18:16:36+00:00\",\"dateModified\":\"2022-11-01T18:16:36+00:00\",\"author\":{\"@id\":\"https:\/\/www.mediaplateforme.com\/fr\/#\/schema\/person\/89833db382b5db2c76b094bc902aa12a\"},\"description\":\"Ryad Mezzour, Ministre de l\u2019Industrie et du Commerce, a pr\u00e9sid\u00e9, mardi 01 novembre 2022, \u00e0 Casablanca, la c\u00e9r\u00e9monie d'inauguration de\",\"breadcrumb\":{\"@id\":\"https:\/\/www.mediaplateforme.com\/fr\/inauguration-de-lusine-omega-textile-maroc-a-casablanca\/#breadcrumb\"},\"inLanguage\":\"fr-FR\",\"potentialAction\":[{\"@type\":\"ReadAction\",\"target\":[\"https:\/\/www.mediaplateforme.com\/fr\/inauguration-de-lusine-omega-textile-maroc-a-casablanca\/\"]}]},{\"@type\":\"BreadcrumbList\",\"@id\":\"https:\/\/www.mediaplateforme.com\/fr\/inauguration-de-lusine-omega-textile-maroc-a-casablanca\/#breadcrumb\",\"itemListElement\":[{\"@type\":\"ListItem\",\"position\":1,\"name\":\"\u0627\u0644\u0631\u0626\u064a\u0633\u064a\u0629\",\"item\":\"https:\/\/www.mediaplateforme.com\/fr\/\"},{\"@type\":\"ListItem\",\"position\":2,\"name\":\"Inauguration de l\u2019usine Omega Textile Maroc \u00e0 Casablanca\"}]},{\"@type\":\"WebSite\",\"@id\":\"https:\/\/www.mediaplateforme.com\/fr\/#website\",\"url\":\"https:\/\/www.mediaplateforme.com\/fr\/\",\"name\":\"MEDIA PLATEFORME | FR\",\"description\":\"Mediaplateforme sp\u00e9cialis\u00e9 dans la communication institutions publiques et des entreprises\",\"potentialAction\":[{\"@type\":\"SearchAction\",\"target\":{\"@type\":\"EntryPoint\",\"urlTemplate\":\"https:\/\/www.mediaplateforme.com\/fr\/?s={search_term_string}\"},\"query-input\":\"required name=search_term_string\"}],\"inLanguage\":\"fr-FR\"},{\"@type\":\"Person\",\"@id\":\"https:\/\/www.mediaplateforme.com\/fr\/#\/schema\/person\/89833db382b5db2c76b094bc902aa12a\",\"name\":\"Mediaplateforme\",\"image\":{\"@type\":\"ImageObject\",\"inLanguage\":\"fr-FR\",\"@id\":\"https:\/\/www.mediaplateforme.com\/fr\/#\/schema\/person\/image\/\",\"url\":\"https:\/\/secure.gravatar.com\/avatar\/6c9c02e8928cc65d54bf75157f7b3a2d06d7ad0494ca0951f679552ff03b34c1?s=96&d=mm&r=g\",\"contentUrl\":\"https:\/\/secure.gravatar.com\/avatar\/6c9c02e8928cc65d54bf75157f7b3a2d06d7ad0494ca0951f679552ff03b34c1?s=96&d=mm&r=g\",\"caption\":\"Mediaplateforme\"},\"sameAs\":[\"https:\/\/www.mediaplateforme.com\"],\"url\":\"https:\/\/www.mediaplateforme.com\/fr\/author\/mohamedladib\/\"}]}<\/script>\n<!-- \/ Yoast SEO plugin. -->","yoast_head_json":{"title":"Inauguration de l\u2019usine Omega Textile Maroc \u00e0 Casablanca - MEDIA PLATEFORME | FR","description":"Ryad Mezzour, Ministre de l\u2019Industrie et du Commerce, a pr\u00e9sid\u00e9, mardi 01 novembre 2022, \u00e0 Casablanca, la c\u00e9r\u00e9monie d'inauguration de","robots":{"index":"index","follow":"follow","max-snippet":"max-snippet:-1","max-image-preview":"max-image-preview:large","max-video-preview":"max-video-preview:-1"},"canonical":"https:\/\/www.mediaplateforme.com\/fr\/inauguration-de-lusine-omega-textile-maroc-a-casablanca\/","og_locale":"fr_FR","og_type":"article","og_title":"Inauguration de l\u2019usine Omega Textile Maroc \u00e0 Casablanca - MEDIA PLATEFORME | FR","og_description":"Ryad Mezzour, Ministre de l\u2019Industrie et du Commerce, a pr\u00e9sid\u00e9, mardi 01 novembre 2022, \u00e0 Casablanca, la c\u00e9r\u00e9monie d'inauguration de","og_url":"https:\/\/www.mediaplateforme.com\/fr\/inauguration-de-lusine-omega-textile-maroc-a-casablanca\/","og_site_name":"MEDIA PLATEFORME | FR","article_published_time":"2022-11-01T18:16:36+00:00","og_image":[{"width":700,"height":400,"url":"https:\/\/www.mediaplateforme.com\/fr\/wp-content\/uploads\/sites\/5\/2022\/11\/Textile-Habillement.jpg","type":"image\/jpeg"}],"author":"Mediaplateforme","twitter_card":"summary_large_image","twitter_misc":{"\u00c9crit par":"Mediaplateforme","Dur\u00e9e de lecture estim\u00e9e":"2 minutes"},"schema":{"@context":"https:\/\/schema.org","@graph":[{"@type":"WebPage","@id":"https:\/\/www.mediaplateforme.com\/fr\/inauguration-de-lusine-omega-textile-maroc-a-casablanca\/","url":"https:\/\/www.mediaplateforme.com\/fr\/inauguration-de-lusine-omega-textile-maroc-a-casablanca\/","name":"Inauguration de l\u2019usine Omega Textile Maroc \u00e0 Casablanca - MEDIA PLATEFORME | FR","isPartOf":{"@id":"https:\/\/www.mediaplateforme.com\/fr\/#website"},"datePublished":"2022-11-01T18:16:36+00:00","dateModified":"2022-11-01T18:16:36+00:00","author":{"@id":"https:\/\/www.mediaplateforme.com\/fr\/#\/schema\/person\/89833db382b5db2c76b094bc902aa12a"},"description":"Ryad Mezzour, Ministre de l\u2019Industrie et du Commerce, a pr\u00e9sid\u00e9, mardi 01 novembre 2022, \u00e0 Casablanca, la c\u00e9r\u00e9monie d'inauguration de","breadcrumb":{"@id":"https:\/\/www.mediaplateforme.com\/fr\/inauguration-de-lusine-omega-textile-maroc-a-casablanca\/#breadcrumb"},"inLanguage":"fr-FR","potentialAction":[{"@type":"ReadAction","target":["https:\/\/www.mediaplateforme.com\/fr\/inauguration-de-lusine-omega-textile-maroc-a-casablanca\/"]}]},{"@type":"BreadcrumbList","@id":"https:\/\/www.mediaplateforme.com\/fr\/inauguration-de-lusine-omega-textile-maroc-a-casablanca\/#breadcrumb","itemListElement":[{"@type":"ListItem","position":1,"name":"\u0627\u0644\u0631\u0626\u064a\u0633\u064a\u0629","item":"https:\/\/www.mediaplateforme.com\/fr\/"},{"@type":"ListItem","position":2,"name":"Inauguration de l\u2019usine Omega Textile Maroc \u00e0 Casablanca"}]},{"@type":"WebSite","@id":"https:\/\/www.mediaplateforme.com\/fr\/#website","url":"https:\/\/www.mediaplateforme.com\/fr\/","name":"MEDIA PLATEFORME | FR","description":"Mediaplateforme sp\u00e9cialis\u00e9 dans la communication institutions publiques et des entreprises","potentialAction":[{"@type":"SearchAction","target":{"@type":"EntryPoint","urlTemplate":"https:\/\/www.mediaplateforme.com\/fr\/?s={search_term_string}"},"query-input":"required name=search_term_string"}],"inLanguage":"fr-FR"},{"@type":"Person","@id":"https:\/\/www.mediaplateforme.com\/fr\/#\/schema\/person\/89833db382b5db2c76b094bc902aa12a","name":"Mediaplateforme","image":{"@type":"ImageObject","inLanguage":"fr-FR","@id":"https:\/\/www.mediaplateforme.com\/fr\/#\/schema\/person\/image\/","url":"https:\/\/secure.gravatar.com\/avatar\/6c9c02e8928cc65d54bf75157f7b3a2d06d7ad0494ca0951f679552ff03b34c1?s=96&d=mm&r=g","contentUrl":"https:\/\/secure.gravatar.com\/avatar\/6c9c02e8928cc65d54bf75157f7b3a2d06d7ad0494ca0951f679552ff03b34c1?s=96&d=mm&r=g","caption":"Mediaplateforme"},"sameAs":["https:\/\/www.mediaplateforme.com"],"url":"https:\/\/www.mediaplateforme.com\/fr\/author\/mohamedladib\/"}]}},"_links":{"self":[{"href":"https:\/\/www.mediaplateforme.com\/fr\/wp-json\/wp\/v2\/posts\/1513","targetHints":{"allow":["GET"]}}],"collection":[{"href":"https:\/\/www.mediaplateforme.com\/fr\/wp-json\/wp\/v2\/posts"}],"about":[{"href":"https:\/\/www.mediaplateforme.com\/fr\/wp-json\/wp\/v2\/types\/post"}],"author":[{"embeddable":true,"href":"https:\/\/www.mediaplateforme.com\/fr\/wp-json\/wp\/v2\/users\/1"}],"replies":[{"embeddable":true,"href":"https:\/\/www.mediaplateforme.com\/fr\/wp-json\/wp\/v2\/comments?post=1513"}],"version-history":[{"count":1,"href":"https:\/\/www.mediaplateforme.com\/fr\/wp-json\/wp\/v2\/posts\/1513\/revisions"}],"predecessor-version":[{"id":1515,"href":"https:\/\/www.mediaplateforme.com\/fr\/wp-json\/wp\/v2\/posts\/1513\/revisions\/1515"}],"wp:featuredmedia":[{"embeddable":true,"href":"https:\/\/www.mediaplateforme.com\/fr\/wp-json\/wp\/v2\/media\/1514"}],"wp:attachment":[{"href":"https:\/\/www.mediaplateforme.com\/fr\/wp-json\/wp\/v2\/media?parent=1513"}],"wp:term":[{"taxonomy":"category","embeddable":true,"href":"https:\/\/www.mediaplateforme.com\/fr\/wp-json\/wp\/v2\/categories?post=1513"},{"taxonomy":"post_tag","embeddable":true,"href":"https:\/\/www.mediaplateforme.com\/fr\/wp-json\/wp\/v2\/tags?post=1513"}],"curies":[{"name":"wp","href":"https:\/\/api.w.org\/{rel}","templated":true}]}}