{"id":1493,"date":"2022-11-01T13:36:46","date_gmt":"2022-11-01T12:36:46","guid":{"rendered":"https:\/\/www.mediaplateforme.com\/fr\/?p=1493"},"modified":"2022-11-01T13:36:46","modified_gmt":"2022-11-01T12:36:46","slug":"qnet-sensibilise-les-femmes-marocaines-au-cancer-du-sein","status":"publish","type":"post","link":"https:\/\/www.mediaplateforme.com\/fr\/qnet-sensibilise-les-femmes-marocaines-au-cancer-du-sein\/","title":{"rendered":"QNET sensibilise les femmes Marocaines au cancer du sein"},"content":{"rendered":"<p style=\"font-weight: 400;\">Profond\u00e9ment engag\u00e9 dans la sant\u00e9 en g\u00e9n\u00e9ral et soutenant des causes comme la lutte contre\u00a0le cancer, QNET, soci\u00e9t\u00e9 de vente directe de premier plan bas\u00e9e sur le commerce \u00e9lectronique a organis\u00e9 \u00e0 Casablanca, une r\u00e9union d\u2019information et de sensibilisation sur le cancer du sein, principale cause de mortalit\u00e9 chez les femmes dans le monde, ains qu\u2019au Maroc.<\/p>\n<p style=\"font-weight: 400;\">\n<p style=\"font-weight: 400;\">Cet \u00e9v\u00e9nement, organis\u00e9 dans le sillage d\u2019Octobre Rose, mois d\u00e9di\u00e9 \u00e0 la pr\u00e9vention et au d\u00e9pistage du cancer du sein et du cancer de l\u2019ut\u00e9rus, a vu la participation de l\u2019association \u00ab Les Amis du Ruban Rose \u00bb, repr\u00e9sent\u00e9e par Mme Latifa Cherif, pr\u00e9sidente de l\u2019association. Elle a \u00e9galement \u00e9t\u00e9 marqu\u00e9e par les t\u00e9moignages sinc\u00e8res de deux femmes guerri\u00e8res qui ont surv\u00e9cu au cancer du sein. Sans tabou, ces anciennes patientes ont parl\u00e9 de leur combat et partag\u00e9 leur exp\u00e9rience dans la lutte contre cette maladie. Plusieurs femmes journalistes marocaines ont \u00e9galement particip\u00e9 \u00e0 cet \u00e9v\u00e9nement afin de relayer un certain nombre de messages essentiels, notamment l\u2019utilit\u00e9 de contr\u00f4les m\u00e9dicaux r\u00e9guliers et de d\u00e9tection pr\u00e9coce.<\/p>\n<p style=\"font-weight: 400;\">\n<p style=\"font-weight: 400;\">Pour rappel, les cancers du sein et du col de l\u2019ut\u00e9rus sont les cancers les plus r\u00e9currents et les plus nombreux enregistr\u00e9s chaque ann\u00e9e parmi la population f\u00e9minine au Maroc. Ils repr\u00e9sentent respectivement 38,1% et 8,1% du nombre total de cas de cancer enregistr\u00e9s annuellement. Malheureusement, ces chiffres changent constamment&#8230; La population des femmes les plus concern\u00e9es est \u00e2g\u00e9e de plus de 45 ans. Gr\u00e2ce au d\u00e9pistage, de nombreux cancers du sein et de l\u2019ut\u00e9rus peuvent \u00eatre identifi\u00e9s \u00e0 un stade pr\u00e9coce, ce qui permet un taux de gu\u00e9rison tr\u00e8s \u00e9lev\u00e9 tout en r\u00e9duisant consid\u00e9rablement l\u2019impact des effets secondaires des traitements appliqu\u00e9s.<\/p>\n<p style=\"font-weight: 400;\">\n<p style=\"font-weight: 400;\">Mme Caluza, PDG de QNET,\u00a0est\u00a0elle-m\u00eame une survivante du cancer du sein et est tr\u00e8s attach\u00e9e \u00e0 l\u2019importance de la sensibilisation au cancer du sein \u00ab Une femme sur huit re\u00e7oit un diagnostic de cancer du sein au cours de sa vie. Gr\u00e2ce \u00e0 une d\u00e9tection pr\u00e9coce et \u00e0 un diagnostic pr\u00e9cis, nous pouvons augmenter le taux de survie de 95 %. Par cons\u00e9quent, la sensibilisation est si importante dans la lutte contre le cancer du sein. Il y a encore beaucoup de travail \u00e0 faire pour aller de l\u2019avant, mais je crois qu\u2019ensemble, nous pouvons vaincre cette maladie et la vaincre\u00a0\u00bb, a-t-elle d\u00e9clar\u00e9.<\/p>\n<p style=\"font-weight: 400;\">Diagnostiqu\u00e9e en 2016 avec un cancer du sein de stade deux, Malou Caluza a rappel\u00e9 son exp\u00e9rience difficile apr\u00e8s son diagnostic et attribue \u00e0 sa famille sa premi\u00e8re ligne de d\u00e9fense contre les sentiments de d\u00e9sespoir. \u00ab Pendant ce temps, mon plus grand point d\u2019ancrage \u00e9tait ma famille, et je suis reconnaissante envers eux et tout le monde, y compris mes coll\u00e8gues d\u2019\u00eatre \u00e0 mes c\u00f4t\u00e9s et de m\u2019avoir soutenue dans ces moments difficiles \u00bb, a-t-elle ajout\u00e9.<\/p>\n<p style=\"font-weight: 400;\">Selon Mme Caluza, des \u00e9v\u00e9nements comme la r\u00e9union de sensibilisation sont importants, non seulement\u00a0parce qu\u2019ils sensibilisent\u00a0le public au cancer du sein, mais\u00a0aussi parce\u00a0qu\u2019ils apportent\u00a0des messages d\u2019espoir et renforce l\u2019engagement pour avoir un\u00a0impact positif.\u00a0\u00a0\u00ab Le cancer ne me d\u00e9finit pas. C\u2019est juste un chapitre de ma belle et significative vie. C\u2019est un enseignant qui m\u2019a appris \u00e0 \u00eatre forte, r\u00e9siliente, reconnaissante, gentille et compatissante. Cela m\u2019a aid\u00e9 \u00e0 vivre, aimer et appr\u00e9cier chaque instant de ma vie \u00bb, a d\u00e9clar\u00e9 Malou Caluza, PDG de QNET.<\/p>\n<p style=\"font-weight: 400;\">QNET a une longue histoire d\u2019engagement dans des activit\u00e9s de responsabilit\u00e9 sociale des entreprises (RSE) \u00e0 travers le monde\u00a0et\u00a0en particulier au Maroc pour promouvoir le d\u00e9veloppement durable\u00a0et les\u00a0actions de solidarit\u00e9\u00a0(dons de cartes pr\u00e9pay\u00e9es avec l\u2019ONG Fondation Ataa, etc.) et\/ou la sensibilisation \u00e0 l\u2019impact environnemental (atelier sur l\u2019importance de l\u2019eau).<\/p>\n","protected":false},"excerpt":{"rendered":"<p>Profond\u00e9ment engag\u00e9 dans la sant\u00e9 en g\u00e9n\u00e9ral et soutenant des causes comme la lutte contre\u00a0le<\/p>\n","protected":false},"author":1,"featured_media":1494,"comment_status":"open","ping_status":"open","sticky":false,"template":"","format":"standard","meta":{"_acf_changed":false,"footnotes":""},"categories":[7,3],"tags":[494,13],"class_list":["post-1493","post","type-post","status-publish","format-standard","has-post-thumbnail","hentry","category-articles","category-nouvelles-selectionnees","tag-cancer","tag-qnet"],"acf":[],"yoast_head":"<!-- This site is optimized with the Yoast SEO plugin v22.0 - https:\/\/yoast.com\/wordpress\/plugins\/seo\/ -->\n<title>QNET sensibilise les femmes Marocaines au cancer du sein - MEDIA PLATEFORME | FR<\/title>\n<meta name=\"description\" content=\"Cet \u00e9v\u00e9nement, organis\u00e9 dans le sillage d\u2019Octobre Rose, mois d\u00e9di\u00e9 \u00e0 la pr\u00e9vention et au d\u00e9pistage du cancer du sein et du cancer de l\u2019ut\u00e9r\" \/>\n<meta name=\"robots\" content=\"index, follow, max-snippet:-1, max-image-preview:large, max-video-preview:-1\" \/>\n<link rel=\"canonical\" href=\"https:\/\/www.mediaplateforme.com\/fr\/qnet-sensibilise-les-femmes-marocaines-au-cancer-du-sein\/\" \/>\n<meta property=\"og:locale\" content=\"fr_FR\" \/>\n<meta property=\"og:type\" content=\"article\" \/>\n<meta property=\"og:title\" content=\"QNET sensibilise les femmes Marocaines au cancer du sein - MEDIA PLATEFORME | FR\" \/>\n<meta property=\"og:description\" content=\"Cet \u00e9v\u00e9nement, organis\u00e9 dans le sillage d\u2019Octobre Rose, mois d\u00e9di\u00e9 \u00e0 la pr\u00e9vention et au d\u00e9pistage du cancer du sein et du cancer de l\u2019ut\u00e9r\" \/>\n<meta property=\"og:url\" content=\"https:\/\/www.mediaplateforme.com\/fr\/qnet-sensibilise-les-femmes-marocaines-au-cancer-du-sein\/\" \/>\n<meta property=\"og:site_name\" content=\"MEDIA PLATEFORME | FR\" \/>\n<meta property=\"article:published_time\" content=\"2022-11-01T12:36:46+00:00\" \/>\n<meta property=\"og:image\" content=\"https:\/\/www.mediaplateforme.com\/fr\/wp-content\/uploads\/sites\/5\/2022\/11\/100-scaled.jpg\" \/>\n\t<meta property=\"og:image:width\" content=\"2560\" \/>\n\t<meta property=\"og:image:height\" content=\"2101\" \/>\n\t<meta property=\"og:image:type\" content=\"image\/jpeg\" \/>\n<meta name=\"author\" content=\"Mediaplateforme\" \/>\n<meta name=\"twitter:card\" content=\"summary_large_image\" \/>\n<meta name=\"twitter:label1\" content=\"\u00c9crit par\" \/>\n\t<meta name=\"twitter:data1\" content=\"Mediaplateforme\" \/>\n\t<meta name=\"twitter:label2\" content=\"Dur\u00e9e de lecture estim\u00e9e\" \/>\n\t<meta name=\"twitter:data2\" content=\"4 minutes\" \/>\n<script type=\"application\/ld+json\" class=\"yoast-schema-graph\">{\"@context\":\"https:\/\/schema.org\",\"@graph\":[{\"@type\":\"WebPage\",\"@id\":\"https:\/\/www.mediaplateforme.com\/fr\/qnet-sensibilise-les-femmes-marocaines-au-cancer-du-sein\/\",\"url\":\"https:\/\/www.mediaplateforme.com\/fr\/qnet-sensibilise-les-femmes-marocaines-au-cancer-du-sein\/\",\"name\":\"QNET sensibilise les femmes Marocaines au cancer du sein - MEDIA PLATEFORME | FR\",\"isPartOf\":{\"@id\":\"https:\/\/www.mediaplateforme.com\/fr\/#website\"},\"datePublished\":\"2022-11-01T12:36:46+00:00\",\"dateModified\":\"2022-11-01T12:36:46+00:00\",\"author\":{\"@id\":\"https:\/\/www.mediaplateforme.com\/fr\/#\/schema\/person\/89833db382b5db2c76b094bc902aa12a\"},\"description\":\"Cet \u00e9v\u00e9nement, organis\u00e9 dans le sillage d\u2019Octobre Rose, mois d\u00e9di\u00e9 \u00e0 la pr\u00e9vention et au d\u00e9pistage du cancer du sein et du cancer de l\u2019ut\u00e9r\",\"breadcrumb\":{\"@id\":\"https:\/\/www.mediaplateforme.com\/fr\/qnet-sensibilise-les-femmes-marocaines-au-cancer-du-sein\/#breadcrumb\"},\"inLanguage\":\"fr-FR\",\"potentialAction\":[{\"@type\":\"ReadAction\",\"target\":[\"https:\/\/www.mediaplateforme.com\/fr\/qnet-sensibilise-les-femmes-marocaines-au-cancer-du-sein\/\"]}]},{\"@type\":\"BreadcrumbList\",\"@id\":\"https:\/\/www.mediaplateforme.com\/fr\/qnet-sensibilise-les-femmes-marocaines-au-cancer-du-sein\/#breadcrumb\",\"itemListElement\":[{\"@type\":\"ListItem\",\"position\":1,\"name\":\"\u0627\u0644\u0631\u0626\u064a\u0633\u064a\u0629\",\"item\":\"https:\/\/www.mediaplateforme.com\/fr\/\"},{\"@type\":\"ListItem\",\"position\":2,\"name\":\"QNET sensibilise les femmes Marocaines au cancer du sein\"}]},{\"@type\":\"WebSite\",\"@id\":\"https:\/\/www.mediaplateforme.com\/fr\/#website\",\"url\":\"https:\/\/www.mediaplateforme.com\/fr\/\",\"name\":\"MEDIA PLATEFORME | FR\",\"description\":\"Mediaplateforme sp\u00e9cialis\u00e9 dans la communication institutions publiques et des entreprises\",\"potentialAction\":[{\"@type\":\"SearchAction\",\"target\":{\"@type\":\"EntryPoint\",\"urlTemplate\":\"https:\/\/www.mediaplateforme.com\/fr\/?s={search_term_string}\"},\"query-input\":\"required name=search_term_string\"}],\"inLanguage\":\"fr-FR\"},{\"@type\":\"Person\",\"@id\":\"https:\/\/www.mediaplateforme.com\/fr\/#\/schema\/person\/89833db382b5db2c76b094bc902aa12a\",\"name\":\"Mediaplateforme\",\"image\":{\"@type\":\"ImageObject\",\"inLanguage\":\"fr-FR\",\"@id\":\"https:\/\/www.mediaplateforme.com\/fr\/#\/schema\/person\/image\/\",\"url\":\"https:\/\/secure.gravatar.com\/avatar\/6c9c02e8928cc65d54bf75157f7b3a2d06d7ad0494ca0951f679552ff03b34c1?s=96&d=mm&r=g\",\"contentUrl\":\"https:\/\/secure.gravatar.com\/avatar\/6c9c02e8928cc65d54bf75157f7b3a2d06d7ad0494ca0951f679552ff03b34c1?s=96&d=mm&r=g\",\"caption\":\"Mediaplateforme\"},\"sameAs\":[\"https:\/\/www.mediaplateforme.com\"],\"url\":\"https:\/\/www.mediaplateforme.com\/fr\/author\/mohamedladib\/\"}]}<\/script>\n<!-- \/ Yoast SEO plugin. -->","yoast_head_json":{"title":"QNET sensibilise les femmes Marocaines au cancer du sein - MEDIA PLATEFORME | FR","description":"Cet \u00e9v\u00e9nement, organis\u00e9 dans le sillage d\u2019Octobre Rose, mois d\u00e9di\u00e9 \u00e0 la pr\u00e9vention et au d\u00e9pistage du cancer du sein et du cancer de l\u2019ut\u00e9r","robots":{"index":"index","follow":"follow","max-snippet":"max-snippet:-1","max-image-preview":"max-image-preview:large","max-video-preview":"max-video-preview:-1"},"canonical":"https:\/\/www.mediaplateforme.com\/fr\/qnet-sensibilise-les-femmes-marocaines-au-cancer-du-sein\/","og_locale":"fr_FR","og_type":"article","og_title":"QNET sensibilise les femmes Marocaines au cancer du sein - MEDIA PLATEFORME | FR","og_description":"Cet \u00e9v\u00e9nement, organis\u00e9 dans le sillage d\u2019Octobre Rose, mois d\u00e9di\u00e9 \u00e0 la pr\u00e9vention et au d\u00e9pistage du cancer du sein et du cancer de l\u2019ut\u00e9r","og_url":"https:\/\/www.mediaplateforme.com\/fr\/qnet-sensibilise-les-femmes-marocaines-au-cancer-du-sein\/","og_site_name":"MEDIA PLATEFORME | FR","article_published_time":"2022-11-01T12:36:46+00:00","og_image":[{"width":2560,"height":2101,"url":"https:\/\/www.mediaplateforme.com\/fr\/wp-content\/uploads\/sites\/5\/2022\/11\/100-scaled.jpg","type":"image\/jpeg"}],"author":"Mediaplateforme","twitter_card":"summary_large_image","twitter_misc":{"\u00c9crit par":"Mediaplateforme","Dur\u00e9e de lecture estim\u00e9e":"4 minutes"},"schema":{"@context":"https:\/\/schema.org","@graph":[{"@type":"WebPage","@id":"https:\/\/www.mediaplateforme.com\/fr\/qnet-sensibilise-les-femmes-marocaines-au-cancer-du-sein\/","url":"https:\/\/www.mediaplateforme.com\/fr\/qnet-sensibilise-les-femmes-marocaines-au-cancer-du-sein\/","name":"QNET sensibilise les femmes Marocaines au cancer du sein - MEDIA PLATEFORME | FR","isPartOf":{"@id":"https:\/\/www.mediaplateforme.com\/fr\/#website"},"datePublished":"2022-11-01T12:36:46+00:00","dateModified":"2022-11-01T12:36:46+00:00","author":{"@id":"https:\/\/www.mediaplateforme.com\/fr\/#\/schema\/person\/89833db382b5db2c76b094bc902aa12a"},"description":"Cet \u00e9v\u00e9nement, organis\u00e9 dans le sillage d\u2019Octobre Rose, mois d\u00e9di\u00e9 \u00e0 la pr\u00e9vention et au d\u00e9pistage du cancer du sein et du cancer de l\u2019ut\u00e9r","breadcrumb":{"@id":"https:\/\/www.mediaplateforme.com\/fr\/qnet-sensibilise-les-femmes-marocaines-au-cancer-du-sein\/#breadcrumb"},"inLanguage":"fr-FR","potentialAction":[{"@type":"ReadAction","target":["https:\/\/www.mediaplateforme.com\/fr\/qnet-sensibilise-les-femmes-marocaines-au-cancer-du-sein\/"]}]},{"@type":"BreadcrumbList","@id":"https:\/\/www.mediaplateforme.com\/fr\/qnet-sensibilise-les-femmes-marocaines-au-cancer-du-sein\/#breadcrumb","itemListElement":[{"@type":"ListItem","position":1,"name":"\u0627\u0644\u0631\u0626\u064a\u0633\u064a\u0629","item":"https:\/\/www.mediaplateforme.com\/fr\/"},{"@type":"ListItem","position":2,"name":"QNET sensibilise les femmes Marocaines au cancer du sein"}]},{"@type":"WebSite","@id":"https:\/\/www.mediaplateforme.com\/fr\/#website","url":"https:\/\/www.mediaplateforme.com\/fr\/","name":"MEDIA PLATEFORME | FR","description":"Mediaplateforme sp\u00e9cialis\u00e9 dans la communication institutions publiques et des entreprises","potentialAction":[{"@type":"SearchAction","target":{"@type":"EntryPoint","urlTemplate":"https:\/\/www.mediaplateforme.com\/fr\/?s={search_term_string}"},"query-input":"required name=search_term_string"}],"inLanguage":"fr-FR"},{"@type":"Person","@id":"https:\/\/www.mediaplateforme.com\/fr\/#\/schema\/person\/89833db382b5db2c76b094bc902aa12a","name":"Mediaplateforme","image":{"@type":"ImageObject","inLanguage":"fr-FR","@id":"https:\/\/www.mediaplateforme.com\/fr\/#\/schema\/person\/image\/","url":"https:\/\/secure.gravatar.com\/avatar\/6c9c02e8928cc65d54bf75157f7b3a2d06d7ad0494ca0951f679552ff03b34c1?s=96&d=mm&r=g","contentUrl":"https:\/\/secure.gravatar.com\/avatar\/6c9c02e8928cc65d54bf75157f7b3a2d06d7ad0494ca0951f679552ff03b34c1?s=96&d=mm&r=g","caption":"Mediaplateforme"},"sameAs":["https:\/\/www.mediaplateforme.com"],"url":"https:\/\/www.mediaplateforme.com\/fr\/author\/mohamedladib\/"}]}},"_links":{"self":[{"href":"https:\/\/www.mediaplateforme.com\/fr\/wp-json\/wp\/v2\/posts\/1493","targetHints":{"allow":["GET"]}}],"collection":[{"href":"https:\/\/www.mediaplateforme.com\/fr\/wp-json\/wp\/v2\/posts"}],"about":[{"href":"https:\/\/www.mediaplateforme.com\/fr\/wp-json\/wp\/v2\/types\/post"}],"author":[{"embeddable":true,"href":"https:\/\/www.mediaplateforme.com\/fr\/wp-json\/wp\/v2\/users\/1"}],"replies":[{"embeddable":true,"href":"https:\/\/www.mediaplateforme.com\/fr\/wp-json\/wp\/v2\/comments?post=1493"}],"version-history":[{"count":1,"href":"https:\/\/www.mediaplateforme.com\/fr\/wp-json\/wp\/v2\/posts\/1493\/revisions"}],"predecessor-version":[{"id":1495,"href":"https:\/\/www.mediaplateforme.com\/fr\/wp-json\/wp\/v2\/posts\/1493\/revisions\/1495"}],"wp:featuredmedia":[{"embeddable":true,"href":"https:\/\/www.mediaplateforme.com\/fr\/wp-json\/wp\/v2\/media\/1494"}],"wp:attachment":[{"href":"https:\/\/www.mediaplateforme.com\/fr\/wp-json\/wp\/v2\/media?parent=1493"}],"wp:term":[{"taxonomy":"category","embeddable":true,"href":"https:\/\/www.mediaplateforme.com\/fr\/wp-json\/wp\/v2\/categories?post=1493"},{"taxonomy":"post_tag","embeddable":true,"href":"https:\/\/www.mediaplateforme.com\/fr\/wp-json\/wp\/v2\/tags?post=1493"}],"curies":[{"name":"wp","href":"https:\/\/api.w.org\/{rel}","templated":true}]}}