{"id":1479,"date":"2022-10-31T12:17:04","date_gmt":"2022-10-31T11:17:04","guid":{"rendered":"https:\/\/www.mediaplateforme.com\/fr\/?p=1479"},"modified":"2022-10-31T12:17:04","modified_gmt":"2022-10-31T11:17:04","slug":"ajp-lance-le-premier-the-glace-100-marocain-valencia-ice-tea","status":"publish","type":"post","link":"https:\/\/www.mediaplateforme.com\/fr\/ajp-lance-le-premier-the-glace-100-marocain-valencia-ice-tea\/","title":{"rendered":"AJP lance le premier th\u00e9 glac\u00e9 100 % marocain \u2018\u2019Valencia Ice Tea\u2019\u2019"},"content":{"rendered":"<p><span style=\"color: #073763; font-family: times new roman, serif;\"><span lang=\"FR\">Agro Juice Processing (AJP), lance le 1<sup>er<\/sup>\u00a0Ice tea 100\u00a0% marocain conditionn\u00e9 dans un emballage carton \u00e9co responsable. Ce th\u00e9 glac\u00e9 conditionn\u00e9 dans les emballages\u00a0<\/span><span lang=\"FR\"><a title=\"Tetra Brik\u00ae Aseptic\" href=\"https:\/\/tetrapak.sharepoint.com\/sites\/intranet-ps-packages\/SitePages\/Tetra-Brik-Aseptic.aspx\" target=\"_blank\" rel=\"noopener\" data-saferedirecturl=\"https:\/\/www.google.com\/url?q=https:\/\/tetrapak.sharepoint.com\/sites\/intranet-ps-packages\/SitePages\/Tetra-Brik-Aseptic.aspx&amp;source=gmail&amp;ust=1667293264040000&amp;usg=AOvVaw3MxQn3aYMdFF2jNmyJhQgl\"><b>Tetra Brik\u00ae Aseptic<\/b><\/a><\/span><span lang=\"FR\">\u00a0de Tetra Pak est propos\u00e9 en deux formats. Un Format 1Litre familial, id\u00e9al pour une utilisation domestique et un format plus pratique pour consommation individuelle, en 250 ml, qui est plus adapt\u00e9 \u00e0 une cible plus jeune \u2018\u2019On the GO\u2019\u2019.\u00a0\u00a0\u00a0<\/span><\/span><\/p>\n<p><span lang=\"FR\"><span style=\"color: #073763; font-family: times new roman, serif;\">\u00a0<\/span><\/span><\/p>\n<p><span style=\"color: #073763; font-family: times new roman, serif;\"><span lang=\"FR\">Bas\u00e9e \u00e0 Mekn\u00e8s, AJP est une entreprise de transformation de jus et de boissons \u00e0 base de jus fruits. Pr\u00e9sente \u00e0 travers sa c\u00e9l\u00e8bre marque \u00ab\u00a0Valencia\u00a0\u00bb, cette entreprise adopte une strat\u00e9gie de distribution qui repose sur une large couverture g\u00e9ographique et sur une gamme vari\u00e9e de produits.<\/span><\/span><\/p>\n<p><span lang=\"FR\"><span style=\"color: #073763; font-family: times new roman, serif;\">\u00a0<\/span><\/span><\/p>\n<p><span style=\"color: #073763; font-family: times new roman, serif;\"><span lang=\"FR\">\u00ab\u00a0<i>C&rsquo;est la premi\u00e8re fois qu\u2019un th\u00e9 glac\u00e9 100\u00a0% marocain est produit et commercialis\u00e9. C\u2019est aussi la premi\u00e8re fois au Maroc et dans la r\u00e9gion du Maghreb qu&rsquo;un th\u00e9 glac\u00e9 local est conditionn\u00e9 dans une brique en carton. Cet emballage responsable et certifi\u00e9 FSC, garantit la qualit\u00e9 et la pr\u00e9servation des saveurs des produits pour les consommateurs\u00a0\u00bb\u00a0<\/i>a d\u00e9clar\u00e9 Tarik Jalti, directeur Marketing, Tetra Pak.<\/span><\/span><\/p>\n<p><span lang=\"FR\"><span style=\"color: #073763; font-family: times new roman, serif;\">\u00a0<\/span><\/span><\/p>\n<p><span style=\"color: #073763; font-family: times new roman, serif;\"><span lang=\"FR\">De son c\u00f4t\u00e9, Ibrahim Belkora, PDG d&rsquo;AJP, a d\u00e9clar\u00e9 :\u00a0<i>\u00ab\u00a0les consommateurs marocains font de plus en plus attention \u00e0 leur sant\u00e9.\u00a0Notre vision est de leur offrir des boissons saines ; \u00e0 ce titre, je suis heureux que ce th\u00e9 glac\u00e9 100\u00a0% marocain puisse pr\u00e9senter de nombreux avantages pour leur sant\u00e9, \u00e9tant donn\u00e9 qu\u2019il leur permet de maintenir leur corps hydrat\u00e9, en plus de contenir de tr\u00e8s fortes pr\u00e9sences d\u2019antioxydants et de magn\u00e9sium dans le th\u00e9<\/i>\u00ab\u00a0.<\/span><\/span><\/p>\n<p><span lang=\"FR\"><span style=\"color: #073763; font-family: times new roman, serif;\">\u00a0<\/span><\/span><\/p>\n<p><span style=\"color: #073763; font-family: times new roman, serif;\"><span lang=\"FR\">Fabriqu\u00e9 avec du vrai th\u00e9 et du sucre de canne, le th\u00e9 glac\u00e9 Valencia est commercialis\u00e9 en deux ar\u00f4mes, p\u00eache et citron, qui ne manquent pas ravir le palais d\u2019un tr\u00e8s large nombre de consommateurs au Maroc, mais aussi dans tout le Maghreb.<\/span><\/span><\/p>\n","protected":false},"excerpt":{"rendered":"<p>Agro Juice Processing (AJP), lance le 1er\u00a0Ice tea 100\u00a0% marocain conditionn\u00e9 dans un emballage carton<\/p>\n","protected":false},"author":1,"featured_media":1480,"comment_status":"open","ping_status":"open","sticky":false,"template":"","format":"standard","meta":{"_acf_changed":false,"footnotes":""},"categories":[2,3],"tags":[492,493],"class_list":["post-1479","post","type-post","status-publish","format-standard","has-post-thumbnail","hentry","category-nouvelles","category-nouvelles-selectionnees","tag-agro-juice-processing","tag-the-glace"],"acf":[],"yoast_head":"<!-- This site is optimized with the Yoast SEO plugin v22.0 - https:\/\/yoast.com\/wordpress\/plugins\/seo\/ -->\n<title>AJP lance le premier th\u00e9 glac\u00e9 100 % marocain \u2018\u2019Valencia Ice Tea\u2019\u2019 - MEDIA PLATEFORME | FR<\/title>\n<meta name=\"description\" content=\"Agro Juice Processing (AJP), lance le 1er\u00a0Ice tea 100\u00a0% marocain conditionn\u00e9 dans un emballage carton \u00e9co responsable. Ce th\u00e9 glac\u00e9 \u2019\u2019.\u00a0\u00a0\u00a0\" \/>\n<meta name=\"robots\" content=\"index, follow, max-snippet:-1, max-image-preview:large, max-video-preview:-1\" \/>\n<link rel=\"canonical\" href=\"https:\/\/www.mediaplateforme.com\/fr\/ajp-lance-le-premier-the-glace-100-marocain-valencia-ice-tea\/\" \/>\n<meta property=\"og:locale\" content=\"fr_FR\" \/>\n<meta property=\"og:type\" content=\"article\" \/>\n<meta property=\"og:title\" content=\"AJP lance le premier th\u00e9 glac\u00e9 100 % marocain \u2018\u2019Valencia Ice Tea\u2019\u2019 - MEDIA PLATEFORME | FR\" \/>\n<meta property=\"og:description\" content=\"Agro Juice Processing (AJP), lance le 1er\u00a0Ice tea 100\u00a0% marocain conditionn\u00e9 dans un emballage carton \u00e9co responsable. Ce th\u00e9 glac\u00e9 \u2019\u2019.\u00a0\u00a0\u00a0\" \/>\n<meta property=\"og:url\" content=\"https:\/\/www.mediaplateforme.com\/fr\/ajp-lance-le-premier-the-glace-100-marocain-valencia-ice-tea\/\" \/>\n<meta property=\"og:site_name\" content=\"MEDIA PLATEFORME | FR\" \/>\n<meta property=\"article:published_time\" content=\"2022-10-31T11:17:04+00:00\" \/>\n<meta property=\"og:image\" content=\"https:\/\/www.mediaplateforme.com\/fr\/wp-content\/uploads\/sites\/5\/2022\/10\/Ice-Tea-valencia-1.png\" \/>\n\t<meta property=\"og:image:width\" content=\"892\" \/>\n\t<meta property=\"og:image:height\" content=\"896\" \/>\n\t<meta property=\"og:image:type\" content=\"image\/png\" \/>\n<meta name=\"author\" content=\"Mediaplateforme\" \/>\n<meta name=\"twitter:card\" content=\"summary_large_image\" \/>\n<meta name=\"twitter:label1\" content=\"\u00c9crit par\" \/>\n\t<meta name=\"twitter:data1\" content=\"Mediaplateforme\" \/>\n\t<meta name=\"twitter:label2\" content=\"Dur\u00e9e de lecture estim\u00e9e\" \/>\n\t<meta name=\"twitter:data2\" content=\"2 minutes\" \/>\n<script type=\"application\/ld+json\" class=\"yoast-schema-graph\">{\"@context\":\"https:\/\/schema.org\",\"@graph\":[{\"@type\":\"WebPage\",\"@id\":\"https:\/\/www.mediaplateforme.com\/fr\/ajp-lance-le-premier-the-glace-100-marocain-valencia-ice-tea\/\",\"url\":\"https:\/\/www.mediaplateforme.com\/fr\/ajp-lance-le-premier-the-glace-100-marocain-valencia-ice-tea\/\",\"name\":\"AJP lance le premier th\u00e9 glac\u00e9 100 % marocain \u2018\u2019Valencia Ice Tea\u2019\u2019 - MEDIA PLATEFORME | FR\",\"isPartOf\":{\"@id\":\"https:\/\/www.mediaplateforme.com\/fr\/#website\"},\"datePublished\":\"2022-10-31T11:17:04+00:00\",\"dateModified\":\"2022-10-31T11:17:04+00:00\",\"author\":{\"@id\":\"https:\/\/www.mediaplateforme.com\/fr\/#\/schema\/person\/89833db382b5db2c76b094bc902aa12a\"},\"description\":\"Agro Juice Processing (AJP), lance le 1er\u00a0Ice tea 100\u00a0% marocain conditionn\u00e9 dans un emballage carton \u00e9co responsable. Ce th\u00e9 glac\u00e9 \u2019\u2019.\u00a0\u00a0\u00a0\",\"breadcrumb\":{\"@id\":\"https:\/\/www.mediaplateforme.com\/fr\/ajp-lance-le-premier-the-glace-100-marocain-valencia-ice-tea\/#breadcrumb\"},\"inLanguage\":\"fr-FR\",\"potentialAction\":[{\"@type\":\"ReadAction\",\"target\":[\"https:\/\/www.mediaplateforme.com\/fr\/ajp-lance-le-premier-the-glace-100-marocain-valencia-ice-tea\/\"]}]},{\"@type\":\"BreadcrumbList\",\"@id\":\"https:\/\/www.mediaplateforme.com\/fr\/ajp-lance-le-premier-the-glace-100-marocain-valencia-ice-tea\/#breadcrumb\",\"itemListElement\":[{\"@type\":\"ListItem\",\"position\":1,\"name\":\"\u0627\u0644\u0631\u0626\u064a\u0633\u064a\u0629\",\"item\":\"https:\/\/www.mediaplateforme.com\/fr\/\"},{\"@type\":\"ListItem\",\"position\":2,\"name\":\"AJP lance le premier th\u00e9 glac\u00e9 100 % marocain \u2018\u2019Valencia Ice Tea\u2019\u2019\"}]},{\"@type\":\"WebSite\",\"@id\":\"https:\/\/www.mediaplateforme.com\/fr\/#website\",\"url\":\"https:\/\/www.mediaplateforme.com\/fr\/\",\"name\":\"MEDIA PLATEFORME | FR\",\"description\":\"Mediaplateforme sp\u00e9cialis\u00e9 dans la communication institutions publiques et des entreprises\",\"potentialAction\":[{\"@type\":\"SearchAction\",\"target\":{\"@type\":\"EntryPoint\",\"urlTemplate\":\"https:\/\/www.mediaplateforme.com\/fr\/?s={search_term_string}\"},\"query-input\":\"required name=search_term_string\"}],\"inLanguage\":\"fr-FR\"},{\"@type\":\"Person\",\"@id\":\"https:\/\/www.mediaplateforme.com\/fr\/#\/schema\/person\/89833db382b5db2c76b094bc902aa12a\",\"name\":\"Mediaplateforme\",\"image\":{\"@type\":\"ImageObject\",\"inLanguage\":\"fr-FR\",\"@id\":\"https:\/\/www.mediaplateforme.com\/fr\/#\/schema\/person\/image\/\",\"url\":\"https:\/\/secure.gravatar.com\/avatar\/6c9c02e8928cc65d54bf75157f7b3a2d06d7ad0494ca0951f679552ff03b34c1?s=96&d=mm&r=g\",\"contentUrl\":\"https:\/\/secure.gravatar.com\/avatar\/6c9c02e8928cc65d54bf75157f7b3a2d06d7ad0494ca0951f679552ff03b34c1?s=96&d=mm&r=g\",\"caption\":\"Mediaplateforme\"},\"sameAs\":[\"https:\/\/www.mediaplateforme.com\"],\"url\":\"https:\/\/www.mediaplateforme.com\/fr\/author\/mohamedladib\/\"}]}<\/script>\n<!-- \/ Yoast SEO plugin. -->","yoast_head_json":{"title":"AJP lance le premier th\u00e9 glac\u00e9 100 % marocain \u2018\u2019Valencia Ice Tea\u2019\u2019 - MEDIA PLATEFORME | FR","description":"Agro Juice Processing (AJP), lance le 1er\u00a0Ice tea 100\u00a0% marocain conditionn\u00e9 dans un emballage carton \u00e9co responsable. Ce th\u00e9 glac\u00e9 \u2019\u2019.\u00a0\u00a0\u00a0","robots":{"index":"index","follow":"follow","max-snippet":"max-snippet:-1","max-image-preview":"max-image-preview:large","max-video-preview":"max-video-preview:-1"},"canonical":"https:\/\/www.mediaplateforme.com\/fr\/ajp-lance-le-premier-the-glace-100-marocain-valencia-ice-tea\/","og_locale":"fr_FR","og_type":"article","og_title":"AJP lance le premier th\u00e9 glac\u00e9 100 % marocain \u2018\u2019Valencia Ice Tea\u2019\u2019 - MEDIA PLATEFORME | FR","og_description":"Agro Juice Processing (AJP), lance le 1er\u00a0Ice tea 100\u00a0% marocain conditionn\u00e9 dans un emballage carton \u00e9co responsable. Ce th\u00e9 glac\u00e9 \u2019\u2019.\u00a0\u00a0\u00a0","og_url":"https:\/\/www.mediaplateforme.com\/fr\/ajp-lance-le-premier-the-glace-100-marocain-valencia-ice-tea\/","og_site_name":"MEDIA PLATEFORME | FR","article_published_time":"2022-10-31T11:17:04+00:00","og_image":[{"width":892,"height":896,"url":"https:\/\/www.mediaplateforme.com\/fr\/wp-content\/uploads\/sites\/5\/2022\/10\/Ice-Tea-valencia-1.png","type":"image\/png"}],"author":"Mediaplateforme","twitter_card":"summary_large_image","twitter_misc":{"\u00c9crit par":"Mediaplateforme","Dur\u00e9e de lecture estim\u00e9e":"2 minutes"},"schema":{"@context":"https:\/\/schema.org","@graph":[{"@type":"WebPage","@id":"https:\/\/www.mediaplateforme.com\/fr\/ajp-lance-le-premier-the-glace-100-marocain-valencia-ice-tea\/","url":"https:\/\/www.mediaplateforme.com\/fr\/ajp-lance-le-premier-the-glace-100-marocain-valencia-ice-tea\/","name":"AJP lance le premier th\u00e9 glac\u00e9 100 % marocain \u2018\u2019Valencia Ice Tea\u2019\u2019 - MEDIA PLATEFORME | FR","isPartOf":{"@id":"https:\/\/www.mediaplateforme.com\/fr\/#website"},"datePublished":"2022-10-31T11:17:04+00:00","dateModified":"2022-10-31T11:17:04+00:00","author":{"@id":"https:\/\/www.mediaplateforme.com\/fr\/#\/schema\/person\/89833db382b5db2c76b094bc902aa12a"},"description":"Agro Juice Processing (AJP), lance le 1er\u00a0Ice tea 100\u00a0% marocain conditionn\u00e9 dans un emballage carton \u00e9co responsable. Ce th\u00e9 glac\u00e9 \u2019\u2019.\u00a0\u00a0\u00a0","breadcrumb":{"@id":"https:\/\/www.mediaplateforme.com\/fr\/ajp-lance-le-premier-the-glace-100-marocain-valencia-ice-tea\/#breadcrumb"},"inLanguage":"fr-FR","potentialAction":[{"@type":"ReadAction","target":["https:\/\/www.mediaplateforme.com\/fr\/ajp-lance-le-premier-the-glace-100-marocain-valencia-ice-tea\/"]}]},{"@type":"BreadcrumbList","@id":"https:\/\/www.mediaplateforme.com\/fr\/ajp-lance-le-premier-the-glace-100-marocain-valencia-ice-tea\/#breadcrumb","itemListElement":[{"@type":"ListItem","position":1,"name":"\u0627\u0644\u0631\u0626\u064a\u0633\u064a\u0629","item":"https:\/\/www.mediaplateforme.com\/fr\/"},{"@type":"ListItem","position":2,"name":"AJP lance le premier th\u00e9 glac\u00e9 100 % marocain \u2018\u2019Valencia Ice Tea\u2019\u2019"}]},{"@type":"WebSite","@id":"https:\/\/www.mediaplateforme.com\/fr\/#website","url":"https:\/\/www.mediaplateforme.com\/fr\/","name":"MEDIA PLATEFORME | FR","description":"Mediaplateforme sp\u00e9cialis\u00e9 dans la communication institutions publiques et des entreprises","potentialAction":[{"@type":"SearchAction","target":{"@type":"EntryPoint","urlTemplate":"https:\/\/www.mediaplateforme.com\/fr\/?s={search_term_string}"},"query-input":"required name=search_term_string"}],"inLanguage":"fr-FR"},{"@type":"Person","@id":"https:\/\/www.mediaplateforme.com\/fr\/#\/schema\/person\/89833db382b5db2c76b094bc902aa12a","name":"Mediaplateforme","image":{"@type":"ImageObject","inLanguage":"fr-FR","@id":"https:\/\/www.mediaplateforme.com\/fr\/#\/schema\/person\/image\/","url":"https:\/\/secure.gravatar.com\/avatar\/6c9c02e8928cc65d54bf75157f7b3a2d06d7ad0494ca0951f679552ff03b34c1?s=96&d=mm&r=g","contentUrl":"https:\/\/secure.gravatar.com\/avatar\/6c9c02e8928cc65d54bf75157f7b3a2d06d7ad0494ca0951f679552ff03b34c1?s=96&d=mm&r=g","caption":"Mediaplateforme"},"sameAs":["https:\/\/www.mediaplateforme.com"],"url":"https:\/\/www.mediaplateforme.com\/fr\/author\/mohamedladib\/"}]}},"_links":{"self":[{"href":"https:\/\/www.mediaplateforme.com\/fr\/wp-json\/wp\/v2\/posts\/1479","targetHints":{"allow":["GET"]}}],"collection":[{"href":"https:\/\/www.mediaplateforme.com\/fr\/wp-json\/wp\/v2\/posts"}],"about":[{"href":"https:\/\/www.mediaplateforme.com\/fr\/wp-json\/wp\/v2\/types\/post"}],"author":[{"embeddable":true,"href":"https:\/\/www.mediaplateforme.com\/fr\/wp-json\/wp\/v2\/users\/1"}],"replies":[{"embeddable":true,"href":"https:\/\/www.mediaplateforme.com\/fr\/wp-json\/wp\/v2\/comments?post=1479"}],"version-history":[{"count":1,"href":"https:\/\/www.mediaplateforme.com\/fr\/wp-json\/wp\/v2\/posts\/1479\/revisions"}],"predecessor-version":[{"id":1481,"href":"https:\/\/www.mediaplateforme.com\/fr\/wp-json\/wp\/v2\/posts\/1479\/revisions\/1481"}],"wp:featuredmedia":[{"embeddable":true,"href":"https:\/\/www.mediaplateforme.com\/fr\/wp-json\/wp\/v2\/media\/1480"}],"wp:attachment":[{"href":"https:\/\/www.mediaplateforme.com\/fr\/wp-json\/wp\/v2\/media?parent=1479"}],"wp:term":[{"taxonomy":"category","embeddable":true,"href":"https:\/\/www.mediaplateforme.com\/fr\/wp-json\/wp\/v2\/categories?post=1479"},{"taxonomy":"post_tag","embeddable":true,"href":"https:\/\/www.mediaplateforme.com\/fr\/wp-json\/wp\/v2\/tags?post=1479"}],"curies":[{"name":"wp","href":"https:\/\/api.w.org\/{rel}","templated":true}]}}