{"id":1468,"date":"2022-10-28T18:12:23","date_gmt":"2022-10-28T17:12:23","guid":{"rendered":"https:\/\/www.mediaplateforme.com\/fr\/?p=1468"},"modified":"2022-10-28T18:12:23","modified_gmt":"2022-10-28T17:12:23","slug":"lallemagne-fait-un-don-en-materiel-et-equipements-a-laeroport-mohammed-v","status":"publish","type":"post","link":"https:\/\/www.mediaplateforme.com\/fr\/lallemagne-fait-un-don-en-materiel-et-equipements-a-laeroport-mohammed-v\/","title":{"rendered":"L\u2019Allemagne fait un don en mat\u00e9riel et \u00e9quipements \u00e0 l\u2019a\u00e9roport Mohammed V"},"content":{"rendered":"<p>L\u2019<a href=\"https:\/\/www.mediaplateforme.com\/fr\/la-ram-signe-cinq-conventions-avec-des-partenaires-au-senegal-prevoyant-des-avantages-sur-ses-vols\/\">Office National Des A\u00e9roports<\/a> et l\u2019Ambassade de la R\u00e9publique F\u00e9d\u00e9rale d\u2019Allemagne ont proc\u00e9d\u00e9, au si\u00e8ge de l\u2019ONDA \u00e0 l\u2019a\u00e9roport Mohammed V, ce vendredi 28 octobre 2022, \u00e0 la signature d\u2019une convention en vertu de laquelle la partie allemande fait un don en mat\u00e9riel et \u00e9quipements \u00e0 l\u2019a\u00e9roport Mohammed V.<\/p>\n<p>&nbsp;<\/p>\n<p>Cette convention a \u00e9t\u00e9 sign\u00e9e par Madame Habiba LAKLALECH, Directrice G\u00e9n\u00e9rale de l\u2019ONDA et par Madame Beatrice HAUG, fonctionnaire de liaison de la Police F\u00e9d\u00e9rale aupr\u00e8s de l\u2019Ambassade d\u2019Allemagne \u00e0 Rabat.<\/p>\n<p>&nbsp;<\/p>\n<p>Ce don consiste en trois \u00e9quipements de s\u00fbret\u00e9 de derni\u00e8re g\u00e9n\u00e9ration\u00a0; un couloir de contr\u00f4le de la s\u00e9curit\u00e9 a\u00e9rienne et deux scanners de s\u00e9curit\u00e9. Ces \u00e9quipements de s\u00fbret\u00e9 d\u00e9di\u00e9s \u00e0 la DGSN (la Police aux Fronti\u00e8res) pour l\u2019inspection des passagers et leurs bagages cabines sont install\u00e9s d\u2019ores et d\u00e9j\u00e0 dans la zone transit international de l\u2019a\u00e9roport Mohammed V. Gr\u00e2ce \u00e0 cette technologie de pointe, la capacit\u00e9 de traitement s\u2019\u00e9l\u00e8ve \u00e0 200 passagers par heure, le d\u00e9ploiement de ces \u00e9quipements permet ind\u00e9niablement de r\u00e9duire le temps d\u2019attente et fluidifier les circuits dans cette zone.<\/p>\n<p>&nbsp;<\/p>\n<p>Tout en r\u00e9unissant les atouts n\u00e9cessaires pour que les passagers se sentent bien accueillis et en s\u00e9curit\u00e9, ces \u00e9quipements contribuent \u00e0 renforcer la s\u00e9curit\u00e9, \u00e0 am\u00e9liorer l\u2019exp\u00e9rience passager et \u00e0 renforcer l\u2019efficacit\u00e9 et la performance op\u00e9rationnelles \u00e0 l\u2019a\u00e9roport Mohammed V.<\/p>\n<p>&nbsp;<\/p>\n<p>L\u2019ONDA et la DGSN, soucieux d\u2019offrir une exp\u00e9rience voyageur dans les meilleures conditions de confort et de s\u00fbret\u00e9, \u0153uvrent en totale synergie et demeurent particuli\u00e8rement attentifs \u00e0 l\u2019am\u00e9lioration de l\u2019accueil dans les a\u00e9roports du Maroc.<\/p>\n","protected":false},"excerpt":{"rendered":"<p>L\u2019Office National Des A\u00e9roports et l\u2019Ambassade de la R\u00e9publique F\u00e9d\u00e9rale d\u2019Allemagne ont proc\u00e9d\u00e9, au si\u00e8ge<\/p>\n","protected":false},"author":1,"featured_media":837,"comment_status":"open","ping_status":"open","sticky":false,"template":"","format":"standard","meta":{"_acf_changed":false,"footnotes":""},"categories":[7,3],"tags":[489,314],"class_list":["post-1468","post","type-post","status-publish","format-standard","has-post-thumbnail","hentry","category-articles","category-nouvelles-selectionnees","tag-allemagne","tag-onda"],"acf":[],"yoast_head":"<!-- This site is optimized with the Yoast SEO plugin v22.0 - https:\/\/yoast.com\/wordpress\/plugins\/seo\/ -->\n<title>L\u2019Allemagne fait un don en mat\u00e9riel et \u00e9quipements \u00e0 l\u2019a\u00e9roport Mohammed V - MEDIA PLATEFORME | FR<\/title>\n<meta name=\"description\" content=\"L\u2019Office National Des A\u00e9roports et l\u2019Ambassade de la R\u00e9publique F\u00e9d\u00e9rale d\u2019Allemagne ont proc\u00e9d\u00e9, au si\u00e8ge de l\u2019ONDA \u00e0 l\u2019a\u00e9roport Mohammed V, .\" \/>\n<meta name=\"robots\" content=\"index, follow, max-snippet:-1, max-image-preview:large, max-video-preview:-1\" \/>\n<link rel=\"canonical\" href=\"https:\/\/www.mediaplateforme.com\/fr\/lallemagne-fait-un-don-en-materiel-et-equipements-a-laeroport-mohammed-v\/\" \/>\n<meta property=\"og:locale\" content=\"fr_FR\" \/>\n<meta property=\"og:type\" content=\"article\" \/>\n<meta property=\"og:title\" content=\"L\u2019Allemagne fait un don en mat\u00e9riel et \u00e9quipements \u00e0 l\u2019a\u00e9roport Mohammed V - MEDIA PLATEFORME | FR\" \/>\n<meta property=\"og:description\" content=\"L\u2019Office National Des A\u00e9roports et l\u2019Ambassade de la R\u00e9publique F\u00e9d\u00e9rale d\u2019Allemagne ont proc\u00e9d\u00e9, au si\u00e8ge de l\u2019ONDA \u00e0 l\u2019a\u00e9roport Mohammed V, .\" \/>\n<meta property=\"og:url\" content=\"https:\/\/www.mediaplateforme.com\/fr\/lallemagne-fait-un-don-en-materiel-et-equipements-a-laeroport-mohammed-v\/\" \/>\n<meta property=\"og:site_name\" content=\"MEDIA PLATEFORME | FR\" \/>\n<meta property=\"article:published_time\" content=\"2022-10-28T17:12:23+00:00\" \/>\n<meta property=\"og:image\" content=\"https:\/\/www.mediaplateforme.com\/fr\/wp-content\/uploads\/sites\/5\/2022\/08\/onda.jpg\" \/>\n\t<meta property=\"og:image:width\" content=\"802\" \/>\n\t<meta property=\"og:image:height\" content=\"480\" \/>\n\t<meta property=\"og:image:type\" content=\"image\/jpeg\" \/>\n<meta name=\"author\" content=\"Mediaplateforme\" \/>\n<meta name=\"twitter:card\" content=\"summary_large_image\" \/>\n<meta name=\"twitter:label1\" content=\"\u00c9crit par\" \/>\n\t<meta name=\"twitter:data1\" content=\"Mediaplateforme\" \/>\n\t<meta name=\"twitter:label2\" content=\"Dur\u00e9e de lecture estim\u00e9e\" \/>\n\t<meta name=\"twitter:data2\" content=\"2 minutes\" \/>\n<script type=\"application\/ld+json\" class=\"yoast-schema-graph\">{\"@context\":\"https:\/\/schema.org\",\"@graph\":[{\"@type\":\"WebPage\",\"@id\":\"https:\/\/www.mediaplateforme.com\/fr\/lallemagne-fait-un-don-en-materiel-et-equipements-a-laeroport-mohammed-v\/\",\"url\":\"https:\/\/www.mediaplateforme.com\/fr\/lallemagne-fait-un-don-en-materiel-et-equipements-a-laeroport-mohammed-v\/\",\"name\":\"L\u2019Allemagne fait un don en mat\u00e9riel et \u00e9quipements \u00e0 l\u2019a\u00e9roport Mohammed V - MEDIA PLATEFORME | FR\",\"isPartOf\":{\"@id\":\"https:\/\/www.mediaplateforme.com\/fr\/#website\"},\"datePublished\":\"2022-10-28T17:12:23+00:00\",\"dateModified\":\"2022-10-28T17:12:23+00:00\",\"author\":{\"@id\":\"https:\/\/www.mediaplateforme.com\/fr\/#\/schema\/person\/89833db382b5db2c76b094bc902aa12a\"},\"description\":\"L\u2019Office National Des A\u00e9roports et l\u2019Ambassade de la R\u00e9publique F\u00e9d\u00e9rale d\u2019Allemagne ont proc\u00e9d\u00e9, au si\u00e8ge de l\u2019ONDA \u00e0 l\u2019a\u00e9roport Mohammed V, .\",\"breadcrumb\":{\"@id\":\"https:\/\/www.mediaplateforme.com\/fr\/lallemagne-fait-un-don-en-materiel-et-equipements-a-laeroport-mohammed-v\/#breadcrumb\"},\"inLanguage\":\"fr-FR\",\"potentialAction\":[{\"@type\":\"ReadAction\",\"target\":[\"https:\/\/www.mediaplateforme.com\/fr\/lallemagne-fait-un-don-en-materiel-et-equipements-a-laeroport-mohammed-v\/\"]}]},{\"@type\":\"BreadcrumbList\",\"@id\":\"https:\/\/www.mediaplateforme.com\/fr\/lallemagne-fait-un-don-en-materiel-et-equipements-a-laeroport-mohammed-v\/#breadcrumb\",\"itemListElement\":[{\"@type\":\"ListItem\",\"position\":1,\"name\":\"\u0627\u0644\u0631\u0626\u064a\u0633\u064a\u0629\",\"item\":\"https:\/\/www.mediaplateforme.com\/fr\/\"},{\"@type\":\"ListItem\",\"position\":2,\"name\":\"L\u2019Allemagne fait un don en mat\u00e9riel et \u00e9quipements \u00e0 l\u2019a\u00e9roport Mohammed V\"}]},{\"@type\":\"WebSite\",\"@id\":\"https:\/\/www.mediaplateforme.com\/fr\/#website\",\"url\":\"https:\/\/www.mediaplateforme.com\/fr\/\",\"name\":\"MEDIA PLATEFORME | FR\",\"description\":\"Mediaplateforme sp\u00e9cialis\u00e9 dans la communication institutions publiques et des entreprises\",\"potentialAction\":[{\"@type\":\"SearchAction\",\"target\":{\"@type\":\"EntryPoint\",\"urlTemplate\":\"https:\/\/www.mediaplateforme.com\/fr\/?s={search_term_string}\"},\"query-input\":\"required name=search_term_string\"}],\"inLanguage\":\"fr-FR\"},{\"@type\":\"Person\",\"@id\":\"https:\/\/www.mediaplateforme.com\/fr\/#\/schema\/person\/89833db382b5db2c76b094bc902aa12a\",\"name\":\"Mediaplateforme\",\"image\":{\"@type\":\"ImageObject\",\"inLanguage\":\"fr-FR\",\"@id\":\"https:\/\/www.mediaplateforme.com\/fr\/#\/schema\/person\/image\/\",\"url\":\"https:\/\/secure.gravatar.com\/avatar\/6c9c02e8928cc65d54bf75157f7b3a2d06d7ad0494ca0951f679552ff03b34c1?s=96&d=mm&r=g\",\"contentUrl\":\"https:\/\/secure.gravatar.com\/avatar\/6c9c02e8928cc65d54bf75157f7b3a2d06d7ad0494ca0951f679552ff03b34c1?s=96&d=mm&r=g\",\"caption\":\"Mediaplateforme\"},\"sameAs\":[\"https:\/\/www.mediaplateforme.com\"],\"url\":\"https:\/\/www.mediaplateforme.com\/fr\/author\/mohamedladib\/\"}]}<\/script>\n<!-- \/ Yoast SEO plugin. -->","yoast_head_json":{"title":"L\u2019Allemagne fait un don en mat\u00e9riel et \u00e9quipements \u00e0 l\u2019a\u00e9roport Mohammed V - MEDIA PLATEFORME | FR","description":"L\u2019Office National Des A\u00e9roports et l\u2019Ambassade de la R\u00e9publique F\u00e9d\u00e9rale d\u2019Allemagne ont proc\u00e9d\u00e9, au si\u00e8ge de l\u2019ONDA \u00e0 l\u2019a\u00e9roport Mohammed V, .","robots":{"index":"index","follow":"follow","max-snippet":"max-snippet:-1","max-image-preview":"max-image-preview:large","max-video-preview":"max-video-preview:-1"},"canonical":"https:\/\/www.mediaplateforme.com\/fr\/lallemagne-fait-un-don-en-materiel-et-equipements-a-laeroport-mohammed-v\/","og_locale":"fr_FR","og_type":"article","og_title":"L\u2019Allemagne fait un don en mat\u00e9riel et \u00e9quipements \u00e0 l\u2019a\u00e9roport Mohammed V - MEDIA PLATEFORME | FR","og_description":"L\u2019Office National Des A\u00e9roports et l\u2019Ambassade de la R\u00e9publique F\u00e9d\u00e9rale d\u2019Allemagne ont proc\u00e9d\u00e9, au si\u00e8ge de l\u2019ONDA \u00e0 l\u2019a\u00e9roport Mohammed V, .","og_url":"https:\/\/www.mediaplateforme.com\/fr\/lallemagne-fait-un-don-en-materiel-et-equipements-a-laeroport-mohammed-v\/","og_site_name":"MEDIA PLATEFORME | FR","article_published_time":"2022-10-28T17:12:23+00:00","og_image":[{"width":802,"height":480,"url":"https:\/\/www.mediaplateforme.com\/fr\/wp-content\/uploads\/sites\/5\/2022\/08\/onda.jpg","type":"image\/jpeg"}],"author":"Mediaplateforme","twitter_card":"summary_large_image","twitter_misc":{"\u00c9crit par":"Mediaplateforme","Dur\u00e9e de lecture estim\u00e9e":"2 minutes"},"schema":{"@context":"https:\/\/schema.org","@graph":[{"@type":"WebPage","@id":"https:\/\/www.mediaplateforme.com\/fr\/lallemagne-fait-un-don-en-materiel-et-equipements-a-laeroport-mohammed-v\/","url":"https:\/\/www.mediaplateforme.com\/fr\/lallemagne-fait-un-don-en-materiel-et-equipements-a-laeroport-mohammed-v\/","name":"L\u2019Allemagne fait un don en mat\u00e9riel et \u00e9quipements \u00e0 l\u2019a\u00e9roport Mohammed V - MEDIA PLATEFORME | FR","isPartOf":{"@id":"https:\/\/www.mediaplateforme.com\/fr\/#website"},"datePublished":"2022-10-28T17:12:23+00:00","dateModified":"2022-10-28T17:12:23+00:00","author":{"@id":"https:\/\/www.mediaplateforme.com\/fr\/#\/schema\/person\/89833db382b5db2c76b094bc902aa12a"},"description":"L\u2019Office National Des A\u00e9roports et l\u2019Ambassade de la R\u00e9publique F\u00e9d\u00e9rale d\u2019Allemagne ont proc\u00e9d\u00e9, au si\u00e8ge de l\u2019ONDA \u00e0 l\u2019a\u00e9roport Mohammed V, .","breadcrumb":{"@id":"https:\/\/www.mediaplateforme.com\/fr\/lallemagne-fait-un-don-en-materiel-et-equipements-a-laeroport-mohammed-v\/#breadcrumb"},"inLanguage":"fr-FR","potentialAction":[{"@type":"ReadAction","target":["https:\/\/www.mediaplateforme.com\/fr\/lallemagne-fait-un-don-en-materiel-et-equipements-a-laeroport-mohammed-v\/"]}]},{"@type":"BreadcrumbList","@id":"https:\/\/www.mediaplateforme.com\/fr\/lallemagne-fait-un-don-en-materiel-et-equipements-a-laeroport-mohammed-v\/#breadcrumb","itemListElement":[{"@type":"ListItem","position":1,"name":"\u0627\u0644\u0631\u0626\u064a\u0633\u064a\u0629","item":"https:\/\/www.mediaplateforme.com\/fr\/"},{"@type":"ListItem","position":2,"name":"L\u2019Allemagne fait un don en mat\u00e9riel et \u00e9quipements \u00e0 l\u2019a\u00e9roport Mohammed V"}]},{"@type":"WebSite","@id":"https:\/\/www.mediaplateforme.com\/fr\/#website","url":"https:\/\/www.mediaplateforme.com\/fr\/","name":"MEDIA PLATEFORME | FR","description":"Mediaplateforme sp\u00e9cialis\u00e9 dans la communication institutions publiques et des entreprises","potentialAction":[{"@type":"SearchAction","target":{"@type":"EntryPoint","urlTemplate":"https:\/\/www.mediaplateforme.com\/fr\/?s={search_term_string}"},"query-input":"required name=search_term_string"}],"inLanguage":"fr-FR"},{"@type":"Person","@id":"https:\/\/www.mediaplateforme.com\/fr\/#\/schema\/person\/89833db382b5db2c76b094bc902aa12a","name":"Mediaplateforme","image":{"@type":"ImageObject","inLanguage":"fr-FR","@id":"https:\/\/www.mediaplateforme.com\/fr\/#\/schema\/person\/image\/","url":"https:\/\/secure.gravatar.com\/avatar\/6c9c02e8928cc65d54bf75157f7b3a2d06d7ad0494ca0951f679552ff03b34c1?s=96&d=mm&r=g","contentUrl":"https:\/\/secure.gravatar.com\/avatar\/6c9c02e8928cc65d54bf75157f7b3a2d06d7ad0494ca0951f679552ff03b34c1?s=96&d=mm&r=g","caption":"Mediaplateforme"},"sameAs":["https:\/\/www.mediaplateforme.com"],"url":"https:\/\/www.mediaplateforme.com\/fr\/author\/mohamedladib\/"}]}},"_links":{"self":[{"href":"https:\/\/www.mediaplateforme.com\/fr\/wp-json\/wp\/v2\/posts\/1468","targetHints":{"allow":["GET"]}}],"collection":[{"href":"https:\/\/www.mediaplateforme.com\/fr\/wp-json\/wp\/v2\/posts"}],"about":[{"href":"https:\/\/www.mediaplateforme.com\/fr\/wp-json\/wp\/v2\/types\/post"}],"author":[{"embeddable":true,"href":"https:\/\/www.mediaplateforme.com\/fr\/wp-json\/wp\/v2\/users\/1"}],"replies":[{"embeddable":true,"href":"https:\/\/www.mediaplateforme.com\/fr\/wp-json\/wp\/v2\/comments?post=1468"}],"version-history":[{"count":1,"href":"https:\/\/www.mediaplateforme.com\/fr\/wp-json\/wp\/v2\/posts\/1468\/revisions"}],"predecessor-version":[{"id":1469,"href":"https:\/\/www.mediaplateforme.com\/fr\/wp-json\/wp\/v2\/posts\/1468\/revisions\/1469"}],"wp:featuredmedia":[{"embeddable":true,"href":"https:\/\/www.mediaplateforme.com\/fr\/wp-json\/wp\/v2\/media\/837"}],"wp:attachment":[{"href":"https:\/\/www.mediaplateforme.com\/fr\/wp-json\/wp\/v2\/media?parent=1468"}],"wp:term":[{"taxonomy":"category","embeddable":true,"href":"https:\/\/www.mediaplateforme.com\/fr\/wp-json\/wp\/v2\/categories?post=1468"},{"taxonomy":"post_tag","embeddable":true,"href":"https:\/\/www.mediaplateforme.com\/fr\/wp-json\/wp\/v2\/tags?post=1468"}],"curies":[{"name":"wp","href":"https:\/\/api.w.org\/{rel}","templated":true}]}}