{"id":1464,"date":"2022-10-28T15:52:25","date_gmt":"2022-10-28T14:52:25","guid":{"rendered":"https:\/\/www.mediaplateforme.com\/fr\/?p=1464"},"modified":"2022-10-28T15:52:25","modified_gmt":"2022-10-28T14:52:25","slug":"nizar-baraka-et-mohammed-sadiki-signent-le-contrat-de-gestion-participative-de-la-nappe-de-meski-boudnib","status":"publish","type":"post","link":"https:\/\/www.mediaplateforme.com\/fr\/nizar-baraka-et-mohammed-sadiki-signent-le-contrat-de-gestion-participative-de-la-nappe-de-meski-boudnib\/","title":{"rendered":"Nizar Baraka et Mohammed Sadiki signent le contrat de gestion participative de la nappe de Meski-Boudnib"},"content":{"rendered":"<p style=\"font-weight: 400;\"><strong>A la suite des Hautes Orientations Royales concernant l\u2019exploitation rationnelle des eaux souterraines<\/strong>, les Ministres de L\u2019Equipement et de l\u2019Eau et de l\u2019Agriculture,\u00a0de la P\u00eache maritime, du D\u00e9veloppement rural et des Eaux et For\u00eats signent un important contrat de gestion participative de la nappe de Meski-Boudnib permettant la mise en \u0153uvre d\u2019un plan d\u2019actions pour\u00a0harmoniser les efforts de tous les intervenants au niveau r\u00e9gional dans la gestion de l\u2019eau et son exploitation.<\/p>\n<p style=\"font-weight: 400;\">La nappe de Meski-Boudenib, qui couvre les deux communes Oued Naam et Chorfa Mdaghra de la Province d\u2019Errachidia sur 20 000 km\u00b2 entre le Haut Atlas au Nord et les affleurements de l\u2019Anti-Atlas et la Hamada du Guir au Sud, connait actuellement un important d\u00e9veloppement agricole, notamment par l\u2019extension des superficies de plantations du palmier dattier.<\/p>\n<p style=\"font-weight: 400;\">Pour assurer une maitrise de la demande en eau des projets agricoles en ad\u00e9quation avec les ressources en eau mobilisables dans la zone, et assurer une gestion durable des ressources en eaux souterraines de la nappe, le contrat de gestion participative pr\u00e9voit un plan d\u2019action \u00e0 3 niveaux\u00a0:<\/p>\n<p style=\"font-weight: 400;\">\n<ul>\n<li style=\"font-weight: 400;\"><strong>Les am\u00e9nagements hydrauliques pour la conservation et la restauration de la nappe<\/strong>\u00a0et en particulier la construction d\u2019un deuxi\u00e8me barrage (Kheng Grou) pour l\u2019irrigation et la recharge de la nappe, la r\u00e9habilitation des am\u00e9nagements hydro agricoles dans les p\u00e9rim\u00e8tres d\u2019irrigation traditionnelle et l\u2019instauration de p\u00e9rim\u00e8tres de sauvegarde et d\u2019interdiction dans les zones d\u2019alimentation des khettaras.<\/li>\n<li style=\"font-weight: 400;\"><strong>L\u2019\u00e9conomie et la valorisation de l\u2019eau\u00a0<\/strong>par<strong>\u00a0<\/strong>l\u2019installation des compteurs au niveau de l\u2019ensemble des points de pr\u00e9l\u00e8vement d\u2019eau situ\u00e9s dans le p\u00e9rim\u00e8tre du contrat de gestion participative de la nappe et le renforcement des capacit\u00e9s de la police de l\u2019eau.<\/li>\n<li style=\"font-weight: 400;\"><strong>Le renforcement de la sensibilisation et de la communication<\/strong>\u00a0entre les diff\u00e9rents intervenants pour une gestion durable des ressources en eau.<\/li>\n<\/ul>\n<p style=\"font-weight: 400;\">\n<p style=\"font-weight: 400;\">A cette occasion, Nizar Baraka a soulign\u00e9\u00a0:\u00a0<strong>\u00ab\u00a0Ce contrat de gestion participative de nappe, qui a fait l\u2019objet d\u2019une large concertation avec tous les intervenants de la r\u00e9gion, va permettre l\u2019implication effective des usagers en vue d\u2019assurer l\u2019utilisation durable et la pr\u00e9servation de l\u2019\u00e9quilibre de la nappe Meski-Boudnib\u00a0\u00bb .<\/strong><\/p>\n","protected":false},"excerpt":{"rendered":"<p>A la suite des Hautes Orientations Royales concernant l\u2019exploitation rationnelle des eaux souterraines, les Ministres<\/p>\n","protected":false},"author":1,"featured_media":1466,"comment_status":"open","ping_status":"open","sticky":false,"template":"","format":"standard","meta":{"_acf_changed":false,"footnotes":""},"categories":[4,3],"tags":[487,488],"class_list":["post-1464","post","type-post","status-publish","format-standard","has-post-thumbnail","hentry","category-economie","category-nouvelles-selectionnees","tag-meski-boudnib","tag-nizar-baraka"],"acf":[],"yoast_head":"<!-- This site is optimized with the Yoast SEO plugin v22.0 - https:\/\/yoast.com\/wordpress\/plugins\/seo\/ -->\n<title>Nizar Baraka et Mohammed Sadiki signent le contrat de gestion participative de la nappe de Meski-Boudnib - MEDIA PLATEFORME | FR<\/title>\n<meta name=\"description\" content=\"signent un important contrat de gestion participative de la nappe de Meski-Boudnib permettant la mise en \u0153uvre d\u2019un plan d\u2019actions pour\u00a0\" \/>\n<meta name=\"robots\" content=\"index, follow, max-snippet:-1, max-image-preview:large, max-video-preview:-1\" \/>\n<link rel=\"canonical\" href=\"https:\/\/www.mediaplateforme.com\/fr\/nizar-baraka-et-mohammed-sadiki-signent-le-contrat-de-gestion-participative-de-la-nappe-de-meski-boudnib\/\" \/>\n<meta property=\"og:locale\" content=\"fr_FR\" \/>\n<meta property=\"og:type\" content=\"article\" \/>\n<meta property=\"og:title\" content=\"Nizar Baraka et Mohammed Sadiki signent le contrat de gestion participative de la nappe de Meski-Boudnib - MEDIA PLATEFORME | FR\" \/>\n<meta property=\"og:description\" content=\"signent un important contrat de gestion participative de la nappe de Meski-Boudnib permettant la mise en \u0153uvre d\u2019un plan d\u2019actions pour\u00a0\" \/>\n<meta property=\"og:url\" content=\"https:\/\/www.mediaplateforme.com\/fr\/nizar-baraka-et-mohammed-sadiki-signent-le-contrat-de-gestion-participative-de-la-nappe-de-meski-boudnib\/\" \/>\n<meta property=\"og:site_name\" content=\"MEDIA PLATEFORME | FR\" \/>\n<meta property=\"article:published_time\" content=\"2022-10-28T14:52:25+00:00\" \/>\n<meta property=\"og:image\" content=\"https:\/\/www.mediaplateforme.com\/fr\/wp-content\/uploads\/sites\/5\/2022\/10\/nizar.jpg\" \/>\n\t<meta property=\"og:image:width\" content=\"1003\" \/>\n\t<meta property=\"og:image:height\" content=\"641\" \/>\n\t<meta property=\"og:image:type\" content=\"image\/jpeg\" \/>\n<meta name=\"author\" content=\"Mediaplateforme\" \/>\n<meta name=\"twitter:card\" content=\"summary_large_image\" \/>\n<meta name=\"twitter:label1\" content=\"\u00c9crit par\" \/>\n\t<meta name=\"twitter:data1\" content=\"Mediaplateforme\" \/>\n\t<meta name=\"twitter:label2\" content=\"Dur\u00e9e de lecture estim\u00e9e\" \/>\n\t<meta name=\"twitter:data2\" content=\"2 minutes\" \/>\n<script type=\"application\/ld+json\" class=\"yoast-schema-graph\">{\"@context\":\"https:\/\/schema.org\",\"@graph\":[{\"@type\":\"WebPage\",\"@id\":\"https:\/\/www.mediaplateforme.com\/fr\/nizar-baraka-et-mohammed-sadiki-signent-le-contrat-de-gestion-participative-de-la-nappe-de-meski-boudnib\/\",\"url\":\"https:\/\/www.mediaplateforme.com\/fr\/nizar-baraka-et-mohammed-sadiki-signent-le-contrat-de-gestion-participative-de-la-nappe-de-meski-boudnib\/\",\"name\":\"Nizar Baraka et Mohammed Sadiki signent le contrat de gestion participative de la nappe de Meski-Boudnib - MEDIA PLATEFORME | FR\",\"isPartOf\":{\"@id\":\"https:\/\/www.mediaplateforme.com\/fr\/#website\"},\"datePublished\":\"2022-10-28T14:52:25+00:00\",\"dateModified\":\"2022-10-28T14:52:25+00:00\",\"author\":{\"@id\":\"https:\/\/www.mediaplateforme.com\/fr\/#\/schema\/person\/89833db382b5db2c76b094bc902aa12a\"},\"description\":\"signent un important contrat de gestion participative de la nappe de Meski-Boudnib permettant la mise en \u0153uvre d\u2019un plan d\u2019actions pour\u00a0\",\"breadcrumb\":{\"@id\":\"https:\/\/www.mediaplateforme.com\/fr\/nizar-baraka-et-mohammed-sadiki-signent-le-contrat-de-gestion-participative-de-la-nappe-de-meski-boudnib\/#breadcrumb\"},\"inLanguage\":\"fr-FR\",\"potentialAction\":[{\"@type\":\"ReadAction\",\"target\":[\"https:\/\/www.mediaplateforme.com\/fr\/nizar-baraka-et-mohammed-sadiki-signent-le-contrat-de-gestion-participative-de-la-nappe-de-meski-boudnib\/\"]}]},{\"@type\":\"BreadcrumbList\",\"@id\":\"https:\/\/www.mediaplateforme.com\/fr\/nizar-baraka-et-mohammed-sadiki-signent-le-contrat-de-gestion-participative-de-la-nappe-de-meski-boudnib\/#breadcrumb\",\"itemListElement\":[{\"@type\":\"ListItem\",\"position\":1,\"name\":\"\u0627\u0644\u0631\u0626\u064a\u0633\u064a\u0629\",\"item\":\"https:\/\/www.mediaplateforme.com\/fr\/\"},{\"@type\":\"ListItem\",\"position\":2,\"name\":\"Nizar Baraka et Mohammed Sadiki signent le contrat de gestion participative de la nappe de Meski-Boudnib\"}]},{\"@type\":\"WebSite\",\"@id\":\"https:\/\/www.mediaplateforme.com\/fr\/#website\",\"url\":\"https:\/\/www.mediaplateforme.com\/fr\/\",\"name\":\"MEDIA PLATEFORME | FR\",\"description\":\"Mediaplateforme sp\u00e9cialis\u00e9 dans la communication institutions publiques et des entreprises\",\"potentialAction\":[{\"@type\":\"SearchAction\",\"target\":{\"@type\":\"EntryPoint\",\"urlTemplate\":\"https:\/\/www.mediaplateforme.com\/fr\/?s={search_term_string}\"},\"query-input\":\"required name=search_term_string\"}],\"inLanguage\":\"fr-FR\"},{\"@type\":\"Person\",\"@id\":\"https:\/\/www.mediaplateforme.com\/fr\/#\/schema\/person\/89833db382b5db2c76b094bc902aa12a\",\"name\":\"Mediaplateforme\",\"image\":{\"@type\":\"ImageObject\",\"inLanguage\":\"fr-FR\",\"@id\":\"https:\/\/www.mediaplateforme.com\/fr\/#\/schema\/person\/image\/\",\"url\":\"https:\/\/secure.gravatar.com\/avatar\/6c9c02e8928cc65d54bf75157f7b3a2d06d7ad0494ca0951f679552ff03b34c1?s=96&d=mm&r=g\",\"contentUrl\":\"https:\/\/secure.gravatar.com\/avatar\/6c9c02e8928cc65d54bf75157f7b3a2d06d7ad0494ca0951f679552ff03b34c1?s=96&d=mm&r=g\",\"caption\":\"Mediaplateforme\"},\"sameAs\":[\"https:\/\/www.mediaplateforme.com\"],\"url\":\"https:\/\/www.mediaplateforme.com\/fr\/author\/mohamedladib\/\"}]}<\/script>\n<!-- \/ Yoast SEO plugin. -->","yoast_head_json":{"title":"Nizar Baraka et Mohammed Sadiki signent le contrat de gestion participative de la nappe de Meski-Boudnib - MEDIA PLATEFORME | FR","description":"signent un important contrat de gestion participative de la nappe de Meski-Boudnib permettant la mise en \u0153uvre d\u2019un plan d\u2019actions pour\u00a0","robots":{"index":"index","follow":"follow","max-snippet":"max-snippet:-1","max-image-preview":"max-image-preview:large","max-video-preview":"max-video-preview:-1"},"canonical":"https:\/\/www.mediaplateforme.com\/fr\/nizar-baraka-et-mohammed-sadiki-signent-le-contrat-de-gestion-participative-de-la-nappe-de-meski-boudnib\/","og_locale":"fr_FR","og_type":"article","og_title":"Nizar Baraka et Mohammed Sadiki signent le contrat de gestion participative de la nappe de Meski-Boudnib - MEDIA PLATEFORME | FR","og_description":"signent un important contrat de gestion participative de la nappe de Meski-Boudnib permettant la mise en \u0153uvre d\u2019un plan d\u2019actions pour\u00a0","og_url":"https:\/\/www.mediaplateforme.com\/fr\/nizar-baraka-et-mohammed-sadiki-signent-le-contrat-de-gestion-participative-de-la-nappe-de-meski-boudnib\/","og_site_name":"MEDIA PLATEFORME | FR","article_published_time":"2022-10-28T14:52:25+00:00","og_image":[{"width":1003,"height":641,"url":"https:\/\/www.mediaplateforme.com\/fr\/wp-content\/uploads\/sites\/5\/2022\/10\/nizar.jpg","type":"image\/jpeg"}],"author":"Mediaplateforme","twitter_card":"summary_large_image","twitter_misc":{"\u00c9crit par":"Mediaplateforme","Dur\u00e9e de lecture estim\u00e9e":"2 minutes"},"schema":{"@context":"https:\/\/schema.org","@graph":[{"@type":"WebPage","@id":"https:\/\/www.mediaplateforme.com\/fr\/nizar-baraka-et-mohammed-sadiki-signent-le-contrat-de-gestion-participative-de-la-nappe-de-meski-boudnib\/","url":"https:\/\/www.mediaplateforme.com\/fr\/nizar-baraka-et-mohammed-sadiki-signent-le-contrat-de-gestion-participative-de-la-nappe-de-meski-boudnib\/","name":"Nizar Baraka et Mohammed Sadiki signent le contrat de gestion participative de la nappe de Meski-Boudnib - MEDIA PLATEFORME | FR","isPartOf":{"@id":"https:\/\/www.mediaplateforme.com\/fr\/#website"},"datePublished":"2022-10-28T14:52:25+00:00","dateModified":"2022-10-28T14:52:25+00:00","author":{"@id":"https:\/\/www.mediaplateforme.com\/fr\/#\/schema\/person\/89833db382b5db2c76b094bc902aa12a"},"description":"signent un important contrat de gestion participative de la nappe de Meski-Boudnib permettant la mise en \u0153uvre d\u2019un plan d\u2019actions pour\u00a0","breadcrumb":{"@id":"https:\/\/www.mediaplateforme.com\/fr\/nizar-baraka-et-mohammed-sadiki-signent-le-contrat-de-gestion-participative-de-la-nappe-de-meski-boudnib\/#breadcrumb"},"inLanguage":"fr-FR","potentialAction":[{"@type":"ReadAction","target":["https:\/\/www.mediaplateforme.com\/fr\/nizar-baraka-et-mohammed-sadiki-signent-le-contrat-de-gestion-participative-de-la-nappe-de-meski-boudnib\/"]}]},{"@type":"BreadcrumbList","@id":"https:\/\/www.mediaplateforme.com\/fr\/nizar-baraka-et-mohammed-sadiki-signent-le-contrat-de-gestion-participative-de-la-nappe-de-meski-boudnib\/#breadcrumb","itemListElement":[{"@type":"ListItem","position":1,"name":"\u0627\u0644\u0631\u0626\u064a\u0633\u064a\u0629","item":"https:\/\/www.mediaplateforme.com\/fr\/"},{"@type":"ListItem","position":2,"name":"Nizar Baraka et Mohammed Sadiki signent le contrat de gestion participative de la nappe de Meski-Boudnib"}]},{"@type":"WebSite","@id":"https:\/\/www.mediaplateforme.com\/fr\/#website","url":"https:\/\/www.mediaplateforme.com\/fr\/","name":"MEDIA PLATEFORME | FR","description":"Mediaplateforme sp\u00e9cialis\u00e9 dans la communication institutions publiques et des entreprises","potentialAction":[{"@type":"SearchAction","target":{"@type":"EntryPoint","urlTemplate":"https:\/\/www.mediaplateforme.com\/fr\/?s={search_term_string}"},"query-input":"required name=search_term_string"}],"inLanguage":"fr-FR"},{"@type":"Person","@id":"https:\/\/www.mediaplateforme.com\/fr\/#\/schema\/person\/89833db382b5db2c76b094bc902aa12a","name":"Mediaplateforme","image":{"@type":"ImageObject","inLanguage":"fr-FR","@id":"https:\/\/www.mediaplateforme.com\/fr\/#\/schema\/person\/image\/","url":"https:\/\/secure.gravatar.com\/avatar\/6c9c02e8928cc65d54bf75157f7b3a2d06d7ad0494ca0951f679552ff03b34c1?s=96&d=mm&r=g","contentUrl":"https:\/\/secure.gravatar.com\/avatar\/6c9c02e8928cc65d54bf75157f7b3a2d06d7ad0494ca0951f679552ff03b34c1?s=96&d=mm&r=g","caption":"Mediaplateforme"},"sameAs":["https:\/\/www.mediaplateforme.com"],"url":"https:\/\/www.mediaplateforme.com\/fr\/author\/mohamedladib\/"}]}},"_links":{"self":[{"href":"https:\/\/www.mediaplateforme.com\/fr\/wp-json\/wp\/v2\/posts\/1464","targetHints":{"allow":["GET"]}}],"collection":[{"href":"https:\/\/www.mediaplateforme.com\/fr\/wp-json\/wp\/v2\/posts"}],"about":[{"href":"https:\/\/www.mediaplateforme.com\/fr\/wp-json\/wp\/v2\/types\/post"}],"author":[{"embeddable":true,"href":"https:\/\/www.mediaplateforme.com\/fr\/wp-json\/wp\/v2\/users\/1"}],"replies":[{"embeddable":true,"href":"https:\/\/www.mediaplateforme.com\/fr\/wp-json\/wp\/v2\/comments?post=1464"}],"version-history":[{"count":1,"href":"https:\/\/www.mediaplateforme.com\/fr\/wp-json\/wp\/v2\/posts\/1464\/revisions"}],"predecessor-version":[{"id":1467,"href":"https:\/\/www.mediaplateforme.com\/fr\/wp-json\/wp\/v2\/posts\/1464\/revisions\/1467"}],"wp:featuredmedia":[{"embeddable":true,"href":"https:\/\/www.mediaplateforme.com\/fr\/wp-json\/wp\/v2\/media\/1466"}],"wp:attachment":[{"href":"https:\/\/www.mediaplateforme.com\/fr\/wp-json\/wp\/v2\/media?parent=1464"}],"wp:term":[{"taxonomy":"category","embeddable":true,"href":"https:\/\/www.mediaplateforme.com\/fr\/wp-json\/wp\/v2\/categories?post=1464"},{"taxonomy":"post_tag","embeddable":true,"href":"https:\/\/www.mediaplateforme.com\/fr\/wp-json\/wp\/v2\/tags?post=1464"}],"curies":[{"name":"wp","href":"https:\/\/api.w.org\/{rel}","templated":true}]}}