{"id":1455,"date":"2022-10-28T12:09:57","date_gmt":"2022-10-28T11:09:57","guid":{"rendered":"https:\/\/www.mediaplateforme.com\/fr\/?p=1455"},"modified":"2022-10-28T12:09:57","modified_gmt":"2022-10-28T11:09:57","slug":"huawei-partenaire-majeur-de-la-6eme-edition-des-assises-de-lausim","status":"publish","type":"post","link":"https:\/\/www.mediaplateforme.com\/fr\/huawei-partenaire-majeur-de-la-6eme-edition-des-assises-de-lausim\/","title":{"rendered":"Huawei partenaire majeur de la 6\u00e8me \u00e9dition des Assises de l\u2019AUSIM"},"content":{"rendered":"<p style=\"font-weight: 400;\">R\u00e9solument engag\u00e9 en faveur de la transformation digitale, Huawei Maroc prend part, en tant que partenaire majeur \u00abDiamant\u00bb, \u00e0 la 6<sup>\u00e8me<\/sup>\u00a0\u00e9dition des Assises de l&rsquo;AUSIM qui se tient sous le Haut Patronage de Sa Majest\u00e9 le Roi Mohammed VI, du 26 au 28 Octobre 2022 \u00e0 Marrakech. Cette \u00e9dition s\u2019annonce novatrice avec un programme riche et des sujets d\u00e9velopp\u00e9s avec une approche technologique et sectorielle autour du th\u00e8me central \u00ab Digital Nation : Unleash the potential \u00bb.<\/p>\n<p style=\"font-weight: 400;\">Fid\u00e8le \u00e0 sa dynamique de sentinelle du Num\u00e9rique, ce grand rendez-vous de l\u2019industrie ne pouvait qu\u2019articuler le creuset de sa probl\u00e9matique autour de cette th\u00e9matique notamment avec un programme de haute qualit\u00e9 tant sur la forme que sur le fond. Cette grande messe de l\u2019innovation souhaite porter les id\u00e9es sur le terrain des actions. Digital Nation, Startup Nation, E-Banking, E-Sant\u00e9, Cloud, Big Data, E-Commerce, autant de sujets qui seront au centre des discussions.<\/p>\n<p style=\"font-weight: 400;\">Pour les initiateurs, cette \u00e9dition se veut un catalyseur pour renforcer et d\u00e9velopper les IT au Maroc et accompagner l\u2019\u00e9mergence du secteur dans l\u2019ensemble des strates de la soci\u00e9t\u00e9, \u00e0 savoir entreprises, soci\u00e9t\u00e9 civile et pouvoirs publics.<\/p>\n<p style=\"font-weight: 400;\">Plus de 1000 participants sont attendus en pr\u00e9sentiel \u00e0 cet \u00e9v\u00e9nement de premier plan au programme duquel sont pr\u00e9vus des keynotes, mais aussi des tables rondes et des workshops anim\u00e9s par des experts internationaux et nationaux, ainsi que des repr\u00e9sentants des secteurs public, semi-public et priv\u00e9 et des \u00e9diteurs de solutions de pointe.<\/p>\n<p style=\"font-weight: 400;\">Faisant la part belle au matchmaking \u00e0 travers une plateforme digitale d\u00e9di\u00e9e, l&rsquo;\u00e9v\u00e9nement offre \u00e0 ses participants\u00a0de larges\u00a0opportunit\u00e9s\u00a0de\u00a0mise en relation et de B2B. Plusieurs nouveaut\u00e9s\u00a0sont \u00e9galement pr\u00e9vues lors de cette \u00e9dition, qui sera marqu\u00e9e par l\u2019organisation de\u00a0CIOs\u00a0Stories, de Technology\u00a0sessions, de sector\u00a0sessions, de Night Owls, etc.<\/p>\n<p style=\"font-weight: 400;\">Dans le cadre de cette initiative, M. Faustin Xu, Directeur G\u00e9n\u00e9ral Adjoint de Huawei Maroc, \u00a0a d\u00e9clar\u00e9:\u00a0<strong>\u00abHuawei est ravi de prendre part, en tant que partenaire majeur, \u00e0 la 6\u00e8me \u00e9dition des Assises de l\u2019AUSIM qui sont le rendez-vous incontournable des SI au Maroc en plus de constituer un vecteur de propositions concr\u00e8tes dans tous les domaines relatifs aux TIC. A travers cet \u00e9v\u00e8nement majeur, notre entreprise r\u00e9it\u00e8re son engagement p\u00e9renne de cr\u00e9er un impact solide et durable en tirant parti de l\u2019innovation et de la collaboration. Convaincu que les technologies num\u00e9riques offrent des perspectives uniques en mati\u00e8re de d\u00e9veloppement technologique, \u00a0\u00e9conomique et social, Huawei s\u2019engage inlassablement au service d\u2019un \u00e9cosyst\u00e8me industriel plus performant et plus robuste.\u00a0\u00bb<\/strong><\/p>\n<p style=\"font-weight: 400;\">\n<p style=\"font-weight: 400;\">Pour sa part, M. Jerry Cui, Directeur G\u00e9n\u00e9ral de Huawei Maroc, a pr\u00e9cis\u00e9 que :\u00a0<strong>\u00abHuawei, forte de son expertise et son savoir-faire, se joint aux efforts des acteurs publics et priv\u00e9s pour accompagner et stimuler la transformation digitale du Maroc et s\u2019engage \u00e0 mettre \u00e0 la disposition de ses diverses parties prenantes des infrastructures TIC ouvertes, flexibles et s\u00e9curis\u00e9es.\u00a0 La concr\u00e9tisation de ce partenariat avec l\u2019AUSIM \u00a0t\u00e9moigne de la volont\u00e9 de Huawei de cr\u00e9er de la richesse et de la valeur ajout\u00e9e dans les domaines du TIC et c&rsquo;est un jalon important pour notre coop\u00e9ration croissante.\u00bb<\/strong><\/p>\n<p style=\"font-weight: 400;\"><strong>\u00a0<\/strong><\/p>\n<p style=\"font-weight: 400;\"><strong>Huawei se veut un partenaire strat\u00e9gique<\/strong><strong>\u00a0de la transformation num\u00e9rique du Maroc et s\u2019engage \u00e0\u00a0<\/strong><strong>soutenir des initiatives nationales structurantes dans le domaine des TIC, \u00e0 l\u2019instar des Assises de l&rsquo;AUSIM.<\/strong><\/p>\n","protected":false},"excerpt":{"rendered":"<p>R\u00e9solument engag\u00e9 en faveur de la transformation digitale, Huawei Maroc prend part, en tant que<\/p>\n","protected":false},"author":1,"featured_media":1456,"comment_status":"open","ping_status":"open","sticky":false,"template":"","format":"standard","meta":{"_acf_changed":false,"footnotes":""},"categories":[5,3],"tags":[456],"class_list":["post-1455","post","type-post","status-publish","format-standard","has-post-thumbnail","hentry","category-tech","category-nouvelles-selectionnees","tag-huawei-maroc"],"acf":[],"yoast_head":"<!-- This site is optimized with the Yoast SEO plugin v22.0 - https:\/\/yoast.com\/wordpress\/plugins\/seo\/ -->\n<title>Huawei partenaire majeur de la 6\u00e8me \u00e9dition des Assises de l\u2019AUSIM - MEDIA PLATEFORME | FR<\/title>\n<meta name=\"description\" content=\"R\u00e9solument engag\u00e9 en faveur de la transformation digitale, Huawei Maroc prend part, en tant que partenaire majeur \u00abDiamant\u00bb, \u00e0 la 6\u00e8me\u00a0\u00e9di\" \/>\n<meta name=\"robots\" content=\"index, follow, max-snippet:-1, max-image-preview:large, max-video-preview:-1\" \/>\n<link rel=\"canonical\" href=\"https:\/\/www.mediaplateforme.com\/fr\/huawei-partenaire-majeur-de-la-6eme-edition-des-assises-de-lausim\/\" \/>\n<meta property=\"og:locale\" content=\"fr_FR\" \/>\n<meta property=\"og:type\" content=\"article\" \/>\n<meta property=\"og:title\" content=\"Huawei partenaire majeur de la 6\u00e8me \u00e9dition des Assises de l\u2019AUSIM - MEDIA PLATEFORME | FR\" \/>\n<meta property=\"og:description\" content=\"R\u00e9solument engag\u00e9 en faveur de la transformation digitale, Huawei Maroc prend part, en tant que partenaire majeur \u00abDiamant\u00bb, \u00e0 la 6\u00e8me\u00a0\u00e9di\" \/>\n<meta property=\"og:url\" content=\"https:\/\/www.mediaplateforme.com\/fr\/huawei-partenaire-majeur-de-la-6eme-edition-des-assises-de-lausim\/\" \/>\n<meta property=\"og:site_name\" content=\"MEDIA PLATEFORME | FR\" \/>\n<meta property=\"article:published_time\" content=\"2022-10-28T11:09:57+00:00\" \/>\n<meta property=\"og:image\" content=\"https:\/\/www.mediaplateforme.com\/fr\/wp-content\/uploads\/sites\/5\/2022\/10\/Image-Huawei-AUSIM.jpeg\" \/>\n\t<meta property=\"og:image:width\" content=\"1600\" \/>\n\t<meta property=\"og:image:height\" content=\"1073\" \/>\n\t<meta property=\"og:image:type\" content=\"image\/jpeg\" \/>\n<meta name=\"author\" content=\"Mediaplateforme\" \/>\n<meta name=\"twitter:card\" content=\"summary_large_image\" \/>\n<meta name=\"twitter:label1\" content=\"\u00c9crit par\" \/>\n\t<meta name=\"twitter:data1\" content=\"Mediaplateforme\" \/>\n\t<meta name=\"twitter:label2\" content=\"Dur\u00e9e de lecture estim\u00e9e\" \/>\n\t<meta name=\"twitter:data2\" content=\"3 minutes\" \/>\n<script type=\"application\/ld+json\" class=\"yoast-schema-graph\">{\"@context\":\"https:\/\/schema.org\",\"@graph\":[{\"@type\":\"WebPage\",\"@id\":\"https:\/\/www.mediaplateforme.com\/fr\/huawei-partenaire-majeur-de-la-6eme-edition-des-assises-de-lausim\/\",\"url\":\"https:\/\/www.mediaplateforme.com\/fr\/huawei-partenaire-majeur-de-la-6eme-edition-des-assises-de-lausim\/\",\"name\":\"Huawei partenaire majeur de la 6\u00e8me \u00e9dition des Assises de l\u2019AUSIM - MEDIA PLATEFORME | FR\",\"isPartOf\":{\"@id\":\"https:\/\/www.mediaplateforme.com\/fr\/#website\"},\"datePublished\":\"2022-10-28T11:09:57+00:00\",\"dateModified\":\"2022-10-28T11:09:57+00:00\",\"author\":{\"@id\":\"https:\/\/www.mediaplateforme.com\/fr\/#\/schema\/person\/89833db382b5db2c76b094bc902aa12a\"},\"description\":\"R\u00e9solument engag\u00e9 en faveur de la transformation digitale, Huawei Maroc prend part, en tant que partenaire majeur \u00abDiamant\u00bb, \u00e0 la 6\u00e8me\u00a0\u00e9di\",\"breadcrumb\":{\"@id\":\"https:\/\/www.mediaplateforme.com\/fr\/huawei-partenaire-majeur-de-la-6eme-edition-des-assises-de-lausim\/#breadcrumb\"},\"inLanguage\":\"fr-FR\",\"potentialAction\":[{\"@type\":\"ReadAction\",\"target\":[\"https:\/\/www.mediaplateforme.com\/fr\/huawei-partenaire-majeur-de-la-6eme-edition-des-assises-de-lausim\/\"]}]},{\"@type\":\"BreadcrumbList\",\"@id\":\"https:\/\/www.mediaplateforme.com\/fr\/huawei-partenaire-majeur-de-la-6eme-edition-des-assises-de-lausim\/#breadcrumb\",\"itemListElement\":[{\"@type\":\"ListItem\",\"position\":1,\"name\":\"\u0627\u0644\u0631\u0626\u064a\u0633\u064a\u0629\",\"item\":\"https:\/\/www.mediaplateforme.com\/fr\/\"},{\"@type\":\"ListItem\",\"position\":2,\"name\":\"Huawei partenaire majeur de la 6\u00e8me \u00e9dition des Assises de l\u2019AUSIM\"}]},{\"@type\":\"WebSite\",\"@id\":\"https:\/\/www.mediaplateforme.com\/fr\/#website\",\"url\":\"https:\/\/www.mediaplateforme.com\/fr\/\",\"name\":\"MEDIA PLATEFORME | FR\",\"description\":\"Mediaplateforme sp\u00e9cialis\u00e9 dans la communication institutions publiques et des entreprises\",\"potentialAction\":[{\"@type\":\"SearchAction\",\"target\":{\"@type\":\"EntryPoint\",\"urlTemplate\":\"https:\/\/www.mediaplateforme.com\/fr\/?s={search_term_string}\"},\"query-input\":\"required name=search_term_string\"}],\"inLanguage\":\"fr-FR\"},{\"@type\":\"Person\",\"@id\":\"https:\/\/www.mediaplateforme.com\/fr\/#\/schema\/person\/89833db382b5db2c76b094bc902aa12a\",\"name\":\"Mediaplateforme\",\"image\":{\"@type\":\"ImageObject\",\"inLanguage\":\"fr-FR\",\"@id\":\"https:\/\/www.mediaplateforme.com\/fr\/#\/schema\/person\/image\/\",\"url\":\"https:\/\/secure.gravatar.com\/avatar\/6c9c02e8928cc65d54bf75157f7b3a2d06d7ad0494ca0951f679552ff03b34c1?s=96&d=mm&r=g\",\"contentUrl\":\"https:\/\/secure.gravatar.com\/avatar\/6c9c02e8928cc65d54bf75157f7b3a2d06d7ad0494ca0951f679552ff03b34c1?s=96&d=mm&r=g\",\"caption\":\"Mediaplateforme\"},\"sameAs\":[\"https:\/\/www.mediaplateforme.com\"],\"url\":\"https:\/\/www.mediaplateforme.com\/fr\/author\/mohamedladib\/\"}]}<\/script>\n<!-- \/ Yoast SEO plugin. -->","yoast_head_json":{"title":"Huawei partenaire majeur de la 6\u00e8me \u00e9dition des Assises de l\u2019AUSIM - MEDIA PLATEFORME | FR","description":"R\u00e9solument engag\u00e9 en faveur de la transformation digitale, Huawei Maroc prend part, en tant que partenaire majeur \u00abDiamant\u00bb, \u00e0 la 6\u00e8me\u00a0\u00e9di","robots":{"index":"index","follow":"follow","max-snippet":"max-snippet:-1","max-image-preview":"max-image-preview:large","max-video-preview":"max-video-preview:-1"},"canonical":"https:\/\/www.mediaplateforme.com\/fr\/huawei-partenaire-majeur-de-la-6eme-edition-des-assises-de-lausim\/","og_locale":"fr_FR","og_type":"article","og_title":"Huawei partenaire majeur de la 6\u00e8me \u00e9dition des Assises de l\u2019AUSIM - MEDIA PLATEFORME | FR","og_description":"R\u00e9solument engag\u00e9 en faveur de la transformation digitale, Huawei Maroc prend part, en tant que partenaire majeur \u00abDiamant\u00bb, \u00e0 la 6\u00e8me\u00a0\u00e9di","og_url":"https:\/\/www.mediaplateforme.com\/fr\/huawei-partenaire-majeur-de-la-6eme-edition-des-assises-de-lausim\/","og_site_name":"MEDIA PLATEFORME | FR","article_published_time":"2022-10-28T11:09:57+00:00","og_image":[{"width":1600,"height":1073,"url":"https:\/\/www.mediaplateforme.com\/fr\/wp-content\/uploads\/sites\/5\/2022\/10\/Image-Huawei-AUSIM.jpeg","type":"image\/jpeg"}],"author":"Mediaplateforme","twitter_card":"summary_large_image","twitter_misc":{"\u00c9crit par":"Mediaplateforme","Dur\u00e9e de lecture estim\u00e9e":"3 minutes"},"schema":{"@context":"https:\/\/schema.org","@graph":[{"@type":"WebPage","@id":"https:\/\/www.mediaplateforme.com\/fr\/huawei-partenaire-majeur-de-la-6eme-edition-des-assises-de-lausim\/","url":"https:\/\/www.mediaplateforme.com\/fr\/huawei-partenaire-majeur-de-la-6eme-edition-des-assises-de-lausim\/","name":"Huawei partenaire majeur de la 6\u00e8me \u00e9dition des Assises de l\u2019AUSIM - MEDIA PLATEFORME | FR","isPartOf":{"@id":"https:\/\/www.mediaplateforme.com\/fr\/#website"},"datePublished":"2022-10-28T11:09:57+00:00","dateModified":"2022-10-28T11:09:57+00:00","author":{"@id":"https:\/\/www.mediaplateforme.com\/fr\/#\/schema\/person\/89833db382b5db2c76b094bc902aa12a"},"description":"R\u00e9solument engag\u00e9 en faveur de la transformation digitale, Huawei Maroc prend part, en tant que partenaire majeur \u00abDiamant\u00bb, \u00e0 la 6\u00e8me\u00a0\u00e9di","breadcrumb":{"@id":"https:\/\/www.mediaplateforme.com\/fr\/huawei-partenaire-majeur-de-la-6eme-edition-des-assises-de-lausim\/#breadcrumb"},"inLanguage":"fr-FR","potentialAction":[{"@type":"ReadAction","target":["https:\/\/www.mediaplateforme.com\/fr\/huawei-partenaire-majeur-de-la-6eme-edition-des-assises-de-lausim\/"]}]},{"@type":"BreadcrumbList","@id":"https:\/\/www.mediaplateforme.com\/fr\/huawei-partenaire-majeur-de-la-6eme-edition-des-assises-de-lausim\/#breadcrumb","itemListElement":[{"@type":"ListItem","position":1,"name":"\u0627\u0644\u0631\u0626\u064a\u0633\u064a\u0629","item":"https:\/\/www.mediaplateforme.com\/fr\/"},{"@type":"ListItem","position":2,"name":"Huawei partenaire majeur de la 6\u00e8me \u00e9dition des Assises de l\u2019AUSIM"}]},{"@type":"WebSite","@id":"https:\/\/www.mediaplateforme.com\/fr\/#website","url":"https:\/\/www.mediaplateforme.com\/fr\/","name":"MEDIA PLATEFORME | FR","description":"Mediaplateforme sp\u00e9cialis\u00e9 dans la communication institutions publiques et des entreprises","potentialAction":[{"@type":"SearchAction","target":{"@type":"EntryPoint","urlTemplate":"https:\/\/www.mediaplateforme.com\/fr\/?s={search_term_string}"},"query-input":"required name=search_term_string"}],"inLanguage":"fr-FR"},{"@type":"Person","@id":"https:\/\/www.mediaplateforme.com\/fr\/#\/schema\/person\/89833db382b5db2c76b094bc902aa12a","name":"Mediaplateforme","image":{"@type":"ImageObject","inLanguage":"fr-FR","@id":"https:\/\/www.mediaplateforme.com\/fr\/#\/schema\/person\/image\/","url":"https:\/\/secure.gravatar.com\/avatar\/6c9c02e8928cc65d54bf75157f7b3a2d06d7ad0494ca0951f679552ff03b34c1?s=96&d=mm&r=g","contentUrl":"https:\/\/secure.gravatar.com\/avatar\/6c9c02e8928cc65d54bf75157f7b3a2d06d7ad0494ca0951f679552ff03b34c1?s=96&d=mm&r=g","caption":"Mediaplateforme"},"sameAs":["https:\/\/www.mediaplateforme.com"],"url":"https:\/\/www.mediaplateforme.com\/fr\/author\/mohamedladib\/"}]}},"_links":{"self":[{"href":"https:\/\/www.mediaplateforme.com\/fr\/wp-json\/wp\/v2\/posts\/1455","targetHints":{"allow":["GET"]}}],"collection":[{"href":"https:\/\/www.mediaplateforme.com\/fr\/wp-json\/wp\/v2\/posts"}],"about":[{"href":"https:\/\/www.mediaplateforme.com\/fr\/wp-json\/wp\/v2\/types\/post"}],"author":[{"embeddable":true,"href":"https:\/\/www.mediaplateforme.com\/fr\/wp-json\/wp\/v2\/users\/1"}],"replies":[{"embeddable":true,"href":"https:\/\/www.mediaplateforme.com\/fr\/wp-json\/wp\/v2\/comments?post=1455"}],"version-history":[{"count":1,"href":"https:\/\/www.mediaplateforme.com\/fr\/wp-json\/wp\/v2\/posts\/1455\/revisions"}],"predecessor-version":[{"id":1457,"href":"https:\/\/www.mediaplateforme.com\/fr\/wp-json\/wp\/v2\/posts\/1455\/revisions\/1457"}],"wp:featuredmedia":[{"embeddable":true,"href":"https:\/\/www.mediaplateforme.com\/fr\/wp-json\/wp\/v2\/media\/1456"}],"wp:attachment":[{"href":"https:\/\/www.mediaplateforme.com\/fr\/wp-json\/wp\/v2\/media?parent=1455"}],"wp:term":[{"taxonomy":"category","embeddable":true,"href":"https:\/\/www.mediaplateforme.com\/fr\/wp-json\/wp\/v2\/categories?post=1455"},{"taxonomy":"post_tag","embeddable":true,"href":"https:\/\/www.mediaplateforme.com\/fr\/wp-json\/wp\/v2\/tags?post=1455"}],"curies":[{"name":"wp","href":"https:\/\/api.w.org\/{rel}","templated":true}]}}