{"id":145,"date":"2022-06-24T15:31:37","date_gmt":"2022-06-24T14:31:37","guid":{"rendered":"https:\/\/www.mediaplateforme.com\/fr\/?p=145"},"modified":"2022-06-24T15:35:26","modified_gmt":"2022-06-24T14:35:26","slug":"maroc-pme-une-hausse-importante-des-realisations-2021","status":"publish","type":"post","link":"https:\/\/www.mediaplateforme.com\/fr\/maroc-pme-une-hausse-importante-des-realisations-2021\/","title":{"rendered":"Maroc PME: Une hausse importante des r\u00e9alisations 2021"},"content":{"rendered":"<p>M. <a href=\"https:\/\/www.mediaplateforme.com\/fr\/signature-dun-protocole-daccord-pour-le-developpement-du-sourcing-local-de-dispositifs-medicaux-et-de-produits-de-sante-made-in-morocco\/\">Ryad MEZZOUR<\/a>, Ministre de l\u2019Industrie et du Commerce a pr\u00e9sid\u00e9, le jeudi 23 juin 2022 \u00e0 Rabat, le Conseil d\u2019Administration de <a href=\"https:\/\/marocpme.gov.ma\/\">l\u2019Agence Nationale pour la promotion de la PME<\/a> (Maroc PME) consacr\u00e9 \u00e0 l\u2019examen de son bilan d\u2019activit\u00e9 au titre de l\u2019ann\u00e9e 2021 et de son plan d\u2019action 2022.<\/p>\n<p>Le Conseil a constat\u00e9 la d\u00e9multiplication du nombre de projets des Tr\u00e8s Petites, Petites et Moyennes Entreprises ayant b\u00e9n\u00e9fici\u00e9 de l\u2019appui de l\u2019Agence en termes d\u2019expertise technique et de soutien financier \u00e0 l\u2019investissement qui a atteint 2531 projets en 2021 contre 819 projets en 2020.<\/p>\n<p>Le nombre d\u2019emploi engag\u00e9s par les projets d\u2019investissement approuv\u00e9s en 2021 a, pour sa part, augment\u00e9 de 15% passant \u00e0 29 249 emplois directs et indirects en 2021 contre 25 357 en 2020.<\/p>\n<p>Ces r\u00e9alisations sont le fruit de la nouvelle g\u00e9n\u00e9ration des programmes lanc\u00e9s par l\u2019Agence et la dynamique enclench\u00e9e par la banque de projets lanc\u00e9e par le Minist\u00e8re de l\u2019industrie pour le d\u00e9veloppement de la souverainet\u00e9 industrielle.<\/p>\n<p>&nbsp;<\/p>\n","protected":false},"excerpt":{"rendered":"<p>M. Ryad MEZZOUR, Ministre de l\u2019Industrie et du Commerce a pr\u00e9sid\u00e9, le jeudi 23 juin<\/p>\n","protected":false},"author":1,"featured_media":147,"comment_status":"open","ping_status":"open","sticky":false,"template":"","format":"standard","meta":{"_acf_changed":false,"footnotes":""},"categories":[4,3],"tags":[58,60,59],"class_list":["post-145","post","type-post","status-publish","format-standard","has-post-thumbnail","hentry","category-economie","category-nouvelles-selectionnees","tag-maroc-pme","tag-ministre-de-lindustrie-et-du-commerce","tag-ryad-mezzour"],"acf":[],"yoast_head":"<!-- This site is optimized with the Yoast SEO plugin v22.0 - https:\/\/yoast.com\/wordpress\/plugins\/seo\/ -->\n<title>Maroc PME: Une hausse importante des r\u00e9alisations 2021 - MEDIA PLATEFORME | FR<\/title>\n<meta name=\"description\" content=\"M. Ryad MEZZOUR, Ministre de l\u2019Industrie et du Commerce a pr\u00e9sid\u00e9, le Conseil d\u2019Administration de l\u2019Agence Maroc PME\" \/>\n<meta name=\"robots\" content=\"index, follow, max-snippet:-1, max-image-preview:large, max-video-preview:-1\" \/>\n<link rel=\"canonical\" href=\"https:\/\/www.mediaplateforme.com\/fr\/maroc-pme-une-hausse-importante-des-realisations-2021\/\" \/>\n<meta property=\"og:locale\" content=\"fr_FR\" \/>\n<meta property=\"og:type\" content=\"article\" \/>\n<meta property=\"og:title\" content=\"Maroc PME: Une hausse importante des r\u00e9alisations 2021 - MEDIA PLATEFORME | FR\" \/>\n<meta property=\"og:description\" content=\"M. Ryad MEZZOUR, Ministre de l\u2019Industrie et du Commerce a pr\u00e9sid\u00e9, le Conseil d\u2019Administration de l\u2019Agence Maroc PME\" \/>\n<meta property=\"og:url\" content=\"https:\/\/www.mediaplateforme.com\/fr\/maroc-pme-une-hausse-importante-des-realisations-2021\/\" \/>\n<meta property=\"og:site_name\" content=\"MEDIA PLATEFORME | FR\" \/>\n<meta property=\"article:published_time\" content=\"2022-06-24T14:31:37+00:00\" \/>\n<meta property=\"article:modified_time\" content=\"2022-06-24T14:35:26+00:00\" \/>\n<meta property=\"og:image\" content=\"https:\/\/www.mediaplateforme.com\/fr\/wp-content\/uploads\/sites\/5\/2022\/06\/Maroc-PME-Une-hausse-importante-des-realisations-2021.jpg\" \/>\n\t<meta property=\"og:image:width\" content=\"595\" \/>\n\t<meta property=\"og:image:height\" content=\"397\" \/>\n\t<meta property=\"og:image:type\" content=\"image\/jpeg\" \/>\n<meta name=\"author\" content=\"Mediaplateforme\" \/>\n<meta name=\"twitter:card\" content=\"summary_large_image\" \/>\n<meta name=\"twitter:label1\" content=\"\u00c9crit par\" \/>\n\t<meta name=\"twitter:data1\" content=\"Mediaplateforme\" \/>\n\t<meta name=\"twitter:label2\" content=\"Dur\u00e9e de lecture estim\u00e9e\" \/>\n\t<meta name=\"twitter:data2\" content=\"1 minute\" \/>\n<script type=\"application\/ld+json\" class=\"yoast-schema-graph\">{\"@context\":\"https:\/\/schema.org\",\"@graph\":[{\"@type\":\"WebPage\",\"@id\":\"https:\/\/www.mediaplateforme.com\/fr\/maroc-pme-une-hausse-importante-des-realisations-2021\/\",\"url\":\"https:\/\/www.mediaplateforme.com\/fr\/maroc-pme-une-hausse-importante-des-realisations-2021\/\",\"name\":\"Maroc PME: Une hausse importante des r\u00e9alisations 2021 - MEDIA PLATEFORME | FR\",\"isPartOf\":{\"@id\":\"https:\/\/www.mediaplateforme.com\/fr\/#website\"},\"datePublished\":\"2022-06-24T14:31:37+00:00\",\"dateModified\":\"2022-06-24T14:35:26+00:00\",\"author\":{\"@id\":\"https:\/\/www.mediaplateforme.com\/fr\/#\/schema\/person\/89833db382b5db2c76b094bc902aa12a\"},\"description\":\"M. Ryad MEZZOUR, Ministre de l\u2019Industrie et du Commerce a pr\u00e9sid\u00e9, le Conseil d\u2019Administration de l\u2019Agence Maroc PME\",\"breadcrumb\":{\"@id\":\"https:\/\/www.mediaplateforme.com\/fr\/maroc-pme-une-hausse-importante-des-realisations-2021\/#breadcrumb\"},\"inLanguage\":\"fr-FR\",\"potentialAction\":[{\"@type\":\"ReadAction\",\"target\":[\"https:\/\/www.mediaplateforme.com\/fr\/maroc-pme-une-hausse-importante-des-realisations-2021\/\"]}]},{\"@type\":\"BreadcrumbList\",\"@id\":\"https:\/\/www.mediaplateforme.com\/fr\/maroc-pme-une-hausse-importante-des-realisations-2021\/#breadcrumb\",\"itemListElement\":[{\"@type\":\"ListItem\",\"position\":1,\"name\":\"\u0627\u0644\u0631\u0626\u064a\u0633\u064a\u0629\",\"item\":\"https:\/\/www.mediaplateforme.com\/fr\/\"},{\"@type\":\"ListItem\",\"position\":2,\"name\":\"Maroc PME: Une hausse importante des r\u00e9alisations 2021\"}]},{\"@type\":\"WebSite\",\"@id\":\"https:\/\/www.mediaplateforme.com\/fr\/#website\",\"url\":\"https:\/\/www.mediaplateforme.com\/fr\/\",\"name\":\"MEDIA PLATEFORME | FR\",\"description\":\"Mediaplateforme sp\u00e9cialis\u00e9 dans la communication institutions publiques et des entreprises\",\"potentialAction\":[{\"@type\":\"SearchAction\",\"target\":{\"@type\":\"EntryPoint\",\"urlTemplate\":\"https:\/\/www.mediaplateforme.com\/fr\/?s={search_term_string}\"},\"query-input\":\"required name=search_term_string\"}],\"inLanguage\":\"fr-FR\"},{\"@type\":\"Person\",\"@id\":\"https:\/\/www.mediaplateforme.com\/fr\/#\/schema\/person\/89833db382b5db2c76b094bc902aa12a\",\"name\":\"Mediaplateforme\",\"image\":{\"@type\":\"ImageObject\",\"inLanguage\":\"fr-FR\",\"@id\":\"https:\/\/www.mediaplateforme.com\/fr\/#\/schema\/person\/image\/\",\"url\":\"https:\/\/secure.gravatar.com\/avatar\/6c9c02e8928cc65d54bf75157f7b3a2d06d7ad0494ca0951f679552ff03b34c1?s=96&d=mm&r=g\",\"contentUrl\":\"https:\/\/secure.gravatar.com\/avatar\/6c9c02e8928cc65d54bf75157f7b3a2d06d7ad0494ca0951f679552ff03b34c1?s=96&d=mm&r=g\",\"caption\":\"Mediaplateforme\"},\"sameAs\":[\"https:\/\/www.mediaplateforme.com\"],\"url\":\"https:\/\/www.mediaplateforme.com\/fr\/author\/mohamedladib\/\"}]}<\/script>\n<!-- \/ Yoast SEO plugin. -->","yoast_head_json":{"title":"Maroc PME: Une hausse importante des r\u00e9alisations 2021 - MEDIA PLATEFORME | FR","description":"M. Ryad MEZZOUR, Ministre de l\u2019Industrie et du Commerce a pr\u00e9sid\u00e9, le Conseil d\u2019Administration de l\u2019Agence Maroc PME","robots":{"index":"index","follow":"follow","max-snippet":"max-snippet:-1","max-image-preview":"max-image-preview:large","max-video-preview":"max-video-preview:-1"},"canonical":"https:\/\/www.mediaplateforme.com\/fr\/maroc-pme-une-hausse-importante-des-realisations-2021\/","og_locale":"fr_FR","og_type":"article","og_title":"Maroc PME: Une hausse importante des r\u00e9alisations 2021 - MEDIA PLATEFORME | FR","og_description":"M. Ryad MEZZOUR, Ministre de l\u2019Industrie et du Commerce a pr\u00e9sid\u00e9, le Conseil d\u2019Administration de l\u2019Agence Maroc PME","og_url":"https:\/\/www.mediaplateforme.com\/fr\/maroc-pme-une-hausse-importante-des-realisations-2021\/","og_site_name":"MEDIA PLATEFORME | FR","article_published_time":"2022-06-24T14:31:37+00:00","article_modified_time":"2022-06-24T14:35:26+00:00","og_image":[{"width":595,"height":397,"url":"https:\/\/www.mediaplateforme.com\/fr\/wp-content\/uploads\/sites\/5\/2022\/06\/Maroc-PME-Une-hausse-importante-des-realisations-2021.jpg","type":"image\/jpeg"}],"author":"Mediaplateforme","twitter_card":"summary_large_image","twitter_misc":{"\u00c9crit par":"Mediaplateforme","Dur\u00e9e de lecture estim\u00e9e":"1 minute"},"schema":{"@context":"https:\/\/schema.org","@graph":[{"@type":"WebPage","@id":"https:\/\/www.mediaplateforme.com\/fr\/maroc-pme-une-hausse-importante-des-realisations-2021\/","url":"https:\/\/www.mediaplateforme.com\/fr\/maroc-pme-une-hausse-importante-des-realisations-2021\/","name":"Maroc PME: Une hausse importante des r\u00e9alisations 2021 - MEDIA PLATEFORME | FR","isPartOf":{"@id":"https:\/\/www.mediaplateforme.com\/fr\/#website"},"datePublished":"2022-06-24T14:31:37+00:00","dateModified":"2022-06-24T14:35:26+00:00","author":{"@id":"https:\/\/www.mediaplateforme.com\/fr\/#\/schema\/person\/89833db382b5db2c76b094bc902aa12a"},"description":"M. Ryad MEZZOUR, Ministre de l\u2019Industrie et du Commerce a pr\u00e9sid\u00e9, le Conseil d\u2019Administration de l\u2019Agence Maroc PME","breadcrumb":{"@id":"https:\/\/www.mediaplateforme.com\/fr\/maroc-pme-une-hausse-importante-des-realisations-2021\/#breadcrumb"},"inLanguage":"fr-FR","potentialAction":[{"@type":"ReadAction","target":["https:\/\/www.mediaplateforme.com\/fr\/maroc-pme-une-hausse-importante-des-realisations-2021\/"]}]},{"@type":"BreadcrumbList","@id":"https:\/\/www.mediaplateforme.com\/fr\/maroc-pme-une-hausse-importante-des-realisations-2021\/#breadcrumb","itemListElement":[{"@type":"ListItem","position":1,"name":"\u0627\u0644\u0631\u0626\u064a\u0633\u064a\u0629","item":"https:\/\/www.mediaplateforme.com\/fr\/"},{"@type":"ListItem","position":2,"name":"Maroc PME: Une hausse importante des r\u00e9alisations 2021"}]},{"@type":"WebSite","@id":"https:\/\/www.mediaplateforme.com\/fr\/#website","url":"https:\/\/www.mediaplateforme.com\/fr\/","name":"MEDIA PLATEFORME | FR","description":"Mediaplateforme sp\u00e9cialis\u00e9 dans la communication institutions publiques et des entreprises","potentialAction":[{"@type":"SearchAction","target":{"@type":"EntryPoint","urlTemplate":"https:\/\/www.mediaplateforme.com\/fr\/?s={search_term_string}"},"query-input":"required name=search_term_string"}],"inLanguage":"fr-FR"},{"@type":"Person","@id":"https:\/\/www.mediaplateforme.com\/fr\/#\/schema\/person\/89833db382b5db2c76b094bc902aa12a","name":"Mediaplateforme","image":{"@type":"ImageObject","inLanguage":"fr-FR","@id":"https:\/\/www.mediaplateforme.com\/fr\/#\/schema\/person\/image\/","url":"https:\/\/secure.gravatar.com\/avatar\/6c9c02e8928cc65d54bf75157f7b3a2d06d7ad0494ca0951f679552ff03b34c1?s=96&d=mm&r=g","contentUrl":"https:\/\/secure.gravatar.com\/avatar\/6c9c02e8928cc65d54bf75157f7b3a2d06d7ad0494ca0951f679552ff03b34c1?s=96&d=mm&r=g","caption":"Mediaplateforme"},"sameAs":["https:\/\/www.mediaplateforme.com"],"url":"https:\/\/www.mediaplateforme.com\/fr\/author\/mohamedladib\/"}]}},"_links":{"self":[{"href":"https:\/\/www.mediaplateforme.com\/fr\/wp-json\/wp\/v2\/posts\/145","targetHints":{"allow":["GET"]}}],"collection":[{"href":"https:\/\/www.mediaplateforme.com\/fr\/wp-json\/wp\/v2\/posts"}],"about":[{"href":"https:\/\/www.mediaplateforme.com\/fr\/wp-json\/wp\/v2\/types\/post"}],"author":[{"embeddable":true,"href":"https:\/\/www.mediaplateforme.com\/fr\/wp-json\/wp\/v2\/users\/1"}],"replies":[{"embeddable":true,"href":"https:\/\/www.mediaplateforme.com\/fr\/wp-json\/wp\/v2\/comments?post=145"}],"version-history":[{"count":0,"href":"https:\/\/www.mediaplateforme.com\/fr\/wp-json\/wp\/v2\/posts\/145\/revisions"}],"wp:featuredmedia":[{"embeddable":true,"href":"https:\/\/www.mediaplateforme.com\/fr\/wp-json\/wp\/v2\/media\/147"}],"wp:attachment":[{"href":"https:\/\/www.mediaplateforme.com\/fr\/wp-json\/wp\/v2\/media?parent=145"}],"wp:term":[{"taxonomy":"category","embeddable":true,"href":"https:\/\/www.mediaplateforme.com\/fr\/wp-json\/wp\/v2\/categories?post=145"},{"taxonomy":"post_tag","embeddable":true,"href":"https:\/\/www.mediaplateforme.com\/fr\/wp-json\/wp\/v2\/tags?post=145"}],"curies":[{"name":"wp","href":"https:\/\/api.w.org\/{rel}","templated":true}]}}