{"id":1426,"date":"2022-10-27T13:25:28","date_gmt":"2022-10-27T12:25:28","guid":{"rendered":"https:\/\/www.mediaplateforme.com\/fr\/?p=1426"},"modified":"2022-10-27T13:25:28","modified_gmt":"2022-10-27T12:25:28","slug":"les-regionales-de-linvestissement-la-peche-et-le-tourisme-au-coeur-des-debats-a-laayoune-et-dakhla","status":"publish","type":"post","link":"https:\/\/www.mediaplateforme.com\/fr\/les-regionales-de-linvestissement-la-peche-et-le-tourisme-au-coeur-des-debats-a-laayoune-et-dakhla\/","title":{"rendered":"LES REGIONALES DE L\u2019INVESTISSEMENT LA PECHE ET LE TOURISME AU C\u0152UR DES DEBATS A LAAYOUNE ET DAKHLA"},"content":{"rendered":"<p>Les R\u00e9gionales de l\u2019Investissement se poursuivent avec deux nouvelles escales organis\u00e9es dans les provinces du sud. Les villes de La\u00e2youne et de Dakhla ont accueilli, respectivement les 12 et 14 octobre courant, deux nouvelles rencontres qui ont suscit\u00e9 un engouement particulier de la part des participants.<\/p>\n<p>&nbsp;<\/p>\n<h4>Les R\u00e9gionales de l\u2019Investissement<\/h4>\n<p>La rencontre de La\u00e2youne a \u00e9t\u00e9 consacr\u00e9e \u00e0 la th\u00e9matique de la p\u00eache et de la valorisation des produits de la mer. Elle a connu la participation de MM. Mohamed <a href=\"https:\/\/www.mediaplateforme.com\/fr\/la-bei-et-la-bcp-concluent-le-premier-accord-dedie-aux-pme-marocaines-exportatrices\/\">Karim Mounir<\/a>, Pr\u00e9sident du groupe BCP, Jalil Sebti, Directeur G\u00e9n\u00e9ral de la Banque Commerciale, Abdeslam Bekrate, Wali de la r\u00e9gion La\u00e2youne-Sakia El Hamra, ainsi que des responsables de la BP La\u00e2youne et des repr\u00e9sentants de plusieurs institutions partenaires.<\/p>\n<p>Lors du panel introductif, M. le Pr\u00e9sident a insist\u00e9 sur la position de leader qu\u2019occupe la Banque Populaire dans la r\u00e9gion de La\u00e2youne-Sakia El Hamra et sur sa ferme intention de s\u2019y maintenir \u00e0 l\u2019avenir. \u00ab <em>Nous avons une vision historique qui est celle d\u2019accompagner son d\u00e9veloppement \u00e9conomique et social en mobilisant tous les moyens n\u00e9cessaires pour cela<\/em> \u00bb, a-t-il poursuivi. De son c\u00f4t\u00e9, M. le Wali a mis l\u2019accent sur les potentialit\u00e9s qu\u2019offre la r\u00e9gion dans le domaine des \u00e9nergies renouvelables, \u00e0 travers son exposition aux vents, son taux d\u2019ensoleillement \u00e9lev\u00e9 ainsi que son domaine maritime \u00e9tendu. Il a \u00e9galement soulign\u00e9 l\u2019impact de l\u2019\u00e9volution rapide et favorable du dossier de notre int\u00e9grit\u00e9 territoriale pour faire de la r\u00e9gion un terreau fertile pour accueillir des investissements nationaux et internationaux, notamment dans les secteurs de la p\u00eache maritime, de la transformation des produits de la mer, ainsi que des \u00e9nergies renouvelables.<\/p>\n<p>Et cette dynamique se confirme sur le terrain, comme l\u2019a d\u00e9velopp\u00e9 M. Jalil Sebti lors de sa pr\u00e9sentation du bilan du roadshow, en r\u00e9affirmant l\u2019impact positif qu\u2019ont eu les R\u00e9gionales De l\u2019Investissement dans la stimulation de l\u2019investissement dans les r\u00e9gions. \u00ab <em>A ce jour, nous avons identifi\u00e9 un potentiel de plus de 20 milliards de DH de projets, dont plus de 27% ont \u00e9t\u00e9 accord\u00e9s par les diff\u00e9rentes instances de la Banque Populaire. Le reliquat b\u00e9n\u00e9ficie d\u2019un accompagnement de proximit\u00e9 pour faire aboutir les diff\u00e9rents projets<\/em> \u00bb, a-t-il ainsi d\u00e9clar\u00e9. A elle seule, la r\u00e9gion de La\u00e2youne-Sakia El Hamra se d\u00e9marque avec un niveau de concr\u00e9tisation de pr\u00e8s de 30% des investissements identifi\u00e9s.<\/p>\n<p>Enfin, M. Ahmed Benlafkih Idrissi, Pr\u00e9sident du Directoire de la BP La\u00e2youne, a mis en exergue la participation active de la Banque \u00e0 l\u2019effort d\u2019investissement dans la r\u00e9gion, en adressant l\u2019ensemble des segments de client\u00e8le, \u00e0 travers un dispositif de financement et d\u2019accompagnement complet.<\/p>\n<p>Le premier panel a \u00e9t\u00e9 l\u2019occasion de pr\u00e9senter un \u00e9tat des lieux des secteurs de la p\u00eache et de la valorisation des produits de la mer ainsi que leurs perspectives de d\u00e9veloppement. \u00ab <em>L\u2019avenir du secteur halieutique repose sur l\u2019aquaculture durable ainsi que l\u2019int\u00e9gration de l\u2019innovation et de la recherche scientifique dans la valorisation des produits de la mer<\/em> \u00bb, a d\u00e9clar\u00e9 M. Abdellah Benmansour, Directeur de la Strat\u00e9gie et de la Coop\u00e9ration au sein du d\u00e9partement de la p\u00eache (Minist\u00e8re de l\u2019Agriculture, de la P\u00eache Maritime, du D\u00e9veloppement Rural et des Eaux &amp; For\u00eats). Les participants ont \u00e9galement mis l\u2019accent sur l\u2019importance de la diversification des produits comme autre \u00e9l\u00e9ment cl\u00e9 pour le d\u00e9veloppement de ces secteurs \u00e0 l\u2019avenir.<\/p>\n<p>&nbsp;<\/p>\n<h4>Dakhla, sous le signe du tourisme<\/h4>\n<p>A Dakhla, la rencontre a \u00e9t\u00e9 ax\u00e9e autour du secteur touristique. Lors du panel introductif, M. le Pr\u00e9sident a rappel\u00e9 la volont\u00e9 de la Banque, \u00e0 travers Les R\u00e9gionales de l\u2019Investissement, de retourner dans les r\u00e9gions pour accompagner l\u2019entrepreneuriat et les investisseurs dans le but de favoriser la croissance \u00e9conomique. De son c\u00f4t\u00e9, M. Yanja El Khattat, Pr\u00e9sident du Conseil de la R\u00e9gion Dakhla-Oued Eddahab, a mis en exergue le nombre important de projets r\u00e9alis\u00e9s pour renforcer l\u2019attractivit\u00e9 de la r\u00e9gion de Dakhla-Oued Eddahab pour les investisseurs et mettre en valeur ses atouts dans diff\u00e9rents secteurs. Dans ce registre, il a cit\u00e9 des secteurs historiques, tels que la p\u00eache, la valorisation des produits de la mer, le tourisme et l\u2019agriculture, ainsi que de nouveaux secteurs b\u00e9n\u00e9ficiant de sa situation g\u00e9ographique privil\u00e9gi\u00e9e, tels que la logistique et les \u00e9nergies renouvelables. Et dans le secteur du Tourisme, M. Imad Barrakkad, DG de la Soci\u00e9t\u00e9 Marocaine d\u2019Ing\u00e9nierie Touristique (SMIT), a rappel\u00e9 la batterie de mesures mises en place par les pouvoirs publics pour soulager la tr\u00e9sorerie des op\u00e9rateurs et relancer l\u2019investissement des TPME. L\u2019objectif \u00e9tant de renforcer l\u2019attractivit\u00e9, la comp\u00e9titivit\u00e9 et la durabilit\u00e9 des destinations marocaines.<\/p>\n<p>Lors du Premier Panel, les diff\u00e9rents intervenants ont point\u00e9 le potentiel important dont notre Pays, et la r\u00e9gion de Dakhla-Oued Eddahab, en particulier regorgent dans le domaine du tourisme. Ils ont \u00e9galement soulign\u00e9 le travail de fond qui a \u00e9t\u00e9 r\u00e9alis\u00e9 avec l\u2019ensemble des parties prenantes pour assurer un red\u00e9marrage r\u00e9ussi des activit\u00e9s, tout soulignant la n\u00e9cessit\u00e9 d\u2019adopter une approche nouvelle. Cela passe notamment par le d\u00e9veloppement de l\u2019a\u00e9rien, le marketing territorial, et l\u2019enrichissement de l\u2019offre d\u2019activit\u00e9s, afin de permettre l\u2019accroissement du budget moyen par touriste, ainsi que l\u2019allongement de la dur\u00e9e des s\u00e9jours. Les sp\u00e9cialistes du secteur ont \u00e9galement insist\u00e9 sur la n\u00e9cessit\u00e9 de mettre en place un fonds d\u2019investissement r\u00e9gional.<\/p>\n<p>&nbsp;<\/p>\n<h4>Un soutien historique aux entreprises durant les p\u00e9riodes de crises<\/h4>\n<p>Comme lors des pr\u00e9c\u00e9dentes escales, les panels suivants ont \u00e9t\u00e9 consacr\u00e9s respectivement aux leviers de d\u00e9veloppement des exportations ainsi qu\u2019aux dispositifs d\u2019accompagnement et de financement. Ces derniers ont notamment permis aux repr\u00e9sentants de la BCP et de la filiale Maroc Leasing de rappeler que le r\u00f4le important que le Groupe a historiquement jou\u00e9 aux c\u00f4t\u00e9s des entreprises durant les p\u00e9riodes de crises. Ceux-ci ont \u00e9galement expos\u00e9 la panoplie d\u2019offres mises en place dans ce registre.<\/p>\n<p>Les deux rencontres ont \u00e9galement abrit\u00e9, dans l\u2019apr\u00e8s-midi, des workshops d\u00e9di\u00e9s qui ont permis aux investisseurs de b\u00e9n\u00e9ficier d\u2019un accompagnement personnalis\u00e9 de la part des experts m\u00e9tiers de la BCP, de ses filiales et de plusieurs partenaires institutionnels.<\/p>\n","protected":false},"excerpt":{"rendered":"<p>Les R\u00e9gionales de l\u2019Investissement se poursuivent avec deux nouvelles escales organis\u00e9es dans les provinces du<\/p>\n","protected":false},"author":1,"featured_media":1427,"comment_status":"open","ping_status":"open","sticky":false,"template":"","format":"standard","meta":{"_acf_changed":false,"footnotes":""},"categories":[4,3],"tags":[101,474,383,473,472],"class_list":["post-1426","post","type-post","status-publish","format-standard","has-post-thumbnail","hentry","category-economie","category-nouvelles-selectionnees","tag-bcp","tag-dakhela","tag-groupe-bcp","tag-laayoune","tag-regionales-de-linvestissement"],"acf":[],"yoast_head":"<!-- This site is optimized with the Yoast SEO plugin v22.0 - https:\/\/yoast.com\/wordpress\/plugins\/seo\/ -->\n<title>LES REGIONALES DE L\u2019INVESTISSEMENT LA PECHE ET LE TOURISME AU C\u0152UR DES DEBATS A LAAYOUNE ET DAKHLA - MEDIA PLATEFORME | FR<\/title>\n<meta name=\"description\" content=\"Les R\u00e9gionales de l\u2019Investissement se poursuivent avec deux nouvelles escales organis\u00e9es dans les provinces du sud. Les villes de .\" \/>\n<meta name=\"robots\" content=\"index, follow, max-snippet:-1, max-image-preview:large, max-video-preview:-1\" \/>\n<link rel=\"canonical\" href=\"https:\/\/www.mediaplateforme.com\/fr\/les-regionales-de-linvestissement-la-peche-et-le-tourisme-au-coeur-des-debats-a-laayoune-et-dakhla\/\" \/>\n<meta property=\"og:locale\" content=\"fr_FR\" \/>\n<meta property=\"og:type\" content=\"article\" \/>\n<meta property=\"og:title\" content=\"LES REGIONALES DE L\u2019INVESTISSEMENT LA PECHE ET LE TOURISME AU C\u0152UR DES DEBATS A LAAYOUNE ET DAKHLA - MEDIA PLATEFORME | FR\" \/>\n<meta property=\"og:description\" content=\"Les R\u00e9gionales de l\u2019Investissement se poursuivent avec deux nouvelles escales organis\u00e9es dans les provinces du sud. Les villes de .\" \/>\n<meta property=\"og:url\" content=\"https:\/\/www.mediaplateforme.com\/fr\/les-regionales-de-linvestissement-la-peche-et-le-tourisme-au-coeur-des-debats-a-laayoune-et-dakhla\/\" \/>\n<meta property=\"og:site_name\" content=\"MEDIA PLATEFORME | FR\" \/>\n<meta property=\"article:published_time\" content=\"2022-10-27T12:25:28+00:00\" \/>\n<meta property=\"og:image\" content=\"https:\/\/www.mediaplateforme.com\/fr\/wp-content\/uploads\/sites\/5\/2022\/10\/LRDI-2022-ETAPE-DAKHLA.jpg\" \/>\n\t<meta property=\"og:image:width\" content=\"2154\" \/>\n\t<meta property=\"og:image:height\" content=\"1300\" \/>\n\t<meta property=\"og:image:type\" content=\"image\/jpeg\" \/>\n<meta name=\"author\" content=\"Mediaplateforme\" \/>\n<meta name=\"twitter:card\" content=\"summary_large_image\" \/>\n<meta name=\"twitter:label1\" content=\"\u00c9crit par\" \/>\n\t<meta name=\"twitter:data1\" content=\"Mediaplateforme\" \/>\n\t<meta name=\"twitter:label2\" content=\"Dur\u00e9e de lecture estim\u00e9e\" \/>\n\t<meta name=\"twitter:data2\" content=\"5 minutes\" \/>\n<script type=\"application\/ld+json\" class=\"yoast-schema-graph\">{\"@context\":\"https:\/\/schema.org\",\"@graph\":[{\"@type\":\"WebPage\",\"@id\":\"https:\/\/www.mediaplateforme.com\/fr\/les-regionales-de-linvestissement-la-peche-et-le-tourisme-au-coeur-des-debats-a-laayoune-et-dakhla\/\",\"url\":\"https:\/\/www.mediaplateforme.com\/fr\/les-regionales-de-linvestissement-la-peche-et-le-tourisme-au-coeur-des-debats-a-laayoune-et-dakhla\/\",\"name\":\"LES REGIONALES DE L\u2019INVESTISSEMENT LA PECHE ET LE TOURISME AU C\u0152UR DES DEBATS A LAAYOUNE ET DAKHLA - MEDIA PLATEFORME | FR\",\"isPartOf\":{\"@id\":\"https:\/\/www.mediaplateforme.com\/fr\/#website\"},\"datePublished\":\"2022-10-27T12:25:28+00:00\",\"dateModified\":\"2022-10-27T12:25:28+00:00\",\"author\":{\"@id\":\"https:\/\/www.mediaplateforme.com\/fr\/#\/schema\/person\/89833db382b5db2c76b094bc902aa12a\"},\"description\":\"Les R\u00e9gionales de l\u2019Investissement se poursuivent avec deux nouvelles escales organis\u00e9es dans les provinces du sud. Les villes de .\",\"breadcrumb\":{\"@id\":\"https:\/\/www.mediaplateforme.com\/fr\/les-regionales-de-linvestissement-la-peche-et-le-tourisme-au-coeur-des-debats-a-laayoune-et-dakhla\/#breadcrumb\"},\"inLanguage\":\"fr-FR\",\"potentialAction\":[{\"@type\":\"ReadAction\",\"target\":[\"https:\/\/www.mediaplateforme.com\/fr\/les-regionales-de-linvestissement-la-peche-et-le-tourisme-au-coeur-des-debats-a-laayoune-et-dakhla\/\"]}]},{\"@type\":\"BreadcrumbList\",\"@id\":\"https:\/\/www.mediaplateforme.com\/fr\/les-regionales-de-linvestissement-la-peche-et-le-tourisme-au-coeur-des-debats-a-laayoune-et-dakhla\/#breadcrumb\",\"itemListElement\":[{\"@type\":\"ListItem\",\"position\":1,\"name\":\"\u0627\u0644\u0631\u0626\u064a\u0633\u064a\u0629\",\"item\":\"https:\/\/www.mediaplateforme.com\/fr\/\"},{\"@type\":\"ListItem\",\"position\":2,\"name\":\"LES REGIONALES DE L\u2019INVESTISSEMENT LA PECHE ET LE TOURISME AU C\u0152UR DES DEBATS A LAAYOUNE ET DAKHLA\"}]},{\"@type\":\"WebSite\",\"@id\":\"https:\/\/www.mediaplateforme.com\/fr\/#website\",\"url\":\"https:\/\/www.mediaplateforme.com\/fr\/\",\"name\":\"MEDIA PLATEFORME | FR\",\"description\":\"Mediaplateforme sp\u00e9cialis\u00e9 dans la communication institutions publiques et des entreprises\",\"potentialAction\":[{\"@type\":\"SearchAction\",\"target\":{\"@type\":\"EntryPoint\",\"urlTemplate\":\"https:\/\/www.mediaplateforme.com\/fr\/?s={search_term_string}\"},\"query-input\":\"required name=search_term_string\"}],\"inLanguage\":\"fr-FR\"},{\"@type\":\"Person\",\"@id\":\"https:\/\/www.mediaplateforme.com\/fr\/#\/schema\/person\/89833db382b5db2c76b094bc902aa12a\",\"name\":\"Mediaplateforme\",\"image\":{\"@type\":\"ImageObject\",\"inLanguage\":\"fr-FR\",\"@id\":\"https:\/\/www.mediaplateforme.com\/fr\/#\/schema\/person\/image\/\",\"url\":\"https:\/\/secure.gravatar.com\/avatar\/6c9c02e8928cc65d54bf75157f7b3a2d06d7ad0494ca0951f679552ff03b34c1?s=96&d=mm&r=g\",\"contentUrl\":\"https:\/\/secure.gravatar.com\/avatar\/6c9c02e8928cc65d54bf75157f7b3a2d06d7ad0494ca0951f679552ff03b34c1?s=96&d=mm&r=g\",\"caption\":\"Mediaplateforme\"},\"sameAs\":[\"https:\/\/www.mediaplateforme.com\"],\"url\":\"https:\/\/www.mediaplateforme.com\/fr\/author\/mohamedladib\/\"}]}<\/script>\n<!-- \/ Yoast SEO plugin. -->","yoast_head_json":{"title":"LES REGIONALES DE L\u2019INVESTISSEMENT LA PECHE ET LE TOURISME AU C\u0152UR DES DEBATS A LAAYOUNE ET DAKHLA - MEDIA PLATEFORME | FR","description":"Les R\u00e9gionales de l\u2019Investissement se poursuivent avec deux nouvelles escales organis\u00e9es dans les provinces du sud. Les villes de .","robots":{"index":"index","follow":"follow","max-snippet":"max-snippet:-1","max-image-preview":"max-image-preview:large","max-video-preview":"max-video-preview:-1"},"canonical":"https:\/\/www.mediaplateforme.com\/fr\/les-regionales-de-linvestissement-la-peche-et-le-tourisme-au-coeur-des-debats-a-laayoune-et-dakhla\/","og_locale":"fr_FR","og_type":"article","og_title":"LES REGIONALES DE L\u2019INVESTISSEMENT LA PECHE ET LE TOURISME AU C\u0152UR DES DEBATS A LAAYOUNE ET DAKHLA - MEDIA PLATEFORME | FR","og_description":"Les R\u00e9gionales de l\u2019Investissement se poursuivent avec deux nouvelles escales organis\u00e9es dans les provinces du sud. Les villes de .","og_url":"https:\/\/www.mediaplateforme.com\/fr\/les-regionales-de-linvestissement-la-peche-et-le-tourisme-au-coeur-des-debats-a-laayoune-et-dakhla\/","og_site_name":"MEDIA PLATEFORME | FR","article_published_time":"2022-10-27T12:25:28+00:00","og_image":[{"width":2154,"height":1300,"url":"https:\/\/www.mediaplateforme.com\/fr\/wp-content\/uploads\/sites\/5\/2022\/10\/LRDI-2022-ETAPE-DAKHLA.jpg","type":"image\/jpeg"}],"author":"Mediaplateforme","twitter_card":"summary_large_image","twitter_misc":{"\u00c9crit par":"Mediaplateforme","Dur\u00e9e de lecture estim\u00e9e":"5 minutes"},"schema":{"@context":"https:\/\/schema.org","@graph":[{"@type":"WebPage","@id":"https:\/\/www.mediaplateforme.com\/fr\/les-regionales-de-linvestissement-la-peche-et-le-tourisme-au-coeur-des-debats-a-laayoune-et-dakhla\/","url":"https:\/\/www.mediaplateforme.com\/fr\/les-regionales-de-linvestissement-la-peche-et-le-tourisme-au-coeur-des-debats-a-laayoune-et-dakhla\/","name":"LES REGIONALES DE L\u2019INVESTISSEMENT LA PECHE ET LE TOURISME AU C\u0152UR DES DEBATS A LAAYOUNE ET DAKHLA - MEDIA PLATEFORME | FR","isPartOf":{"@id":"https:\/\/www.mediaplateforme.com\/fr\/#website"},"datePublished":"2022-10-27T12:25:28+00:00","dateModified":"2022-10-27T12:25:28+00:00","author":{"@id":"https:\/\/www.mediaplateforme.com\/fr\/#\/schema\/person\/89833db382b5db2c76b094bc902aa12a"},"description":"Les R\u00e9gionales de l\u2019Investissement se poursuivent avec deux nouvelles escales organis\u00e9es dans les provinces du sud. Les villes de .","breadcrumb":{"@id":"https:\/\/www.mediaplateforme.com\/fr\/les-regionales-de-linvestissement-la-peche-et-le-tourisme-au-coeur-des-debats-a-laayoune-et-dakhla\/#breadcrumb"},"inLanguage":"fr-FR","potentialAction":[{"@type":"ReadAction","target":["https:\/\/www.mediaplateforme.com\/fr\/les-regionales-de-linvestissement-la-peche-et-le-tourisme-au-coeur-des-debats-a-laayoune-et-dakhla\/"]}]},{"@type":"BreadcrumbList","@id":"https:\/\/www.mediaplateforme.com\/fr\/les-regionales-de-linvestissement-la-peche-et-le-tourisme-au-coeur-des-debats-a-laayoune-et-dakhla\/#breadcrumb","itemListElement":[{"@type":"ListItem","position":1,"name":"\u0627\u0644\u0631\u0626\u064a\u0633\u064a\u0629","item":"https:\/\/www.mediaplateforme.com\/fr\/"},{"@type":"ListItem","position":2,"name":"LES REGIONALES DE L\u2019INVESTISSEMENT LA PECHE ET LE TOURISME AU C\u0152UR DES DEBATS A LAAYOUNE ET DAKHLA"}]},{"@type":"WebSite","@id":"https:\/\/www.mediaplateforme.com\/fr\/#website","url":"https:\/\/www.mediaplateforme.com\/fr\/","name":"MEDIA PLATEFORME | FR","description":"Mediaplateforme sp\u00e9cialis\u00e9 dans la communication institutions publiques et des entreprises","potentialAction":[{"@type":"SearchAction","target":{"@type":"EntryPoint","urlTemplate":"https:\/\/www.mediaplateforme.com\/fr\/?s={search_term_string}"},"query-input":"required name=search_term_string"}],"inLanguage":"fr-FR"},{"@type":"Person","@id":"https:\/\/www.mediaplateforme.com\/fr\/#\/schema\/person\/89833db382b5db2c76b094bc902aa12a","name":"Mediaplateforme","image":{"@type":"ImageObject","inLanguage":"fr-FR","@id":"https:\/\/www.mediaplateforme.com\/fr\/#\/schema\/person\/image\/","url":"https:\/\/secure.gravatar.com\/avatar\/6c9c02e8928cc65d54bf75157f7b3a2d06d7ad0494ca0951f679552ff03b34c1?s=96&d=mm&r=g","contentUrl":"https:\/\/secure.gravatar.com\/avatar\/6c9c02e8928cc65d54bf75157f7b3a2d06d7ad0494ca0951f679552ff03b34c1?s=96&d=mm&r=g","caption":"Mediaplateforme"},"sameAs":["https:\/\/www.mediaplateforme.com"],"url":"https:\/\/www.mediaplateforme.com\/fr\/author\/mohamedladib\/"}]}},"_links":{"self":[{"href":"https:\/\/www.mediaplateforme.com\/fr\/wp-json\/wp\/v2\/posts\/1426","targetHints":{"allow":["GET"]}}],"collection":[{"href":"https:\/\/www.mediaplateforme.com\/fr\/wp-json\/wp\/v2\/posts"}],"about":[{"href":"https:\/\/www.mediaplateforme.com\/fr\/wp-json\/wp\/v2\/types\/post"}],"author":[{"embeddable":true,"href":"https:\/\/www.mediaplateforme.com\/fr\/wp-json\/wp\/v2\/users\/1"}],"replies":[{"embeddable":true,"href":"https:\/\/www.mediaplateforme.com\/fr\/wp-json\/wp\/v2\/comments?post=1426"}],"version-history":[{"count":2,"href":"https:\/\/www.mediaplateforme.com\/fr\/wp-json\/wp\/v2\/posts\/1426\/revisions"}],"predecessor-version":[{"id":1429,"href":"https:\/\/www.mediaplateforme.com\/fr\/wp-json\/wp\/v2\/posts\/1426\/revisions\/1429"}],"wp:featuredmedia":[{"embeddable":true,"href":"https:\/\/www.mediaplateforme.com\/fr\/wp-json\/wp\/v2\/media\/1427"}],"wp:attachment":[{"href":"https:\/\/www.mediaplateforme.com\/fr\/wp-json\/wp\/v2\/media?parent=1426"}],"wp:term":[{"taxonomy":"category","embeddable":true,"href":"https:\/\/www.mediaplateforme.com\/fr\/wp-json\/wp\/v2\/categories?post=1426"},{"taxonomy":"post_tag","embeddable":true,"href":"https:\/\/www.mediaplateforme.com\/fr\/wp-json\/wp\/v2\/tags?post=1426"}],"curies":[{"name":"wp","href":"https:\/\/api.w.org\/{rel}","templated":true}]}}