{"id":1400,"date":"2022-10-25T19:43:34","date_gmt":"2022-10-25T18:43:34","guid":{"rendered":"https:\/\/www.mediaplateforme.com\/fr\/?p=1400"},"modified":"2022-10-25T19:50:22","modified_gmt":"2022-10-25T18:50:22","slug":"sony-elargit-sa-gamme-de-cameras-pour-le-vlogging-en-lancant-la-sony-zv-1f","status":"publish","type":"post","link":"https:\/\/www.mediaplateforme.com\/fr\/sony-elargit-sa-gamme-de-cameras-pour-le-vlogging-en-lancant-la-sony-zv-1f\/","title":{"rendered":"Sony \u00e9largit sa gamme de cam\u00e9ras pour le Vlogging en lan\u00e7ant la Sony ZV-1F"},"content":{"rendered":"<p>Sony vient d\u2019annoncer le lancement aujourd&rsquo;hui de la tr\u00e8s innovante cam\u00e9ra ZV-1F. Dot\u00e9e d&rsquo;une puissance de cr\u00e9ativit\u00e9 de premier ordre, de fonctions de vlogging ultra-intuitives, d&rsquo;une connectivit\u00e9 de premier plan et b\u00e9n\u00e9ficiant de nombreux caract\u00e9ristiques de durabilit\u00e9, <a href=\"https:\/\/www.mediaplateforme.com\/fr\/sony-electronics-etoffe-sa-gamme-cinema-line-en-lancant-la-fx30\/\">cette cam\u00e9ra de pointe est id\u00e9ale<\/a> pour les vloggers et les cr\u00e9ateurs de contenu.<\/p>\n<p>&nbsp;<\/p>\n<h4>Caract\u00e9ristiques principales de la ZV-1F :<\/h4>\n<p>&nbsp;<\/p>\n<p>&#8211; Objectif fixe ultra grand angle 20 mmi F2.0 pour les selfies<\/p>\n<p>&#8211; Bokeh en arri\u00e8re-plan avec syst\u00e8me de d\u00e9tection de visages qui permet de mettre en valeur les sujets.<\/p>\n<p>&#8211; Optimisation des tons de la peau avec option d&rsquo;effet peau douce<\/p>\n<p>&#8211; Mise au point de haute pr\u00e9cision et Eye AF pour les humains et les animaux<\/p>\n<p>&#8211; Stabilisation d&rsquo;image en mode actif (\u00e9lectronique) pour les vid\u00e9os<\/p>\n<p>&#8211; Pr\u00e9r\u00e9glages de l&rsquo;aspect cr\u00e9atif pour une expression visuelle optimale<\/p>\n<p>&#8211; Options de ralenti et d&rsquo;acc\u00e9l\u00e9r\u00e9 pour am\u00e9liorer la cr\u00e9ativit\u00e9<\/p>\n<p>&#8211; Param\u00e8tres de pr\u00e9sentation des produits pour les revues de produits<\/p>\n<p>&#8211; Caract\u00e9ristiques am\u00e9lior\u00e9es de l&rsquo;\u00e9cran tactile avec les fonctionnalit\u00e9s Touch Zoom et Step Zoom<\/p>\n<p>&#8211; Enregistrement de voix claires avec micro \u00e0 3 capsules et pare-vent<\/p>\n<p>&#8211; 4K 30p \/FHD 120p<\/p>\n<p>&#8211; Connexion rapide au smartphone pour transf\u00e9rer du contenu pour les plateformes sociales<\/p>\n<p>&#8211; Caract\u00e9ristiques \u00e9cologiques avec impact r\u00e9duit sur l&rsquo;environnement<\/p>\n<p>&nbsp;<\/p>\n<p>\u00ab\u00a0Nous avons con\u00e7u la cam\u00e9ra vlog de poche ZV-1F en pensant aux cr\u00e9ateurs \u00ab\u00a0, a rappel\u00e9 Sajeer Shamsu, responsable de l&rsquo;imagerie num\u00e9rique chez Sony Moyen-Orient et Afrique. \u00ab\u00a0Le public de la r\u00e9gion Moyen-Orient &amp; Afrique \u00e9tant \u00e0 la recherche de contenu de haute qualit\u00e9, les cr\u00e9ateurs ont besoin de cam\u00e9ras tout-en-un qui soient capables de d\u00e9livrer des rendus d\u2019une qualit\u00e9 sup\u00e9rieure et qui soient dot\u00e9 d\u2019une large panoplie d\u2019options cr\u00e9atives, tout en \u00e9tant faciles \u00e0 utiliser et con\u00e7ues pour faciliter le partage de contenu sans fil. Nous sommes \u00e9galement fiers que la ZV-1F soit un objet hautement respectueux pour l\u2019environnement \u00e9tant donn\u00e9 que le d\u00e9veloppement durable constitue une priorit\u00e9 pour Sony. \u00a0\u00bb<\/p>\n<p>&nbsp;<\/p>\n<h4>Boostez votre cr\u00e9ativit\u00e9<\/h4>\n<p>&nbsp;<\/p>\n<p>La ZV-1F a \u00e9t\u00e9 con\u00e7ue pour permettre aux sujets de briller dans n&rsquo;importe quelle situation, et ce gr\u00e2ce \u00e0 la pr\u00e9sence d\u2019un objectif primaire ultra-large de 20 mm pour des selfies optimis\u00e9s et d\u2019un champ de vision tr\u00e8s large. Cette cam\u00e9ra d\u00e9di\u00e9e au vlogging d\u00e9livre des arri\u00e8re-plan dot\u00e9s de magnifiques effets bokeh et qui mettent davantage en valeur le sujet film\u00e9 ou photographi\u00e9.<\/p>\n<p>&nbsp;<\/p>\n<p>Le teint de la peau du sujet est hautement optimis\u00e9 aussi bien pour les vid\u00e9os que pour les photos gr\u00e2ce \u00e0 la fonction \u00a0\u00bb effet peau douce \u00a0\u00bb qui lisse et r\u00e9duit les rides. L&rsquo;option Face Priority AE permet d\u2019ajuster automatiquement la luminosit\u00e9 lors des prises de vue. La ZV-1F b\u00e9n\u00e9ficie \u00e9galement d&rsquo;une mise au point de haute pr\u00e9cision et de la fonction Eye AF pour les humains et les animaux, qui permet \u00e0 l&rsquo;autofocus de se fixer avec t\u00e9nacit\u00e9 sur le visage et les yeux sans jamais \u00eatre d\u00e9tourn\u00e9 par d&rsquo;autres sujets. Les utilisateurs peuvent \u00e9galement se focaliser sur le sujet du choix \u00e0 partir de l&rsquo;\u00e9cran tactile de leur appareil.<\/p>\n<p>&nbsp;<\/p>\n<p>Lors du tournage de vid\u00e9os, la stabilisation de l&rsquo;image est accessible en mode actif\u00a0 (\u00e9lectronique) et permet de garantir la stabilit\u00e9 et la fluidit\u00e9 des s\u00e9quences prises m\u00eame lorsque la cam\u00e9ra bouge.<\/p>\n<p>&nbsp;<\/p>\n<p>La nouvelle fonction Creative Look donne aux utilisateurs acc\u00e8s \u00e0 plusieurs options pr\u00e9d\u00e9finies, aussi bien au niveau de la tonalit\u00e9, de la luminosit\u00e9, de la profondeur, de ma couleur, etc. Au total, 10 modes sont disponibles pour am\u00e9liorer la cr\u00e9ativit\u00e9 et permettre aux utilisateurs de partager leur contenu imm\u00e9diatement, sans jamais avoir \u00e0 le modifier.<\/p>\n<p>&nbsp;<\/p>\n<p>Le ZV-1F dispose \u00e9galement du mode S&amp;Q\u00a0 qui donne la possibilit\u00e9 de filmer \u00e0 la fois au ralenti \u00e0 des vitesses jusqu\u2019\u00e0 5 fois plus lentes\u00a0 ou en acc\u00e9l\u00e9r\u00e9 (hyper lapse) \u00e0 des vitesses 60 fois plus importantes .<\/p>\n<p>&nbsp;<\/p>\n<p>En plus des photos et des vid\u00e9os, un son de haute qualit\u00e9 est indispensable si l\u2019on souhaite g\u00e9n\u00e9rer du contenu parfait. Un micro directionnel \u00e0 3 capsules et un pare-vent permettent d&rsquo;enregistrer des voix claires et de r\u00e9duire les bruits parasites, et ce m\u00eame dans des conditions ext\u00e9rieures extr\u00eames (vent, bruits de fond, etc.).<\/p>\n<p>&nbsp;<\/p>\n<h4>Un appareil de vid\u00e9o-journalisme \u00e0 la fois simple et compact<\/h4>\n<p>&nbsp;<\/p>\n<p>La ZV-1F a \u00e9t\u00e9 con\u00e7ue pour offrir une facilit\u00e9 d&rsquo;utilisation optimale, et ce afin que les vlogueurs puissent se concentrer sur la capture du contenu et utiliser intuitivement la cam\u00e9ra sans la moindre difficult\u00e9. Pesant \u00e0 peine 229 g,\u00a0 l\u2019appareil est suffisamment compact et l\u00e9ger pour \u00eatre utilis\u00e9 au quotidien et pour \u00eatre emport\u00e9 partout. Il est \u00e9galement dot\u00e9 d&rsquo;un \u00e9cran tactile LCD \u00e0 angle variable qui permet de modifier les fonctions et les param\u00e8tres, mais aussi zoomer , et ce par simple toucher.<\/p>\n<p>&nbsp;<\/p>\n<p>La nouvelle cam\u00e9ra de vlog comprend un bouton \u00abBokeh Switch\u00bb qui permet aux utilisateurs de basculer rapidement entre le bokeh d&rsquo;arri\u00e8re-plan (lorsqu&rsquo;ils souhaitent mettre en valeur un visage par exemple) et le bokeh sans arri\u00e8re-plan.<\/p>\n<p>&nbsp;<\/p>\n<p>Le ZV-1F dispose \u00e9galement d&rsquo;un retardateur\u00a0 et d&rsquo;un t\u00e9moin d&rsquo;enregistrement qui facilite au plus haut point la capture de contenus vid\u00e9o.<\/p>\n<p>&nbsp;<\/p>\n<h4>Connectivit\u00e9 et accessoires<\/h4>\n<p>&nbsp;<\/p>\n<p>La nouvelle cam\u00e9ra de vlog, ZV-1F, a \u00e9t\u00e9 optimis\u00e9e pour \u00eatre utilis\u00e9e avec un smartphone. La nouvelle application pour smartphone de Sony, Imaging Edge Mobile Plus\u2122 , permet aux utilisateurs de se connecter \u00e0 la cam\u00e9ra via Bluetooth ou Wi-Fi et de transf\u00e9rer toutes les images et vid\u00e9os captur\u00e9es. Le contenu peut \u00eatre facilement transf\u00e9r\u00e9 sur un smartphone, puis upload\u00e9 sur les r\u00e9seaux sociaux. Les utilisateurs peuvent m\u00eame marquer les s\u00e9quence \u00e0 poster sur les r\u00e9seaux sociaux \u00e0 l&rsquo;aide d\u2019un syst\u00e8me de marquage des prises de vue . De plus, les utilisateurs peuvent d\u00e9couper et transf\u00e9rer des clips de 15, 30 ou 60 secondes\u00a0 sur leur smartphone ou de les poster directement sur les r\u00e9seaux sociaux.<\/p>\n<p>L&rsquo;application Imaging Edge Mobile Plus\u2122 permet \u00e9galement aux utilisateurs de r\u00e9gler de nombreux param\u00e8tres de la cam\u00e9ra tels que la date, l&rsquo;heure ou la localisation, en plus de lancer les mises \u00e0 jour logicielles et d\u2019acc\u00e9der aux guides d&rsquo;assistance. Elle permet \u00e9galement de faire fonctionner la ZV-1F \u00e0 distance et d\u2019afficher le niveau de la batterie et la capacit\u00e9 de stockage restante.<\/p>\n<p>&nbsp;<\/p>\n<p>Les utilisateurs peuvent m\u00eame se servir de la ZV-1F comme d&rsquo;un dispositif de diffusion de directs de haute qualit\u00e9. En utilisant une application de vid\u00e9oconf\u00e9rence appropri\u00e9e ou un logiciel similaire, la ZV-1F est capable de fonctionner comme une cam\u00e9ra web haute performance lorsqu&rsquo;elle est connect\u00e9e \u00e0 un ordinateur ou \u00e0 un smartphone via USB .<\/p>\n<p>&nbsp;<\/p>\n<p>La ZV-1F est compatible avec la poign\u00e9e GP-VPT2BT\u00a0 dot\u00e9e d\u2019une t\u00e9l\u00e9commande sans fil qui permet de contr\u00f4ler sans c\u00e2ble le zoom, l&rsquo;enregistrement et bien plus encore, et qui peut \u00e9galement se transformer en mini tr\u00e9pied pour des prises de vue stables en mains libres. Un microphone externe peut \u00e9galement \u00eatre facilement fix\u00e9 \u00e0 l&rsquo;accessoire shoe\u00a0 pour des enregistrements sonores beaucoup plus clairs.<\/p>\n<p>&nbsp;<\/p>\n<h4>Pour un avenir durable<\/h4>\n<p>&nbsp;<\/p>\n<p>La ZV-1F a \u00e9t\u00e9 con\u00e7ue selon des process et des technologies qui sont hautement respectueux de l&rsquo;environnement, et ce afin de garantir un avenir durable. Des mat\u00e9riaux recycl\u00e9s , dont le SORPLASTM , composent le bo\u00eetier de l&rsquo;appareil photo et les autres accessoires de la cam\u00e9ra tels que le nouveau pare-vent (xxi) . Des tissus non tiss\u00e9s \u00e0 base de plantes sont utilis\u00e9s pour l\u2019emballage du produit.<\/p>\n<p>&nbsp;<\/p>\n<h4>Disponibilit\u00e9<\/h4>\n<p>&nbsp;<\/p>\n<p>La ZV-1F sera disponible au Moyen-Orient et en Afrique \u00e0 partir de novembre 2022.<\/p>\n<p>&nbsp;<\/p>\n<h4>\u00c0 propos de Sony Middle East and Africa FZE<\/h4>\n<p>&nbsp;<\/p>\n<p>Sony Middle East and Africa FZE est une filiale \u00e0 100% de Sony Corporation et repr\u00e9sente le si\u00e8ge r\u00e9gional pour les r\u00e9gions du Moyen-Orient et de l\u2019Afrique. La soci\u00e9t\u00e9 est engag\u00e9e dans le commerce de l\u2019\u00e9lectronique grand public Sony, de l\u2019\u00e9lectronique mobile (Car Audio), de la radiodiffusion et des produits professionnels et des produits de divertissement informatique (PlayStation) dans plus de 40 pays de la r\u00e9gion.<\/p>\n<p>Outre les op\u00e9rations de stockage dans l\u2019\u00e9tablissement de la Jebel Ali Free Zone \u00e0 Duba\u00ef, Sony Moyen-Orient et Afrique dirige l\u2019ex\u00e9cution de diverses activit\u00e9s de logistique, de vente, de marketing, de publicit\u00e9 et de services \u00e0 la client\u00e8le par l\u2019interm\u00e9diaire de ses partenaires commerciaux. 353 centres de service tiers accr\u00e9dit\u00e9s renforcent la pr\u00e9sence de Sony sur les principaux march\u00e9s de la r\u00e9gion.<\/p>\n","protected":false},"excerpt":{"rendered":"<p>Sony vient d\u2019annoncer le lancement aujourd&rsquo;hui de la tr\u00e8s innovante cam\u00e9ra ZV-1F. Dot\u00e9e d&rsquo;une puissance<\/p>\n","protected":false},"author":1,"featured_media":1401,"comment_status":"open","ping_status":"open","sticky":false,"template":"","format":"standard","meta":{"_acf_changed":false,"footnotes":""},"categories":[5,3],"tags":[188],"class_list":["post-1400","post","type-post","status-publish","format-standard","has-post-thumbnail","hentry","category-tech","category-nouvelles-selectionnees","tag-sony"],"acf":[],"yoast_head":"<!-- This site is optimized with the Yoast SEO plugin v22.0 - https:\/\/yoast.com\/wordpress\/plugins\/seo\/ -->\n<title>Sony \u00e9largit sa gamme de cam\u00e9ras pour le Vlogging en lan\u00e7ant la Sony ZV-1F - MEDIA PLATEFORME | FR<\/title>\n<meta name=\"description\" content=\"Sony vient d\u2019annoncer le lancement aujourd&#039;hui de la tr\u00e8s innovante cam\u00e9ra ZV-1F. Dot\u00e9e d&#039;une puissance de cr\u00e9ativit\u00e9\" \/>\n<meta name=\"robots\" content=\"index, follow, max-snippet:-1, max-image-preview:large, max-video-preview:-1\" \/>\n<link rel=\"canonical\" href=\"https:\/\/www.mediaplateforme.com\/fr\/sony-elargit-sa-gamme-de-cameras-pour-le-vlogging-en-lancant-la-sony-zv-1f\/\" \/>\n<meta property=\"og:locale\" content=\"fr_FR\" \/>\n<meta property=\"og:type\" content=\"article\" \/>\n<meta property=\"og:title\" content=\"Sony \u00e9largit sa gamme de cam\u00e9ras pour le Vlogging en lan\u00e7ant la Sony ZV-1F - MEDIA PLATEFORME | FR\" \/>\n<meta property=\"og:description\" content=\"Sony vient d\u2019annoncer le lancement aujourd&#039;hui de la tr\u00e8s innovante cam\u00e9ra ZV-1F. Dot\u00e9e d&#039;une puissance de cr\u00e9ativit\u00e9\" \/>\n<meta property=\"og:url\" content=\"https:\/\/www.mediaplateforme.com\/fr\/sony-elargit-sa-gamme-de-cameras-pour-le-vlogging-en-lancant-la-sony-zv-1f\/\" \/>\n<meta property=\"og:site_name\" content=\"MEDIA PLATEFORME | FR\" \/>\n<meta property=\"article:published_time\" content=\"2022-10-25T18:43:34+00:00\" \/>\n<meta property=\"article:modified_time\" content=\"2022-10-25T18:50:22+00:00\" \/>\n<meta property=\"og:image\" content=\"https:\/\/www.mediaplateforme.com\/fr\/wp-content\/uploads\/sites\/5\/2022\/10\/Sony-ZV-1F-camera-2022.jpg\" \/>\n\t<meta property=\"og:image:width\" content=\"1400\" \/>\n\t<meta property=\"og:image:height\" content=\"932\" \/>\n\t<meta property=\"og:image:type\" content=\"image\/jpeg\" \/>\n<meta name=\"author\" content=\"Mediaplateforme\" \/>\n<meta name=\"twitter:card\" content=\"summary_large_image\" \/>\n<meta name=\"twitter:label1\" content=\"\u00c9crit par\" \/>\n\t<meta name=\"twitter:data1\" content=\"Mediaplateforme\" \/>\n\t<meta name=\"twitter:label2\" content=\"Dur\u00e9e de lecture estim\u00e9e\" \/>\n\t<meta name=\"twitter:data2\" content=\"7 minutes\" \/>\n<script type=\"application\/ld+json\" class=\"yoast-schema-graph\">{\"@context\":\"https:\/\/schema.org\",\"@graph\":[{\"@type\":\"WebPage\",\"@id\":\"https:\/\/www.mediaplateforme.com\/fr\/sony-elargit-sa-gamme-de-cameras-pour-le-vlogging-en-lancant-la-sony-zv-1f\/\",\"url\":\"https:\/\/www.mediaplateforme.com\/fr\/sony-elargit-sa-gamme-de-cameras-pour-le-vlogging-en-lancant-la-sony-zv-1f\/\",\"name\":\"Sony \u00e9largit sa gamme de cam\u00e9ras pour le Vlogging en lan\u00e7ant la Sony ZV-1F - MEDIA PLATEFORME | FR\",\"isPartOf\":{\"@id\":\"https:\/\/www.mediaplateforme.com\/fr\/#website\"},\"datePublished\":\"2022-10-25T18:43:34+00:00\",\"dateModified\":\"2022-10-25T18:50:22+00:00\",\"author\":{\"@id\":\"https:\/\/www.mediaplateforme.com\/fr\/#\/schema\/person\/89833db382b5db2c76b094bc902aa12a\"},\"description\":\"Sony vient d\u2019annoncer le lancement aujourd'hui de la tr\u00e8s innovante cam\u00e9ra ZV-1F. Dot\u00e9e d'une puissance de cr\u00e9ativit\u00e9\",\"breadcrumb\":{\"@id\":\"https:\/\/www.mediaplateforme.com\/fr\/sony-elargit-sa-gamme-de-cameras-pour-le-vlogging-en-lancant-la-sony-zv-1f\/#breadcrumb\"},\"inLanguage\":\"fr-FR\",\"potentialAction\":[{\"@type\":\"ReadAction\",\"target\":[\"https:\/\/www.mediaplateforme.com\/fr\/sony-elargit-sa-gamme-de-cameras-pour-le-vlogging-en-lancant-la-sony-zv-1f\/\"]}]},{\"@type\":\"BreadcrumbList\",\"@id\":\"https:\/\/www.mediaplateforme.com\/fr\/sony-elargit-sa-gamme-de-cameras-pour-le-vlogging-en-lancant-la-sony-zv-1f\/#breadcrumb\",\"itemListElement\":[{\"@type\":\"ListItem\",\"position\":1,\"name\":\"\u0627\u0644\u0631\u0626\u064a\u0633\u064a\u0629\",\"item\":\"https:\/\/www.mediaplateforme.com\/fr\/\"},{\"@type\":\"ListItem\",\"position\":2,\"name\":\"Sony \u00e9largit sa gamme de cam\u00e9ras pour le Vlogging en lan\u00e7ant la Sony ZV-1F\"}]},{\"@type\":\"WebSite\",\"@id\":\"https:\/\/www.mediaplateforme.com\/fr\/#website\",\"url\":\"https:\/\/www.mediaplateforme.com\/fr\/\",\"name\":\"MEDIA PLATEFORME | FR\",\"description\":\"Mediaplateforme sp\u00e9cialis\u00e9 dans la communication institutions publiques et des entreprises\",\"potentialAction\":[{\"@type\":\"SearchAction\",\"target\":{\"@type\":\"EntryPoint\",\"urlTemplate\":\"https:\/\/www.mediaplateforme.com\/fr\/?s={search_term_string}\"},\"query-input\":\"required name=search_term_string\"}],\"inLanguage\":\"fr-FR\"},{\"@type\":\"Person\",\"@id\":\"https:\/\/www.mediaplateforme.com\/fr\/#\/schema\/person\/89833db382b5db2c76b094bc902aa12a\",\"name\":\"Mediaplateforme\",\"image\":{\"@type\":\"ImageObject\",\"inLanguage\":\"fr-FR\",\"@id\":\"https:\/\/www.mediaplateforme.com\/fr\/#\/schema\/person\/image\/\",\"url\":\"https:\/\/secure.gravatar.com\/avatar\/6c9c02e8928cc65d54bf75157f7b3a2d06d7ad0494ca0951f679552ff03b34c1?s=96&d=mm&r=g\",\"contentUrl\":\"https:\/\/secure.gravatar.com\/avatar\/6c9c02e8928cc65d54bf75157f7b3a2d06d7ad0494ca0951f679552ff03b34c1?s=96&d=mm&r=g\",\"caption\":\"Mediaplateforme\"},\"sameAs\":[\"https:\/\/www.mediaplateforme.com\"],\"url\":\"https:\/\/www.mediaplateforme.com\/fr\/author\/mohamedladib\/\"}]}<\/script>\n<!-- \/ Yoast SEO plugin. -->","yoast_head_json":{"title":"Sony \u00e9largit sa gamme de cam\u00e9ras pour le Vlogging en lan\u00e7ant la Sony ZV-1F - MEDIA PLATEFORME | FR","description":"Sony vient d\u2019annoncer le lancement aujourd'hui de la tr\u00e8s innovante cam\u00e9ra ZV-1F. Dot\u00e9e d'une puissance de cr\u00e9ativit\u00e9","robots":{"index":"index","follow":"follow","max-snippet":"max-snippet:-1","max-image-preview":"max-image-preview:large","max-video-preview":"max-video-preview:-1"},"canonical":"https:\/\/www.mediaplateforme.com\/fr\/sony-elargit-sa-gamme-de-cameras-pour-le-vlogging-en-lancant-la-sony-zv-1f\/","og_locale":"fr_FR","og_type":"article","og_title":"Sony \u00e9largit sa gamme de cam\u00e9ras pour le Vlogging en lan\u00e7ant la Sony ZV-1F - MEDIA PLATEFORME | FR","og_description":"Sony vient d\u2019annoncer le lancement aujourd'hui de la tr\u00e8s innovante cam\u00e9ra ZV-1F. Dot\u00e9e d'une puissance de cr\u00e9ativit\u00e9","og_url":"https:\/\/www.mediaplateforme.com\/fr\/sony-elargit-sa-gamme-de-cameras-pour-le-vlogging-en-lancant-la-sony-zv-1f\/","og_site_name":"MEDIA PLATEFORME | FR","article_published_time":"2022-10-25T18:43:34+00:00","article_modified_time":"2022-10-25T18:50:22+00:00","og_image":[{"width":1400,"height":932,"url":"https:\/\/www.mediaplateforme.com\/fr\/wp-content\/uploads\/sites\/5\/2022\/10\/Sony-ZV-1F-camera-2022.jpg","type":"image\/jpeg"}],"author":"Mediaplateforme","twitter_card":"summary_large_image","twitter_misc":{"\u00c9crit par":"Mediaplateforme","Dur\u00e9e de lecture estim\u00e9e":"7 minutes"},"schema":{"@context":"https:\/\/schema.org","@graph":[{"@type":"WebPage","@id":"https:\/\/www.mediaplateforme.com\/fr\/sony-elargit-sa-gamme-de-cameras-pour-le-vlogging-en-lancant-la-sony-zv-1f\/","url":"https:\/\/www.mediaplateforme.com\/fr\/sony-elargit-sa-gamme-de-cameras-pour-le-vlogging-en-lancant-la-sony-zv-1f\/","name":"Sony \u00e9largit sa gamme de cam\u00e9ras pour le Vlogging en lan\u00e7ant la Sony ZV-1F - MEDIA PLATEFORME | FR","isPartOf":{"@id":"https:\/\/www.mediaplateforme.com\/fr\/#website"},"datePublished":"2022-10-25T18:43:34+00:00","dateModified":"2022-10-25T18:50:22+00:00","author":{"@id":"https:\/\/www.mediaplateforme.com\/fr\/#\/schema\/person\/89833db382b5db2c76b094bc902aa12a"},"description":"Sony vient d\u2019annoncer le lancement aujourd'hui de la tr\u00e8s innovante cam\u00e9ra ZV-1F. Dot\u00e9e d'une puissance de cr\u00e9ativit\u00e9","breadcrumb":{"@id":"https:\/\/www.mediaplateforme.com\/fr\/sony-elargit-sa-gamme-de-cameras-pour-le-vlogging-en-lancant-la-sony-zv-1f\/#breadcrumb"},"inLanguage":"fr-FR","potentialAction":[{"@type":"ReadAction","target":["https:\/\/www.mediaplateforme.com\/fr\/sony-elargit-sa-gamme-de-cameras-pour-le-vlogging-en-lancant-la-sony-zv-1f\/"]}]},{"@type":"BreadcrumbList","@id":"https:\/\/www.mediaplateforme.com\/fr\/sony-elargit-sa-gamme-de-cameras-pour-le-vlogging-en-lancant-la-sony-zv-1f\/#breadcrumb","itemListElement":[{"@type":"ListItem","position":1,"name":"\u0627\u0644\u0631\u0626\u064a\u0633\u064a\u0629","item":"https:\/\/www.mediaplateforme.com\/fr\/"},{"@type":"ListItem","position":2,"name":"Sony \u00e9largit sa gamme de cam\u00e9ras pour le Vlogging en lan\u00e7ant la Sony ZV-1F"}]},{"@type":"WebSite","@id":"https:\/\/www.mediaplateforme.com\/fr\/#website","url":"https:\/\/www.mediaplateforme.com\/fr\/","name":"MEDIA PLATEFORME | FR","description":"Mediaplateforme sp\u00e9cialis\u00e9 dans la communication institutions publiques et des entreprises","potentialAction":[{"@type":"SearchAction","target":{"@type":"EntryPoint","urlTemplate":"https:\/\/www.mediaplateforme.com\/fr\/?s={search_term_string}"},"query-input":"required name=search_term_string"}],"inLanguage":"fr-FR"},{"@type":"Person","@id":"https:\/\/www.mediaplateforme.com\/fr\/#\/schema\/person\/89833db382b5db2c76b094bc902aa12a","name":"Mediaplateforme","image":{"@type":"ImageObject","inLanguage":"fr-FR","@id":"https:\/\/www.mediaplateforme.com\/fr\/#\/schema\/person\/image\/","url":"https:\/\/secure.gravatar.com\/avatar\/6c9c02e8928cc65d54bf75157f7b3a2d06d7ad0494ca0951f679552ff03b34c1?s=96&d=mm&r=g","contentUrl":"https:\/\/secure.gravatar.com\/avatar\/6c9c02e8928cc65d54bf75157f7b3a2d06d7ad0494ca0951f679552ff03b34c1?s=96&d=mm&r=g","caption":"Mediaplateforme"},"sameAs":["https:\/\/www.mediaplateforme.com"],"url":"https:\/\/www.mediaplateforme.com\/fr\/author\/mohamedladib\/"}]}},"_links":{"self":[{"href":"https:\/\/www.mediaplateforme.com\/fr\/wp-json\/wp\/v2\/posts\/1400","targetHints":{"allow":["GET"]}}],"collection":[{"href":"https:\/\/www.mediaplateforme.com\/fr\/wp-json\/wp\/v2\/posts"}],"about":[{"href":"https:\/\/www.mediaplateforme.com\/fr\/wp-json\/wp\/v2\/types\/post"}],"author":[{"embeddable":true,"href":"https:\/\/www.mediaplateforme.com\/fr\/wp-json\/wp\/v2\/users\/1"}],"replies":[{"embeddable":true,"href":"https:\/\/www.mediaplateforme.com\/fr\/wp-json\/wp\/v2\/comments?post=1400"}],"version-history":[{"count":2,"href":"https:\/\/www.mediaplateforme.com\/fr\/wp-json\/wp\/v2\/posts\/1400\/revisions"}],"predecessor-version":[{"id":1403,"href":"https:\/\/www.mediaplateforme.com\/fr\/wp-json\/wp\/v2\/posts\/1400\/revisions\/1403"}],"wp:featuredmedia":[{"embeddable":true,"href":"https:\/\/www.mediaplateforme.com\/fr\/wp-json\/wp\/v2\/media\/1401"}],"wp:attachment":[{"href":"https:\/\/www.mediaplateforme.com\/fr\/wp-json\/wp\/v2\/media?parent=1400"}],"wp:term":[{"taxonomy":"category","embeddable":true,"href":"https:\/\/www.mediaplateforme.com\/fr\/wp-json\/wp\/v2\/categories?post=1400"},{"taxonomy":"post_tag","embeddable":true,"href":"https:\/\/www.mediaplateforme.com\/fr\/wp-json\/wp\/v2\/tags?post=1400"}],"curies":[{"name":"wp","href":"https:\/\/api.w.org\/{rel}","templated":true}]}}