{"id":1394,"date":"2022-10-25T19:10:12","date_gmt":"2022-10-25T18:10:12","guid":{"rendered":"https:\/\/www.mediaplateforme.com\/fr\/?p=1394"},"modified":"2022-10-25T19:10:12","modified_gmt":"2022-10-25T18:10:12","slug":"le-groupe-lear-inaugure-une-nouvelle-usine-au-maroc","status":"publish","type":"post","link":"https:\/\/www.mediaplateforme.com\/fr\/le-groupe-lear-inaugure-une-nouvelle-usine-au-maroc\/","title":{"rendered":"LE GROUPE LEAR INAUGURE UNE NOUVELLE USINE AU MAROC"},"content":{"rendered":"<p>Le groupe am\u00e9ricain sp\u00e9cialis\u00e9 dans la fabrication des si\u00e8ges automobiles et des syst\u00e8mes \u00e9lectriques et \u00e9lectroniques, a inaugur\u00e9 le 25 octobre 2022, sa nouvelle usine \u00e0 Mekn\u00e8s, en pr\u00e9sence de MM. le Ministre de l\u2019Industrie et du Commerce et le Gouverneur de la ville de Mekn\u00e8s.<\/p>\n<p>&nbsp;<\/p>\n<p>Avec un investissement de 200 Millions de Dirhams, le nouveau site de Mekn\u00e8s a \u00e9t\u00e9 r\u00e9alis\u00e9 sur une superficie de 54,000 m\u00b2 (dont 18,200 m\u00b2 d\u00e9di\u00e9e \u00e0 la production) et a permis la cr\u00e9ation de plus de 2000 emplois directs pour passer \u00e0 2600 emplois en 2023. Cette usine, la 16<sup>\u00e8me<\/sup> du groupe au Maroc, produira \u00e9galement du c\u00e2blage pour voiture \u00e9lectrique.<\/p>\n<p>&nbsp;<\/p>\n<p>A cette occasion, M. Ryad MEZZOUR, Ministre de l\u2019Industrie et du Commerce a soulign\u00e9 que\u00a0<em>\u00ab Notre industrie continue d\u2019attirer et de fid\u00e9liser les leaders mondiaux du secteur automobile. Cette dynamique se consolide aujourd\u2019hui avec l\u2019inauguration de la nouvelle usine du groupe Lear qui renouvelle une fois de plus sa confiance en la plateforme industrielle marocaine et vient r\u00e9pondre \u00e0 la forte demande de l\u2019\u00e9cosyst\u00e8me automobile national dont les performances ne sont plus \u00e0 d\u00e9montrer \u00bb.<\/em><\/p>\n<p>&nbsp;<\/p>\n<p>Pr\u00e9sent au Maroc depuis 2003 \u00e0 travers ses usines de Rabat, Kenitra, Tanger et Mekn\u00e8s, Lear est aujourd&rsquo;hui l&rsquo;un des plus importants employeurs au Royaume, avec 18 000 collaborateurs r\u00e9partis sur ses diff\u00e9rents sites. Le groupe dispose d\u2019un centre d\u2019ing\u00e9nierie \u00e0 Rabat adressant les activit\u00e9s de si\u00e8ges et de l\u2019\u00e9lectronique et employant plus de 250 ing\u00e9nieurs.<\/p>\n<p>&nbsp;<\/p>\n<p><strong>\u00a0<\/strong><\/p>\n<h4><strong><em>A propos de Lear\u00a0: <\/em><\/strong><\/h4>\n<p>&nbsp;<\/p>\n<ul>\n<li>Pr\u00e9sent sur le march\u00e9 depuis plus de 100 ans, le groupe emploie plus de 160 000 personnes \u00e0 travers 253 usines de production situ\u00e9es dans 38 pays.<\/li>\n<\/ul>\n<p>&nbsp;<\/p>\n<ul>\n<li>Les produits du Groupe Lear sont mont\u00e9s sur plus de 400 mod\u00e8les de v\u00e9hicules de grandes marques tels qu\u2019Alfa Romeo, GM, Audi, BMW, Corvette, Ferrari, Jaguar, Land Rover, Lamborghini, Lexus, Maserati, Porsche et Volvo.<\/li>\n<\/ul>\n","protected":false},"excerpt":{"rendered":"<p>Le groupe am\u00e9ricain sp\u00e9cialis\u00e9 dans la fabrication des si\u00e8ges automobiles et des syst\u00e8mes \u00e9lectriques et<\/p>\n","protected":false},"author":1,"featured_media":1395,"comment_status":"open","ping_status":"open","sticky":false,"template":"","format":"standard","meta":{"_acf_changed":false,"footnotes":""},"categories":[4,3],"tags":[463],"class_list":["post-1394","post","type-post","status-publish","format-standard","has-post-thumbnail","hentry","category-economie","category-nouvelles-selectionnees","tag-lear"],"acf":[],"yoast_head":"<!-- This site is optimized with the Yoast SEO plugin v22.0 - https:\/\/yoast.com\/wordpress\/plugins\/seo\/ -->\n<title>LE GROUPE LEAR INAUGURE UNE NOUVELLE USINE AU MAROC - MEDIA PLATEFORME | FR<\/title>\n<meta name=\"description\" content=\"Le groupe am\u00e9ricain LEAR sp\u00e9cialis\u00e9 dans la fabrication des si\u00e8ges automobiles et des syst\u00e8mes \u00e9lectriques et \u00e9lectroniques, a inaugur\u00e9\" \/>\n<meta name=\"robots\" content=\"index, follow, max-snippet:-1, max-image-preview:large, max-video-preview:-1\" \/>\n<link rel=\"canonical\" href=\"https:\/\/www.mediaplateforme.com\/fr\/le-groupe-lear-inaugure-une-nouvelle-usine-au-maroc\/\" \/>\n<meta property=\"og:locale\" content=\"fr_FR\" \/>\n<meta property=\"og:type\" content=\"article\" \/>\n<meta property=\"og:title\" content=\"LE GROUPE LEAR INAUGURE UNE NOUVELLE USINE AU MAROC - MEDIA PLATEFORME | FR\" \/>\n<meta property=\"og:description\" content=\"Le groupe am\u00e9ricain LEAR sp\u00e9cialis\u00e9 dans la fabrication des si\u00e8ges automobiles et des syst\u00e8mes \u00e9lectriques et \u00e9lectroniques, a inaugur\u00e9\" \/>\n<meta property=\"og:url\" content=\"https:\/\/www.mediaplateforme.com\/fr\/le-groupe-lear-inaugure-une-nouvelle-usine-au-maroc\/\" \/>\n<meta property=\"og:site_name\" content=\"MEDIA PLATEFORME | FR\" \/>\n<meta property=\"article:published_time\" content=\"2022-10-25T18:10:12+00:00\" \/>\n<meta property=\"og:image\" content=\"https:\/\/www.mediaplateforme.com\/fr\/wp-content\/uploads\/sites\/5\/2022\/10\/Lear-oct-2022-1.jpeg\" \/>\n\t<meta property=\"og:image:width\" content=\"1024\" \/>\n\t<meta property=\"og:image:height\" content=\"575\" \/>\n\t<meta property=\"og:image:type\" content=\"image\/jpeg\" \/>\n<meta name=\"author\" content=\"Mediaplateforme\" \/>\n<meta name=\"twitter:card\" content=\"summary_large_image\" \/>\n<meta name=\"twitter:label1\" content=\"\u00c9crit par\" \/>\n\t<meta name=\"twitter:data1\" content=\"Mediaplateforme\" \/>\n\t<meta name=\"twitter:label2\" content=\"Dur\u00e9e de lecture estim\u00e9e\" \/>\n\t<meta name=\"twitter:data2\" content=\"2 minutes\" \/>\n<script type=\"application\/ld+json\" class=\"yoast-schema-graph\">{\"@context\":\"https:\/\/schema.org\",\"@graph\":[{\"@type\":\"WebPage\",\"@id\":\"https:\/\/www.mediaplateforme.com\/fr\/le-groupe-lear-inaugure-une-nouvelle-usine-au-maroc\/\",\"url\":\"https:\/\/www.mediaplateforme.com\/fr\/le-groupe-lear-inaugure-une-nouvelle-usine-au-maroc\/\",\"name\":\"LE GROUPE LEAR INAUGURE UNE NOUVELLE USINE AU MAROC - MEDIA PLATEFORME | FR\",\"isPartOf\":{\"@id\":\"https:\/\/www.mediaplateforme.com\/fr\/#website\"},\"datePublished\":\"2022-10-25T18:10:12+00:00\",\"dateModified\":\"2022-10-25T18:10:12+00:00\",\"author\":{\"@id\":\"https:\/\/www.mediaplateforme.com\/fr\/#\/schema\/person\/89833db382b5db2c76b094bc902aa12a\"},\"description\":\"Le groupe am\u00e9ricain LEAR sp\u00e9cialis\u00e9 dans la fabrication des si\u00e8ges automobiles et des syst\u00e8mes \u00e9lectriques et \u00e9lectroniques, a inaugur\u00e9\",\"breadcrumb\":{\"@id\":\"https:\/\/www.mediaplateforme.com\/fr\/le-groupe-lear-inaugure-une-nouvelle-usine-au-maroc\/#breadcrumb\"},\"inLanguage\":\"fr-FR\",\"potentialAction\":[{\"@type\":\"ReadAction\",\"target\":[\"https:\/\/www.mediaplateforme.com\/fr\/le-groupe-lear-inaugure-une-nouvelle-usine-au-maroc\/\"]}]},{\"@type\":\"BreadcrumbList\",\"@id\":\"https:\/\/www.mediaplateforme.com\/fr\/le-groupe-lear-inaugure-une-nouvelle-usine-au-maroc\/#breadcrumb\",\"itemListElement\":[{\"@type\":\"ListItem\",\"position\":1,\"name\":\"\u0627\u0644\u0631\u0626\u064a\u0633\u064a\u0629\",\"item\":\"https:\/\/www.mediaplateforme.com\/fr\/\"},{\"@type\":\"ListItem\",\"position\":2,\"name\":\"LE GROUPE LEAR INAUGURE UNE NOUVELLE USINE AU MAROC\"}]},{\"@type\":\"WebSite\",\"@id\":\"https:\/\/www.mediaplateforme.com\/fr\/#website\",\"url\":\"https:\/\/www.mediaplateforme.com\/fr\/\",\"name\":\"MEDIA PLATEFORME | FR\",\"description\":\"Mediaplateforme sp\u00e9cialis\u00e9 dans la communication institutions publiques et des entreprises\",\"potentialAction\":[{\"@type\":\"SearchAction\",\"target\":{\"@type\":\"EntryPoint\",\"urlTemplate\":\"https:\/\/www.mediaplateforme.com\/fr\/?s={search_term_string}\"},\"query-input\":\"required name=search_term_string\"}],\"inLanguage\":\"fr-FR\"},{\"@type\":\"Person\",\"@id\":\"https:\/\/www.mediaplateforme.com\/fr\/#\/schema\/person\/89833db382b5db2c76b094bc902aa12a\",\"name\":\"Mediaplateforme\",\"image\":{\"@type\":\"ImageObject\",\"inLanguage\":\"fr-FR\",\"@id\":\"https:\/\/www.mediaplateforme.com\/fr\/#\/schema\/person\/image\/\",\"url\":\"https:\/\/secure.gravatar.com\/avatar\/6c9c02e8928cc65d54bf75157f7b3a2d06d7ad0494ca0951f679552ff03b34c1?s=96&d=mm&r=g\",\"contentUrl\":\"https:\/\/secure.gravatar.com\/avatar\/6c9c02e8928cc65d54bf75157f7b3a2d06d7ad0494ca0951f679552ff03b34c1?s=96&d=mm&r=g\",\"caption\":\"Mediaplateforme\"},\"sameAs\":[\"https:\/\/www.mediaplateforme.com\"],\"url\":\"https:\/\/www.mediaplateforme.com\/fr\/author\/mohamedladib\/\"}]}<\/script>\n<!-- \/ Yoast SEO plugin. -->","yoast_head_json":{"title":"LE GROUPE LEAR INAUGURE UNE NOUVELLE USINE AU MAROC - MEDIA PLATEFORME | FR","description":"Le groupe am\u00e9ricain LEAR sp\u00e9cialis\u00e9 dans la fabrication des si\u00e8ges automobiles et des syst\u00e8mes \u00e9lectriques et \u00e9lectroniques, a inaugur\u00e9","robots":{"index":"index","follow":"follow","max-snippet":"max-snippet:-1","max-image-preview":"max-image-preview:large","max-video-preview":"max-video-preview:-1"},"canonical":"https:\/\/www.mediaplateforme.com\/fr\/le-groupe-lear-inaugure-une-nouvelle-usine-au-maroc\/","og_locale":"fr_FR","og_type":"article","og_title":"LE GROUPE LEAR INAUGURE UNE NOUVELLE USINE AU MAROC - MEDIA PLATEFORME | FR","og_description":"Le groupe am\u00e9ricain LEAR sp\u00e9cialis\u00e9 dans la fabrication des si\u00e8ges automobiles et des syst\u00e8mes \u00e9lectriques et \u00e9lectroniques, a inaugur\u00e9","og_url":"https:\/\/www.mediaplateforme.com\/fr\/le-groupe-lear-inaugure-une-nouvelle-usine-au-maroc\/","og_site_name":"MEDIA PLATEFORME | FR","article_published_time":"2022-10-25T18:10:12+00:00","og_image":[{"width":1024,"height":575,"url":"https:\/\/www.mediaplateforme.com\/fr\/wp-content\/uploads\/sites\/5\/2022\/10\/Lear-oct-2022-1.jpeg","type":"image\/jpeg"}],"author":"Mediaplateforme","twitter_card":"summary_large_image","twitter_misc":{"\u00c9crit par":"Mediaplateforme","Dur\u00e9e de lecture estim\u00e9e":"2 minutes"},"schema":{"@context":"https:\/\/schema.org","@graph":[{"@type":"WebPage","@id":"https:\/\/www.mediaplateforme.com\/fr\/le-groupe-lear-inaugure-une-nouvelle-usine-au-maroc\/","url":"https:\/\/www.mediaplateforme.com\/fr\/le-groupe-lear-inaugure-une-nouvelle-usine-au-maroc\/","name":"LE GROUPE LEAR INAUGURE UNE NOUVELLE USINE AU MAROC - MEDIA PLATEFORME | FR","isPartOf":{"@id":"https:\/\/www.mediaplateforme.com\/fr\/#website"},"datePublished":"2022-10-25T18:10:12+00:00","dateModified":"2022-10-25T18:10:12+00:00","author":{"@id":"https:\/\/www.mediaplateforme.com\/fr\/#\/schema\/person\/89833db382b5db2c76b094bc902aa12a"},"description":"Le groupe am\u00e9ricain LEAR sp\u00e9cialis\u00e9 dans la fabrication des si\u00e8ges automobiles et des syst\u00e8mes \u00e9lectriques et \u00e9lectroniques, a inaugur\u00e9","breadcrumb":{"@id":"https:\/\/www.mediaplateforme.com\/fr\/le-groupe-lear-inaugure-une-nouvelle-usine-au-maroc\/#breadcrumb"},"inLanguage":"fr-FR","potentialAction":[{"@type":"ReadAction","target":["https:\/\/www.mediaplateforme.com\/fr\/le-groupe-lear-inaugure-une-nouvelle-usine-au-maroc\/"]}]},{"@type":"BreadcrumbList","@id":"https:\/\/www.mediaplateforme.com\/fr\/le-groupe-lear-inaugure-une-nouvelle-usine-au-maroc\/#breadcrumb","itemListElement":[{"@type":"ListItem","position":1,"name":"\u0627\u0644\u0631\u0626\u064a\u0633\u064a\u0629","item":"https:\/\/www.mediaplateforme.com\/fr\/"},{"@type":"ListItem","position":2,"name":"LE GROUPE LEAR INAUGURE UNE NOUVELLE USINE AU MAROC"}]},{"@type":"WebSite","@id":"https:\/\/www.mediaplateforme.com\/fr\/#website","url":"https:\/\/www.mediaplateforme.com\/fr\/","name":"MEDIA PLATEFORME | FR","description":"Mediaplateforme sp\u00e9cialis\u00e9 dans la communication institutions publiques et des entreprises","potentialAction":[{"@type":"SearchAction","target":{"@type":"EntryPoint","urlTemplate":"https:\/\/www.mediaplateforme.com\/fr\/?s={search_term_string}"},"query-input":"required name=search_term_string"}],"inLanguage":"fr-FR"},{"@type":"Person","@id":"https:\/\/www.mediaplateforme.com\/fr\/#\/schema\/person\/89833db382b5db2c76b094bc902aa12a","name":"Mediaplateforme","image":{"@type":"ImageObject","inLanguage":"fr-FR","@id":"https:\/\/www.mediaplateforme.com\/fr\/#\/schema\/person\/image\/","url":"https:\/\/secure.gravatar.com\/avatar\/6c9c02e8928cc65d54bf75157f7b3a2d06d7ad0494ca0951f679552ff03b34c1?s=96&d=mm&r=g","contentUrl":"https:\/\/secure.gravatar.com\/avatar\/6c9c02e8928cc65d54bf75157f7b3a2d06d7ad0494ca0951f679552ff03b34c1?s=96&d=mm&r=g","caption":"Mediaplateforme"},"sameAs":["https:\/\/www.mediaplateforme.com"],"url":"https:\/\/www.mediaplateforme.com\/fr\/author\/mohamedladib\/"}]}},"_links":{"self":[{"href":"https:\/\/www.mediaplateforme.com\/fr\/wp-json\/wp\/v2\/posts\/1394","targetHints":{"allow":["GET"]}}],"collection":[{"href":"https:\/\/www.mediaplateforme.com\/fr\/wp-json\/wp\/v2\/posts"}],"about":[{"href":"https:\/\/www.mediaplateforme.com\/fr\/wp-json\/wp\/v2\/types\/post"}],"author":[{"embeddable":true,"href":"https:\/\/www.mediaplateforme.com\/fr\/wp-json\/wp\/v2\/users\/1"}],"replies":[{"embeddable":true,"href":"https:\/\/www.mediaplateforme.com\/fr\/wp-json\/wp\/v2\/comments?post=1394"}],"version-history":[{"count":1,"href":"https:\/\/www.mediaplateforme.com\/fr\/wp-json\/wp\/v2\/posts\/1394\/revisions"}],"predecessor-version":[{"id":1396,"href":"https:\/\/www.mediaplateforme.com\/fr\/wp-json\/wp\/v2\/posts\/1394\/revisions\/1396"}],"wp:featuredmedia":[{"embeddable":true,"href":"https:\/\/www.mediaplateforme.com\/fr\/wp-json\/wp\/v2\/media\/1395"}],"wp:attachment":[{"href":"https:\/\/www.mediaplateforme.com\/fr\/wp-json\/wp\/v2\/media?parent=1394"}],"wp:term":[{"taxonomy":"category","embeddable":true,"href":"https:\/\/www.mediaplateforme.com\/fr\/wp-json\/wp\/v2\/categories?post=1394"},{"taxonomy":"post_tag","embeddable":true,"href":"https:\/\/www.mediaplateforme.com\/fr\/wp-json\/wp\/v2\/tags?post=1394"}],"curies":[{"name":"wp","href":"https:\/\/api.w.org\/{rel}","templated":true}]}}