{"id":1391,"date":"2022-10-25T14:26:33","date_gmt":"2022-10-25T13:26:33","guid":{"rendered":"https:\/\/www.mediaplateforme.com\/fr\/?p=1391"},"modified":"2022-10-25T14:26:33","modified_gmt":"2022-10-25T13:26:33","slug":"cdg-prevoyance-cnra-rcar-recoit-le-prix-special-dexcellence","status":"publish","type":"post","link":"https:\/\/www.mediaplateforme.com\/fr\/cdg-prevoyance-cnra-rcar-recoit-le-prix-special-dexcellence\/","title":{"rendered":"CDG PR\u00c9VOYANCE (CNRA \/ RCAR) RE\u00c7OIT LE PRIX SP\u00c9CIAL D\u2019EXCELLENCE"},"content":{"rendered":"<p style=\"font-weight: 400;\">Lors de la premi\u00e8re journ\u00e9e du Forum Mondial de la S\u00e9curit\u00e9 Sociale organis\u00e9 \u00e0 Marrakech, Sous le Haut Patronage de Sa Majest\u00e9 le Roi Mohammed VI, Que Dieu L\u2019Assiste, CDG Pr\u00e9voyance, la Branche Pr\u00e9voyance de la Caisse de D\u00e9p\u00f4t et de Gestion, en charge de la gestion de la CNRA et du RCAR, devient l\u2019unique entit\u00e9 de s\u00e9curit\u00e9 sociale au monde d\u00e9tenant 6 certificats d\u2019excellence en d\u00e9crochant, aujourd\u2019hui, deux nouveaux certificats d\u2019excellence de bonnes pratiques de l\u2019Association Internationale de la S\u00e9curit\u00e9 Sociale -AISS-.<\/p>\n<p style=\"font-weight: 400;\">Ces deux nouvelles distinctions prestigieuses : 1\u00b0) erreur, \u00e9vasion et fraude, dans les syst\u00e8mes de s\u00e9curit\u00e9 sociale et 2\u00b0) recouvrement des cotisations et conformit\u00e9, viennent s\u2019ajouter aux quatre autres certificats d\u2019excellence d\u00e9j\u00e0 re\u00e7us par CDG Pr\u00e9voyance, \u00e0 savoir :<\/p>\n<ol>\n<li style=\"font-weight: 400;\">i) bonne gouvernance,<\/li>\n<li style=\"font-weight: 400;\">ii) qualit\u00e9 des services,<\/li>\n<\/ol>\n<p style=\"font-weight: 400;\">iii) technologie de l\u2019information et de la communication,<\/p>\n<ol>\n<li style=\"font-weight: 400;\">iv) communication des administrations de la s\u00e9curit\u00e9 sociale.<\/li>\n<\/ol>\n<h4 style=\"font-weight: 400;\"><strong>Mohamed Ali BENSOUDA, Directeur G\u00e9n\u00e9ral de CDG Pr\u00e9voyance a d\u00e9clar\u00e9 :<\/strong><\/h4>\n<p style=\"font-weight: 400;\"><strong><em>\u00ab Le prix d\u2019excellence que nous recevons aujourd\u2019hui est d\u2019abord une reconnaissance de la qualit\u00e9, de l\u2019engagement et le d\u00e9vouement des femmes et des hommes de CDG Pr\u00e9voyance qui \u0153uvrent au quotidien au service de millions de nos concitoyens ; Il nous honore. \u00bb<\/em><\/strong><\/p>\n<p style=\"font-weight: 400;\">Les distinctions AISS des bonnes pratiques r\u00e9compensent les efforts couronn\u00e9s de succ\u00e8s que d\u00e9ploient les institutions de la s\u00e9curit\u00e9 sociale pour am\u00e9liorer leur fonctionnement et parvenir \u00e0 l\u2019excellence dans le domaine de la s\u00e9curit\u00e9 sociale. Elles ont pour but de mettre en valeur et de diffuser les bonnes pratiques en mati\u00e8re d\u2019administration de la s\u00e9curit\u00e9 sociale mises en \u0153uvre par les institutions membres de l\u2019Association. Elles leur offrent \u00e9galement une occasion unique de faire conna\u00eetre \u00e0 un public international les principales initiatives administratives et solutions innovantes qu\u2019elles ont mises en \u0153uvre.<\/p>\n<p style=\"font-weight: 400;\">Institu\u00e9s en 2008, ces prix permettent de d\u00e9couvrir les solutions op\u00e9rationnelles et administratives \u00e9labor\u00e9es par les institutions membres et sont d\u00e9cern\u00e9s par un jury international compos\u00e9 d\u2019experts en s\u00e9curit\u00e9 sociale reconnus, disposant de connaissances et d\u2019exp\u00e9rience aussi bien mondiales que r\u00e9gionales. Les quatre crit\u00e8res retenus sont : les r\u00e9sultats atteints, le caract\u00e8re innovant, la robustesse et le caract\u00e8re reproductible.<\/p>\n","protected":false},"excerpt":{"rendered":"<p>Lors de la premi\u00e8re journ\u00e9e du Forum Mondial de la S\u00e9curit\u00e9 Sociale organis\u00e9 \u00e0 Marrakech,<\/p>\n","protected":false},"author":1,"featured_media":1392,"comment_status":"open","ping_status":"open","sticky":false,"template":"","format":"standard","meta":{"_acf_changed":false,"footnotes":""},"categories":[4,3],"tags":[462],"class_list":["post-1391","post","type-post","status-publish","format-standard","has-post-thumbnail","hentry","category-economie","category-nouvelles-selectionnees","tag-cdg-prevoyance"],"acf":[],"yoast_head":"<!-- This site is optimized with the Yoast SEO plugin v22.0 - https:\/\/yoast.com\/wordpress\/plugins\/seo\/ -->\n<title>CDG PR\u00c9VOYANCE (CNRA \/ RCAR) RE\u00c7OIT LE PRIX SP\u00c9CIAL D\u2019EXCELLENCE - MEDIA PLATEFORME | FR<\/title>\n<meta name=\"description\" content=\"CDG Pr\u00e9voyance, la Branche Pr\u00e9voyance de la Caisse de D\u00e9p\u00f4t et de Gestion, en charge de la gestion de la CNRA et du RCAR, devient l\u2019uniqu\" \/>\n<meta name=\"robots\" content=\"index, follow, max-snippet:-1, max-image-preview:large, max-video-preview:-1\" \/>\n<link rel=\"canonical\" href=\"https:\/\/www.mediaplateforme.com\/fr\/cdg-prevoyance-cnra-rcar-recoit-le-prix-special-dexcellence\/\" \/>\n<meta property=\"og:locale\" content=\"fr_FR\" \/>\n<meta property=\"og:type\" content=\"article\" \/>\n<meta property=\"og:title\" content=\"CDG PR\u00c9VOYANCE (CNRA \/ RCAR) RE\u00c7OIT LE PRIX SP\u00c9CIAL D\u2019EXCELLENCE - MEDIA PLATEFORME | FR\" \/>\n<meta property=\"og:description\" content=\"CDG Pr\u00e9voyance, la Branche Pr\u00e9voyance de la Caisse de D\u00e9p\u00f4t et de Gestion, en charge de la gestion de la CNRA et du RCAR, devient l\u2019uniqu\" \/>\n<meta property=\"og:url\" content=\"https:\/\/www.mediaplateforme.com\/fr\/cdg-prevoyance-cnra-rcar-recoit-le-prix-special-dexcellence\/\" \/>\n<meta property=\"og:site_name\" content=\"MEDIA PLATEFORME | FR\" \/>\n<meta property=\"article:published_time\" content=\"2022-10-25T13:26:33+00:00\" \/>\n<meta property=\"og:image\" content=\"https:\/\/www.mediaplateforme.com\/fr\/wp-content\/uploads\/sites\/5\/2022\/10\/Photo-remise-des-prix.png\" \/>\n\t<meta property=\"og:image:width\" content=\"952\" \/>\n\t<meta property=\"og:image:height\" content=\"635\" \/>\n\t<meta property=\"og:image:type\" content=\"image\/png\" \/>\n<meta name=\"author\" content=\"Mediaplateforme\" \/>\n<meta name=\"twitter:card\" content=\"summary_large_image\" \/>\n<meta name=\"twitter:label1\" content=\"\u00c9crit par\" \/>\n\t<meta name=\"twitter:data1\" content=\"Mediaplateforme\" \/>\n\t<meta name=\"twitter:label2\" content=\"Dur\u00e9e de lecture estim\u00e9e\" \/>\n\t<meta name=\"twitter:data2\" content=\"2 minutes\" \/>\n<script type=\"application\/ld+json\" class=\"yoast-schema-graph\">{\"@context\":\"https:\/\/schema.org\",\"@graph\":[{\"@type\":\"WebPage\",\"@id\":\"https:\/\/www.mediaplateforme.com\/fr\/cdg-prevoyance-cnra-rcar-recoit-le-prix-special-dexcellence\/\",\"url\":\"https:\/\/www.mediaplateforme.com\/fr\/cdg-prevoyance-cnra-rcar-recoit-le-prix-special-dexcellence\/\",\"name\":\"CDG PR\u00c9VOYANCE (CNRA \/ RCAR) RE\u00c7OIT LE PRIX SP\u00c9CIAL D\u2019EXCELLENCE - MEDIA PLATEFORME | FR\",\"isPartOf\":{\"@id\":\"https:\/\/www.mediaplateforme.com\/fr\/#website\"},\"datePublished\":\"2022-10-25T13:26:33+00:00\",\"dateModified\":\"2022-10-25T13:26:33+00:00\",\"author\":{\"@id\":\"https:\/\/www.mediaplateforme.com\/fr\/#\/schema\/person\/89833db382b5db2c76b094bc902aa12a\"},\"description\":\"CDG Pr\u00e9voyance, la Branche Pr\u00e9voyance de la Caisse de D\u00e9p\u00f4t et de Gestion, en charge de la gestion de la CNRA et du RCAR, devient l\u2019uniqu\",\"breadcrumb\":{\"@id\":\"https:\/\/www.mediaplateforme.com\/fr\/cdg-prevoyance-cnra-rcar-recoit-le-prix-special-dexcellence\/#breadcrumb\"},\"inLanguage\":\"fr-FR\",\"potentialAction\":[{\"@type\":\"ReadAction\",\"target\":[\"https:\/\/www.mediaplateforme.com\/fr\/cdg-prevoyance-cnra-rcar-recoit-le-prix-special-dexcellence\/\"]}]},{\"@type\":\"BreadcrumbList\",\"@id\":\"https:\/\/www.mediaplateforme.com\/fr\/cdg-prevoyance-cnra-rcar-recoit-le-prix-special-dexcellence\/#breadcrumb\",\"itemListElement\":[{\"@type\":\"ListItem\",\"position\":1,\"name\":\"\u0627\u0644\u0631\u0626\u064a\u0633\u064a\u0629\",\"item\":\"https:\/\/www.mediaplateforme.com\/fr\/\"},{\"@type\":\"ListItem\",\"position\":2,\"name\":\"CDG PR\u00c9VOYANCE (CNRA \/ RCAR) RE\u00c7OIT LE PRIX SP\u00c9CIAL D\u2019EXCELLENCE\"}]},{\"@type\":\"WebSite\",\"@id\":\"https:\/\/www.mediaplateforme.com\/fr\/#website\",\"url\":\"https:\/\/www.mediaplateforme.com\/fr\/\",\"name\":\"MEDIA PLATEFORME | FR\",\"description\":\"Mediaplateforme sp\u00e9cialis\u00e9 dans la communication institutions publiques et des entreprises\",\"potentialAction\":[{\"@type\":\"SearchAction\",\"target\":{\"@type\":\"EntryPoint\",\"urlTemplate\":\"https:\/\/www.mediaplateforme.com\/fr\/?s={search_term_string}\"},\"query-input\":\"required name=search_term_string\"}],\"inLanguage\":\"fr-FR\"},{\"@type\":\"Person\",\"@id\":\"https:\/\/www.mediaplateforme.com\/fr\/#\/schema\/person\/89833db382b5db2c76b094bc902aa12a\",\"name\":\"Mediaplateforme\",\"image\":{\"@type\":\"ImageObject\",\"inLanguage\":\"fr-FR\",\"@id\":\"https:\/\/www.mediaplateforme.com\/fr\/#\/schema\/person\/image\/\",\"url\":\"https:\/\/secure.gravatar.com\/avatar\/6c9c02e8928cc65d54bf75157f7b3a2d06d7ad0494ca0951f679552ff03b34c1?s=96&d=mm&r=g\",\"contentUrl\":\"https:\/\/secure.gravatar.com\/avatar\/6c9c02e8928cc65d54bf75157f7b3a2d06d7ad0494ca0951f679552ff03b34c1?s=96&d=mm&r=g\",\"caption\":\"Mediaplateforme\"},\"sameAs\":[\"https:\/\/www.mediaplateforme.com\"],\"url\":\"https:\/\/www.mediaplateforme.com\/fr\/author\/mohamedladib\/\"}]}<\/script>\n<!-- \/ Yoast SEO plugin. -->","yoast_head_json":{"title":"CDG PR\u00c9VOYANCE (CNRA \/ RCAR) RE\u00c7OIT LE PRIX SP\u00c9CIAL D\u2019EXCELLENCE - MEDIA PLATEFORME | FR","description":"CDG Pr\u00e9voyance, la Branche Pr\u00e9voyance de la Caisse de D\u00e9p\u00f4t et de Gestion, en charge de la gestion de la CNRA et du RCAR, devient l\u2019uniqu","robots":{"index":"index","follow":"follow","max-snippet":"max-snippet:-1","max-image-preview":"max-image-preview:large","max-video-preview":"max-video-preview:-1"},"canonical":"https:\/\/www.mediaplateforme.com\/fr\/cdg-prevoyance-cnra-rcar-recoit-le-prix-special-dexcellence\/","og_locale":"fr_FR","og_type":"article","og_title":"CDG PR\u00c9VOYANCE (CNRA \/ RCAR) RE\u00c7OIT LE PRIX SP\u00c9CIAL D\u2019EXCELLENCE - MEDIA PLATEFORME | FR","og_description":"CDG Pr\u00e9voyance, la Branche Pr\u00e9voyance de la Caisse de D\u00e9p\u00f4t et de Gestion, en charge de la gestion de la CNRA et du RCAR, devient l\u2019uniqu","og_url":"https:\/\/www.mediaplateforme.com\/fr\/cdg-prevoyance-cnra-rcar-recoit-le-prix-special-dexcellence\/","og_site_name":"MEDIA PLATEFORME | FR","article_published_time":"2022-10-25T13:26:33+00:00","og_image":[{"width":952,"height":635,"url":"https:\/\/www.mediaplateforme.com\/fr\/wp-content\/uploads\/sites\/5\/2022\/10\/Photo-remise-des-prix.png","type":"image\/png"}],"author":"Mediaplateforme","twitter_card":"summary_large_image","twitter_misc":{"\u00c9crit par":"Mediaplateforme","Dur\u00e9e de lecture estim\u00e9e":"2 minutes"},"schema":{"@context":"https:\/\/schema.org","@graph":[{"@type":"WebPage","@id":"https:\/\/www.mediaplateforme.com\/fr\/cdg-prevoyance-cnra-rcar-recoit-le-prix-special-dexcellence\/","url":"https:\/\/www.mediaplateforme.com\/fr\/cdg-prevoyance-cnra-rcar-recoit-le-prix-special-dexcellence\/","name":"CDG PR\u00c9VOYANCE (CNRA \/ RCAR) RE\u00c7OIT LE PRIX SP\u00c9CIAL D\u2019EXCELLENCE - MEDIA PLATEFORME | FR","isPartOf":{"@id":"https:\/\/www.mediaplateforme.com\/fr\/#website"},"datePublished":"2022-10-25T13:26:33+00:00","dateModified":"2022-10-25T13:26:33+00:00","author":{"@id":"https:\/\/www.mediaplateforme.com\/fr\/#\/schema\/person\/89833db382b5db2c76b094bc902aa12a"},"description":"CDG Pr\u00e9voyance, la Branche Pr\u00e9voyance de la Caisse de D\u00e9p\u00f4t et de Gestion, en charge de la gestion de la CNRA et du RCAR, devient l\u2019uniqu","breadcrumb":{"@id":"https:\/\/www.mediaplateforme.com\/fr\/cdg-prevoyance-cnra-rcar-recoit-le-prix-special-dexcellence\/#breadcrumb"},"inLanguage":"fr-FR","potentialAction":[{"@type":"ReadAction","target":["https:\/\/www.mediaplateforme.com\/fr\/cdg-prevoyance-cnra-rcar-recoit-le-prix-special-dexcellence\/"]}]},{"@type":"BreadcrumbList","@id":"https:\/\/www.mediaplateforme.com\/fr\/cdg-prevoyance-cnra-rcar-recoit-le-prix-special-dexcellence\/#breadcrumb","itemListElement":[{"@type":"ListItem","position":1,"name":"\u0627\u0644\u0631\u0626\u064a\u0633\u064a\u0629","item":"https:\/\/www.mediaplateforme.com\/fr\/"},{"@type":"ListItem","position":2,"name":"CDG PR\u00c9VOYANCE (CNRA \/ RCAR) RE\u00c7OIT LE PRIX SP\u00c9CIAL D\u2019EXCELLENCE"}]},{"@type":"WebSite","@id":"https:\/\/www.mediaplateforme.com\/fr\/#website","url":"https:\/\/www.mediaplateforme.com\/fr\/","name":"MEDIA PLATEFORME | FR","description":"Mediaplateforme sp\u00e9cialis\u00e9 dans la communication institutions publiques et des entreprises","potentialAction":[{"@type":"SearchAction","target":{"@type":"EntryPoint","urlTemplate":"https:\/\/www.mediaplateforme.com\/fr\/?s={search_term_string}"},"query-input":"required name=search_term_string"}],"inLanguage":"fr-FR"},{"@type":"Person","@id":"https:\/\/www.mediaplateforme.com\/fr\/#\/schema\/person\/89833db382b5db2c76b094bc902aa12a","name":"Mediaplateforme","image":{"@type":"ImageObject","inLanguage":"fr-FR","@id":"https:\/\/www.mediaplateforme.com\/fr\/#\/schema\/person\/image\/","url":"https:\/\/secure.gravatar.com\/avatar\/6c9c02e8928cc65d54bf75157f7b3a2d06d7ad0494ca0951f679552ff03b34c1?s=96&d=mm&r=g","contentUrl":"https:\/\/secure.gravatar.com\/avatar\/6c9c02e8928cc65d54bf75157f7b3a2d06d7ad0494ca0951f679552ff03b34c1?s=96&d=mm&r=g","caption":"Mediaplateforme"},"sameAs":["https:\/\/www.mediaplateforme.com"],"url":"https:\/\/www.mediaplateforme.com\/fr\/author\/mohamedladib\/"}]}},"_links":{"self":[{"href":"https:\/\/www.mediaplateforme.com\/fr\/wp-json\/wp\/v2\/posts\/1391","targetHints":{"allow":["GET"]}}],"collection":[{"href":"https:\/\/www.mediaplateforme.com\/fr\/wp-json\/wp\/v2\/posts"}],"about":[{"href":"https:\/\/www.mediaplateforme.com\/fr\/wp-json\/wp\/v2\/types\/post"}],"author":[{"embeddable":true,"href":"https:\/\/www.mediaplateforme.com\/fr\/wp-json\/wp\/v2\/users\/1"}],"replies":[{"embeddable":true,"href":"https:\/\/www.mediaplateforme.com\/fr\/wp-json\/wp\/v2\/comments?post=1391"}],"version-history":[{"count":1,"href":"https:\/\/www.mediaplateforme.com\/fr\/wp-json\/wp\/v2\/posts\/1391\/revisions"}],"predecessor-version":[{"id":1393,"href":"https:\/\/www.mediaplateforme.com\/fr\/wp-json\/wp\/v2\/posts\/1391\/revisions\/1393"}],"wp:featuredmedia":[{"embeddable":true,"href":"https:\/\/www.mediaplateforme.com\/fr\/wp-json\/wp\/v2\/media\/1392"}],"wp:attachment":[{"href":"https:\/\/www.mediaplateforme.com\/fr\/wp-json\/wp\/v2\/media?parent=1391"}],"wp:term":[{"taxonomy":"category","embeddable":true,"href":"https:\/\/www.mediaplateforme.com\/fr\/wp-json\/wp\/v2\/categories?post=1391"},{"taxonomy":"post_tag","embeddable":true,"href":"https:\/\/www.mediaplateforme.com\/fr\/wp-json\/wp\/v2\/tags?post=1391"}],"curies":[{"name":"wp","href":"https:\/\/api.w.org\/{rel}","templated":true}]}}