{"id":1388,"date":"2022-10-25T14:01:11","date_gmt":"2022-10-25T13:01:11","guid":{"rendered":"https:\/\/www.mediaplateforme.com\/fr\/?p=1388"},"modified":"2022-10-25T14:01:26","modified_gmt":"2022-10-25T13:01:26","slug":"la-maison-de-luxe-balenciaga-signe-exclusivement-avec-le-groupe-aksal-pour-son-arrivee-au-maroc","status":"publish","type":"post","link":"https:\/\/www.mediaplateforme.com\/fr\/la-maison-de-luxe-balenciaga-signe-exclusivement-avec-le-groupe-aksal-pour-son-arrivee-au-maroc\/","title":{"rendered":"La maison de luxe Balenciaga signe exclusivement avec le groupe Aksal pour son arriv\u00e9e au Maroc"},"content":{"rendered":"<p style=\"margin: 0cm; line-height: 19.5pt; background: white;\"><span style=\"font-size: 11.5pt; font-family: 'Segoe UI',sans-serif; color: #2c2f34;\">Fond\u00e9e par l\u2019espagnol Crist\u00f3bal Balenciaga en 1917 et install\u00e9e \u00e0 Paris depuis 1937, la Maison Balenciaga a contribu\u00e9 \u00e0 d\u00e9finir la couture moderne par ses nombreuses innovations formelles et techniques. <\/span><\/p>\n<p style=\"margin: 0cm; line-height: 19.5pt; background: white;\"><span style=\"font-size: 11.5pt; font-family: 'Segoe UI',sans-serif; color: #2c2f34;\">Depuis sa nomination comme directeur artistique en 2015, Demna perp\u00e9tue cette vision originelle dans des collections \u00e0 l\u2019esprit pr\u00e9curseur, qui s\u2019\u00e9tendent d\u00e9sormais au pr\u00eat-\u00e0-porter pour femme et pour homme, ainsi qu\u2019aux accessoires et objets d\u2019art.<\/span><\/p>\n<p style=\"line-height: 19.5pt; background: white; outline: none; box-sizing: border-box; font-variant-ligatures: normal; font-variant-caps: normal; orphans: 2; text-align: start; widows: 2; -webkit-text-stroke-width: 0px; text-decoration-thickness: initial; text-decoration-style: initial; text-decoration-color: initial; word-spacing: 0px; margin: 0cm 0cm 18.75pt 0cm;\"><span style=\"font-size: 11.5pt; font-family: 'Segoe UI',sans-serif; color: #2c2f34;\">Perp\u00e9tuelle avant-gardiste, la marque se distingue par une exploration sans pr\u00e9c\u00e9dent du monde digital, par le d\u00e9veloppement incessant de nouveaux mat\u00e9riaux et par un sens aigu de ses responsabilit\u00e9s soci\u00e9tales. En 2021, Demna a \u00e9galement imagin\u00e9 la cinquanti\u00e8me collection couture de Balenciaga \u2013 la premi\u00e8re depuis que son fondateur quitta l\u2019industrie de la mode en 1968. La Maison renoue ainsi avec ses origines, s\u2019affirmant plus que jamais comme une pionni\u00e8re de l\u2019\u00e9l\u00e9gance contemporaine.<\/span><\/p>\n<p style=\"line-height: 19.5pt; background: white; outline: none; box-sizing: border-box; font-variant-ligatures: normal; font-variant-caps: normal; orphans: 2; text-align: start; widows: 2; -webkit-text-stroke-width: 0px; text-decoration-thickness: initial; text-decoration-style: initial; text-decoration-color: initial; word-spacing: 0px; margin: 0cm 0cm 18.75pt 0cm;\"><span style=\"font-size: 11.5pt; font-family: 'Segoe UI',sans-serif; color: #2c2f34;\">Les Marocains peuvent d\u00e9couvrir les collections Fall-Winter 2022 de la marque \u00e0 Casablanca, au Morocco Mall. La boutique de 220m2, situ\u00e9e dans la zone luxe non loin de Louis Vuitton et Dior, pr\u00e9sente les collections de pr\u00eat- \u00e0-porter, chaussures et accessoires pour femme et homme. L\u2019atmosph\u00e8re de la boutique refl\u00e8te parfaitement l\u2019univers Balenciaga : futuriste, raffin\u00e9 et structur\u00e9.<\/span><\/p>\n<p style=\"line-height: 19.5pt; background: white; outline: none; box-sizing: border-box; font-variant-ligatures: normal; font-variant-caps: normal; orphans: 2; text-align: start; widows: 2; -webkit-text-stroke-width: 0px; text-decoration-thickness: initial; text-decoration-style: initial; text-decoration-color: initial; word-spacing: 0px; margin: 0cm 0cm 18.75pt 0cm;\"><span style=\"font-size: 11.5pt; font-family: 'Segoe UI',sans-serif; color: #2c2f34;\">Avec l\u2019arriv\u00e9e de Balenciaga, le Groupe Aksal continue, \u00e0 travers son P\u00f4le luxe \u2018Aksal Luxury\u2019, d\u2019imprimer son leadership dans la repr\u00e9sentation d\u2019enseignes de renomm\u00e9e mondiale, et de grands noms du luxe. Le savoir- faire et l\u2019expertise de premier plan d\u2019Aksal sont aujourd\u2019hui au service d\u2019un portefeuille de plus d\u2019une vingtaine de marques prestigieuses.<\/span><\/p>\n","protected":false},"excerpt":{"rendered":"<p>Fond\u00e9e par l\u2019espagnol Crist\u00f3bal Balenciaga en 1917 et install\u00e9e \u00e0 Paris depuis 1937, la Maison<\/p>\n","protected":false},"author":1,"featured_media":1389,"comment_status":"open","ping_status":"open","sticky":false,"template":"","format":"standard","meta":{"_acf_changed":false,"footnotes":""},"categories":[7,3],"tags":[460,459,173,18,461],"class_list":["post-1388","post","type-post","status-publish","format-standard","has-post-thumbnail","hentry","category-articles","category-nouvelles-selectionnees","tag-aksal","tag-balenciaga","tag-casablanca","tag-maroc","tag-morocco-mall"],"acf":[],"yoast_head":"<!-- This site is optimized with the Yoast SEO plugin v22.0 - https:\/\/yoast.com\/wordpress\/plugins\/seo\/ -->\n<title>La maison de luxe Balenciaga signe exclusivement avec le groupe Aksal pour son arriv\u00e9e au Maroc - MEDIA PLATEFORME | FR<\/title>\n<meta name=\"description\" content=\"Fond\u00e9e par l\u2019espagnol Crist\u00f3bal Balenciaga en 1917 et install\u00e9e \u00e0 Paris depuis 1937, la Maison Balenciaga a contribu\u00e9 \u00e0 d\u00e9finir la couture\" \/>\n<meta name=\"robots\" content=\"index, follow, max-snippet:-1, max-image-preview:large, max-video-preview:-1\" \/>\n<link rel=\"canonical\" href=\"https:\/\/www.mediaplateforme.com\/fr\/la-maison-de-luxe-balenciaga-signe-exclusivement-avec-le-groupe-aksal-pour-son-arrivee-au-maroc\/\" \/>\n<meta property=\"og:locale\" content=\"fr_FR\" \/>\n<meta property=\"og:type\" content=\"article\" \/>\n<meta property=\"og:title\" content=\"La maison de luxe Balenciaga signe exclusivement avec le groupe Aksal pour son arriv\u00e9e au Maroc - MEDIA PLATEFORME | FR\" \/>\n<meta property=\"og:description\" content=\"Fond\u00e9e par l\u2019espagnol Crist\u00f3bal Balenciaga en 1917 et install\u00e9e \u00e0 Paris depuis 1937, la Maison Balenciaga a contribu\u00e9 \u00e0 d\u00e9finir la couture\" \/>\n<meta property=\"og:url\" content=\"https:\/\/www.mediaplateforme.com\/fr\/la-maison-de-luxe-balenciaga-signe-exclusivement-avec-le-groupe-aksal-pour-son-arrivee-au-maroc\/\" \/>\n<meta property=\"og:site_name\" content=\"MEDIA PLATEFORME | FR\" \/>\n<meta property=\"article:published_time\" content=\"2022-10-25T13:01:11+00:00\" \/>\n<meta property=\"article:modified_time\" content=\"2022-10-25T13:01:26+00:00\" \/>\n<meta property=\"og:image\" content=\"https:\/\/www.mediaplateforme.com\/fr\/wp-content\/uploads\/sites\/5\/2022\/10\/Balenciaga-Morocco-Mall.jpg\" \/>\n\t<meta property=\"og:image:width\" content=\"700\" \/>\n\t<meta property=\"og:image:height\" content=\"467\" \/>\n\t<meta property=\"og:image:type\" content=\"image\/jpeg\" \/>\n<meta name=\"author\" content=\"Mediaplateforme\" \/>\n<meta name=\"twitter:card\" content=\"summary_large_image\" \/>\n<meta name=\"twitter:label1\" content=\"\u00c9crit par\" \/>\n\t<meta name=\"twitter:data1\" content=\"Mediaplateforme\" \/>\n\t<meta name=\"twitter:label2\" content=\"Dur\u00e9e de lecture estim\u00e9e\" \/>\n\t<meta name=\"twitter:data2\" content=\"2 minutes\" \/>\n<script type=\"application\/ld+json\" class=\"yoast-schema-graph\">{\"@context\":\"https:\/\/schema.org\",\"@graph\":[{\"@type\":\"WebPage\",\"@id\":\"https:\/\/www.mediaplateforme.com\/fr\/la-maison-de-luxe-balenciaga-signe-exclusivement-avec-le-groupe-aksal-pour-son-arrivee-au-maroc\/\",\"url\":\"https:\/\/www.mediaplateforme.com\/fr\/la-maison-de-luxe-balenciaga-signe-exclusivement-avec-le-groupe-aksal-pour-son-arrivee-au-maroc\/\",\"name\":\"La maison de luxe Balenciaga signe exclusivement avec le groupe Aksal pour son arriv\u00e9e au Maroc - MEDIA PLATEFORME | FR\",\"isPartOf\":{\"@id\":\"https:\/\/www.mediaplateforme.com\/fr\/#website\"},\"datePublished\":\"2022-10-25T13:01:11+00:00\",\"dateModified\":\"2022-10-25T13:01:26+00:00\",\"author\":{\"@id\":\"https:\/\/www.mediaplateforme.com\/fr\/#\/schema\/person\/89833db382b5db2c76b094bc902aa12a\"},\"description\":\"Fond\u00e9e par l\u2019espagnol Crist\u00f3bal Balenciaga en 1917 et install\u00e9e \u00e0 Paris depuis 1937, la Maison Balenciaga a contribu\u00e9 \u00e0 d\u00e9finir la couture\",\"breadcrumb\":{\"@id\":\"https:\/\/www.mediaplateforme.com\/fr\/la-maison-de-luxe-balenciaga-signe-exclusivement-avec-le-groupe-aksal-pour-son-arrivee-au-maroc\/#breadcrumb\"},\"inLanguage\":\"fr-FR\",\"potentialAction\":[{\"@type\":\"ReadAction\",\"target\":[\"https:\/\/www.mediaplateforme.com\/fr\/la-maison-de-luxe-balenciaga-signe-exclusivement-avec-le-groupe-aksal-pour-son-arrivee-au-maroc\/\"]}]},{\"@type\":\"BreadcrumbList\",\"@id\":\"https:\/\/www.mediaplateforme.com\/fr\/la-maison-de-luxe-balenciaga-signe-exclusivement-avec-le-groupe-aksal-pour-son-arrivee-au-maroc\/#breadcrumb\",\"itemListElement\":[{\"@type\":\"ListItem\",\"position\":1,\"name\":\"\u0627\u0644\u0631\u0626\u064a\u0633\u064a\u0629\",\"item\":\"https:\/\/www.mediaplateforme.com\/fr\/\"},{\"@type\":\"ListItem\",\"position\":2,\"name\":\"La maison de luxe Balenciaga signe exclusivement avec le groupe Aksal pour son arriv\u00e9e au Maroc\"}]},{\"@type\":\"WebSite\",\"@id\":\"https:\/\/www.mediaplateforme.com\/fr\/#website\",\"url\":\"https:\/\/www.mediaplateforme.com\/fr\/\",\"name\":\"MEDIA PLATEFORME | FR\",\"description\":\"Mediaplateforme sp\u00e9cialis\u00e9 dans la communication institutions publiques et des entreprises\",\"potentialAction\":[{\"@type\":\"SearchAction\",\"target\":{\"@type\":\"EntryPoint\",\"urlTemplate\":\"https:\/\/www.mediaplateforme.com\/fr\/?s={search_term_string}\"},\"query-input\":\"required name=search_term_string\"}],\"inLanguage\":\"fr-FR\"},{\"@type\":\"Person\",\"@id\":\"https:\/\/www.mediaplateforme.com\/fr\/#\/schema\/person\/89833db382b5db2c76b094bc902aa12a\",\"name\":\"Mediaplateforme\",\"image\":{\"@type\":\"ImageObject\",\"inLanguage\":\"fr-FR\",\"@id\":\"https:\/\/www.mediaplateforme.com\/fr\/#\/schema\/person\/image\/\",\"url\":\"https:\/\/secure.gravatar.com\/avatar\/6c9c02e8928cc65d54bf75157f7b3a2d06d7ad0494ca0951f679552ff03b34c1?s=96&d=mm&r=g\",\"contentUrl\":\"https:\/\/secure.gravatar.com\/avatar\/6c9c02e8928cc65d54bf75157f7b3a2d06d7ad0494ca0951f679552ff03b34c1?s=96&d=mm&r=g\",\"caption\":\"Mediaplateforme\"},\"sameAs\":[\"https:\/\/www.mediaplateforme.com\"],\"url\":\"https:\/\/www.mediaplateforme.com\/fr\/author\/mohamedladib\/\"}]}<\/script>\n<!-- \/ Yoast SEO plugin. -->","yoast_head_json":{"title":"La maison de luxe Balenciaga signe exclusivement avec le groupe Aksal pour son arriv\u00e9e au Maroc - MEDIA PLATEFORME | FR","description":"Fond\u00e9e par l\u2019espagnol Crist\u00f3bal Balenciaga en 1917 et install\u00e9e \u00e0 Paris depuis 1937, la Maison Balenciaga a contribu\u00e9 \u00e0 d\u00e9finir la couture","robots":{"index":"index","follow":"follow","max-snippet":"max-snippet:-1","max-image-preview":"max-image-preview:large","max-video-preview":"max-video-preview:-1"},"canonical":"https:\/\/www.mediaplateforme.com\/fr\/la-maison-de-luxe-balenciaga-signe-exclusivement-avec-le-groupe-aksal-pour-son-arrivee-au-maroc\/","og_locale":"fr_FR","og_type":"article","og_title":"La maison de luxe Balenciaga signe exclusivement avec le groupe Aksal pour son arriv\u00e9e au Maroc - MEDIA PLATEFORME | FR","og_description":"Fond\u00e9e par l\u2019espagnol Crist\u00f3bal Balenciaga en 1917 et install\u00e9e \u00e0 Paris depuis 1937, la Maison Balenciaga a contribu\u00e9 \u00e0 d\u00e9finir la couture","og_url":"https:\/\/www.mediaplateforme.com\/fr\/la-maison-de-luxe-balenciaga-signe-exclusivement-avec-le-groupe-aksal-pour-son-arrivee-au-maroc\/","og_site_name":"MEDIA PLATEFORME | FR","article_published_time":"2022-10-25T13:01:11+00:00","article_modified_time":"2022-10-25T13:01:26+00:00","og_image":[{"width":700,"height":467,"url":"https:\/\/www.mediaplateforme.com\/fr\/wp-content\/uploads\/sites\/5\/2022\/10\/Balenciaga-Morocco-Mall.jpg","type":"image\/jpeg"}],"author":"Mediaplateforme","twitter_card":"summary_large_image","twitter_misc":{"\u00c9crit par":"Mediaplateforme","Dur\u00e9e de lecture estim\u00e9e":"2 minutes"},"schema":{"@context":"https:\/\/schema.org","@graph":[{"@type":"WebPage","@id":"https:\/\/www.mediaplateforme.com\/fr\/la-maison-de-luxe-balenciaga-signe-exclusivement-avec-le-groupe-aksal-pour-son-arrivee-au-maroc\/","url":"https:\/\/www.mediaplateforme.com\/fr\/la-maison-de-luxe-balenciaga-signe-exclusivement-avec-le-groupe-aksal-pour-son-arrivee-au-maroc\/","name":"La maison de luxe Balenciaga signe exclusivement avec le groupe Aksal pour son arriv\u00e9e au Maroc - MEDIA PLATEFORME | FR","isPartOf":{"@id":"https:\/\/www.mediaplateforme.com\/fr\/#website"},"datePublished":"2022-10-25T13:01:11+00:00","dateModified":"2022-10-25T13:01:26+00:00","author":{"@id":"https:\/\/www.mediaplateforme.com\/fr\/#\/schema\/person\/89833db382b5db2c76b094bc902aa12a"},"description":"Fond\u00e9e par l\u2019espagnol Crist\u00f3bal Balenciaga en 1917 et install\u00e9e \u00e0 Paris depuis 1937, la Maison Balenciaga a contribu\u00e9 \u00e0 d\u00e9finir la couture","breadcrumb":{"@id":"https:\/\/www.mediaplateforme.com\/fr\/la-maison-de-luxe-balenciaga-signe-exclusivement-avec-le-groupe-aksal-pour-son-arrivee-au-maroc\/#breadcrumb"},"inLanguage":"fr-FR","potentialAction":[{"@type":"ReadAction","target":["https:\/\/www.mediaplateforme.com\/fr\/la-maison-de-luxe-balenciaga-signe-exclusivement-avec-le-groupe-aksal-pour-son-arrivee-au-maroc\/"]}]},{"@type":"BreadcrumbList","@id":"https:\/\/www.mediaplateforme.com\/fr\/la-maison-de-luxe-balenciaga-signe-exclusivement-avec-le-groupe-aksal-pour-son-arrivee-au-maroc\/#breadcrumb","itemListElement":[{"@type":"ListItem","position":1,"name":"\u0627\u0644\u0631\u0626\u064a\u0633\u064a\u0629","item":"https:\/\/www.mediaplateforme.com\/fr\/"},{"@type":"ListItem","position":2,"name":"La maison de luxe Balenciaga signe exclusivement avec le groupe Aksal pour son arriv\u00e9e au Maroc"}]},{"@type":"WebSite","@id":"https:\/\/www.mediaplateforme.com\/fr\/#website","url":"https:\/\/www.mediaplateforme.com\/fr\/","name":"MEDIA PLATEFORME | FR","description":"Mediaplateforme sp\u00e9cialis\u00e9 dans la communication institutions publiques et des entreprises","potentialAction":[{"@type":"SearchAction","target":{"@type":"EntryPoint","urlTemplate":"https:\/\/www.mediaplateforme.com\/fr\/?s={search_term_string}"},"query-input":"required name=search_term_string"}],"inLanguage":"fr-FR"},{"@type":"Person","@id":"https:\/\/www.mediaplateforme.com\/fr\/#\/schema\/person\/89833db382b5db2c76b094bc902aa12a","name":"Mediaplateforme","image":{"@type":"ImageObject","inLanguage":"fr-FR","@id":"https:\/\/www.mediaplateforme.com\/fr\/#\/schema\/person\/image\/","url":"https:\/\/secure.gravatar.com\/avatar\/6c9c02e8928cc65d54bf75157f7b3a2d06d7ad0494ca0951f679552ff03b34c1?s=96&d=mm&r=g","contentUrl":"https:\/\/secure.gravatar.com\/avatar\/6c9c02e8928cc65d54bf75157f7b3a2d06d7ad0494ca0951f679552ff03b34c1?s=96&d=mm&r=g","caption":"Mediaplateforme"},"sameAs":["https:\/\/www.mediaplateforme.com"],"url":"https:\/\/www.mediaplateforme.com\/fr\/author\/mohamedladib\/"}]}},"_links":{"self":[{"href":"https:\/\/www.mediaplateforme.com\/fr\/wp-json\/wp\/v2\/posts\/1388","targetHints":{"allow":["GET"]}}],"collection":[{"href":"https:\/\/www.mediaplateforme.com\/fr\/wp-json\/wp\/v2\/posts"}],"about":[{"href":"https:\/\/www.mediaplateforme.com\/fr\/wp-json\/wp\/v2\/types\/post"}],"author":[{"embeddable":true,"href":"https:\/\/www.mediaplateforme.com\/fr\/wp-json\/wp\/v2\/users\/1"}],"replies":[{"embeddable":true,"href":"https:\/\/www.mediaplateforme.com\/fr\/wp-json\/wp\/v2\/comments?post=1388"}],"version-history":[{"count":1,"href":"https:\/\/www.mediaplateforme.com\/fr\/wp-json\/wp\/v2\/posts\/1388\/revisions"}],"predecessor-version":[{"id":1390,"href":"https:\/\/www.mediaplateforme.com\/fr\/wp-json\/wp\/v2\/posts\/1388\/revisions\/1390"}],"wp:featuredmedia":[{"embeddable":true,"href":"https:\/\/www.mediaplateforme.com\/fr\/wp-json\/wp\/v2\/media\/1389"}],"wp:attachment":[{"href":"https:\/\/www.mediaplateforme.com\/fr\/wp-json\/wp\/v2\/media?parent=1388"}],"wp:term":[{"taxonomy":"category","embeddable":true,"href":"https:\/\/www.mediaplateforme.com\/fr\/wp-json\/wp\/v2\/categories?post=1388"},{"taxonomy":"post_tag","embeddable":true,"href":"https:\/\/www.mediaplateforme.com\/fr\/wp-json\/wp\/v2\/tags?post=1388"}],"curies":[{"name":"wp","href":"https:\/\/api.w.org\/{rel}","templated":true}]}}