{"id":1369,"date":"2022-10-24T18:38:56","date_gmt":"2022-10-24T17:38:56","guid":{"rendered":"https:\/\/www.mediaplateforme.com\/fr\/?p=1369"},"modified":"2022-10-24T18:38:56","modified_gmt":"2022-10-24T17:38:56","slug":"le-maroc-partenaire-officiel-du-congres-international-automobilwoche","status":"publish","type":"post","link":"https:\/\/www.mediaplateforme.com\/fr\/le-maroc-partenaire-officiel-du-congres-international-automobilwoche\/","title":{"rendered":"LE MAROC, partenaire officiel du CONGRES INTERNATIONAL \u00ab AUTOMOBILWOCHE \u00bb"},"content":{"rendered":"<p>L\u2019Agence Marocaine de D\u00e9veloppement des Investissements et des Exportations (AMDIE) prendra part, en tant que partenaire officiel, au congr\u00e8s international de l\u2019automobile \u00ab\u00a0Automobilwoche\u00a0\u00bb qui aura lieu \u00e0 Berlin les 25 &amp; 26 Octobre 2022.<\/p>\n<p>&nbsp;<\/p>\n<p>A ce titre, une importante d\u00e9l\u00e9gation marocaine, pr\u00e9sid\u00e9e par M. Mohcine JAZOULI, Ministre D\u00e9l\u00e9gu\u00e9 aupr\u00e8s\u00a0du Chef du Gouvernement charg\u00e9 de l&rsquo;Investissement, de la Convergence et de l&rsquo;\u00c9valuation\u00a0des Politiques Publiques, accompagn\u00e9 du Directeur G\u00e9n\u00e9ral de l\u2019AMDIE, M. Ali SEDDIKI, se rendra \u00e0 ce congr\u00e8s d\u2019envergure, qui repr\u00e9sente la plateforme num\u00e9ro 1 pour les rencontres des d\u00e9cideurs et acteurs de l\u2019industrie automobile du monde entier.<\/p>\n<p>&nbsp;<\/p>\n<p>Cette \u00e9dition de l\u2019Automobilwoche est d\u2019autant plus sp\u00e9ciale qu\u2019elle marque le retour de cet \u00e9v\u00e9nement de premier plan apr\u00e8s deux ann\u00e9es d\u2019absence en raison de la pand\u00e9mie Covid 19.<\/p>\n<p>&nbsp;<\/p>\n<p>Il convient de noter que cet \u00e9v\u00e9nement phare sera marqu\u00e9 par la pr\u00e9sence d\u2019un parterre de personnalit\u00e9s distingu\u00e9es de l\u2019industrie automobile, parmi lesquelles Carlos Tavares, CEO de Stellantis, mais aussi Matt Harrison, Pr\u00e9sident &amp; CEO de Toyota, Clotilde Delbos, Deputy CEO du Groupe Renault et Murat Aksel, Directeur des achats du Groupe Volkswagen.<\/p>\n","protected":false},"excerpt":{"rendered":"<p>L\u2019Agence Marocaine de D\u00e9veloppement des Investissements et des Exportations (AMDIE) prendra part, en tant que<\/p>\n","protected":false},"author":1,"featured_media":1370,"comment_status":"open","ping_status":"open","sticky":false,"template":"","format":"standard","meta":{"_acf_changed":false,"footnotes":""},"categories":[4,3],"tags":[457],"class_list":["post-1369","post","type-post","status-publish","format-standard","has-post-thumbnail","hentry","category-economie","category-nouvelles-selectionnees","tag-automobilwoche"],"acf":[],"yoast_head":"<!-- This site is optimized with the Yoast SEO plugin v22.0 - https:\/\/yoast.com\/wordpress\/plugins\/seo\/ -->\n<title>LE MAROC, partenaire officiel du CONGRES INTERNATIONAL \u00ab AUTOMOBILWOCHE \u00bb - MEDIA PLATEFORME | FR<\/title>\n<meta name=\"description\" content=\"L\u2019Agence Marocaine de D\u00e9veloppement des Investissements et des Exportations prendra part, en tant que partenaire officiel, AUTOMOBILWOCHE \u00a0\" \/>\n<meta name=\"robots\" content=\"index, follow, max-snippet:-1, max-image-preview:large, max-video-preview:-1\" \/>\n<link rel=\"canonical\" href=\"https:\/\/www.mediaplateforme.com\/fr\/le-maroc-partenaire-officiel-du-congres-international-automobilwoche\/\" \/>\n<meta property=\"og:locale\" content=\"fr_FR\" \/>\n<meta property=\"og:type\" content=\"article\" \/>\n<meta property=\"og:title\" content=\"LE MAROC, partenaire officiel du CONGRES INTERNATIONAL \u00ab AUTOMOBILWOCHE \u00bb - MEDIA PLATEFORME | FR\" \/>\n<meta property=\"og:description\" content=\"L\u2019Agence Marocaine de D\u00e9veloppement des Investissements et des Exportations prendra part, en tant que partenaire officiel, AUTOMOBILWOCHE \u00a0\" \/>\n<meta property=\"og:url\" content=\"https:\/\/www.mediaplateforme.com\/fr\/le-maroc-partenaire-officiel-du-congres-international-automobilwoche\/\" \/>\n<meta property=\"og:site_name\" content=\"MEDIA PLATEFORME | FR\" \/>\n<meta property=\"article:published_time\" content=\"2022-10-24T17:38:56+00:00\" \/>\n<meta property=\"og:image\" content=\"https:\/\/www.mediaplateforme.com\/fr\/wp-content\/uploads\/sites\/5\/2022\/10\/AUTOMOBILWOCHE.jpg\" \/>\n\t<meta property=\"og:image:width\" content=\"2048\" \/>\n\t<meta property=\"og:image:height\" content=\"1536\" \/>\n\t<meta property=\"og:image:type\" content=\"image\/jpeg\" \/>\n<meta name=\"author\" content=\"Mediaplateforme\" \/>\n<meta name=\"twitter:card\" content=\"summary_large_image\" \/>\n<meta name=\"twitter:label1\" content=\"\u00c9crit par\" \/>\n\t<meta name=\"twitter:data1\" content=\"Mediaplateforme\" \/>\n\t<meta name=\"twitter:label2\" content=\"Dur\u00e9e de lecture estim\u00e9e\" \/>\n\t<meta name=\"twitter:data2\" content=\"1 minute\" \/>\n<script type=\"application\/ld+json\" class=\"yoast-schema-graph\">{\"@context\":\"https:\/\/schema.org\",\"@graph\":[{\"@type\":\"WebPage\",\"@id\":\"https:\/\/www.mediaplateforme.com\/fr\/le-maroc-partenaire-officiel-du-congres-international-automobilwoche\/\",\"url\":\"https:\/\/www.mediaplateforme.com\/fr\/le-maroc-partenaire-officiel-du-congres-international-automobilwoche\/\",\"name\":\"LE MAROC, partenaire officiel du CONGRES INTERNATIONAL \u00ab AUTOMOBILWOCHE \u00bb - MEDIA PLATEFORME | FR\",\"isPartOf\":{\"@id\":\"https:\/\/www.mediaplateforme.com\/fr\/#website\"},\"datePublished\":\"2022-10-24T17:38:56+00:00\",\"dateModified\":\"2022-10-24T17:38:56+00:00\",\"author\":{\"@id\":\"https:\/\/www.mediaplateforme.com\/fr\/#\/schema\/person\/89833db382b5db2c76b094bc902aa12a\"},\"description\":\"L\u2019Agence Marocaine de D\u00e9veloppement des Investissements et des Exportations prendra part, en tant que partenaire officiel, AUTOMOBILWOCHE \u00a0\",\"breadcrumb\":{\"@id\":\"https:\/\/www.mediaplateforme.com\/fr\/le-maroc-partenaire-officiel-du-congres-international-automobilwoche\/#breadcrumb\"},\"inLanguage\":\"fr-FR\",\"potentialAction\":[{\"@type\":\"ReadAction\",\"target\":[\"https:\/\/www.mediaplateforme.com\/fr\/le-maroc-partenaire-officiel-du-congres-international-automobilwoche\/\"]}]},{\"@type\":\"BreadcrumbList\",\"@id\":\"https:\/\/www.mediaplateforme.com\/fr\/le-maroc-partenaire-officiel-du-congres-international-automobilwoche\/#breadcrumb\",\"itemListElement\":[{\"@type\":\"ListItem\",\"position\":1,\"name\":\"\u0627\u0644\u0631\u0626\u064a\u0633\u064a\u0629\",\"item\":\"https:\/\/www.mediaplateforme.com\/fr\/\"},{\"@type\":\"ListItem\",\"position\":2,\"name\":\"LE MAROC, partenaire officiel du CONGRES INTERNATIONAL \u00ab AUTOMOBILWOCHE \u00bb\"}]},{\"@type\":\"WebSite\",\"@id\":\"https:\/\/www.mediaplateforme.com\/fr\/#website\",\"url\":\"https:\/\/www.mediaplateforme.com\/fr\/\",\"name\":\"MEDIA PLATEFORME | FR\",\"description\":\"Mediaplateforme sp\u00e9cialis\u00e9 dans la communication institutions publiques et des entreprises\",\"potentialAction\":[{\"@type\":\"SearchAction\",\"target\":{\"@type\":\"EntryPoint\",\"urlTemplate\":\"https:\/\/www.mediaplateforme.com\/fr\/?s={search_term_string}\"},\"query-input\":\"required name=search_term_string\"}],\"inLanguage\":\"fr-FR\"},{\"@type\":\"Person\",\"@id\":\"https:\/\/www.mediaplateforme.com\/fr\/#\/schema\/person\/89833db382b5db2c76b094bc902aa12a\",\"name\":\"Mediaplateforme\",\"image\":{\"@type\":\"ImageObject\",\"inLanguage\":\"fr-FR\",\"@id\":\"https:\/\/www.mediaplateforme.com\/fr\/#\/schema\/person\/image\/\",\"url\":\"https:\/\/secure.gravatar.com\/avatar\/6c9c02e8928cc65d54bf75157f7b3a2d06d7ad0494ca0951f679552ff03b34c1?s=96&d=mm&r=g\",\"contentUrl\":\"https:\/\/secure.gravatar.com\/avatar\/6c9c02e8928cc65d54bf75157f7b3a2d06d7ad0494ca0951f679552ff03b34c1?s=96&d=mm&r=g\",\"caption\":\"Mediaplateforme\"},\"sameAs\":[\"https:\/\/www.mediaplateforme.com\"],\"url\":\"https:\/\/www.mediaplateforme.com\/fr\/author\/mohamedladib\/\"}]}<\/script>\n<!-- \/ Yoast SEO plugin. -->","yoast_head_json":{"title":"LE MAROC, partenaire officiel du CONGRES INTERNATIONAL \u00ab AUTOMOBILWOCHE \u00bb - MEDIA PLATEFORME | FR","description":"L\u2019Agence Marocaine de D\u00e9veloppement des Investissements et des Exportations prendra part, en tant que partenaire officiel, AUTOMOBILWOCHE \u00a0","robots":{"index":"index","follow":"follow","max-snippet":"max-snippet:-1","max-image-preview":"max-image-preview:large","max-video-preview":"max-video-preview:-1"},"canonical":"https:\/\/www.mediaplateforme.com\/fr\/le-maroc-partenaire-officiel-du-congres-international-automobilwoche\/","og_locale":"fr_FR","og_type":"article","og_title":"LE MAROC, partenaire officiel du CONGRES INTERNATIONAL \u00ab AUTOMOBILWOCHE \u00bb - MEDIA PLATEFORME | FR","og_description":"L\u2019Agence Marocaine de D\u00e9veloppement des Investissements et des Exportations prendra part, en tant que partenaire officiel, AUTOMOBILWOCHE \u00a0","og_url":"https:\/\/www.mediaplateforme.com\/fr\/le-maroc-partenaire-officiel-du-congres-international-automobilwoche\/","og_site_name":"MEDIA PLATEFORME | FR","article_published_time":"2022-10-24T17:38:56+00:00","og_image":[{"width":2048,"height":1536,"url":"https:\/\/www.mediaplateforme.com\/fr\/wp-content\/uploads\/sites\/5\/2022\/10\/AUTOMOBILWOCHE.jpg","type":"image\/jpeg"}],"author":"Mediaplateforme","twitter_card":"summary_large_image","twitter_misc":{"\u00c9crit par":"Mediaplateforme","Dur\u00e9e de lecture estim\u00e9e":"1 minute"},"schema":{"@context":"https:\/\/schema.org","@graph":[{"@type":"WebPage","@id":"https:\/\/www.mediaplateforme.com\/fr\/le-maroc-partenaire-officiel-du-congres-international-automobilwoche\/","url":"https:\/\/www.mediaplateforme.com\/fr\/le-maroc-partenaire-officiel-du-congres-international-automobilwoche\/","name":"LE MAROC, partenaire officiel du CONGRES INTERNATIONAL \u00ab AUTOMOBILWOCHE \u00bb - MEDIA PLATEFORME | FR","isPartOf":{"@id":"https:\/\/www.mediaplateforme.com\/fr\/#website"},"datePublished":"2022-10-24T17:38:56+00:00","dateModified":"2022-10-24T17:38:56+00:00","author":{"@id":"https:\/\/www.mediaplateforme.com\/fr\/#\/schema\/person\/89833db382b5db2c76b094bc902aa12a"},"description":"L\u2019Agence Marocaine de D\u00e9veloppement des Investissements et des Exportations prendra part, en tant que partenaire officiel, AUTOMOBILWOCHE \u00a0","breadcrumb":{"@id":"https:\/\/www.mediaplateforme.com\/fr\/le-maroc-partenaire-officiel-du-congres-international-automobilwoche\/#breadcrumb"},"inLanguage":"fr-FR","potentialAction":[{"@type":"ReadAction","target":["https:\/\/www.mediaplateforme.com\/fr\/le-maroc-partenaire-officiel-du-congres-international-automobilwoche\/"]}]},{"@type":"BreadcrumbList","@id":"https:\/\/www.mediaplateforme.com\/fr\/le-maroc-partenaire-officiel-du-congres-international-automobilwoche\/#breadcrumb","itemListElement":[{"@type":"ListItem","position":1,"name":"\u0627\u0644\u0631\u0626\u064a\u0633\u064a\u0629","item":"https:\/\/www.mediaplateforme.com\/fr\/"},{"@type":"ListItem","position":2,"name":"LE MAROC, partenaire officiel du CONGRES INTERNATIONAL \u00ab AUTOMOBILWOCHE \u00bb"}]},{"@type":"WebSite","@id":"https:\/\/www.mediaplateforme.com\/fr\/#website","url":"https:\/\/www.mediaplateforme.com\/fr\/","name":"MEDIA PLATEFORME | FR","description":"Mediaplateforme sp\u00e9cialis\u00e9 dans la communication institutions publiques et des entreprises","potentialAction":[{"@type":"SearchAction","target":{"@type":"EntryPoint","urlTemplate":"https:\/\/www.mediaplateforme.com\/fr\/?s={search_term_string}"},"query-input":"required name=search_term_string"}],"inLanguage":"fr-FR"},{"@type":"Person","@id":"https:\/\/www.mediaplateforme.com\/fr\/#\/schema\/person\/89833db382b5db2c76b094bc902aa12a","name":"Mediaplateforme","image":{"@type":"ImageObject","inLanguage":"fr-FR","@id":"https:\/\/www.mediaplateforme.com\/fr\/#\/schema\/person\/image\/","url":"https:\/\/secure.gravatar.com\/avatar\/6c9c02e8928cc65d54bf75157f7b3a2d06d7ad0494ca0951f679552ff03b34c1?s=96&d=mm&r=g","contentUrl":"https:\/\/secure.gravatar.com\/avatar\/6c9c02e8928cc65d54bf75157f7b3a2d06d7ad0494ca0951f679552ff03b34c1?s=96&d=mm&r=g","caption":"Mediaplateforme"},"sameAs":["https:\/\/www.mediaplateforme.com"],"url":"https:\/\/www.mediaplateforme.com\/fr\/author\/mohamedladib\/"}]}},"_links":{"self":[{"href":"https:\/\/www.mediaplateforme.com\/fr\/wp-json\/wp\/v2\/posts\/1369","targetHints":{"allow":["GET"]}}],"collection":[{"href":"https:\/\/www.mediaplateforme.com\/fr\/wp-json\/wp\/v2\/posts"}],"about":[{"href":"https:\/\/www.mediaplateforme.com\/fr\/wp-json\/wp\/v2\/types\/post"}],"author":[{"embeddable":true,"href":"https:\/\/www.mediaplateforme.com\/fr\/wp-json\/wp\/v2\/users\/1"}],"replies":[{"embeddable":true,"href":"https:\/\/www.mediaplateforme.com\/fr\/wp-json\/wp\/v2\/comments?post=1369"}],"version-history":[{"count":1,"href":"https:\/\/www.mediaplateforme.com\/fr\/wp-json\/wp\/v2\/posts\/1369\/revisions"}],"predecessor-version":[{"id":1371,"href":"https:\/\/www.mediaplateforme.com\/fr\/wp-json\/wp\/v2\/posts\/1369\/revisions\/1371"}],"wp:featuredmedia":[{"embeddable":true,"href":"https:\/\/www.mediaplateforme.com\/fr\/wp-json\/wp\/v2\/media\/1370"}],"wp:attachment":[{"href":"https:\/\/www.mediaplateforme.com\/fr\/wp-json\/wp\/v2\/media?parent=1369"}],"wp:term":[{"taxonomy":"category","embeddable":true,"href":"https:\/\/www.mediaplateforme.com\/fr\/wp-json\/wp\/v2\/categories?post=1369"},{"taxonomy":"post_tag","embeddable":true,"href":"https:\/\/www.mediaplateforme.com\/fr\/wp-json\/wp\/v2\/tags?post=1369"}],"curies":[{"name":"wp","href":"https:\/\/api.w.org\/{rel}","templated":true}]}}