{"id":1359,"date":"2022-10-24T18:04:05","date_gmt":"2022-10-24T17:04:05","guid":{"rendered":"https:\/\/www.mediaplateforme.com\/fr\/?p=1359"},"modified":"2022-10-24T18:04:05","modified_gmt":"2022-10-24T17:04:05","slug":"royal-air-maroc-renforce-son-programme-de-vols","status":"publish","type":"post","link":"https:\/\/www.mediaplateforme.com\/fr\/royal-air-maroc-renforce-son-programme-de-vols\/","title":{"rendered":"Royal Air Maroc renforce son programme de vols"},"content":{"rendered":"<p>Depuis la r\u00e9ouverture des fronti\u00e8res et la reprise du trafic durant la saison d\u2019\u00e9t\u00e9 2022, Royal Air Maroc renforce progressivement son programme de vols. A partir de fin octobre, la compagnie lancera deux nouvelles routes a\u00e9riennes (Paris CDG-Marrakech et S\u00e9ville-Tanger-Casablanca) et rouvrira trois lignes suspendues depuis la crise sanitaire du Covid 19 (Tenerife, Porto et Luanda au d\u00e9part de Casablanca).<\/p>\n<p>Renfor\u00e7ant son positionnement sur les lignes touristiques et en tant qu\u2019<a href=\"https:\/\/www.mediaplateforme.com\/fr\/royal-air-maroc-relance-la-ligne-directe-casablanca-doha-en-partenariat-avec-qatar-airways\/\">acteur majeur du secteur<\/a>, Royal Air Maroc reliera, \u00e0 compter du 31 octobre, Paris Charles de Gaulle (CDG) \u00e0 Marrakech \u00e0 raison de trois fr\u00e9quences par semaine (lundi, jeudi et samedi). Le d\u00e9part de l\u2019a\u00e9roport international Marrakech-Menara sera effectu\u00e9 \u00e0 09h15 (heure locale) pour une arriv\u00e9e \u00e0 l\u2019a\u00e9roport CDG \u00e0 12h25 (heure locale). Le d\u00e9part de l\u2019a\u00e9roport Paris CDG sera programm\u00e9 \u00e0 13h25 et l\u2019arriv\u00e9e \u00e0 16h45 \u00e0 Marrakech. Ces vols seront op\u00e9r\u00e9s par des appareils Boeing B737-800 d\u2019une capacit\u00e9 de pr\u00e8s de 160 si\u00e8ges.<\/p>\n<p>Une nouvelle route a\u00e9rienne reliant Casablanca et Tanger \u00e0 S\u00e9ville permettra de satisfaire la demande des touristes espagnols et marocains ainsi que les Marocains r\u00e9sidant en Espagne. Propos\u00e9e \u00e0 des jours et horaires adapt\u00e9s \u00e0 ces client\u00e8les, la ligne sera op\u00e9r\u00e9e, \u00e0 partir du 4 d\u00e9cembre prochain, tous les vendredi et dimanche. Le d\u00e9part sera programm\u00e9 \u00e0 16h15 de l\u2019a\u00e9roport Mohammed V de Casablanca (heure locale) pour une arriv\u00e9e \u00e0 Tanger \u00e0 17h35. Le d\u00e9part de Tanger est pr\u00e9vu \u00e0 18h15 pour une arriv\u00e9e \u00e0 S\u00e9ville \u00e0 19h10 (heure locale). Les vols au d\u00e9part de S\u00e9ville sont pr\u00e9vus \u00e0 19h55 pour une arriv\u00e9e \u00e0 Tanger \u00e0 21h00 et \u00e0 Casablanca \u00e0 23h00 (heure locale).<\/p>\n<p>Par ailleurs, Royal Air Maroc rouvrira \u00e9galement trois lignes suspendues depuis la crise sanitaire du Covid 19. La compagnie r\u00e9tablira ainsi les routes a\u00e9riennes directes \u00e0 partir de Casablanca et \u00e0 destination de Porto, Tenerife et Luanda qui seront lanc\u00e9es \u00e0 compter du 9 d\u00e9cembre prochain.<\/p>\n<p>Royal Air Maroc reprendra ainsi la ligne Casablanca-Tenerife \u00e0 raison de deux fr\u00e9quences par semaine (Jeudi et samedi). Les vols qui seront programm\u00e9s au d\u00e9part de l\u2019a\u00e9roport Mohammed V de Casablanca \u00e0 09h25 (heure locale), pour une arriv\u00e9e \u00e0<\/p>\n<p>&nbsp;<\/p>\n<p>Tenerife \u00e0 11h35 (heure locale). Au d\u00e9part de cette ville touristique des Iles Canaries, les d\u00e9parts se feront \u00e0 12h30 pour une arriv\u00e9e \u00e0 Casablanca \u00e0 16h15.<\/p>\n<p>Le march\u00e9 lusophone est \u00e9galement concern\u00e9 par le renforcement du programme de vols. Royal Air Maroc r\u00e9tablira, \u00e0 partir du 9 d\u00e9cembre 2022, la ligne Casablanca-Porto \u00e0 raison de deux fr\u00e9quences par semaine (Lundi et vendredi) \u00e0 16h15 au d\u00e9part de Casablanca (heure locale) pour arriver \u00e0 Porto \u00e0 16h55 (heure locale). Quant aux vols retour, ils seront programm\u00e9s au d\u00e9part de Porto \u00e0 17h55 pour une arriv\u00e9e \u00e0 Casablanca \u00e0 20h30.<\/p>\n<p>Dans le cadre du renforcement du positionnement de Casablanca en tant hub africain, Royal Air Maroc rouvrira la ligne directe Casablanca-Luanda \u00e0 partir du 9 d\u00e9cembre. Elle sera lanc\u00e9e \u00e0 raison de trois fr\u00e9quences par semaine\u00a0: mercredi, vendredi et dimanche au d\u00e9part de Casablanca et lundi, jeudi et samedi au d\u00e9part de Luanda.<\/p>\n<p>&nbsp;<\/p>\n<p>\u00ab <em>Avec la reprise du trafic, Royal Air Maroc s\u2019engage \u00e0 renforcer son offre pour confirmer son statut d\u2019acteur de r\u00e9f\u00e9rence du tourisme marocain et de compagnie majeure dans notre continent. Nous nous mobilisons ainsi pour consolider notre position sur les grands march\u00e9s \u00e9metteurs de touristes tels la France et l\u2019Espagne et pour appuyer notre ancrage en Afrique o\u00f9 notre r\u00e9seau comprend d\u00e9sormais 27 destinations. Notre engagement se poursuit \u00e9galement aupr\u00e8s des diasporas marocaines et africaines en lan\u00e7ant et en r\u00e9tablissant des lignes directes qui les rapprochent de leurs m\u00e8res-patries\u00a0<\/em>\u00bb, indique M. Hamid ADDOU, Pr\u00e9sident Directeur G\u00e9n\u00e9ral de Royal Air Maroc.<\/p>\n","protected":false},"excerpt":{"rendered":"<p>Depuis la r\u00e9ouverture des fronti\u00e8res et la reprise du trafic durant la saison d\u2019\u00e9t\u00e9 2022,<\/p>\n","protected":false},"author":1,"featured_media":421,"comment_status":"open","ping_status":"open","sticky":false,"template":"","format":"standard","meta":{"_acf_changed":false,"footnotes":""},"categories":[2,3],"tags":[183],"class_list":["post-1359","post","type-post","status-publish","format-standard","has-post-thumbnail","hentry","category-nouvelles","category-nouvelles-selectionnees","tag-royal-air-maroc"],"acf":[],"yoast_head":"<!-- This site is optimized with the Yoast SEO plugin v22.0 - https:\/\/yoast.com\/wordpress\/plugins\/seo\/ -->\n<title>Royal Air Maroc renforce son programme de vols - MEDIA PLATEFORME | FR<\/title>\n<meta name=\"description\" content=\"Depuis la r\u00e9ouverture des fronti\u00e8res et la reprise du trafic durant la saison d\u2019\u00e9t\u00e9 2022, Royal Air Maroc renforce progressivement son\" \/>\n<meta name=\"robots\" content=\"index, follow, max-snippet:-1, max-image-preview:large, max-video-preview:-1\" \/>\n<link rel=\"canonical\" href=\"https:\/\/www.mediaplateforme.com\/fr\/royal-air-maroc-renforce-son-programme-de-vols\/\" \/>\n<meta property=\"og:locale\" content=\"fr_FR\" \/>\n<meta property=\"og:type\" content=\"article\" \/>\n<meta property=\"og:title\" content=\"Royal Air Maroc renforce son programme de vols - MEDIA PLATEFORME | FR\" \/>\n<meta property=\"og:description\" content=\"Depuis la r\u00e9ouverture des fronti\u00e8res et la reprise du trafic durant la saison d\u2019\u00e9t\u00e9 2022, Royal Air Maroc renforce progressivement son\" \/>\n<meta property=\"og:url\" content=\"https:\/\/www.mediaplateforme.com\/fr\/royal-air-maroc-renforce-son-programme-de-vols\/\" \/>\n<meta property=\"og:site_name\" content=\"MEDIA PLATEFORME | FR\" \/>\n<meta property=\"article:published_time\" content=\"2022-10-24T17:04:05+00:00\" \/>\n<meta property=\"og:image\" content=\"https:\/\/www.mediaplateforme.com\/fr\/wp-content\/uploads\/sites\/5\/2022\/07\/Royal-Air-Maroc.jpg\" \/>\n\t<meta property=\"og:image:width\" content=\"640\" \/>\n\t<meta property=\"og:image:height\" content=\"480\" \/>\n\t<meta property=\"og:image:type\" content=\"image\/jpeg\" \/>\n<meta name=\"author\" content=\"Mediaplateforme\" \/>\n<meta name=\"twitter:card\" content=\"summary_large_image\" \/>\n<meta name=\"twitter:label1\" content=\"\u00c9crit par\" \/>\n\t<meta name=\"twitter:data1\" content=\"Mediaplateforme\" \/>\n\t<meta name=\"twitter:label2\" content=\"Dur\u00e9e de lecture estim\u00e9e\" \/>\n\t<meta name=\"twitter:data2\" content=\"4 minutes\" \/>\n<script type=\"application\/ld+json\" class=\"yoast-schema-graph\">{\"@context\":\"https:\/\/schema.org\",\"@graph\":[{\"@type\":\"WebPage\",\"@id\":\"https:\/\/www.mediaplateforme.com\/fr\/royal-air-maroc-renforce-son-programme-de-vols\/\",\"url\":\"https:\/\/www.mediaplateforme.com\/fr\/royal-air-maroc-renforce-son-programme-de-vols\/\",\"name\":\"Royal Air Maroc renforce son programme de vols - MEDIA PLATEFORME | FR\",\"isPartOf\":{\"@id\":\"https:\/\/www.mediaplateforme.com\/fr\/#website\"},\"datePublished\":\"2022-10-24T17:04:05+00:00\",\"dateModified\":\"2022-10-24T17:04:05+00:00\",\"author\":{\"@id\":\"https:\/\/www.mediaplateforme.com\/fr\/#\/schema\/person\/89833db382b5db2c76b094bc902aa12a\"},\"description\":\"Depuis la r\u00e9ouverture des fronti\u00e8res et la reprise du trafic durant la saison d\u2019\u00e9t\u00e9 2022, Royal Air Maroc renforce progressivement son\",\"breadcrumb\":{\"@id\":\"https:\/\/www.mediaplateforme.com\/fr\/royal-air-maroc-renforce-son-programme-de-vols\/#breadcrumb\"},\"inLanguage\":\"fr-FR\",\"potentialAction\":[{\"@type\":\"ReadAction\",\"target\":[\"https:\/\/www.mediaplateforme.com\/fr\/royal-air-maroc-renforce-son-programme-de-vols\/\"]}]},{\"@type\":\"BreadcrumbList\",\"@id\":\"https:\/\/www.mediaplateforme.com\/fr\/royal-air-maroc-renforce-son-programme-de-vols\/#breadcrumb\",\"itemListElement\":[{\"@type\":\"ListItem\",\"position\":1,\"name\":\"\u0627\u0644\u0631\u0626\u064a\u0633\u064a\u0629\",\"item\":\"https:\/\/www.mediaplateforme.com\/fr\/\"},{\"@type\":\"ListItem\",\"position\":2,\"name\":\"Royal Air Maroc renforce son programme de vols\"}]},{\"@type\":\"WebSite\",\"@id\":\"https:\/\/www.mediaplateforme.com\/fr\/#website\",\"url\":\"https:\/\/www.mediaplateforme.com\/fr\/\",\"name\":\"MEDIA PLATEFORME | FR\",\"description\":\"Mediaplateforme sp\u00e9cialis\u00e9 dans la communication institutions publiques et des entreprises\",\"potentialAction\":[{\"@type\":\"SearchAction\",\"target\":{\"@type\":\"EntryPoint\",\"urlTemplate\":\"https:\/\/www.mediaplateforme.com\/fr\/?s={search_term_string}\"},\"query-input\":\"required name=search_term_string\"}],\"inLanguage\":\"fr-FR\"},{\"@type\":\"Person\",\"@id\":\"https:\/\/www.mediaplateforme.com\/fr\/#\/schema\/person\/89833db382b5db2c76b094bc902aa12a\",\"name\":\"Mediaplateforme\",\"image\":{\"@type\":\"ImageObject\",\"inLanguage\":\"fr-FR\",\"@id\":\"https:\/\/www.mediaplateforme.com\/fr\/#\/schema\/person\/image\/\",\"url\":\"https:\/\/secure.gravatar.com\/avatar\/6c9c02e8928cc65d54bf75157f7b3a2d06d7ad0494ca0951f679552ff03b34c1?s=96&d=mm&r=g\",\"contentUrl\":\"https:\/\/secure.gravatar.com\/avatar\/6c9c02e8928cc65d54bf75157f7b3a2d06d7ad0494ca0951f679552ff03b34c1?s=96&d=mm&r=g\",\"caption\":\"Mediaplateforme\"},\"sameAs\":[\"https:\/\/www.mediaplateforme.com\"],\"url\":\"https:\/\/www.mediaplateforme.com\/fr\/author\/mohamedladib\/\"}]}<\/script>\n<!-- \/ Yoast SEO plugin. -->","yoast_head_json":{"title":"Royal Air Maroc renforce son programme de vols - MEDIA PLATEFORME | FR","description":"Depuis la r\u00e9ouverture des fronti\u00e8res et la reprise du trafic durant la saison d\u2019\u00e9t\u00e9 2022, Royal Air Maroc renforce progressivement son","robots":{"index":"index","follow":"follow","max-snippet":"max-snippet:-1","max-image-preview":"max-image-preview:large","max-video-preview":"max-video-preview:-1"},"canonical":"https:\/\/www.mediaplateforme.com\/fr\/royal-air-maroc-renforce-son-programme-de-vols\/","og_locale":"fr_FR","og_type":"article","og_title":"Royal Air Maroc renforce son programme de vols - MEDIA PLATEFORME | FR","og_description":"Depuis la r\u00e9ouverture des fronti\u00e8res et la reprise du trafic durant la saison d\u2019\u00e9t\u00e9 2022, Royal Air Maroc renforce progressivement son","og_url":"https:\/\/www.mediaplateforme.com\/fr\/royal-air-maroc-renforce-son-programme-de-vols\/","og_site_name":"MEDIA PLATEFORME | FR","article_published_time":"2022-10-24T17:04:05+00:00","og_image":[{"width":640,"height":480,"url":"https:\/\/www.mediaplateforme.com\/fr\/wp-content\/uploads\/sites\/5\/2022\/07\/Royal-Air-Maroc.jpg","type":"image\/jpeg"}],"author":"Mediaplateforme","twitter_card":"summary_large_image","twitter_misc":{"\u00c9crit par":"Mediaplateforme","Dur\u00e9e de lecture estim\u00e9e":"4 minutes"},"schema":{"@context":"https:\/\/schema.org","@graph":[{"@type":"WebPage","@id":"https:\/\/www.mediaplateforme.com\/fr\/royal-air-maroc-renforce-son-programme-de-vols\/","url":"https:\/\/www.mediaplateforme.com\/fr\/royal-air-maroc-renforce-son-programme-de-vols\/","name":"Royal Air Maroc renforce son programme de vols - MEDIA PLATEFORME | FR","isPartOf":{"@id":"https:\/\/www.mediaplateforme.com\/fr\/#website"},"datePublished":"2022-10-24T17:04:05+00:00","dateModified":"2022-10-24T17:04:05+00:00","author":{"@id":"https:\/\/www.mediaplateforme.com\/fr\/#\/schema\/person\/89833db382b5db2c76b094bc902aa12a"},"description":"Depuis la r\u00e9ouverture des fronti\u00e8res et la reprise du trafic durant la saison d\u2019\u00e9t\u00e9 2022, Royal Air Maroc renforce progressivement son","breadcrumb":{"@id":"https:\/\/www.mediaplateforme.com\/fr\/royal-air-maroc-renforce-son-programme-de-vols\/#breadcrumb"},"inLanguage":"fr-FR","potentialAction":[{"@type":"ReadAction","target":["https:\/\/www.mediaplateforme.com\/fr\/royal-air-maroc-renforce-son-programme-de-vols\/"]}]},{"@type":"BreadcrumbList","@id":"https:\/\/www.mediaplateforme.com\/fr\/royal-air-maroc-renforce-son-programme-de-vols\/#breadcrumb","itemListElement":[{"@type":"ListItem","position":1,"name":"\u0627\u0644\u0631\u0626\u064a\u0633\u064a\u0629","item":"https:\/\/www.mediaplateforme.com\/fr\/"},{"@type":"ListItem","position":2,"name":"Royal Air Maroc renforce son programme de vols"}]},{"@type":"WebSite","@id":"https:\/\/www.mediaplateforme.com\/fr\/#website","url":"https:\/\/www.mediaplateforme.com\/fr\/","name":"MEDIA PLATEFORME | FR","description":"Mediaplateforme sp\u00e9cialis\u00e9 dans la communication institutions publiques et des entreprises","potentialAction":[{"@type":"SearchAction","target":{"@type":"EntryPoint","urlTemplate":"https:\/\/www.mediaplateforme.com\/fr\/?s={search_term_string}"},"query-input":"required name=search_term_string"}],"inLanguage":"fr-FR"},{"@type":"Person","@id":"https:\/\/www.mediaplateforme.com\/fr\/#\/schema\/person\/89833db382b5db2c76b094bc902aa12a","name":"Mediaplateforme","image":{"@type":"ImageObject","inLanguage":"fr-FR","@id":"https:\/\/www.mediaplateforme.com\/fr\/#\/schema\/person\/image\/","url":"https:\/\/secure.gravatar.com\/avatar\/6c9c02e8928cc65d54bf75157f7b3a2d06d7ad0494ca0951f679552ff03b34c1?s=96&d=mm&r=g","contentUrl":"https:\/\/secure.gravatar.com\/avatar\/6c9c02e8928cc65d54bf75157f7b3a2d06d7ad0494ca0951f679552ff03b34c1?s=96&d=mm&r=g","caption":"Mediaplateforme"},"sameAs":["https:\/\/www.mediaplateforme.com"],"url":"https:\/\/www.mediaplateforme.com\/fr\/author\/mohamedladib\/"}]}},"_links":{"self":[{"href":"https:\/\/www.mediaplateforme.com\/fr\/wp-json\/wp\/v2\/posts\/1359","targetHints":{"allow":["GET"]}}],"collection":[{"href":"https:\/\/www.mediaplateforme.com\/fr\/wp-json\/wp\/v2\/posts"}],"about":[{"href":"https:\/\/www.mediaplateforme.com\/fr\/wp-json\/wp\/v2\/types\/post"}],"author":[{"embeddable":true,"href":"https:\/\/www.mediaplateforme.com\/fr\/wp-json\/wp\/v2\/users\/1"}],"replies":[{"embeddable":true,"href":"https:\/\/www.mediaplateforme.com\/fr\/wp-json\/wp\/v2\/comments?post=1359"}],"version-history":[{"count":1,"href":"https:\/\/www.mediaplateforme.com\/fr\/wp-json\/wp\/v2\/posts\/1359\/revisions"}],"predecessor-version":[{"id":1360,"href":"https:\/\/www.mediaplateforme.com\/fr\/wp-json\/wp\/v2\/posts\/1359\/revisions\/1360"}],"wp:featuredmedia":[{"embeddable":true,"href":"https:\/\/www.mediaplateforme.com\/fr\/wp-json\/wp\/v2\/media\/421"}],"wp:attachment":[{"href":"https:\/\/www.mediaplateforme.com\/fr\/wp-json\/wp\/v2\/media?parent=1359"}],"wp:term":[{"taxonomy":"category","embeddable":true,"href":"https:\/\/www.mediaplateforme.com\/fr\/wp-json\/wp\/v2\/categories?post=1359"},{"taxonomy":"post_tag","embeddable":true,"href":"https:\/\/www.mediaplateforme.com\/fr\/wp-json\/wp\/v2\/tags?post=1359"}],"curies":[{"name":"wp","href":"https:\/\/api.w.org\/{rel}","templated":true}]}}