{"id":1344,"date":"2022-10-21T14:04:49","date_gmt":"2022-10-21T13:04:49","guid":{"rendered":"https:\/\/www.mediaplateforme.com\/fr\/?p=1344"},"modified":"2022-10-21T14:04:49","modified_gmt":"2022-10-21T13:04:49","slug":"casablanca-finance-city-recoit-lalliance-mondiale-des-places-financieres-internationales","status":"publish","type":"post","link":"https:\/\/www.mediaplateforme.com\/fr\/casablanca-finance-city-recoit-lalliance-mondiale-des-places-financieres-internationales\/","title":{"rendered":"Casablanca Finance City re\u00e7oit l\u2019Alliance Mondiale des Places Financi\u00e8res Internationales"},"content":{"rendered":"<div>Une forte d\u00e9l\u00e9gation de repr\u00e9sentants de centres financiers internationaux est pr\u00e9sente cette semaine \u00e0 Casablanca \u00e0 l\u2019occasion de la tenue des assembl\u00e9es g\u00e9n\u00e9rales annuelles du FC4S <a href=\"https:\/\/www.mediaplateforme.com\/fr\/yamed-promotion-devoile-un-projet-de-logement-urbain-inedit-et-innovant-a-casablanca\/\">Financial Centers<\/a> For Sustainability et du WAIFC World Alliance of International Financial Centers.<\/div>\n<div>\nIl s&rsquo;agit d&rsquo;une premi\u00e8re en Afrique qui d\u00e9montre que le Maroc joue un r\u00f4le de passerelle incontournable entre l&rsquo;Europe, l\u2019Asie, l\u2019Am\u00e9rique et l&rsquo;Afrique, et que la capitale des affaires abrite des discussions \u00e0 la pointe de l&rsquo;innovation dans les domaines de la finance internationale et de l&rsquo;investissement durable.<br \/>\nDans le cadre d\u2019un programme dense de visites et tables rondes, la d\u00e9l\u00e9gation a rencontr\u00e9 ce jour, M. Mohcine Jazouli, Ministre d\u00e9l\u00e9gu\u00e9 charg\u00e9 de l&rsquo;Investissement, de la Convergence et de l&rsquo;\u00e9valuation des Politiques publiques. Cette semaine est cl\u00f4tur\u00e9e par la tenue ce vendredi 21 octobre 2022, du Casablanca Sustainable Finance Dialogue (CSFD) organis\u00e9 par Casablanca Finance City (CFC).<\/div>\n<div>\nLe CSFD r\u00e9unira des d\u00e9cideurs et des leaders d&rsquo;opinion internationaux venus discuter du r\u00f4le fondamental des centres financiers internationaux, de l&rsquo;int\u00e9gration de la finance durable et du d\u00e9veloppement de l&rsquo;\u00e9conomie mondiale et de l&rsquo;investissement en Afrique. A quelques semaines de la COP27 qui se tiendra en \u00c9gypte, le CSFD se focalise sur l\u2019impact de la finance durable sur la transformation des perspectives \u00e9conomiques et des perspectives de d\u00e9veloppement durable en Afrique.<\/div>\n","protected":false},"excerpt":{"rendered":"<p>Une forte d\u00e9l\u00e9gation de repr\u00e9sentants de centres financiers internationaux est pr\u00e9sente cette semaine \u00e0 Casablanca<\/p>\n","protected":false},"author":1,"featured_media":1345,"comment_status":"open","ping_status":"open","sticky":false,"template":"","format":"standard","meta":{"_acf_changed":false,"footnotes":""},"categories":[4,3],"tags":[452,451],"class_list":["post-1344","post","type-post","status-publish","format-standard","has-post-thumbnail","hentry","category-economie","category-nouvelles-selectionnees","tag-alliance-mondiale-des-places-financieres-internationales","tag-casablanca-finance-city"],"acf":[],"yoast_head":"<!-- This site is optimized with the Yoast SEO plugin v22.0 - https:\/\/yoast.com\/wordpress\/plugins\/seo\/ -->\n<title>Casablanca Finance City re\u00e7oit l\u2019Alliance Mondiale des Places Financi\u00e8res Internationales - MEDIA PLATEFORME | FR<\/title>\n<meta name=\"description\" content=\"Une forte d\u00e9l\u00e9gation de repr\u00e9sentants de centres financiers internationaux est pr\u00e9sente cette semaine \u00e0 Casablanca \u00e0 l\u2019occasion de la .\" \/>\n<meta name=\"robots\" content=\"index, follow, max-snippet:-1, max-image-preview:large, max-video-preview:-1\" \/>\n<link rel=\"canonical\" href=\"https:\/\/www.mediaplateforme.com\/fr\/casablanca-finance-city-recoit-lalliance-mondiale-des-places-financieres-internationales\/\" \/>\n<meta property=\"og:locale\" content=\"fr_FR\" \/>\n<meta property=\"og:type\" content=\"article\" \/>\n<meta property=\"og:title\" content=\"Casablanca Finance City re\u00e7oit l\u2019Alliance Mondiale des Places Financi\u00e8res Internationales - MEDIA PLATEFORME | FR\" \/>\n<meta property=\"og:description\" content=\"Une forte d\u00e9l\u00e9gation de repr\u00e9sentants de centres financiers internationaux est pr\u00e9sente cette semaine \u00e0 Casablanca \u00e0 l\u2019occasion de la .\" \/>\n<meta property=\"og:url\" content=\"https:\/\/www.mediaplateforme.com\/fr\/casablanca-finance-city-recoit-lalliance-mondiale-des-places-financieres-internationales\/\" \/>\n<meta property=\"og:site_name\" content=\"MEDIA PLATEFORME | FR\" \/>\n<meta property=\"article:published_time\" content=\"2022-10-21T13:04:49+00:00\" \/>\n<meta property=\"og:image\" content=\"https:\/\/www.mediaplateforme.com\/fr\/wp-content\/uploads\/sites\/5\/2022\/10\/WhatsApp-Image-2022-10-21-at-08.44.01.jpeg\" \/>\n\t<meta property=\"og:image:width\" content=\"1280\" \/>\n\t<meta property=\"og:image:height\" content=\"853\" \/>\n\t<meta property=\"og:image:type\" content=\"image\/jpeg\" \/>\n<meta name=\"author\" content=\"Mediaplateforme\" \/>\n<meta name=\"twitter:card\" content=\"summary_large_image\" \/>\n<meta name=\"twitter:label1\" content=\"\u00c9crit par\" \/>\n\t<meta name=\"twitter:data1\" content=\"Mediaplateforme\" \/>\n\t<meta name=\"twitter:label2\" content=\"Dur\u00e9e de lecture estim\u00e9e\" \/>\n\t<meta name=\"twitter:data2\" content=\"2 minutes\" \/>\n<script type=\"application\/ld+json\" class=\"yoast-schema-graph\">{\"@context\":\"https:\/\/schema.org\",\"@graph\":[{\"@type\":\"WebPage\",\"@id\":\"https:\/\/www.mediaplateforme.com\/fr\/casablanca-finance-city-recoit-lalliance-mondiale-des-places-financieres-internationales\/\",\"url\":\"https:\/\/www.mediaplateforme.com\/fr\/casablanca-finance-city-recoit-lalliance-mondiale-des-places-financieres-internationales\/\",\"name\":\"Casablanca Finance City re\u00e7oit l\u2019Alliance Mondiale des Places Financi\u00e8res Internationales - MEDIA PLATEFORME | FR\",\"isPartOf\":{\"@id\":\"https:\/\/www.mediaplateforme.com\/fr\/#website\"},\"datePublished\":\"2022-10-21T13:04:49+00:00\",\"dateModified\":\"2022-10-21T13:04:49+00:00\",\"author\":{\"@id\":\"https:\/\/www.mediaplateforme.com\/fr\/#\/schema\/person\/89833db382b5db2c76b094bc902aa12a\"},\"description\":\"Une forte d\u00e9l\u00e9gation de repr\u00e9sentants de centres financiers internationaux est pr\u00e9sente cette semaine \u00e0 Casablanca \u00e0 l\u2019occasion de la .\",\"breadcrumb\":{\"@id\":\"https:\/\/www.mediaplateforme.com\/fr\/casablanca-finance-city-recoit-lalliance-mondiale-des-places-financieres-internationales\/#breadcrumb\"},\"inLanguage\":\"fr-FR\",\"potentialAction\":[{\"@type\":\"ReadAction\",\"target\":[\"https:\/\/www.mediaplateforme.com\/fr\/casablanca-finance-city-recoit-lalliance-mondiale-des-places-financieres-internationales\/\"]}]},{\"@type\":\"BreadcrumbList\",\"@id\":\"https:\/\/www.mediaplateforme.com\/fr\/casablanca-finance-city-recoit-lalliance-mondiale-des-places-financieres-internationales\/#breadcrumb\",\"itemListElement\":[{\"@type\":\"ListItem\",\"position\":1,\"name\":\"\u0627\u0644\u0631\u0626\u064a\u0633\u064a\u0629\",\"item\":\"https:\/\/www.mediaplateforme.com\/fr\/\"},{\"@type\":\"ListItem\",\"position\":2,\"name\":\"Casablanca Finance City re\u00e7oit l\u2019Alliance Mondiale des Places Financi\u00e8res Internationales\"}]},{\"@type\":\"WebSite\",\"@id\":\"https:\/\/www.mediaplateforme.com\/fr\/#website\",\"url\":\"https:\/\/www.mediaplateforme.com\/fr\/\",\"name\":\"MEDIA PLATEFORME | FR\",\"description\":\"Mediaplateforme sp\u00e9cialis\u00e9 dans la communication institutions publiques et des entreprises\",\"potentialAction\":[{\"@type\":\"SearchAction\",\"target\":{\"@type\":\"EntryPoint\",\"urlTemplate\":\"https:\/\/www.mediaplateforme.com\/fr\/?s={search_term_string}\"},\"query-input\":\"required name=search_term_string\"}],\"inLanguage\":\"fr-FR\"},{\"@type\":\"Person\",\"@id\":\"https:\/\/www.mediaplateforme.com\/fr\/#\/schema\/person\/89833db382b5db2c76b094bc902aa12a\",\"name\":\"Mediaplateforme\",\"image\":{\"@type\":\"ImageObject\",\"inLanguage\":\"fr-FR\",\"@id\":\"https:\/\/www.mediaplateforme.com\/fr\/#\/schema\/person\/image\/\",\"url\":\"https:\/\/secure.gravatar.com\/avatar\/6c9c02e8928cc65d54bf75157f7b3a2d06d7ad0494ca0951f679552ff03b34c1?s=96&d=mm&r=g\",\"contentUrl\":\"https:\/\/secure.gravatar.com\/avatar\/6c9c02e8928cc65d54bf75157f7b3a2d06d7ad0494ca0951f679552ff03b34c1?s=96&d=mm&r=g\",\"caption\":\"Mediaplateforme\"},\"sameAs\":[\"https:\/\/www.mediaplateforme.com\"],\"url\":\"https:\/\/www.mediaplateforme.com\/fr\/author\/mohamedladib\/\"}]}<\/script>\n<!-- \/ Yoast SEO plugin. -->","yoast_head_json":{"title":"Casablanca Finance City re\u00e7oit l\u2019Alliance Mondiale des Places Financi\u00e8res Internationales - MEDIA PLATEFORME | FR","description":"Une forte d\u00e9l\u00e9gation de repr\u00e9sentants de centres financiers internationaux est pr\u00e9sente cette semaine \u00e0 Casablanca \u00e0 l\u2019occasion de la .","robots":{"index":"index","follow":"follow","max-snippet":"max-snippet:-1","max-image-preview":"max-image-preview:large","max-video-preview":"max-video-preview:-1"},"canonical":"https:\/\/www.mediaplateforme.com\/fr\/casablanca-finance-city-recoit-lalliance-mondiale-des-places-financieres-internationales\/","og_locale":"fr_FR","og_type":"article","og_title":"Casablanca Finance City re\u00e7oit l\u2019Alliance Mondiale des Places Financi\u00e8res Internationales - MEDIA PLATEFORME | FR","og_description":"Une forte d\u00e9l\u00e9gation de repr\u00e9sentants de centres financiers internationaux est pr\u00e9sente cette semaine \u00e0 Casablanca \u00e0 l\u2019occasion de la .","og_url":"https:\/\/www.mediaplateforme.com\/fr\/casablanca-finance-city-recoit-lalliance-mondiale-des-places-financieres-internationales\/","og_site_name":"MEDIA PLATEFORME | FR","article_published_time":"2022-10-21T13:04:49+00:00","og_image":[{"width":1280,"height":853,"url":"https:\/\/www.mediaplateforme.com\/fr\/wp-content\/uploads\/sites\/5\/2022\/10\/WhatsApp-Image-2022-10-21-at-08.44.01.jpeg","type":"image\/jpeg"}],"author":"Mediaplateforme","twitter_card":"summary_large_image","twitter_misc":{"\u00c9crit par":"Mediaplateforme","Dur\u00e9e de lecture estim\u00e9e":"2 minutes"},"schema":{"@context":"https:\/\/schema.org","@graph":[{"@type":"WebPage","@id":"https:\/\/www.mediaplateforme.com\/fr\/casablanca-finance-city-recoit-lalliance-mondiale-des-places-financieres-internationales\/","url":"https:\/\/www.mediaplateforme.com\/fr\/casablanca-finance-city-recoit-lalliance-mondiale-des-places-financieres-internationales\/","name":"Casablanca Finance City re\u00e7oit l\u2019Alliance Mondiale des Places Financi\u00e8res Internationales - MEDIA PLATEFORME | FR","isPartOf":{"@id":"https:\/\/www.mediaplateforme.com\/fr\/#website"},"datePublished":"2022-10-21T13:04:49+00:00","dateModified":"2022-10-21T13:04:49+00:00","author":{"@id":"https:\/\/www.mediaplateforme.com\/fr\/#\/schema\/person\/89833db382b5db2c76b094bc902aa12a"},"description":"Une forte d\u00e9l\u00e9gation de repr\u00e9sentants de centres financiers internationaux est pr\u00e9sente cette semaine \u00e0 Casablanca \u00e0 l\u2019occasion de la .","breadcrumb":{"@id":"https:\/\/www.mediaplateforme.com\/fr\/casablanca-finance-city-recoit-lalliance-mondiale-des-places-financieres-internationales\/#breadcrumb"},"inLanguage":"fr-FR","potentialAction":[{"@type":"ReadAction","target":["https:\/\/www.mediaplateforme.com\/fr\/casablanca-finance-city-recoit-lalliance-mondiale-des-places-financieres-internationales\/"]}]},{"@type":"BreadcrumbList","@id":"https:\/\/www.mediaplateforme.com\/fr\/casablanca-finance-city-recoit-lalliance-mondiale-des-places-financieres-internationales\/#breadcrumb","itemListElement":[{"@type":"ListItem","position":1,"name":"\u0627\u0644\u0631\u0626\u064a\u0633\u064a\u0629","item":"https:\/\/www.mediaplateforme.com\/fr\/"},{"@type":"ListItem","position":2,"name":"Casablanca Finance City re\u00e7oit l\u2019Alliance Mondiale des Places Financi\u00e8res Internationales"}]},{"@type":"WebSite","@id":"https:\/\/www.mediaplateforme.com\/fr\/#website","url":"https:\/\/www.mediaplateforme.com\/fr\/","name":"MEDIA PLATEFORME | FR","description":"Mediaplateforme sp\u00e9cialis\u00e9 dans la communication institutions publiques et des entreprises","potentialAction":[{"@type":"SearchAction","target":{"@type":"EntryPoint","urlTemplate":"https:\/\/www.mediaplateforme.com\/fr\/?s={search_term_string}"},"query-input":"required name=search_term_string"}],"inLanguage":"fr-FR"},{"@type":"Person","@id":"https:\/\/www.mediaplateforme.com\/fr\/#\/schema\/person\/89833db382b5db2c76b094bc902aa12a","name":"Mediaplateforme","image":{"@type":"ImageObject","inLanguage":"fr-FR","@id":"https:\/\/www.mediaplateforme.com\/fr\/#\/schema\/person\/image\/","url":"https:\/\/secure.gravatar.com\/avatar\/6c9c02e8928cc65d54bf75157f7b3a2d06d7ad0494ca0951f679552ff03b34c1?s=96&d=mm&r=g","contentUrl":"https:\/\/secure.gravatar.com\/avatar\/6c9c02e8928cc65d54bf75157f7b3a2d06d7ad0494ca0951f679552ff03b34c1?s=96&d=mm&r=g","caption":"Mediaplateforme"},"sameAs":["https:\/\/www.mediaplateforme.com"],"url":"https:\/\/www.mediaplateforme.com\/fr\/author\/mohamedladib\/"}]}},"_links":{"self":[{"href":"https:\/\/www.mediaplateforme.com\/fr\/wp-json\/wp\/v2\/posts\/1344","targetHints":{"allow":["GET"]}}],"collection":[{"href":"https:\/\/www.mediaplateforme.com\/fr\/wp-json\/wp\/v2\/posts"}],"about":[{"href":"https:\/\/www.mediaplateforme.com\/fr\/wp-json\/wp\/v2\/types\/post"}],"author":[{"embeddable":true,"href":"https:\/\/www.mediaplateforme.com\/fr\/wp-json\/wp\/v2\/users\/1"}],"replies":[{"embeddable":true,"href":"https:\/\/www.mediaplateforme.com\/fr\/wp-json\/wp\/v2\/comments?post=1344"}],"version-history":[{"count":1,"href":"https:\/\/www.mediaplateforme.com\/fr\/wp-json\/wp\/v2\/posts\/1344\/revisions"}],"predecessor-version":[{"id":1346,"href":"https:\/\/www.mediaplateforme.com\/fr\/wp-json\/wp\/v2\/posts\/1344\/revisions\/1346"}],"wp:featuredmedia":[{"embeddable":true,"href":"https:\/\/www.mediaplateforme.com\/fr\/wp-json\/wp\/v2\/media\/1345"}],"wp:attachment":[{"href":"https:\/\/www.mediaplateforme.com\/fr\/wp-json\/wp\/v2\/media?parent=1344"}],"wp:term":[{"taxonomy":"category","embeddable":true,"href":"https:\/\/www.mediaplateforme.com\/fr\/wp-json\/wp\/v2\/categories?post=1344"},{"taxonomy":"post_tag","embeddable":true,"href":"https:\/\/www.mediaplateforme.com\/fr\/wp-json\/wp\/v2\/tags?post=1344"}],"curies":[{"name":"wp","href":"https:\/\/api.w.org\/{rel}","templated":true}]}}