{"id":1335,"date":"2022-10-21T13:43:05","date_gmt":"2022-10-21T12:43:05","guid":{"rendered":"https:\/\/www.mediaplateforme.com\/fr\/?p=1335"},"modified":"2022-10-21T13:43:05","modified_gmt":"2022-10-21T12:43:05","slug":"les-young-moroccan-architecture-awards-revelent-leurs-nomines","status":"publish","type":"post","link":"https:\/\/www.mediaplateforme.com\/fr\/les-young-moroccan-architecture-awards-revelent-leurs-nomines\/","title":{"rendered":"Les Young Moroccan Architecture Awards r\u00e9v\u00e8lent leurs nomin\u00e9s"},"content":{"rendered":"<p style=\"font-weight: 400;\">Les\u00a0<strong>YOUNG MOROCCAN ARCHITECTURE AWARDS (YMAA),<\/strong>\u00a0premiers awards d\u2019architecture au Maroc, en Afrique et dans la r\u00e9gion MENA r\u00e9compensant les projets de la g\u00e9n\u00e9ration montante d\u2019architectes, ont lev\u00e9 le voile, le jeudi 20 octobre 2022 sur les r\u00e9alisations nomin\u00e9es. Une c\u00e9r\u00e9monie de r\u00e9v\u00e9lation des projets et de leurs architectes a \u00e9t\u00e9 organis\u00e9e lors d\u2019une soir\u00e9e ambianc\u00e9e au Park Expo &#8211; Anfa Park. Au total 21 cat\u00e9gories ont \u00e9t\u00e9 mises \u00e0 l\u2019honneur lors de cette toute premi\u00e8re \u00e9dition.<\/p>\n<p style=\"font-weight: 400;\">\n<p style=\"font-weight: 400;\">Fond\u00e9 par le Groupe Archimedia,\u00a0<strong>les Young Moroccan Architecture Awards (YMAA)\u00a0<\/strong>est une comp\u00e9tition nationale d\u2019envergure internationale qui vise \u00e0 mettre en lumi\u00e8re les r\u00e9alisations architecturales majeures de typologies diverses, petites et grandes con\u00e7ues pas de jeunes architectes du Maroc.<\/p>\n<p style=\"font-weight: 400;\">Avec plus d\u2019une centaine de candidatures re\u00e7ues, 80 remarquables projets ont \u00e9t\u00e9 nomin\u00e9s pour leurs qualit\u00e9s architecturales et urbanistiques. Plus d\u2019une trentaine d\u2019architectes de renom ont \u00e9t\u00e9 mis en lumi\u00e8re lors de cette soir\u00e9e et leurs r\u00e9alisations r\u00e9v\u00e9l\u00e9s au public.<\/p>\n<p style=\"font-weight: 400;\">En sus de ces awards,\u00a0<strong>3 prix\u00a0<\/strong>seront allou\u00e9s aux projets selon les distinctions\u00a0: b\u00e2timent de l\u2019ann\u00e9e, coup de c\u0153ur du public et prix Archimedia. La mise en lumi\u00e8re des \u00e9tudiants architectes brillants sera aussi de rigueur avec le meilleur PFE f\u00e9minin et le meilleur PFE masculin.<\/p>\n<p style=\"font-weight: 400;\">\n<h4 style=\"font-weight: 400;\"><strong><em>Un enchev\u00eatrement de cat\u00e9gories aussi diverses que vari\u00e9es<\/em><\/strong><\/h4>\n<p style=\"font-weight: 400;\">Un patchwork de cat\u00e9gories englobant diff\u00e9rents domaines de l\u2019architecture a \u00e9t\u00e9 mis en avant dans cette \u00e9dition. Allant de l\u2019intervention en m\u00e9dina jusqu\u2019aux espaces gastronomique en passant par la sant\u00e9 et l\u2019enseignement ou encore le retail et l\u2019architecture commerciale. Les projets s\u00e9lectionn\u00e9s \u00e9manent d\u2019une nouvelle g\u00e9n\u00e9ration d\u2019architectes qui regorge d\u2019imagination, de ma\u00eetrise d\u2019\u0153uvre et d\u2019inventivit\u00e9.<\/p>\n<p style=\"font-weight: 400;\">\n<h4 style=\"font-weight: 400;\"><strong><em>Lumi\u00e8re sur le patrimoine<\/em><\/strong><\/h4>\n<p style=\"font-weight: 400;\">En tant que civilisation riche\u00a0en histoire, l\u2019architecture du patrimoine est mise en lumi\u00e8re dans cette \u00e9dition avec une cat\u00e9gorie d\u00e9di\u00e9e aux interventions en m\u00e9dina. Cette derni\u00e8re\u00a0int\u00e8gre toute construction, r\u00e9novation ou r\u00e9habilitation intervenant dans les tissus anciens des centres historiques comme les m\u00e9dinas ou les Kasbahs.<\/p>\n<p style=\"font-weight: 400;\">\n<h4 style=\"font-weight: 400;\"><strong><em>Ode au b\u00e9ton<\/em><\/strong><\/h4>\n<p style=\"font-weight: 400;\">Un hommage est aussi rendu au grand architecte Jean-Fran\u00e7ois Zevaco \u00e0 travers la cat\u00e9gorie \u00ab\u00a0Prix Zevaco\u00a0\u00bb. Cette derni\u00e8re int\u00e8gre les\u00a0b\u00e2timents\u00a0faisant usage du b\u00e9ton, quelle que soit leur nature dans un usage esth\u00e9tique ou structurel.<\/p>\n<p style=\"font-weight: 400;\">\n<h4 style=\"font-weight: 400;\"><strong><em>Des partenaires de renoms<\/em><\/strong><\/h4>\n<p style=\"font-weight: 400;\">La comp\u00e9tition<strong>\u00a0Young Moroccan Architecture Awards\u00a0<\/strong>est soutenue par des partenaires de renoms. Allant de partenaires institutionnels tels que l&rsquo;Universit\u00e0 Degli Studi di Firenze en Italie, premi\u00e8re universit\u00e9 d\u2019architecture au monde, l\u2019UNESCO, jusqu\u2019aux partenaires m\u00e9dias internationaux et nationaux \u00e0 l\u2019image de la revue \u2018A\u2019A\u2019, d\u2019a, Muuuz ou encore 2MTV et Le Matin.<\/p>\n","protected":false},"excerpt":{"rendered":"<p>Les\u00a0YOUNG MOROCCAN ARCHITECTURE AWARDS (YMAA),\u00a0premiers awards d\u2019architecture au Maroc, en Afrique et dans la r\u00e9gion<\/p>\n","protected":false},"author":1,"featured_media":1336,"comment_status":"open","ping_status":"open","sticky":false,"template":"","format":"standard","meta":{"_acf_changed":false,"footnotes":""},"categories":[7,3],"tags":[448],"class_list":["post-1335","post","type-post","status-publish","format-standard","has-post-thumbnail","hentry","category-articles","category-nouvelles-selectionnees","tag-young-moroccan-architecture-awards"],"acf":[],"yoast_head":"<!-- This site is optimized with the Yoast SEO plugin v22.0 - https:\/\/yoast.com\/wordpress\/plugins\/seo\/ -->\n<title>Les Young Moroccan Architecture Awards r\u00e9v\u00e8lent leurs nomin\u00e9s - MEDIA PLATEFORME | FR<\/title>\n<meta name=\"description\" content=\"Les\u00a0YOUNG MOROCCAN ARCHITECTURE AWARDS (YMAA),\u00a0premiers awards d\u2019architecture au Maroc, en Afrique et dans la r\u00e9gion MENA r\u00e9compensant .\" \/>\n<meta name=\"robots\" content=\"index, follow, max-snippet:-1, max-image-preview:large, max-video-preview:-1\" \/>\n<link rel=\"canonical\" href=\"https:\/\/www.mediaplateforme.com\/fr\/les-young-moroccan-architecture-awards-revelent-leurs-nomines\/\" \/>\n<meta property=\"og:locale\" content=\"fr_FR\" \/>\n<meta property=\"og:type\" content=\"article\" \/>\n<meta property=\"og:title\" content=\"Les Young Moroccan Architecture Awards r\u00e9v\u00e8lent leurs nomin\u00e9s - MEDIA PLATEFORME | FR\" \/>\n<meta property=\"og:description\" content=\"Les\u00a0YOUNG MOROCCAN ARCHITECTURE AWARDS (YMAA),\u00a0premiers awards d\u2019architecture au Maroc, en Afrique et dans la r\u00e9gion MENA r\u00e9compensant .\" \/>\n<meta property=\"og:url\" content=\"https:\/\/www.mediaplateforme.com\/fr\/les-young-moroccan-architecture-awards-revelent-leurs-nomines\/\" \/>\n<meta property=\"og:site_name\" content=\"MEDIA PLATEFORME | FR\" \/>\n<meta property=\"article:published_time\" content=\"2022-10-21T12:43:05+00:00\" \/>\n<meta property=\"og:image\" content=\"https:\/\/www.mediaplateforme.com\/fr\/wp-content\/uploads\/sites\/5\/2022\/10\/Emirates-Skywards-rings-in-the-festive-season-with-thousands-of-Miles-on-offer-1.jpeg\" \/>\n\t<meta property=\"og:image:width\" content=\"1800\" \/>\n\t<meta property=\"og:image:height\" content=\"1200\" \/>\n\t<meta property=\"og:image:type\" content=\"image\/jpeg\" \/>\n<meta name=\"author\" content=\"Mediaplateforme\" \/>\n<meta name=\"twitter:card\" content=\"summary_large_image\" \/>\n<meta name=\"twitter:label1\" content=\"\u00c9crit par\" \/>\n\t<meta name=\"twitter:data1\" content=\"Mediaplateforme\" \/>\n\t<meta name=\"twitter:label2\" content=\"Dur\u00e9e de lecture estim\u00e9e\" \/>\n\t<meta name=\"twitter:data2\" content=\"3 minutes\" \/>\n<script type=\"application\/ld+json\" class=\"yoast-schema-graph\">{\"@context\":\"https:\/\/schema.org\",\"@graph\":[{\"@type\":\"WebPage\",\"@id\":\"https:\/\/www.mediaplateforme.com\/fr\/les-young-moroccan-architecture-awards-revelent-leurs-nomines\/\",\"url\":\"https:\/\/www.mediaplateforme.com\/fr\/les-young-moroccan-architecture-awards-revelent-leurs-nomines\/\",\"name\":\"Les Young Moroccan Architecture Awards r\u00e9v\u00e8lent leurs nomin\u00e9s - MEDIA PLATEFORME | FR\",\"isPartOf\":{\"@id\":\"https:\/\/www.mediaplateforme.com\/fr\/#website\"},\"datePublished\":\"2022-10-21T12:43:05+00:00\",\"dateModified\":\"2022-10-21T12:43:05+00:00\",\"author\":{\"@id\":\"https:\/\/www.mediaplateforme.com\/fr\/#\/schema\/person\/89833db382b5db2c76b094bc902aa12a\"},\"description\":\"Les\u00a0YOUNG MOROCCAN ARCHITECTURE AWARDS (YMAA),\u00a0premiers awards d\u2019architecture au Maroc, en Afrique et dans la r\u00e9gion MENA r\u00e9compensant .\",\"breadcrumb\":{\"@id\":\"https:\/\/www.mediaplateforme.com\/fr\/les-young-moroccan-architecture-awards-revelent-leurs-nomines\/#breadcrumb\"},\"inLanguage\":\"fr-FR\",\"potentialAction\":[{\"@type\":\"ReadAction\",\"target\":[\"https:\/\/www.mediaplateforme.com\/fr\/les-young-moroccan-architecture-awards-revelent-leurs-nomines\/\"]}]},{\"@type\":\"BreadcrumbList\",\"@id\":\"https:\/\/www.mediaplateforme.com\/fr\/les-young-moroccan-architecture-awards-revelent-leurs-nomines\/#breadcrumb\",\"itemListElement\":[{\"@type\":\"ListItem\",\"position\":1,\"name\":\"\u0627\u0644\u0631\u0626\u064a\u0633\u064a\u0629\",\"item\":\"https:\/\/www.mediaplateforme.com\/fr\/\"},{\"@type\":\"ListItem\",\"position\":2,\"name\":\"Les Young Moroccan Architecture Awards r\u00e9v\u00e8lent leurs nomin\u00e9s\"}]},{\"@type\":\"WebSite\",\"@id\":\"https:\/\/www.mediaplateforme.com\/fr\/#website\",\"url\":\"https:\/\/www.mediaplateforme.com\/fr\/\",\"name\":\"MEDIA PLATEFORME | FR\",\"description\":\"Mediaplateforme sp\u00e9cialis\u00e9 dans la communication institutions publiques et des entreprises\",\"potentialAction\":[{\"@type\":\"SearchAction\",\"target\":{\"@type\":\"EntryPoint\",\"urlTemplate\":\"https:\/\/www.mediaplateforme.com\/fr\/?s={search_term_string}\"},\"query-input\":\"required name=search_term_string\"}],\"inLanguage\":\"fr-FR\"},{\"@type\":\"Person\",\"@id\":\"https:\/\/www.mediaplateforme.com\/fr\/#\/schema\/person\/89833db382b5db2c76b094bc902aa12a\",\"name\":\"Mediaplateforme\",\"image\":{\"@type\":\"ImageObject\",\"inLanguage\":\"fr-FR\",\"@id\":\"https:\/\/www.mediaplateforme.com\/fr\/#\/schema\/person\/image\/\",\"url\":\"https:\/\/secure.gravatar.com\/avatar\/6c9c02e8928cc65d54bf75157f7b3a2d06d7ad0494ca0951f679552ff03b34c1?s=96&d=mm&r=g\",\"contentUrl\":\"https:\/\/secure.gravatar.com\/avatar\/6c9c02e8928cc65d54bf75157f7b3a2d06d7ad0494ca0951f679552ff03b34c1?s=96&d=mm&r=g\",\"caption\":\"Mediaplateforme\"},\"sameAs\":[\"https:\/\/www.mediaplateforme.com\"],\"url\":\"https:\/\/www.mediaplateforme.com\/fr\/author\/mohamedladib\/\"}]}<\/script>\n<!-- \/ Yoast SEO plugin. -->","yoast_head_json":{"title":"Les Young Moroccan Architecture Awards r\u00e9v\u00e8lent leurs nomin\u00e9s - MEDIA PLATEFORME | FR","description":"Les\u00a0YOUNG MOROCCAN ARCHITECTURE AWARDS (YMAA),\u00a0premiers awards d\u2019architecture au Maroc, en Afrique et dans la r\u00e9gion MENA r\u00e9compensant .","robots":{"index":"index","follow":"follow","max-snippet":"max-snippet:-1","max-image-preview":"max-image-preview:large","max-video-preview":"max-video-preview:-1"},"canonical":"https:\/\/www.mediaplateforme.com\/fr\/les-young-moroccan-architecture-awards-revelent-leurs-nomines\/","og_locale":"fr_FR","og_type":"article","og_title":"Les Young Moroccan Architecture Awards r\u00e9v\u00e8lent leurs nomin\u00e9s - MEDIA PLATEFORME | FR","og_description":"Les\u00a0YOUNG MOROCCAN ARCHITECTURE AWARDS (YMAA),\u00a0premiers awards d\u2019architecture au Maroc, en Afrique et dans la r\u00e9gion MENA r\u00e9compensant .","og_url":"https:\/\/www.mediaplateforme.com\/fr\/les-young-moroccan-architecture-awards-revelent-leurs-nomines\/","og_site_name":"MEDIA PLATEFORME | FR","article_published_time":"2022-10-21T12:43:05+00:00","og_image":[{"width":1800,"height":1200,"url":"https:\/\/www.mediaplateforme.com\/fr\/wp-content\/uploads\/sites\/5\/2022\/10\/Emirates-Skywards-rings-in-the-festive-season-with-thousands-of-Miles-on-offer-1.jpeg","type":"image\/jpeg"}],"author":"Mediaplateforme","twitter_card":"summary_large_image","twitter_misc":{"\u00c9crit par":"Mediaplateforme","Dur\u00e9e de lecture estim\u00e9e":"3 minutes"},"schema":{"@context":"https:\/\/schema.org","@graph":[{"@type":"WebPage","@id":"https:\/\/www.mediaplateforme.com\/fr\/les-young-moroccan-architecture-awards-revelent-leurs-nomines\/","url":"https:\/\/www.mediaplateforme.com\/fr\/les-young-moroccan-architecture-awards-revelent-leurs-nomines\/","name":"Les Young Moroccan Architecture Awards r\u00e9v\u00e8lent leurs nomin\u00e9s - MEDIA PLATEFORME | FR","isPartOf":{"@id":"https:\/\/www.mediaplateforme.com\/fr\/#website"},"datePublished":"2022-10-21T12:43:05+00:00","dateModified":"2022-10-21T12:43:05+00:00","author":{"@id":"https:\/\/www.mediaplateforme.com\/fr\/#\/schema\/person\/89833db382b5db2c76b094bc902aa12a"},"description":"Les\u00a0YOUNG MOROCCAN ARCHITECTURE AWARDS (YMAA),\u00a0premiers awards d\u2019architecture au Maroc, en Afrique et dans la r\u00e9gion MENA r\u00e9compensant .","breadcrumb":{"@id":"https:\/\/www.mediaplateforme.com\/fr\/les-young-moroccan-architecture-awards-revelent-leurs-nomines\/#breadcrumb"},"inLanguage":"fr-FR","potentialAction":[{"@type":"ReadAction","target":["https:\/\/www.mediaplateforme.com\/fr\/les-young-moroccan-architecture-awards-revelent-leurs-nomines\/"]}]},{"@type":"BreadcrumbList","@id":"https:\/\/www.mediaplateforme.com\/fr\/les-young-moroccan-architecture-awards-revelent-leurs-nomines\/#breadcrumb","itemListElement":[{"@type":"ListItem","position":1,"name":"\u0627\u0644\u0631\u0626\u064a\u0633\u064a\u0629","item":"https:\/\/www.mediaplateforme.com\/fr\/"},{"@type":"ListItem","position":2,"name":"Les Young Moroccan Architecture Awards r\u00e9v\u00e8lent leurs nomin\u00e9s"}]},{"@type":"WebSite","@id":"https:\/\/www.mediaplateforme.com\/fr\/#website","url":"https:\/\/www.mediaplateforme.com\/fr\/","name":"MEDIA PLATEFORME | FR","description":"Mediaplateforme sp\u00e9cialis\u00e9 dans la communication institutions publiques et des entreprises","potentialAction":[{"@type":"SearchAction","target":{"@type":"EntryPoint","urlTemplate":"https:\/\/www.mediaplateforme.com\/fr\/?s={search_term_string}"},"query-input":"required name=search_term_string"}],"inLanguage":"fr-FR"},{"@type":"Person","@id":"https:\/\/www.mediaplateforme.com\/fr\/#\/schema\/person\/89833db382b5db2c76b094bc902aa12a","name":"Mediaplateforme","image":{"@type":"ImageObject","inLanguage":"fr-FR","@id":"https:\/\/www.mediaplateforme.com\/fr\/#\/schema\/person\/image\/","url":"https:\/\/secure.gravatar.com\/avatar\/6c9c02e8928cc65d54bf75157f7b3a2d06d7ad0494ca0951f679552ff03b34c1?s=96&d=mm&r=g","contentUrl":"https:\/\/secure.gravatar.com\/avatar\/6c9c02e8928cc65d54bf75157f7b3a2d06d7ad0494ca0951f679552ff03b34c1?s=96&d=mm&r=g","caption":"Mediaplateforme"},"sameAs":["https:\/\/www.mediaplateforme.com"],"url":"https:\/\/www.mediaplateforme.com\/fr\/author\/mohamedladib\/"}]}},"_links":{"self":[{"href":"https:\/\/www.mediaplateforme.com\/fr\/wp-json\/wp\/v2\/posts\/1335","targetHints":{"allow":["GET"]}}],"collection":[{"href":"https:\/\/www.mediaplateforme.com\/fr\/wp-json\/wp\/v2\/posts"}],"about":[{"href":"https:\/\/www.mediaplateforme.com\/fr\/wp-json\/wp\/v2\/types\/post"}],"author":[{"embeddable":true,"href":"https:\/\/www.mediaplateforme.com\/fr\/wp-json\/wp\/v2\/users\/1"}],"replies":[{"embeddable":true,"href":"https:\/\/www.mediaplateforme.com\/fr\/wp-json\/wp\/v2\/comments?post=1335"}],"version-history":[{"count":1,"href":"https:\/\/www.mediaplateforme.com\/fr\/wp-json\/wp\/v2\/posts\/1335\/revisions"}],"predecessor-version":[{"id":1337,"href":"https:\/\/www.mediaplateforme.com\/fr\/wp-json\/wp\/v2\/posts\/1335\/revisions\/1337"}],"wp:featuredmedia":[{"embeddable":true,"href":"https:\/\/www.mediaplateforme.com\/fr\/wp-json\/wp\/v2\/media\/1336"}],"wp:attachment":[{"href":"https:\/\/www.mediaplateforme.com\/fr\/wp-json\/wp\/v2\/media?parent=1335"}],"wp:term":[{"taxonomy":"category","embeddable":true,"href":"https:\/\/www.mediaplateforme.com\/fr\/wp-json\/wp\/v2\/categories?post=1335"},{"taxonomy":"post_tag","embeddable":true,"href":"https:\/\/www.mediaplateforme.com\/fr\/wp-json\/wp\/v2\/tags?post=1335"}],"curies":[{"name":"wp","href":"https:\/\/api.w.org\/{rel}","templated":true}]}}