{"id":1328,"date":"2022-10-21T13:25:14","date_gmt":"2022-10-21T12:25:14","guid":{"rendered":"https:\/\/www.mediaplateforme.com\/fr\/?p=1328"},"modified":"2022-10-21T13:25:14","modified_gmt":"2022-10-21T12:25:14","slug":"renforcer-lautonomisation-des-femmes-entrepreneurs-au-maroc-grace-au-projet-shetrades-maroc","status":"publish","type":"post","link":"https:\/\/www.mediaplateforme.com\/fr\/renforcer-lautonomisation-des-femmes-entrepreneurs-au-maroc-grace-au-projet-shetrades-maroc\/","title":{"rendered":"Renforcer l\u2019autonomisation des femmes entrepreneurs au Maroc gr\u00e2ce au projet SheTrades  Maroc"},"content":{"rendered":"<p>Vingt-cinq petites et moyennes entreprises et coop\u00e9ratives du Maroc ont eu l&rsquo;opportunit\u00e9 de renforcer leurs capacit\u00e9s en termes de gestion de la qualit\u00e9 et de normes de s\u00e9curit\u00e9 alimentaire, de strat\u00e9gie marketing y compris le marketing digital, gr\u00e2ce au soutien du projet SheTrades Maroc.<\/p>\n<p>Lanc\u00e9 au Maroc en septembre 2020 par le Centre du commerce international, le<a href=\"https:\/\/www.mediaplateforme.com\/fr\/banque-de-projets-un-engouement-grandissant-et-de-nouvelles-opportunites-dinvestissement-industriel\/\"> Minist\u00e8re de l&rsquo;Industrie et du Commerce<\/a> et en collaboration avec l&rsquo;Agence marocaine pour l&rsquo;investissement et le d\u00e9veloppement des exportations, le projet a \u00e9t\u00e9 financ\u00e9 par la Soci\u00e9t\u00e9 internationale islamique de financement du commerce, la Banque islamique de d\u00e9veloppement et le Bureau de facilitation du commerce du Canada.<\/p>\n<p>SheTrades vise \u00e0 accro\u00eetre la participation des petites et moyennes entreprises et coop\u00e9ratives appartenant \u00e0 des femmes et op\u00e9rant dans le secteur agroalimentaire en am\u00e9liorant leur comp\u00e9titivit\u00e9 et en renfor\u00e7ant leurs liens avec le march\u00e9.<\/p>\n<p>Parmi les b\u00e9n\u00e9ficiaires s\u00e9lectionn\u00e9s, quinze petites et moyennes entreprises et coop\u00e9ratives ont re\u00e7u un soutien pour \u00e9tablir leurs plans de marketing et de promotion tandis que huit ont \u00e9t\u00e9 coach\u00e9es, en partenariat avec TFO CANADA, pour optimiser leur participation au SIAL Montr\u00e9al et entrer en contact avec pr\u00e8s d\u2019une centaine d&rsquo;acheteurs canadiens. Enfin, trois institutions d&rsquo;appui au commerce ont re\u00e7u un soutien pour am\u00e9liorer leurs portefeuilles de services et digitaliser les services prioritaires afin de mieux r\u00e9pondre aux besoins des petites entreprises et coop\u00e9ratives. Les repr\u00e9sentants des petites et moyennes entreprises et coop\u00e9ratives qui ont particip\u00e9 au projet se sont r\u00e9unis \u00e0 Casablanca le 21 octobre avec des repr\u00e9sentants du Gouvernement marocain, de la communaut\u00e9 des donateurs et des organisations de mise en \u0153uvre pour partager les r\u00e9alisations, c\u00e9l\u00e9brer les r\u00e9sultats et engager la discussion sur les orientations futures de cet accompagnement.<\/p>\n<p>A cette occasion, M. Abdelouahed RAHAL, Directeur G\u00e9n\u00e9ral du Commerce au Minist\u00e8re de l\u2019industrie et du Commerce a soulign\u00e9 que le projet \u00ab SheTrades Maroc \u00bb s\u2019inscrit en droite ligne avec les efforts du gouvernement visant \u00e0 am\u00e9liorer les conditions de vie des femmes et de leurs familles, \u00e0 renforcer le r\u00f4le de la femme marocaine dans le processus de d\u00e9veloppement globale du Royaume et \u00e0 faire usage du potentiel immense des entreprises et des coop\u00e9ratives f\u00e9minines au service d\u2019une \u00e9conomie p\u00e9renne et inclusive et d\u2019une croissance \u00e9quilibr\u00e9e et harmonieuse.<\/p>\n<p>Eng. Hani Salem Sonbol, Directeur g\u00e9n\u00e9ral de l&rsquo;ITFC a d\u00e9clar\u00e9 : Nous sommes heureux de mettre en \u0153uvre cette initiative au Maroc, dans le domaine tr\u00e8s important de l&rsquo;autonomisation des femmes. Cela a \u00e9t\u00e9 rendu possible gr\u00e2ce \u00e0 notre partenariat fructueux avec l&rsquo;ITC, la BID et TFO Canada.<\/p>\n<p>L&rsquo;initiative SheTrades appui une participation accrue des femmes entrepreneurs dans qui contribue \u00e0 une croissance \u00e9conomique plus inclusive au Maroc. C&rsquo;est pour cela qu&rsquo;\u00e0 l&rsquo;ITFC, nous nous concentrons \u00e9galement sur le d\u00e9veloppement du commerce pour tous, et que nous soutenons des partenariats qui r\u00e9pondent aux d\u00e9fis \u00e9conomiques mondiaux tout en contribuant aux Objectifs de d\u00e9veloppement durable des Nations Unies.<\/p>\n<p>Mme Lilia Naas, Chef Bureau MENA, ITC a d\u00e9clar\u00e9 : Je suis ravie que nous ayons collabor\u00e9 avec le gouvernement marocain, l\u2019ITFC, la BID et plusieurs autres acteurs cl\u00e9s pour renforcer l\u2019autonomisation \u00e9conomique des femmes au Maroc. Il s&rsquo;agit d&rsquo;un pilier essentiel pour parvenir \u00e0 un commerce durable et inclusif.<\/p>\n<p>Je suis fi\u00e8re d&rsquo;entendre des t\u00e9moignages des femmes \u00e0 la t\u00eate de petites entreprises comment SheTrades Maroc les a aid\u00e9es \u00e0 d\u00e9velopper leurs entreprises et \u00e0 exporter. J\u2019esp\u00e8re que l\u2019ITC aura de nouvelles opportunit\u00e9s pour renforcer et d\u00e9velopper davantage l&rsquo;entrepreneuriat f\u00e9minin au Maroc.\u00a0\u00bb<\/p>\n","protected":false},"excerpt":{"rendered":"<p>Vingt-cinq petites et moyennes entreprises et coop\u00e9ratives du Maroc ont eu l&rsquo;opportunit\u00e9 de renforcer leurs<\/p>\n","protected":false},"author":1,"featured_media":1329,"comment_status":"open","ping_status":"open","sticky":false,"template":"","format":"standard","meta":{"_acf_changed":false,"footnotes":""},"categories":[4,3],"tags":[446,445],"class_list":["post-1328","post","type-post","status-publish","format-standard","has-post-thumbnail","hentry","category-economie","category-nouvelles-selectionnees","tag-femmes-entrepreneurs-au-maroc","tag-shetrades-maroc"],"acf":[],"yoast_head":"<!-- This site is optimized with the Yoast SEO plugin v22.0 - https:\/\/yoast.com\/wordpress\/plugins\/seo\/ -->\n<title>Renforcer l\u2019autonomisation des femmes entrepreneurs au Maroc gr\u00e2ce au projet SheTrades Maroc - MEDIA PLATEFORME | FR<\/title>\n<meta name=\"description\" content=\"Vingt-cinq petites et moyennes entreprises et coop\u00e9ratives du Maroc ont eu l&#039;opportunit\u00e9 de renforcer soutien du projet SheTrades Maroc.\" \/>\n<meta name=\"robots\" content=\"index, follow, max-snippet:-1, max-image-preview:large, max-video-preview:-1\" \/>\n<link rel=\"canonical\" href=\"https:\/\/www.mediaplateforme.com\/fr\/renforcer-lautonomisation-des-femmes-entrepreneurs-au-maroc-grace-au-projet-shetrades-maroc\/\" \/>\n<meta property=\"og:locale\" content=\"fr_FR\" \/>\n<meta property=\"og:type\" content=\"article\" \/>\n<meta property=\"og:title\" content=\"Renforcer l\u2019autonomisation des femmes entrepreneurs au Maroc gr\u00e2ce au projet SheTrades Maroc - MEDIA PLATEFORME | FR\" \/>\n<meta property=\"og:description\" content=\"Vingt-cinq petites et moyennes entreprises et coop\u00e9ratives du Maroc ont eu l&#039;opportunit\u00e9 de renforcer soutien du projet SheTrades Maroc.\" \/>\n<meta property=\"og:url\" content=\"https:\/\/www.mediaplateforme.com\/fr\/renforcer-lautonomisation-des-femmes-entrepreneurs-au-maroc-grace-au-projet-shetrades-maroc\/\" \/>\n<meta property=\"og:site_name\" content=\"MEDIA PLATEFORME | FR\" \/>\n<meta property=\"article:published_time\" content=\"2022-10-21T12:25:14+00:00\" \/>\n<meta property=\"og:image\" content=\"https:\/\/www.mediaplateforme.com\/fr\/wp-content\/uploads\/sites\/5\/2022\/10\/femmes-maroc-.jpg\" \/>\n\t<meta property=\"og:image:width\" content=\"641\" \/>\n\t<meta property=\"og:image:height\" content=\"416\" \/>\n\t<meta property=\"og:image:type\" content=\"image\/jpeg\" \/>\n<meta name=\"author\" content=\"Mediaplateforme\" \/>\n<meta name=\"twitter:card\" content=\"summary_large_image\" \/>\n<meta name=\"twitter:label1\" content=\"\u00c9crit par\" \/>\n\t<meta name=\"twitter:data1\" content=\"Mediaplateforme\" \/>\n\t<meta name=\"twitter:label2\" content=\"Dur\u00e9e de lecture estim\u00e9e\" \/>\n\t<meta name=\"twitter:data2\" content=\"3 minutes\" \/>\n<script type=\"application\/ld+json\" class=\"yoast-schema-graph\">{\"@context\":\"https:\/\/schema.org\",\"@graph\":[{\"@type\":\"WebPage\",\"@id\":\"https:\/\/www.mediaplateforme.com\/fr\/renforcer-lautonomisation-des-femmes-entrepreneurs-au-maroc-grace-au-projet-shetrades-maroc\/\",\"url\":\"https:\/\/www.mediaplateforme.com\/fr\/renforcer-lautonomisation-des-femmes-entrepreneurs-au-maroc-grace-au-projet-shetrades-maroc\/\",\"name\":\"Renforcer l\u2019autonomisation des femmes entrepreneurs au Maroc gr\u00e2ce au projet SheTrades Maroc - MEDIA PLATEFORME | FR\",\"isPartOf\":{\"@id\":\"https:\/\/www.mediaplateforme.com\/fr\/#website\"},\"datePublished\":\"2022-10-21T12:25:14+00:00\",\"dateModified\":\"2022-10-21T12:25:14+00:00\",\"author\":{\"@id\":\"https:\/\/www.mediaplateforme.com\/fr\/#\/schema\/person\/89833db382b5db2c76b094bc902aa12a\"},\"description\":\"Vingt-cinq petites et moyennes entreprises et coop\u00e9ratives du Maroc ont eu l'opportunit\u00e9 de renforcer soutien du projet SheTrades Maroc.\",\"breadcrumb\":{\"@id\":\"https:\/\/www.mediaplateforme.com\/fr\/renforcer-lautonomisation-des-femmes-entrepreneurs-au-maroc-grace-au-projet-shetrades-maroc\/#breadcrumb\"},\"inLanguage\":\"fr-FR\",\"potentialAction\":[{\"@type\":\"ReadAction\",\"target\":[\"https:\/\/www.mediaplateforme.com\/fr\/renforcer-lautonomisation-des-femmes-entrepreneurs-au-maroc-grace-au-projet-shetrades-maroc\/\"]}]},{\"@type\":\"BreadcrumbList\",\"@id\":\"https:\/\/www.mediaplateforme.com\/fr\/renforcer-lautonomisation-des-femmes-entrepreneurs-au-maroc-grace-au-projet-shetrades-maroc\/#breadcrumb\",\"itemListElement\":[{\"@type\":\"ListItem\",\"position\":1,\"name\":\"\u0627\u0644\u0631\u0626\u064a\u0633\u064a\u0629\",\"item\":\"https:\/\/www.mediaplateforme.com\/fr\/\"},{\"@type\":\"ListItem\",\"position\":2,\"name\":\"Renforcer l\u2019autonomisation des femmes entrepreneurs au Maroc gr\u00e2ce au projet SheTrades Maroc\"}]},{\"@type\":\"WebSite\",\"@id\":\"https:\/\/www.mediaplateforme.com\/fr\/#website\",\"url\":\"https:\/\/www.mediaplateforme.com\/fr\/\",\"name\":\"MEDIA PLATEFORME | FR\",\"description\":\"Mediaplateforme sp\u00e9cialis\u00e9 dans la communication institutions publiques et des entreprises\",\"potentialAction\":[{\"@type\":\"SearchAction\",\"target\":{\"@type\":\"EntryPoint\",\"urlTemplate\":\"https:\/\/www.mediaplateforme.com\/fr\/?s={search_term_string}\"},\"query-input\":\"required name=search_term_string\"}],\"inLanguage\":\"fr-FR\"},{\"@type\":\"Person\",\"@id\":\"https:\/\/www.mediaplateforme.com\/fr\/#\/schema\/person\/89833db382b5db2c76b094bc902aa12a\",\"name\":\"Mediaplateforme\",\"image\":{\"@type\":\"ImageObject\",\"inLanguage\":\"fr-FR\",\"@id\":\"https:\/\/www.mediaplateforme.com\/fr\/#\/schema\/person\/image\/\",\"url\":\"https:\/\/secure.gravatar.com\/avatar\/6c9c02e8928cc65d54bf75157f7b3a2d06d7ad0494ca0951f679552ff03b34c1?s=96&d=mm&r=g\",\"contentUrl\":\"https:\/\/secure.gravatar.com\/avatar\/6c9c02e8928cc65d54bf75157f7b3a2d06d7ad0494ca0951f679552ff03b34c1?s=96&d=mm&r=g\",\"caption\":\"Mediaplateforme\"},\"sameAs\":[\"https:\/\/www.mediaplateforme.com\"],\"url\":\"https:\/\/www.mediaplateforme.com\/fr\/author\/mohamedladib\/\"}]}<\/script>\n<!-- \/ Yoast SEO plugin. -->","yoast_head_json":{"title":"Renforcer l\u2019autonomisation des femmes entrepreneurs au Maroc gr\u00e2ce au projet SheTrades Maroc - MEDIA PLATEFORME | FR","description":"Vingt-cinq petites et moyennes entreprises et coop\u00e9ratives du Maroc ont eu l'opportunit\u00e9 de renforcer soutien du projet SheTrades Maroc.","robots":{"index":"index","follow":"follow","max-snippet":"max-snippet:-1","max-image-preview":"max-image-preview:large","max-video-preview":"max-video-preview:-1"},"canonical":"https:\/\/www.mediaplateforme.com\/fr\/renforcer-lautonomisation-des-femmes-entrepreneurs-au-maroc-grace-au-projet-shetrades-maroc\/","og_locale":"fr_FR","og_type":"article","og_title":"Renforcer l\u2019autonomisation des femmes entrepreneurs au Maroc gr\u00e2ce au projet SheTrades Maroc - MEDIA PLATEFORME | FR","og_description":"Vingt-cinq petites et moyennes entreprises et coop\u00e9ratives du Maroc ont eu l'opportunit\u00e9 de renforcer soutien du projet SheTrades Maroc.","og_url":"https:\/\/www.mediaplateforme.com\/fr\/renforcer-lautonomisation-des-femmes-entrepreneurs-au-maroc-grace-au-projet-shetrades-maroc\/","og_site_name":"MEDIA PLATEFORME | FR","article_published_time":"2022-10-21T12:25:14+00:00","og_image":[{"width":641,"height":416,"url":"https:\/\/www.mediaplateforme.com\/fr\/wp-content\/uploads\/sites\/5\/2022\/10\/femmes-maroc-.jpg","type":"image\/jpeg"}],"author":"Mediaplateforme","twitter_card":"summary_large_image","twitter_misc":{"\u00c9crit par":"Mediaplateforme","Dur\u00e9e de lecture estim\u00e9e":"3 minutes"},"schema":{"@context":"https:\/\/schema.org","@graph":[{"@type":"WebPage","@id":"https:\/\/www.mediaplateforme.com\/fr\/renforcer-lautonomisation-des-femmes-entrepreneurs-au-maroc-grace-au-projet-shetrades-maroc\/","url":"https:\/\/www.mediaplateforme.com\/fr\/renforcer-lautonomisation-des-femmes-entrepreneurs-au-maroc-grace-au-projet-shetrades-maroc\/","name":"Renforcer l\u2019autonomisation des femmes entrepreneurs au Maroc gr\u00e2ce au projet SheTrades Maroc - MEDIA PLATEFORME | FR","isPartOf":{"@id":"https:\/\/www.mediaplateforme.com\/fr\/#website"},"datePublished":"2022-10-21T12:25:14+00:00","dateModified":"2022-10-21T12:25:14+00:00","author":{"@id":"https:\/\/www.mediaplateforme.com\/fr\/#\/schema\/person\/89833db382b5db2c76b094bc902aa12a"},"description":"Vingt-cinq petites et moyennes entreprises et coop\u00e9ratives du Maroc ont eu l'opportunit\u00e9 de renforcer soutien du projet SheTrades Maroc.","breadcrumb":{"@id":"https:\/\/www.mediaplateforme.com\/fr\/renforcer-lautonomisation-des-femmes-entrepreneurs-au-maroc-grace-au-projet-shetrades-maroc\/#breadcrumb"},"inLanguage":"fr-FR","potentialAction":[{"@type":"ReadAction","target":["https:\/\/www.mediaplateforme.com\/fr\/renforcer-lautonomisation-des-femmes-entrepreneurs-au-maroc-grace-au-projet-shetrades-maroc\/"]}]},{"@type":"BreadcrumbList","@id":"https:\/\/www.mediaplateforme.com\/fr\/renforcer-lautonomisation-des-femmes-entrepreneurs-au-maroc-grace-au-projet-shetrades-maroc\/#breadcrumb","itemListElement":[{"@type":"ListItem","position":1,"name":"\u0627\u0644\u0631\u0626\u064a\u0633\u064a\u0629","item":"https:\/\/www.mediaplateforme.com\/fr\/"},{"@type":"ListItem","position":2,"name":"Renforcer l\u2019autonomisation des femmes entrepreneurs au Maroc gr\u00e2ce au projet SheTrades Maroc"}]},{"@type":"WebSite","@id":"https:\/\/www.mediaplateforme.com\/fr\/#website","url":"https:\/\/www.mediaplateforme.com\/fr\/","name":"MEDIA PLATEFORME | FR","description":"Mediaplateforme sp\u00e9cialis\u00e9 dans la communication institutions publiques et des entreprises","potentialAction":[{"@type":"SearchAction","target":{"@type":"EntryPoint","urlTemplate":"https:\/\/www.mediaplateforme.com\/fr\/?s={search_term_string}"},"query-input":"required name=search_term_string"}],"inLanguage":"fr-FR"},{"@type":"Person","@id":"https:\/\/www.mediaplateforme.com\/fr\/#\/schema\/person\/89833db382b5db2c76b094bc902aa12a","name":"Mediaplateforme","image":{"@type":"ImageObject","inLanguage":"fr-FR","@id":"https:\/\/www.mediaplateforme.com\/fr\/#\/schema\/person\/image\/","url":"https:\/\/secure.gravatar.com\/avatar\/6c9c02e8928cc65d54bf75157f7b3a2d06d7ad0494ca0951f679552ff03b34c1?s=96&d=mm&r=g","contentUrl":"https:\/\/secure.gravatar.com\/avatar\/6c9c02e8928cc65d54bf75157f7b3a2d06d7ad0494ca0951f679552ff03b34c1?s=96&d=mm&r=g","caption":"Mediaplateforme"},"sameAs":["https:\/\/www.mediaplateforme.com"],"url":"https:\/\/www.mediaplateforme.com\/fr\/author\/mohamedladib\/"}]}},"_links":{"self":[{"href":"https:\/\/www.mediaplateforme.com\/fr\/wp-json\/wp\/v2\/posts\/1328","targetHints":{"allow":["GET"]}}],"collection":[{"href":"https:\/\/www.mediaplateforme.com\/fr\/wp-json\/wp\/v2\/posts"}],"about":[{"href":"https:\/\/www.mediaplateforme.com\/fr\/wp-json\/wp\/v2\/types\/post"}],"author":[{"embeddable":true,"href":"https:\/\/www.mediaplateforme.com\/fr\/wp-json\/wp\/v2\/users\/1"}],"replies":[{"embeddable":true,"href":"https:\/\/www.mediaplateforme.com\/fr\/wp-json\/wp\/v2\/comments?post=1328"}],"version-history":[{"count":1,"href":"https:\/\/www.mediaplateforme.com\/fr\/wp-json\/wp\/v2\/posts\/1328\/revisions"}],"predecessor-version":[{"id":1330,"href":"https:\/\/www.mediaplateforme.com\/fr\/wp-json\/wp\/v2\/posts\/1328\/revisions\/1330"}],"wp:featuredmedia":[{"embeddable":true,"href":"https:\/\/www.mediaplateforme.com\/fr\/wp-json\/wp\/v2\/media\/1329"}],"wp:attachment":[{"href":"https:\/\/www.mediaplateforme.com\/fr\/wp-json\/wp\/v2\/media?parent=1328"}],"wp:term":[{"taxonomy":"category","embeddable":true,"href":"https:\/\/www.mediaplateforme.com\/fr\/wp-json\/wp\/v2\/categories?post=1328"},{"taxonomy":"post_tag","embeddable":true,"href":"https:\/\/www.mediaplateforme.com\/fr\/wp-json\/wp\/v2\/tags?post=1328"}],"curies":[{"name":"wp","href":"https:\/\/api.w.org\/{rel}","templated":true}]}}