{"id":1284,"date":"2022-10-13T21:53:24","date_gmt":"2022-10-13T20:53:24","guid":{"rendered":"https:\/\/www.mediaplateforme.com\/fr\/?p=1284"},"modified":"2022-10-13T21:53:24","modified_gmt":"2022-10-13T20:53:24","slug":"ibis-casablanca-abdelmoumen-un-nouveau-repere-tendance-au-coeur-du-quartier-daffaires-de-casablanca","status":"publish","type":"post","link":"https:\/\/www.mediaplateforme.com\/fr\/ibis-casablanca-abdelmoumen-un-nouveau-repere-tendance-au-coeur-du-quartier-daffaires-de-casablanca\/","title":{"rendered":"ibis Casablanca Abdelmoumen, un nouveau rep\u00e8re tendance au c\u0153ur du quartier d\u2019affaires de Casablanca"},"content":{"rendered":"<h4>Situ\u00e9 en plein c\u0153ur du quartier d\u2019affaires, l\u2019ibis Casablanca Abdelmoumen est le 5\u00e8me h\u00f4tel de la marque dans la capitale \u00e9conomique, combinant Lifestyle et architecture contemporaine, c\u2019est le tout premier h\u00f4tel de la marque au Maroc r\u00e9unissant l\u2019ensemble des nouveaux concepts ibis.<\/h4>\n<p>Fruit d\u2019un partenariat entre Risma et Accor, ibis Casablanca Abdelmoumen incarne le nouveau positionnement de la marque et son envie d\u2019inspirer ses h\u00f4tes. A l\u2019image de la ville o\u00f9 il a \u00e9t\u00e9 construit, l\u2019h\u00f4tel a beaucoup \u00e0 offrir en termes de service, d\u2019interaction et de divertissement, ce qui rend l\u2019exp\u00e9rience client int\u00e9ressante voire inoubliable.<\/p>\n<p>Con\u00e7u sur 12 \u00e9tages et disposant d\u2019une architecture contemporaine, ce nouvel ibis casablancais propose 157 chambres New Design by Agora, nouveau concept de la marque. Spacieuses, modernes et chaleureuses, les chambres ont \u00e9t\u00e9 imagin\u00e9es pour proposer aux clients de l\u2019h\u00f4tel une exp\u00e9rience originale avec un design \u00e9pur\u00e9 et fonctionnel ainsi que des mat\u00e9riaux inspir\u00e9s du haut de gamme. Les chambres sont toutes \u00e9quip\u00e9es de la literie Sweet Bed by Ibis, d\u2019une TV \u00e9cran-plat LCD de 22\u2032, d\u2019une salle de bain spacieuse, d\u2019un bureau modulable et d\u2019une connexion wifi gratuite.<\/p>\n<p>Attirant aussi bien une client\u00e8le d\u2019affaires que de loisirs, l\u2019adresse sait jouer sur les deux tableaux. Inspir\u00e9e d\u2019une d\u00e9coration hygge avec des couleurs tendances, l\u2019h\u00f4tel dispose d\u2019espaces communs ouverts et anim\u00e9s, ce qui permet aux clients de s\u2019approprier les lieux et de se sentir bien, comme chez eux.<\/p>\n<p>L\u2019h\u00f4tel propose \u00e9galement le concept de restauration ibis Kitchen avec une carte adapt\u00e9e \u00e0 toutes les envies ainsi qu\u2019un agr\u00e9able Lounge bar, en mesure d\u2019abriter d\u00e9jeuners professionnels, afterworks et\/ou happy hours entre amis. Les m\u00e9lomanes inv\u00e9t\u00e9r\u00e9s y trouvent \u00e9galement leur compte depuis deux ans, puisque l\u2019enseigne a fait de la musique l\u2019une de ses principales passions.<\/p>\n<p>Le volet corporate n\u2019est lui aussi pas en reste, avec une salle de r\u00e9union d\u2019une capacit\u00e9 de 20 personnes et des espaces co-working chaleureux. Le nouvel ibis est dot\u00e9 d\u2019un parking sous-terrain \u00e0 la disposition de ses clients.<\/p>\n<p>A l\u2019instar des autres h\u00f4tels ibis, l\u2019ibis Casablanca Abdelmoumen offre un excellent standard de service qui se traduit par autant d\u2019am\u00e9nagements physiques que de services \u00e0 la carte, id\u00e9al pour une client\u00e8le de plus en plus diversifi\u00e9e.<\/p>\n<p>&nbsp;<\/p>\n<h4>\u00c0 propos de Accor<\/h4>\n<p>Accor est un leader mondial de l\u2019h\u00f4tellerie, pr\u00e9sent dans 110 pays, avec plus de 5 200 h\u00f4tels et 10 000 restaurants et bars. Le groupe d\u00e9ploie un \u00e9cosyst\u00e8me h\u00f4telier int\u00e9gr\u00e9 parmi les plus diversifi\u00e9s du secteur, gr\u00e2ce \u00e0 plus de 40 marques associant notamment des enseignes de luxe et haut de gamme, des offres milieu de gamme et \u00e9conomiques, des concepts lifestyle exclusifs, des lieux de spectacle et de divertissement, des clubs, des restaurants et des bars, des r\u00e9sidences priv\u00e9es, des h\u00e9bergements partag\u00e9s, des services de conciergerie et des espaces de co-working. Le leadership incontest\u00e9 de Accor dans le Lifestyle, l\u2019une des cat\u00e9gories qui conna\u00eet la croissance la plus rapide du secteur, est port\u00e9 par Ennismore, une joint-venture dont Accor d\u00e9tient la majorit\u00e9 des parts. Ennismore est un acteur cr\u00e9atif de l\u2019hospitalit\u00e9 disposant d\u2019un portefeuille international de marques toutes cr\u00e9\u00e9es par des entrepreneurs visionnaires, porteurs de sens et passionn\u00e9s. Accor dispose ainsi d\u2019un portefeuille de marques incomparables, anim\u00e9 par plus de 260 000 collaborateurs \u00e0 travers le monde. Plus de 68 millions de membres b\u00e9n\u00e9ficient du programme de fid\u00e9lit\u00e9 complet du groupe, ALL &#8211; Accor Live Limitless &#8211; le compagnon lifestyle du quotidien, qui donne acc\u00e8s \u00e0 un large \u00e9ventail de b\u00e9n\u00e9fices, de services et d\u2019exp\u00e9riences. Au travers de ses initiatives Planet 21 \u2013 Acting Here, Accor Solidarity, RiiSE et ALL Heartist Fund initiatives, le Groupe s\u2019attache \u00e0 agir concr\u00e8tement en mati\u00e8re d\u2019\u00e9thique et d\u2019int\u00e9grit\u00e9 professionnelle, de tourisme responsable, de d\u00e9veloppement durable, d\u2019engagement solidaire, de diversit\u00e9 et d\u2019inclusion. Fond\u00e9e en 1967, Accor SA, dont le si\u00e8ge social est situ\u00e9 en France, est une soci\u00e9t\u00e9 cot\u00e9e sur Euronext Paris (code ISIN : FR0000120404) et sur le march\u00e9 OTC aux \u00c9tats-Unis (code : ACCYY). Pour plus d\u2019informations, rendez-vous sur group.accor.com ou suivez-nous sur Twitter, Facebook, LinkedIn et Instagram.<\/p>\n<p>&nbsp;<\/p>\n<h4>\u00c0 propos de ibis<\/h4>\n<p>Depuis 1974, ibis s\u2019impose comme une marque pionni\u00e8re, accueillante et ouverte \u00e0 tous. Les h\u00f4tels ibis sont des lieux conviviaux, appr\u00e9ci\u00e9s autant par les voyageurs que pas les habitants locaux, pour leur design contemporain, leurs chambres o\u00f9 l\u2019on se sent comme chez soi, leur bar anim\u00e9, leurs offres de restauration savoureuses et l\u2019innovant accueil en mobilit\u00e9. La marque est r\u00e9put\u00e9e pour sa passion pour la musique live, que l\u2019on retrouve dans les playlists soigneusement s\u00e9lectionn\u00e9es par la marque ou lors des concerts organis\u00e9s r\u00e9guli\u00e8rement dans ses h\u00f4tels et mettant en sc\u00e8ne des artistes \u00e9mergents. O\u00f9 que l\u2019on voyage \u00e0 travers le monde, ibis sera toujours le meilleur endroit pour un s\u00e9jour. Avec plus de 1,200 h\u00f4tels dans plus de 65 pays, la marque ibis est reconnue dans le monde entier comme le leader de l\u2019h\u00f4tellerie \u00e9conomique. Ibis fait partie d\u2019Accor, un leader mondial de l\u2019h\u00f4tellerie, fort de plus de 5 200 h\u00f4tels et de 10 000 espaces de restauration et bars implant\u00e9s dans 110 pays.<\/p>\n<p>&nbsp;<\/p>\n<h4>A propos de Risma<\/h4>\n<p>Cr\u00e9\u00e9e en 1993, Risma est le premier op\u00e9rateur touristique au Maroc. R\u00e9solument inscrit dans une dynamique d\u2019\u00e9volution continue, Risma ambitionne de consolider son r\u00f4le de leader dans le secteur touristique et d\u2019accompagner la strat\u00e9gie de d\u00e9veloppement touristique nationale pour faire du Maroc une des 20 premi\u00e8res destinations mondiales. Fort d&rsquo;un large portefeuille de marques compl\u00e9mentaires, Risma r\u00e9pond au mieux aux diff\u00e9rentes demandes de l&rsquo;ensemble de la client\u00e8le attenante aux cat\u00e9gories \u00e9conomiques, interm\u00e9diaires et celle du luxe. A 2022, Risma totalise pas moins de 27 h\u00f4tels, 3 970 chambres et une pr\u00e9sence appuy\u00e9e dans 12 villes \u00e0 travers 6 marques fortes.<\/p>\n","protected":false},"excerpt":{"rendered":"<p>Situ\u00e9 en plein c\u0153ur du quartier d\u2019affaires, l\u2019ibis Casablanca Abdelmoumen est le 5\u00e8me h\u00f4tel de<\/p>\n","protected":false},"author":1,"featured_media":1285,"comment_status":"open","ping_status":"open","sticky":false,"template":"","format":"standard","meta":{"_acf_changed":false,"footnotes":""},"categories":[4,3],"tags":[437],"class_list":["post-1284","post","type-post","status-publish","format-standard","has-post-thumbnail","hentry","category-economie","category-nouvelles-selectionnees","tag-ibis"],"acf":[],"yoast_head":"<!-- This site is optimized with the Yoast SEO plugin v22.0 - https:\/\/yoast.com\/wordpress\/plugins\/seo\/ -->\n<title>ibis Casablanca Abdelmoumen, un nouveau rep\u00e8re tendance au c\u0153ur du quartier d\u2019affaires de Casablanca - MEDIA PLATEFORME | FR<\/title>\n<meta name=\"description\" content=\"Fruit d\u2019un partenariat entre Risma et Accor, ibis Casablanca Abdelmoumen incarne le nouveau positionnement de la marque et son envie\" \/>\n<meta name=\"robots\" content=\"index, follow, max-snippet:-1, max-image-preview:large, max-video-preview:-1\" \/>\n<link rel=\"canonical\" href=\"https:\/\/www.mediaplateforme.com\/fr\/ibis-casablanca-abdelmoumen-un-nouveau-repere-tendance-au-coeur-du-quartier-daffaires-de-casablanca\/\" \/>\n<meta property=\"og:locale\" content=\"fr_FR\" \/>\n<meta property=\"og:type\" content=\"article\" \/>\n<meta property=\"og:title\" content=\"ibis Casablanca Abdelmoumen, un nouveau rep\u00e8re tendance au c\u0153ur du quartier d\u2019affaires de Casablanca - MEDIA PLATEFORME | FR\" \/>\n<meta property=\"og:description\" content=\"Fruit d\u2019un partenariat entre Risma et Accor, ibis Casablanca Abdelmoumen incarne le nouveau positionnement de la marque et son envie\" \/>\n<meta property=\"og:url\" content=\"https:\/\/www.mediaplateforme.com\/fr\/ibis-casablanca-abdelmoumen-un-nouveau-repere-tendance-au-coeur-du-quartier-daffaires-de-casablanca\/\" \/>\n<meta property=\"og:site_name\" content=\"MEDIA PLATEFORME | FR\" \/>\n<meta property=\"article:published_time\" content=\"2022-10-13T20:53:24+00:00\" \/>\n<meta property=\"og:image\" content=\"https:\/\/www.mediaplateforme.com\/fr\/wp-content\/uploads\/sites\/5\/2022\/10\/Screenshot_20221013_215238.jpg\" \/>\n\t<meta property=\"og:image:width\" content=\"719\" \/>\n\t<meta property=\"og:image:height\" content=\"479\" \/>\n\t<meta property=\"og:image:type\" content=\"image\/jpeg\" \/>\n<meta name=\"author\" content=\"Mediaplateforme\" \/>\n<meta name=\"twitter:card\" content=\"summary_large_image\" \/>\n<meta name=\"twitter:label1\" content=\"\u00c9crit par\" \/>\n\t<meta name=\"twitter:data1\" content=\"Mediaplateforme\" \/>\n\t<meta name=\"twitter:label2\" content=\"Dur\u00e9e de lecture estim\u00e9e\" \/>\n\t<meta name=\"twitter:data2\" content=\"5 minutes\" \/>\n<script type=\"application\/ld+json\" class=\"yoast-schema-graph\">{\"@context\":\"https:\/\/schema.org\",\"@graph\":[{\"@type\":\"WebPage\",\"@id\":\"https:\/\/www.mediaplateforme.com\/fr\/ibis-casablanca-abdelmoumen-un-nouveau-repere-tendance-au-coeur-du-quartier-daffaires-de-casablanca\/\",\"url\":\"https:\/\/www.mediaplateforme.com\/fr\/ibis-casablanca-abdelmoumen-un-nouveau-repere-tendance-au-coeur-du-quartier-daffaires-de-casablanca\/\",\"name\":\"ibis Casablanca Abdelmoumen, un nouveau rep\u00e8re tendance au c\u0153ur du quartier d\u2019affaires de Casablanca - MEDIA PLATEFORME | FR\",\"isPartOf\":{\"@id\":\"https:\/\/www.mediaplateforme.com\/fr\/#website\"},\"datePublished\":\"2022-10-13T20:53:24+00:00\",\"dateModified\":\"2022-10-13T20:53:24+00:00\",\"author\":{\"@id\":\"https:\/\/www.mediaplateforme.com\/fr\/#\/schema\/person\/89833db382b5db2c76b094bc902aa12a\"},\"description\":\"Fruit d\u2019un partenariat entre Risma et Accor, ibis Casablanca Abdelmoumen incarne le nouveau positionnement de la marque et son envie\",\"breadcrumb\":{\"@id\":\"https:\/\/www.mediaplateforme.com\/fr\/ibis-casablanca-abdelmoumen-un-nouveau-repere-tendance-au-coeur-du-quartier-daffaires-de-casablanca\/#breadcrumb\"},\"inLanguage\":\"fr-FR\",\"potentialAction\":[{\"@type\":\"ReadAction\",\"target\":[\"https:\/\/www.mediaplateforme.com\/fr\/ibis-casablanca-abdelmoumen-un-nouveau-repere-tendance-au-coeur-du-quartier-daffaires-de-casablanca\/\"]}]},{\"@type\":\"BreadcrumbList\",\"@id\":\"https:\/\/www.mediaplateforme.com\/fr\/ibis-casablanca-abdelmoumen-un-nouveau-repere-tendance-au-coeur-du-quartier-daffaires-de-casablanca\/#breadcrumb\",\"itemListElement\":[{\"@type\":\"ListItem\",\"position\":1,\"name\":\"\u0627\u0644\u0631\u0626\u064a\u0633\u064a\u0629\",\"item\":\"https:\/\/www.mediaplateforme.com\/fr\/\"},{\"@type\":\"ListItem\",\"position\":2,\"name\":\"ibis Casablanca Abdelmoumen, un nouveau rep\u00e8re tendance au c\u0153ur du quartier d\u2019affaires de Casablanca\"}]},{\"@type\":\"WebSite\",\"@id\":\"https:\/\/www.mediaplateforme.com\/fr\/#website\",\"url\":\"https:\/\/www.mediaplateforme.com\/fr\/\",\"name\":\"MEDIA PLATEFORME | FR\",\"description\":\"Mediaplateforme sp\u00e9cialis\u00e9 dans la communication institutions publiques et des entreprises\",\"potentialAction\":[{\"@type\":\"SearchAction\",\"target\":{\"@type\":\"EntryPoint\",\"urlTemplate\":\"https:\/\/www.mediaplateforme.com\/fr\/?s={search_term_string}\"},\"query-input\":\"required name=search_term_string\"}],\"inLanguage\":\"fr-FR\"},{\"@type\":\"Person\",\"@id\":\"https:\/\/www.mediaplateforme.com\/fr\/#\/schema\/person\/89833db382b5db2c76b094bc902aa12a\",\"name\":\"Mediaplateforme\",\"image\":{\"@type\":\"ImageObject\",\"inLanguage\":\"fr-FR\",\"@id\":\"https:\/\/www.mediaplateforme.com\/fr\/#\/schema\/person\/image\/\",\"url\":\"https:\/\/secure.gravatar.com\/avatar\/6c9c02e8928cc65d54bf75157f7b3a2d06d7ad0494ca0951f679552ff03b34c1?s=96&d=mm&r=g\",\"contentUrl\":\"https:\/\/secure.gravatar.com\/avatar\/6c9c02e8928cc65d54bf75157f7b3a2d06d7ad0494ca0951f679552ff03b34c1?s=96&d=mm&r=g\",\"caption\":\"Mediaplateforme\"},\"sameAs\":[\"https:\/\/www.mediaplateforme.com\"],\"url\":\"https:\/\/www.mediaplateforme.com\/fr\/author\/mohamedladib\/\"}]}<\/script>\n<!-- \/ Yoast SEO plugin. -->","yoast_head_json":{"title":"ibis Casablanca Abdelmoumen, un nouveau rep\u00e8re tendance au c\u0153ur du quartier d\u2019affaires de Casablanca - MEDIA PLATEFORME | FR","description":"Fruit d\u2019un partenariat entre Risma et Accor, ibis Casablanca Abdelmoumen incarne le nouveau positionnement de la marque et son envie","robots":{"index":"index","follow":"follow","max-snippet":"max-snippet:-1","max-image-preview":"max-image-preview:large","max-video-preview":"max-video-preview:-1"},"canonical":"https:\/\/www.mediaplateforme.com\/fr\/ibis-casablanca-abdelmoumen-un-nouveau-repere-tendance-au-coeur-du-quartier-daffaires-de-casablanca\/","og_locale":"fr_FR","og_type":"article","og_title":"ibis Casablanca Abdelmoumen, un nouveau rep\u00e8re tendance au c\u0153ur du quartier d\u2019affaires de Casablanca - MEDIA PLATEFORME | FR","og_description":"Fruit d\u2019un partenariat entre Risma et Accor, ibis Casablanca Abdelmoumen incarne le nouveau positionnement de la marque et son envie","og_url":"https:\/\/www.mediaplateforme.com\/fr\/ibis-casablanca-abdelmoumen-un-nouveau-repere-tendance-au-coeur-du-quartier-daffaires-de-casablanca\/","og_site_name":"MEDIA PLATEFORME | FR","article_published_time":"2022-10-13T20:53:24+00:00","og_image":[{"width":719,"height":479,"url":"https:\/\/www.mediaplateforme.com\/fr\/wp-content\/uploads\/sites\/5\/2022\/10\/Screenshot_20221013_215238.jpg","type":"image\/jpeg"}],"author":"Mediaplateforme","twitter_card":"summary_large_image","twitter_misc":{"\u00c9crit par":"Mediaplateforme","Dur\u00e9e de lecture estim\u00e9e":"5 minutes"},"schema":{"@context":"https:\/\/schema.org","@graph":[{"@type":"WebPage","@id":"https:\/\/www.mediaplateforme.com\/fr\/ibis-casablanca-abdelmoumen-un-nouveau-repere-tendance-au-coeur-du-quartier-daffaires-de-casablanca\/","url":"https:\/\/www.mediaplateforme.com\/fr\/ibis-casablanca-abdelmoumen-un-nouveau-repere-tendance-au-coeur-du-quartier-daffaires-de-casablanca\/","name":"ibis Casablanca Abdelmoumen, un nouveau rep\u00e8re tendance au c\u0153ur du quartier d\u2019affaires de Casablanca - MEDIA PLATEFORME | FR","isPartOf":{"@id":"https:\/\/www.mediaplateforme.com\/fr\/#website"},"datePublished":"2022-10-13T20:53:24+00:00","dateModified":"2022-10-13T20:53:24+00:00","author":{"@id":"https:\/\/www.mediaplateforme.com\/fr\/#\/schema\/person\/89833db382b5db2c76b094bc902aa12a"},"description":"Fruit d\u2019un partenariat entre Risma et Accor, ibis Casablanca Abdelmoumen incarne le nouveau positionnement de la marque et son envie","breadcrumb":{"@id":"https:\/\/www.mediaplateforme.com\/fr\/ibis-casablanca-abdelmoumen-un-nouveau-repere-tendance-au-coeur-du-quartier-daffaires-de-casablanca\/#breadcrumb"},"inLanguage":"fr-FR","potentialAction":[{"@type":"ReadAction","target":["https:\/\/www.mediaplateforme.com\/fr\/ibis-casablanca-abdelmoumen-un-nouveau-repere-tendance-au-coeur-du-quartier-daffaires-de-casablanca\/"]}]},{"@type":"BreadcrumbList","@id":"https:\/\/www.mediaplateforme.com\/fr\/ibis-casablanca-abdelmoumen-un-nouveau-repere-tendance-au-coeur-du-quartier-daffaires-de-casablanca\/#breadcrumb","itemListElement":[{"@type":"ListItem","position":1,"name":"\u0627\u0644\u0631\u0626\u064a\u0633\u064a\u0629","item":"https:\/\/www.mediaplateforme.com\/fr\/"},{"@type":"ListItem","position":2,"name":"ibis Casablanca Abdelmoumen, un nouveau rep\u00e8re tendance au c\u0153ur du quartier d\u2019affaires de Casablanca"}]},{"@type":"WebSite","@id":"https:\/\/www.mediaplateforme.com\/fr\/#website","url":"https:\/\/www.mediaplateforme.com\/fr\/","name":"MEDIA PLATEFORME | FR","description":"Mediaplateforme sp\u00e9cialis\u00e9 dans la communication institutions publiques et des entreprises","potentialAction":[{"@type":"SearchAction","target":{"@type":"EntryPoint","urlTemplate":"https:\/\/www.mediaplateforme.com\/fr\/?s={search_term_string}"},"query-input":"required name=search_term_string"}],"inLanguage":"fr-FR"},{"@type":"Person","@id":"https:\/\/www.mediaplateforme.com\/fr\/#\/schema\/person\/89833db382b5db2c76b094bc902aa12a","name":"Mediaplateforme","image":{"@type":"ImageObject","inLanguage":"fr-FR","@id":"https:\/\/www.mediaplateforme.com\/fr\/#\/schema\/person\/image\/","url":"https:\/\/secure.gravatar.com\/avatar\/6c9c02e8928cc65d54bf75157f7b3a2d06d7ad0494ca0951f679552ff03b34c1?s=96&d=mm&r=g","contentUrl":"https:\/\/secure.gravatar.com\/avatar\/6c9c02e8928cc65d54bf75157f7b3a2d06d7ad0494ca0951f679552ff03b34c1?s=96&d=mm&r=g","caption":"Mediaplateforme"},"sameAs":["https:\/\/www.mediaplateforme.com"],"url":"https:\/\/www.mediaplateforme.com\/fr\/author\/mohamedladib\/"}]}},"_links":{"self":[{"href":"https:\/\/www.mediaplateforme.com\/fr\/wp-json\/wp\/v2\/posts\/1284","targetHints":{"allow":["GET"]}}],"collection":[{"href":"https:\/\/www.mediaplateforme.com\/fr\/wp-json\/wp\/v2\/posts"}],"about":[{"href":"https:\/\/www.mediaplateforme.com\/fr\/wp-json\/wp\/v2\/types\/post"}],"author":[{"embeddable":true,"href":"https:\/\/www.mediaplateforme.com\/fr\/wp-json\/wp\/v2\/users\/1"}],"replies":[{"embeddable":true,"href":"https:\/\/www.mediaplateforme.com\/fr\/wp-json\/wp\/v2\/comments?post=1284"}],"version-history":[{"count":1,"href":"https:\/\/www.mediaplateforme.com\/fr\/wp-json\/wp\/v2\/posts\/1284\/revisions"}],"predecessor-version":[{"id":1286,"href":"https:\/\/www.mediaplateforme.com\/fr\/wp-json\/wp\/v2\/posts\/1284\/revisions\/1286"}],"wp:featuredmedia":[{"embeddable":true,"href":"https:\/\/www.mediaplateforme.com\/fr\/wp-json\/wp\/v2\/media\/1285"}],"wp:attachment":[{"href":"https:\/\/www.mediaplateforme.com\/fr\/wp-json\/wp\/v2\/media?parent=1284"}],"wp:term":[{"taxonomy":"category","embeddable":true,"href":"https:\/\/www.mediaplateforme.com\/fr\/wp-json\/wp\/v2\/categories?post=1284"},{"taxonomy":"post_tag","embeddable":true,"href":"https:\/\/www.mediaplateforme.com\/fr\/wp-json\/wp\/v2\/tags?post=1284"}],"curies":[{"name":"wp","href":"https:\/\/api.w.org\/{rel}","templated":true}]}}