{"id":1276,"date":"2022-10-12T12:12:40","date_gmt":"2022-10-12T11:12:40","guid":{"rendered":"https:\/\/www.mediaplateforme.com\/fr\/?p=1276"},"modified":"2022-10-13T00:16:41","modified_gmt":"2022-10-12T23:16:41","slug":"la-banque-populaire-doujda-inaugure-sa-galerie-dart","status":"publish","type":"post","link":"https:\/\/www.mediaplateforme.com\/fr\/la-banque-populaire-doujda-inaugure-sa-galerie-dart\/","title":{"rendered":"La Banque Populaire d\u2019Oujda inaugure sa Galerie d\u2019art"},"content":{"rendered":"<p>La Banque Populaire d\u2019Oujda a inaugur\u00e9 sa Galerie d\u2019art, le jeudi 6 octobre 2022. Situ\u00e9 au si\u00e8ge de la Banque Populaire d\u2019Oujda, ce nouvel \u00e9crin artistique a aussi pour vocation de sensibiliser le public \u00e0 l\u2019art sous toutes ses formes (la photographie, la peinture ou la sculpture, le design, l\u2019artisanat) et \u00e0 la culture \u00e0 travers des expositions temporaires th\u00e9matiques. Il permettra aux visiteurs en g\u00e9n\u00e9ral et aux clients de la Banque, une immersion totale dans le monde de l\u2019art.<\/p>\n<p>&nbsp;<\/p>\n<p>\u201cOutre son engagement r\u00e9it\u00e9r\u00e9 de soutien au d\u00e9veloppement \u00e9conomique et social de la r\u00e9gion, la Banque Populaire a souhait\u00e9, \u00e0 travers l\u2019inauguration de la Galerie d\u2019Oujda, r\u00e9affirmer sa mission d\u2019accompagnement et de soutien \u00e0 la dynamique culturelle et artistique locale. Ce nouvel espace culturel se donne pour mission de promouvoir et valoriser le capital immat\u00e9riel de la r\u00e9gion et se veut donc une vitrine de choix pour les artistes locaux mais aussi un lieu de rencontres, de cr\u00e9ativit\u00e9 et d\u2019apprentissage\u201d, a d\u00e9clar\u00e9 Jalil Sebti, Directeur G\u00e9n\u00e9ral de la Banque Commerciale du groupe BCP.<\/p>\n<p>&nbsp;<\/p>\n<p>\u201cQuelques mois apr\u00e8s l\u2019inauguration de son nouveau si\u00e8ge social, la Banque Populaire d\u2019Oujda \u00e9trenne aujourd\u2019hui sa galerie d\u2019art, am\u00e9nag\u00e9e suivant les standards professionnels les plus reconnus. Ce nouvel espace d\u2019art permettra d&rsquo;appr\u00e9cier la richesse artistique de la r\u00e9gion et contribuera \u00e0 rapprocher les individus et nourrir le dialogue\u201d, souligne, pour sa part, Ahmed Mahrous, Pr\u00e9sident du Directoire de la Banque Populaire d\u2019Oujda.<\/p>\n<p>&nbsp;<\/p>\n<p>Le nouvel espace culturel abritera jusqu\u2019au 28 f\u00e9vrier 2023 sa premi\u00e8re exposition \u00ab Expressions plurielles \u00bb qui propose de d\u00e9couvrir huit talents incarnant la richesse de la cr\u00e9ation artistique locale. Le potentiel artistique et la profusion de cr\u00e9ations de la r\u00e9gion m\u00ealant tableaux, sculptures, assemblages et performances, seront ainsi mis \u00e0 l\u2019honneur lors de cette exposition. La Galerie offre ainsi un espace d\u2019exposition pour les \u0153uvres r\u00e9alis\u00e9es par huit artistes de la r\u00e9gion ancr\u00e9s dans l\u2019univers de l\u2019art moderne et contemporain : Said Afezyoum, Siham Badr, Mohamed Benhamza, Imane El Mezgueldi, Jaouad Embarki, El Yazid Kherbache, Sara Laouini, Nourreddine Madrane.<\/p>\n","protected":false},"excerpt":{"rendered":"<p>La Banque Populaire d\u2019Oujda a inaugur\u00e9 sa Galerie d\u2019art, le jeudi 6 octobre 2022. Situ\u00e9<\/p>\n","protected":false},"author":1,"featured_media":1279,"comment_status":"open","ping_status":"open","sticky":false,"template":"","format":"standard","meta":{"_acf_changed":false,"footnotes":""},"categories":[4,3],"tags":[100],"class_list":["post-1276","post","type-post","status-publish","format-standard","has-post-thumbnail","hentry","category-economie","category-nouvelles-selectionnees","tag-banque-populaire"],"acf":[],"yoast_head":"<!-- This site is optimized with the Yoast SEO plugin v22.0 - https:\/\/yoast.com\/wordpress\/plugins\/seo\/ -->\n<title>La Banque Populaire d\u2019Oujda inaugure sa Galerie d\u2019art - MEDIA PLATEFORME | FR<\/title>\n<meta name=\"description\" content=\"Banque Populaire d\u2019Oujda a inaugur\u00e9 sa Galerie d\u2019art, le jeudi 6 octobre 2022. Situ\u00e9 au si\u00e8ge de la Banque Populaire d\u2019Oujda,\" \/>\n<meta name=\"robots\" content=\"index, follow, max-snippet:-1, max-image-preview:large, max-video-preview:-1\" \/>\n<link rel=\"canonical\" href=\"https:\/\/www.mediaplateforme.com\/fr\/la-banque-populaire-doujda-inaugure-sa-galerie-dart\/\" \/>\n<meta property=\"og:locale\" content=\"fr_FR\" \/>\n<meta property=\"og:type\" content=\"article\" \/>\n<meta property=\"og:title\" content=\"La Banque Populaire d\u2019Oujda inaugure sa Galerie d\u2019art - MEDIA PLATEFORME | FR\" \/>\n<meta property=\"og:description\" content=\"Banque Populaire d\u2019Oujda a inaugur\u00e9 sa Galerie d\u2019art, le jeudi 6 octobre 2022. Situ\u00e9 au si\u00e8ge de la Banque Populaire d\u2019Oujda,\" \/>\n<meta property=\"og:url\" content=\"https:\/\/www.mediaplateforme.com\/fr\/la-banque-populaire-doujda-inaugure-sa-galerie-dart\/\" \/>\n<meta property=\"og:site_name\" content=\"MEDIA PLATEFORME | FR\" \/>\n<meta property=\"article:published_time\" content=\"2022-10-12T11:12:40+00:00\" \/>\n<meta property=\"article:modified_time\" content=\"2022-10-12T23:16:41+00:00\" \/>\n<meta property=\"og:image\" content=\"https:\/\/www.mediaplateforme.com\/fr\/wp-content\/uploads\/sites\/5\/2022\/10\/Screenshot_20221012_130135.jpg\" \/>\n\t<meta property=\"og:image:width\" content=\"719\" \/>\n\t<meta property=\"og:image:height\" content=\"479\" \/>\n\t<meta property=\"og:image:type\" content=\"image\/jpeg\" \/>\n<meta name=\"author\" content=\"Mediaplateforme\" \/>\n<meta name=\"twitter:card\" content=\"summary_large_image\" \/>\n<meta name=\"twitter:label1\" content=\"\u00c9crit par\" \/>\n\t<meta name=\"twitter:data1\" content=\"Mediaplateforme\" \/>\n\t<meta name=\"twitter:label2\" content=\"Dur\u00e9e de lecture estim\u00e9e\" \/>\n\t<meta name=\"twitter:data2\" content=\"2 minutes\" \/>\n<script type=\"application\/ld+json\" class=\"yoast-schema-graph\">{\"@context\":\"https:\/\/schema.org\",\"@graph\":[{\"@type\":\"WebPage\",\"@id\":\"https:\/\/www.mediaplateforme.com\/fr\/la-banque-populaire-doujda-inaugure-sa-galerie-dart\/\",\"url\":\"https:\/\/www.mediaplateforme.com\/fr\/la-banque-populaire-doujda-inaugure-sa-galerie-dart\/\",\"name\":\"La Banque Populaire d\u2019Oujda inaugure sa Galerie d\u2019art - MEDIA PLATEFORME | FR\",\"isPartOf\":{\"@id\":\"https:\/\/www.mediaplateforme.com\/fr\/#website\"},\"datePublished\":\"2022-10-12T11:12:40+00:00\",\"dateModified\":\"2022-10-12T23:16:41+00:00\",\"author\":{\"@id\":\"https:\/\/www.mediaplateforme.com\/fr\/#\/schema\/person\/89833db382b5db2c76b094bc902aa12a\"},\"description\":\"Banque Populaire d\u2019Oujda a inaugur\u00e9 sa Galerie d\u2019art, le jeudi 6 octobre 2022. Situ\u00e9 au si\u00e8ge de la Banque Populaire d\u2019Oujda,\",\"breadcrumb\":{\"@id\":\"https:\/\/www.mediaplateforme.com\/fr\/la-banque-populaire-doujda-inaugure-sa-galerie-dart\/#breadcrumb\"},\"inLanguage\":\"fr-FR\",\"potentialAction\":[{\"@type\":\"ReadAction\",\"target\":[\"https:\/\/www.mediaplateforme.com\/fr\/la-banque-populaire-doujda-inaugure-sa-galerie-dart\/\"]}]},{\"@type\":\"BreadcrumbList\",\"@id\":\"https:\/\/www.mediaplateforme.com\/fr\/la-banque-populaire-doujda-inaugure-sa-galerie-dart\/#breadcrumb\",\"itemListElement\":[{\"@type\":\"ListItem\",\"position\":1,\"name\":\"\u0627\u0644\u0631\u0626\u064a\u0633\u064a\u0629\",\"item\":\"https:\/\/www.mediaplateforme.com\/fr\/\"},{\"@type\":\"ListItem\",\"position\":2,\"name\":\"La Banque Populaire d\u2019Oujda inaugure sa Galerie d\u2019art\"}]},{\"@type\":\"WebSite\",\"@id\":\"https:\/\/www.mediaplateforme.com\/fr\/#website\",\"url\":\"https:\/\/www.mediaplateforme.com\/fr\/\",\"name\":\"MEDIA PLATEFORME | FR\",\"description\":\"Mediaplateforme sp\u00e9cialis\u00e9 dans la communication institutions publiques et des entreprises\",\"potentialAction\":[{\"@type\":\"SearchAction\",\"target\":{\"@type\":\"EntryPoint\",\"urlTemplate\":\"https:\/\/www.mediaplateforme.com\/fr\/?s={search_term_string}\"},\"query-input\":\"required name=search_term_string\"}],\"inLanguage\":\"fr-FR\"},{\"@type\":\"Person\",\"@id\":\"https:\/\/www.mediaplateforme.com\/fr\/#\/schema\/person\/89833db382b5db2c76b094bc902aa12a\",\"name\":\"Mediaplateforme\",\"image\":{\"@type\":\"ImageObject\",\"inLanguage\":\"fr-FR\",\"@id\":\"https:\/\/www.mediaplateforme.com\/fr\/#\/schema\/person\/image\/\",\"url\":\"https:\/\/secure.gravatar.com\/avatar\/6c9c02e8928cc65d54bf75157f7b3a2d06d7ad0494ca0951f679552ff03b34c1?s=96&d=mm&r=g\",\"contentUrl\":\"https:\/\/secure.gravatar.com\/avatar\/6c9c02e8928cc65d54bf75157f7b3a2d06d7ad0494ca0951f679552ff03b34c1?s=96&d=mm&r=g\",\"caption\":\"Mediaplateforme\"},\"sameAs\":[\"https:\/\/www.mediaplateforme.com\"],\"url\":\"https:\/\/www.mediaplateforme.com\/fr\/author\/mohamedladib\/\"}]}<\/script>\n<!-- \/ Yoast SEO plugin. -->","yoast_head_json":{"title":"La Banque Populaire d\u2019Oujda inaugure sa Galerie d\u2019art - MEDIA PLATEFORME | FR","description":"Banque Populaire d\u2019Oujda a inaugur\u00e9 sa Galerie d\u2019art, le jeudi 6 octobre 2022. Situ\u00e9 au si\u00e8ge de la Banque Populaire d\u2019Oujda,","robots":{"index":"index","follow":"follow","max-snippet":"max-snippet:-1","max-image-preview":"max-image-preview:large","max-video-preview":"max-video-preview:-1"},"canonical":"https:\/\/www.mediaplateforme.com\/fr\/la-banque-populaire-doujda-inaugure-sa-galerie-dart\/","og_locale":"fr_FR","og_type":"article","og_title":"La Banque Populaire d\u2019Oujda inaugure sa Galerie d\u2019art - MEDIA PLATEFORME | FR","og_description":"Banque Populaire d\u2019Oujda a inaugur\u00e9 sa Galerie d\u2019art, le jeudi 6 octobre 2022. Situ\u00e9 au si\u00e8ge de la Banque Populaire d\u2019Oujda,","og_url":"https:\/\/www.mediaplateforme.com\/fr\/la-banque-populaire-doujda-inaugure-sa-galerie-dart\/","og_site_name":"MEDIA PLATEFORME | FR","article_published_time":"2022-10-12T11:12:40+00:00","article_modified_time":"2022-10-12T23:16:41+00:00","og_image":[{"width":719,"height":479,"url":"https:\/\/www.mediaplateforme.com\/fr\/wp-content\/uploads\/sites\/5\/2022\/10\/Screenshot_20221012_130135.jpg","type":"image\/jpeg"}],"author":"Mediaplateforme","twitter_card":"summary_large_image","twitter_misc":{"\u00c9crit par":"Mediaplateforme","Dur\u00e9e de lecture estim\u00e9e":"2 minutes"},"schema":{"@context":"https:\/\/schema.org","@graph":[{"@type":"WebPage","@id":"https:\/\/www.mediaplateforme.com\/fr\/la-banque-populaire-doujda-inaugure-sa-galerie-dart\/","url":"https:\/\/www.mediaplateforme.com\/fr\/la-banque-populaire-doujda-inaugure-sa-galerie-dart\/","name":"La Banque Populaire d\u2019Oujda inaugure sa Galerie d\u2019art - MEDIA PLATEFORME | FR","isPartOf":{"@id":"https:\/\/www.mediaplateforme.com\/fr\/#website"},"datePublished":"2022-10-12T11:12:40+00:00","dateModified":"2022-10-12T23:16:41+00:00","author":{"@id":"https:\/\/www.mediaplateforme.com\/fr\/#\/schema\/person\/89833db382b5db2c76b094bc902aa12a"},"description":"Banque Populaire d\u2019Oujda a inaugur\u00e9 sa Galerie d\u2019art, le jeudi 6 octobre 2022. Situ\u00e9 au si\u00e8ge de la Banque Populaire d\u2019Oujda,","breadcrumb":{"@id":"https:\/\/www.mediaplateforme.com\/fr\/la-banque-populaire-doujda-inaugure-sa-galerie-dart\/#breadcrumb"},"inLanguage":"fr-FR","potentialAction":[{"@type":"ReadAction","target":["https:\/\/www.mediaplateforme.com\/fr\/la-banque-populaire-doujda-inaugure-sa-galerie-dart\/"]}]},{"@type":"BreadcrumbList","@id":"https:\/\/www.mediaplateforme.com\/fr\/la-banque-populaire-doujda-inaugure-sa-galerie-dart\/#breadcrumb","itemListElement":[{"@type":"ListItem","position":1,"name":"\u0627\u0644\u0631\u0626\u064a\u0633\u064a\u0629","item":"https:\/\/www.mediaplateforme.com\/fr\/"},{"@type":"ListItem","position":2,"name":"La Banque Populaire d\u2019Oujda inaugure sa Galerie d\u2019art"}]},{"@type":"WebSite","@id":"https:\/\/www.mediaplateforme.com\/fr\/#website","url":"https:\/\/www.mediaplateforme.com\/fr\/","name":"MEDIA PLATEFORME | FR","description":"Mediaplateforme sp\u00e9cialis\u00e9 dans la communication institutions publiques et des entreprises","potentialAction":[{"@type":"SearchAction","target":{"@type":"EntryPoint","urlTemplate":"https:\/\/www.mediaplateforme.com\/fr\/?s={search_term_string}"},"query-input":"required name=search_term_string"}],"inLanguage":"fr-FR"},{"@type":"Person","@id":"https:\/\/www.mediaplateforme.com\/fr\/#\/schema\/person\/89833db382b5db2c76b094bc902aa12a","name":"Mediaplateforme","image":{"@type":"ImageObject","inLanguage":"fr-FR","@id":"https:\/\/www.mediaplateforme.com\/fr\/#\/schema\/person\/image\/","url":"https:\/\/secure.gravatar.com\/avatar\/6c9c02e8928cc65d54bf75157f7b3a2d06d7ad0494ca0951f679552ff03b34c1?s=96&d=mm&r=g","contentUrl":"https:\/\/secure.gravatar.com\/avatar\/6c9c02e8928cc65d54bf75157f7b3a2d06d7ad0494ca0951f679552ff03b34c1?s=96&d=mm&r=g","caption":"Mediaplateforme"},"sameAs":["https:\/\/www.mediaplateforme.com"],"url":"https:\/\/www.mediaplateforme.com\/fr\/author\/mohamedladib\/"}]}},"_links":{"self":[{"href":"https:\/\/www.mediaplateforme.com\/fr\/wp-json\/wp\/v2\/posts\/1276","targetHints":{"allow":["GET"]}}],"collection":[{"href":"https:\/\/www.mediaplateforme.com\/fr\/wp-json\/wp\/v2\/posts"}],"about":[{"href":"https:\/\/www.mediaplateforme.com\/fr\/wp-json\/wp\/v2\/types\/post"}],"author":[{"embeddable":true,"href":"https:\/\/www.mediaplateforme.com\/fr\/wp-json\/wp\/v2\/users\/1"}],"replies":[{"embeddable":true,"href":"https:\/\/www.mediaplateforme.com\/fr\/wp-json\/wp\/v2\/comments?post=1276"}],"version-history":[{"count":1,"href":"https:\/\/www.mediaplateforme.com\/fr\/wp-json\/wp\/v2\/posts\/1276\/revisions"}],"predecessor-version":[{"id":1280,"href":"https:\/\/www.mediaplateforme.com\/fr\/wp-json\/wp\/v2\/posts\/1276\/revisions\/1280"}],"wp:featuredmedia":[{"embeddable":true,"href":"https:\/\/www.mediaplateforme.com\/fr\/wp-json\/wp\/v2\/media\/1279"}],"wp:attachment":[{"href":"https:\/\/www.mediaplateforme.com\/fr\/wp-json\/wp\/v2\/media?parent=1276"}],"wp:term":[{"taxonomy":"category","embeddable":true,"href":"https:\/\/www.mediaplateforme.com\/fr\/wp-json\/wp\/v2\/categories?post=1276"},{"taxonomy":"post_tag","embeddable":true,"href":"https:\/\/www.mediaplateforme.com\/fr\/wp-json\/wp\/v2\/tags?post=1276"}],"curies":[{"name":"wp","href":"https:\/\/api.w.org\/{rel}","templated":true}]}}