{"id":126,"date":"2022-06-23T23:19:22","date_gmt":"2022-06-23T22:19:22","guid":{"rendered":"https:\/\/www.mediaplateforme.com\/fr\/?p=126"},"modified":"2022-06-23T23:20:37","modified_gmt":"2022-06-23T22:20:37","slug":"126-2","status":"publish","type":"post","link":"https:\/\/www.mediaplateforme.com\/fr\/126-2\/","title":{"rendered":"Pr\u00e9sentation des nouveaux XPS 13 et XPS 13 2-en-1: Le renouvellement de notre gamme XPS se poursuit"},"content":{"rendered":"<p>Toujours dans le sillage du lancement du XPS 13 Plus, un syst\u00e8me qui a \u00e9t\u00e9 salu\u00e9 pour les nombreuses qualit\u00e9s de ses \u00ab\u00a0fonctions futuristes\u00a0\u00bb, Dell poursuit le d\u00e9ploiement de sa gamme XPS avec le lancement aujourd\u2019hui de l\u2019embl\u00e9matique XPS 13 et la r\u00e9v\u00e9lation du prochain XPS 13 2-en-1.<\/p>\n<p>&nbsp;<\/p>\n<p>Le monde hybride et mobile d\u2019aujourd\u2019hui signifie que vos outils se doivent d\u2019\u00eatre encore plus innovants et davantage connect\u00e9s. Leur polyvalence et la facilit\u00e9 avec laquelle ces outils vous permettront de r\u00e9aliser des t\u00e2ches multiples sont primordiales: c\u2019est pr\u00e9cis\u00e9ment dans cet esprit que le XPS 13 et le XPS 13 2-en-1 de Dell ont \u00e9t\u00e9 con\u00e7us.<\/p>\n<p>L\u2019ordinateur portable XPS 13 de 13 pouces, qui est le plus fin et le plus l\u00e9ger jamais produit par Dell, est d\u00e9sormais disponible \u00e0 la vente.<\/p>\n<p>Le XPS 13 est compact et \u00e9l\u00e9gant (13,99 mm, \u00e0 partir de 2,59 lb) pour vous permettre d\u2019\u00eatre productif en d\u00e9placement.<\/p>\n<p>Le XPS 13 est \u00e0 la fois extr\u00eamement compact et incroyablement \u00e9l\u00e9gant (13,99 mm, \u00e0 partir de 2,59 lb): transportable partout, il vous permet de toujours rester productif, peu importe o\u00f9 vous vous trouvez.<\/p>\n<p>Et parce que le planning de votre journ\u00e9e peut facilement changer de fond en comble \u00e0 cause d\u2019un seul e-mail, le XPS 13 (disponible avec Windows 11 ou Ubuntu 20.04) saura \u00eatre votre fr\u00e8re d\u2019armes \u00e0 chaque instant puisqu\u2019il est capable de vous suivre partout. Astucieusement fin, l\u00e9ger et compact, et b\u00e9n\u00e9ficiant de pas moins de 12 heures d\u2019autonomie, il se glisse sans probl\u00e8me dans la poche de votre sac \u00e0 dos, dans votre sacoche ou m\u00eame dans votre sac \u00e0 main, tout en vous d\u00e9livrant en permanence des performances haut de gamme, et ce gr\u00e2ce \u00e0 ses processeurs Intel\u00ae Core\u2122 de 12e g\u00e9n\u00e9ration qui vous permettent de r\u00e9aliser plusieurs t\u00e2ches en m\u00eame temps et en toute simplicit\u00e9.<\/p>\n<h3>Le XPS 13 Sizzle Reel<\/h3>\n<p>Fid\u00e8le \u00e0 l\u2019esth\u00e9tique de pointe de Dell, le XPS re\u00e7oit la cinqui\u00e8me g\u00e9n\u00e9ration d\u2019\u00e9cran InfinityEdge de Dell \u00e0 4 c\u00f4t\u00e9s, en plus de b\u00e9n\u00e9ficier d\u2019un son am\u00e9lior\u00e9 pour une exp\u00e9rience de divertissement extraordinairement immersive. Que ce soit pour \u00e9couter de la musique en streaming, discuter en vid\u00e9o avec vos amis ou visionner les tous derniers blockbusters, ce laptop d\u2019exception vous fournira toujours les meilleurs performances, peu importe l\u2019utilisation que vous en ferez. La luminosit\u00e9 \u00e9lev\u00e9e de son \u00e9cran, la clart\u00e9 am\u00e9lior\u00e9e de son affichage, ses d\u00e9tails ultra-pr\u00e9cis, sa r\u00e9solution allant jusqu\u2019\u00e0 4K+ et ses couleurs vives, donnent vie de mani\u00e8re envo\u00fbtante \u00e0 tous vos contenus, tandis que ses haut-parleurs \u00e0 fort diam\u00e8tre d\u00e9livrent un son encore plus puissant, avec des basses plus profondes et une exp\u00e9rience audio globale de tr\u00e8s haut niveau. La technologie Eyesafe\u00ae r\u00e9duit intelligemment la lumi\u00e8re bleue nocive de l\u2019\u00e9cran sans jamais compromettre votre exp\u00e9rience visuelle.<\/p>\n<p>Fabriqu\u00e9 de mani\u00e8re experte \u00e0 partir de mat\u00e9riaux de qualit\u00e9, le XPS 13 offre une approche inclusive avec la pr\u00e9sence de couleurs encore plus expressives et aux tons encore plus unifi\u00e9s. Disponible en finition Sky et Umber, l\u2019aluminium teint\u00e9 et usin\u00e9 de type CNC arbore un aspect tr\u00e8s haut de gamme.<\/p>\n<h3>M\u00eame charte, mais accompagn\u00e9e d\u2019une strat\u00e9gie nouvelle\u2026<\/h3>\n<p>Notre charte de conception demeure la m\u00eame: elle consiste \u00e0 simplifier l\u2019exp\u00e9rience de l\u2019utilisateur afin que la technologie soit intelligemment rel\u00e9gu\u00e9e au second plan et que l\u2019appareil devienne une extension de vous-m\u00eame. Mais parfois, il est int\u00e9ressant de comprendre de quelle mani\u00e8re les choses ont \u00e9t\u00e9 con\u00e7ues. A ce titre, il convient de pr\u00e9ciser que l\u2019ing\u00e9nierie avanc\u00e9e que nous insufflons dans nos produits nous a permis d\u2019atteindre nos objectifs de conception et d\u2019exp\u00e9rience\u2026<\/p>\n<p>Le XPS a depuis toujours travaill\u00e9 \u00e0 r\u00e9imaginer l\u2019exp\u00e9rience de l\u2019\u00e9cran \u00e0 travers le design InfinityEdge de Dell. Cet \u00e9cran de pointe se caract\u00e9rise par ses bords encore plus fins tout en offrant une meilleure exp\u00e9rience visuelle. Dans l\u2019esprit de repousser en permanence les limites du possible, notre \u00e9quipe d\u2019ing\u00e9nieurs travaille \u00e0 rendre le XPS 13 aussi compact que possible pour les clients qui privil\u00e9gient la mobilit\u00e9. Cette fois, nos ing\u00e9nieurs ont d\u00fb repenser toute la structure de l\u2019appareil.<\/p>\n<p>Cela a donn\u00e9 le coup d\u2019envoi pour un long et ambitieux voyage: celui qui consiste \u00e0 \u00ab miniaturiser \u00bb au maximum la carte m\u00e8re afin qu\u2019elle soit 1,8 fois plus petite que celle de l\u2019ancienne g\u00e9n\u00e9ration du XPS 13 (2021). En fait, il s\u2019agit de la plus petite carte m\u00e8re jamais cr\u00e9\u00e9e et install\u00e9e sur un PC Dell. Cette merveille d\u2019ing\u00e9nierie a permis de g\u00e9n\u00e9rer davantage d\u2019espace pour abriter de nouvelles technologies et agrandir de mani\u00e8re plus sensible les bo\u00eetiers des haut-parleurs. On obtient alors un XPS 13 plus fin et plus l\u00e9ger, mais \u00e9galement plus sonore, plus performant et plus durable.<\/p>\n<h3>Atteignant de nouvelles normes en termes de polyvalence, le XPS 13 2-en-1 vient d\u2019\u00eatre lanc\u00e9 cet \u00e9t\u00e9.<\/h3>\n<p>A l\u2019heure o\u00f9 les fronti\u00e8res continuent \u00e0 s\u2019estomper entre le travail, la vie au quotidien et l\u2019apprentissage, le XPS 13 2-en-1 devient plus que jamais un must-have. Cet appareil donne acc\u00e8s \u00e0 une flexibilit\u00e9 ultime qui vous permet de passer sans effort du streaming \u00e0 la cr\u00e9ation et au partage de contenu, tout en restant en permanence connect\u00e9s.<\/p>\n<p>Profitez de performances de premier ordre partout avec le premier laptop XPS dot\u00e9 d\u2019une connectivit\u00e9 5G. Que ce soit pour le streaming, pour le t\u00e9l\u00e9chargement de fichiers, pour visionner du contenu vid\u00e9o, vous r\u00e9ussirez \u00e0 tout faire beaucoup plus rapidement gr\u00e2ce \u00e0 la 5G. Vous allez donc r\u00e9ussir \u00e0 \u00eatre toujours productif peu importe l\u2019endroit o\u00f9 vous vous trouvez. Le nouveau XPS 13 2-en-1 est \u00e9galement dot\u00e9 de la technologie eSIM, laquelle vous permet de vous rendre dans diff\u00e9rents pays et de vous connecter \u00e0 diff\u00e9rents op\u00e9rateurs internationaux sans jamais avoir \u00e0 changer de carte SIM.<\/p>\n<p>Le XPS 13 2-en-1 vous permet en outre de passer librement et avec fluidit\u00e9 du mode \u00abconso\u00bb au mode \u00abprod\u2019\u00bb gr\u00e2ce au XPS Folio magn\u00e9tique. L\u2019ordinateur portable est capable d\u2019\u00eatre ajust\u00e9 selon trois r\u00e9glages d\u2019angle diff\u00e9rents (100\u00b0, 112,5\u00b0, 125\u00b0) pour un maximum de flexibilit\u00e9 et de confort. Vous allez \u00e9galement pouvoir exprimer au maximum votre cr\u00e9ativit\u00e9 avec une exp\u00e9rience d\u2019\u00e9criture et d\u2019encrage extr\u00eamement naturelles, et ce gr\u00e2ce au XPS Stylus, lequel confortable pour les gauchers comme pour les droitiers, et permet de transformer l\u2019appareil en un v\u00e9ritable carnet de croquis de pointe qui permet de donner vie, de la meilleure mani\u00e8re qui soit, \u00e0 vos derni\u00e8res visions cr\u00e9atives. Le XPS Stylus personnalis\u00e9 se fixe magn\u00e9tiquement sur le dessus de l\u2019appareil et se recharge syst\u00e9matiquement par ignition \u00e0 cet emplacement. Il vous d\u00e9livre jusqu\u2019\u00e0 50 jours d\u2019autonomie en moyenne, \u00e0 partir d\u2019une charge compl\u00e8te. A noter que le XPS Folio et le Stylus sont vendus s\u00e9par\u00e9ment.<\/p>\n<p>Con\u00e7u autour d\u2019un mode d\u2019affichage intuitif, l\u2019\u00e9tonnant \u00e9cran vous d\u00e9livre une luminosit\u00e9 maximale et des d\u00e9tails ultra-pr\u00e9cis, tout en offrant une r\u00e9solution allant jusqu\u2019\u00e0 3K et des couleurs vives, rendant le contenu aussi dynamique que vos id\u00e9es. La webcam frontale haute r\u00e9solution 1080p d\u00e9livre des images nettes et claires. Et l\u2019appareil photo 4K orient\u00e9 vers le monde vous permet de capturer des photos haute fid\u00e9lit\u00e9 et d\u2019\u00e9diter du contenu sur un seul et m\u00eame appareil.<\/p>\n<p>L\u00e9ger et polyvalent, avec son XPS Folio magn\u00e9tique en option et son XPS Stylus personnalis\u00e9, le XPS 13 2-en-1 vous accorde deux options de connectivit\u00e9 diff\u00e9rentes: WiFi 6E standard ou 5G avec WiFi 6E. Le dos de l\u2019appareil est de type Gorilla Glass 7: il est disponible dans une teinte ardoise qui est un peu plus fonc\u00e9e.<\/p>\n<h3>Respect de nos engagements en termes de d\u00e9veloppement durable<\/h3>\n<p>&nbsp;<\/p>\n<p>Conform\u00e9ment \u00e0 l\u2019engagement de Dell qui consiste \u00e0 r\u00e9duire l\u2019impact de ses produits sur l\u2019environnement, les ch\u00e2ssis XPS 13 et XPS 13 2-en-1 sont fabriqu\u00e9s \u00e0 partir d\u2019aluminium \u00e0 faible teneur en carbone. Ils sont \u00e9galement produits \u00e0 l\u2019aide d\u2019\u00e9nergies renouvelables qui permettent de r\u00e9duite \u00e0 hauteur de 70 % les \u00e9missions en carbone par rapport aux ch\u00e2ssis en aluminium qui sont produits dans des installations traditionnelles fonctionnant au charbon. Le XPS 13 et le XPS 13 2-en-1 sont certifi\u00e9s EPEAT Gold et sont livr\u00e9s dans un emballage 100 % renouvelable et recycl\u00e9.<\/p>\n<h3>Conclusion<\/h3>\n<p>Vous ne savez pas quoi faire de vos anciens appareils ? Avec Dell Trade In, vous pouvez transformer tout appareil \u00e9lectronique \u00e9ligible (Dell et non Dell) en cr\u00e9dit pour votre prochain achat sur Dell.com. Ce programme, initialement lanc\u00e9 aux \u00c9tats-Unis, sera \u00e9tendu cette ann\u00e9e \u00e0 d\u2019autres pays.<\/p>\n<p>N\u2019oubliez pas que, gr\u00e2ce \u00e0 Dell Migrate, vous aurez la possibilit\u00e9 de transf\u00e9rer en toute facilit\u00e9 des donn\u00e9es et des fichiers importants de PC bas\u00e9s sur Windows66 vers votre nouveau p\u00e9riph\u00e9rique XPS.<\/p>\n<p>Consultez notre dossier de presse ici pour plus d\u2019informations sur les nouveaux p\u00e9riph\u00e9riques XPS. Suivez-nous sur Twitter, Instagram, Facebook, YouTube et LinkedIn.<\/p>\n<h3>Prix et disponibilit\u00e9<\/h3>\n<p>\u2013 Le XPS 13 et le XPS 13 Developer Edition sont d\u00e9sormais disponibles aux \u00c9tats-Unis et au Canada. Ils fonctionnent sous Windows 11 ou Ubuntu 20.04 respectivement.<\/p>\n<p>\u2013 Le XPS 13 2-en-1 sera disponible cet \u00e9t\u00e9. Les prix seront confirm\u00e9s \u00e0 l\u2019approche de la date de commercialisation.<\/p>\n<p>&nbsp;<\/p>\n","protected":false},"excerpt":{"rendered":"<p>Toujours dans le sillage du lancement du XPS 13 Plus, un syst\u00e8me qui a \u00e9t\u00e9<\/p>\n","protected":false},"author":1,"featured_media":123,"comment_status":"open","ping_status":"open","sticky":false,"template":"","format":"standard","meta":{"_acf_changed":false,"footnotes":""},"categories":[5,3],"tags":[43,44,41],"class_list":["post-126","post","type-post","status-publish","format-standard","has-post-thumbnail","hentry","category-tech","category-nouvelles-selectionnees","tag-dell","tag-le-xps-13-2-en-1","tag-xps-13-plus"],"acf":[],"yoast_head":"<!-- This site is optimized with the Yoast SEO plugin v22.0 - https:\/\/yoast.com\/wordpress\/plugins\/seo\/ -->\n<title>Pr\u00e9sentation des nouveaux XPS 13 et XPS 13 2-en-1: Le renouvellement de notre gamme XPS se poursuit - MEDIA PLATEFORME | FR<\/title>\n<meta name=\"description\" content=\"Dell poursuit le d\u00e9ploiement de sa gamme XPS avec le lancement de l&#039;embl\u00e9matique XPS 13 et la r\u00e9v\u00e9lation du prochain XPS 13 2-en-1.\" \/>\n<meta name=\"robots\" content=\"index, follow, max-snippet:-1, max-image-preview:large, max-video-preview:-1\" \/>\n<link rel=\"canonical\" href=\"https:\/\/www.mediaplateforme.com\/fr\/126-2\/\" \/>\n<meta property=\"og:locale\" content=\"fr_FR\" \/>\n<meta property=\"og:type\" content=\"article\" \/>\n<meta property=\"og:title\" content=\"Pr\u00e9sentation des nouveaux XPS 13 et XPS 13 2-en-1: Le renouvellement de notre gamme XPS se poursuit - MEDIA PLATEFORME | FR\" \/>\n<meta property=\"og:description\" content=\"Dell poursuit le d\u00e9ploiement de sa gamme XPS avec le lancement de l&#039;embl\u00e9matique XPS 13 et la r\u00e9v\u00e9lation du prochain XPS 13 2-en-1.\" \/>\n<meta property=\"og:url\" content=\"https:\/\/www.mediaplateforme.com\/fr\/126-2\/\" \/>\n<meta property=\"og:site_name\" content=\"MEDIA PLATEFORME | FR\" \/>\n<meta property=\"article:published_time\" content=\"2022-06-23T22:19:22+00:00\" \/>\n<meta property=\"article:modified_time\" content=\"2022-06-23T22:20:37+00:00\" \/>\n<meta property=\"og:image\" content=\"https:\/\/www.mediaplateforme.com\/fr\/wp-content\/uploads\/sites\/5\/2022\/06\/XPS.jpg\" \/>\n\t<meta property=\"og:image:width\" content=\"639\" \/>\n\t<meta property=\"og:image:height\" content=\"355\" \/>\n\t<meta property=\"og:image:type\" content=\"image\/jpeg\" \/>\n<meta name=\"author\" content=\"Mediaplateforme\" \/>\n<meta name=\"twitter:card\" content=\"summary_large_image\" \/>\n<meta name=\"twitter:label1\" content=\"\u00c9crit par\" \/>\n\t<meta name=\"twitter:data1\" content=\"Mediaplateforme\" \/>\n\t<meta name=\"twitter:label2\" content=\"Dur\u00e9e de lecture estim\u00e9e\" \/>\n\t<meta name=\"twitter:data2\" content=\"8 minutes\" \/>\n<script type=\"application\/ld+json\" class=\"yoast-schema-graph\">{\"@context\":\"https:\/\/schema.org\",\"@graph\":[{\"@type\":\"WebPage\",\"@id\":\"https:\/\/www.mediaplateforme.com\/fr\/126-2\/\",\"url\":\"https:\/\/www.mediaplateforme.com\/fr\/126-2\/\",\"name\":\"Pr\u00e9sentation des nouveaux XPS 13 et XPS 13 2-en-1: Le renouvellement de notre gamme XPS se poursuit - MEDIA PLATEFORME | FR\",\"isPartOf\":{\"@id\":\"https:\/\/www.mediaplateforme.com\/fr\/#website\"},\"datePublished\":\"2022-06-23T22:19:22+00:00\",\"dateModified\":\"2022-06-23T22:20:37+00:00\",\"author\":{\"@id\":\"https:\/\/www.mediaplateforme.com\/fr\/#\/schema\/person\/89833db382b5db2c76b094bc902aa12a\"},\"description\":\"Dell poursuit le d\u00e9ploiement de sa gamme XPS avec le lancement de l'embl\u00e9matique XPS 13 et la r\u00e9v\u00e9lation du prochain XPS 13 2-en-1.\",\"breadcrumb\":{\"@id\":\"https:\/\/www.mediaplateforme.com\/fr\/126-2\/#breadcrumb\"},\"inLanguage\":\"fr-FR\",\"potentialAction\":[{\"@type\":\"ReadAction\",\"target\":[\"https:\/\/www.mediaplateforme.com\/fr\/126-2\/\"]}]},{\"@type\":\"BreadcrumbList\",\"@id\":\"https:\/\/www.mediaplateforme.com\/fr\/126-2\/#breadcrumb\",\"itemListElement\":[{\"@type\":\"ListItem\",\"position\":1,\"name\":\"\u0627\u0644\u0631\u0626\u064a\u0633\u064a\u0629\",\"item\":\"https:\/\/www.mediaplateforme.com\/fr\/\"},{\"@type\":\"ListItem\",\"position\":2,\"name\":\"Pr\u00e9sentation des nouveaux XPS 13 et XPS 13 2-en-1: Le renouvellement de notre gamme XPS se poursuit\"}]},{\"@type\":\"WebSite\",\"@id\":\"https:\/\/www.mediaplateforme.com\/fr\/#website\",\"url\":\"https:\/\/www.mediaplateforme.com\/fr\/\",\"name\":\"MEDIA PLATEFORME | FR\",\"description\":\"Mediaplateforme sp\u00e9cialis\u00e9 dans la communication institutions publiques et des entreprises\",\"potentialAction\":[{\"@type\":\"SearchAction\",\"target\":{\"@type\":\"EntryPoint\",\"urlTemplate\":\"https:\/\/www.mediaplateforme.com\/fr\/?s={search_term_string}\"},\"query-input\":\"required name=search_term_string\"}],\"inLanguage\":\"fr-FR\"},{\"@type\":\"Person\",\"@id\":\"https:\/\/www.mediaplateforme.com\/fr\/#\/schema\/person\/89833db382b5db2c76b094bc902aa12a\",\"name\":\"Mediaplateforme\",\"image\":{\"@type\":\"ImageObject\",\"inLanguage\":\"fr-FR\",\"@id\":\"https:\/\/www.mediaplateforme.com\/fr\/#\/schema\/person\/image\/\",\"url\":\"https:\/\/secure.gravatar.com\/avatar\/6c9c02e8928cc65d54bf75157f7b3a2d06d7ad0494ca0951f679552ff03b34c1?s=96&d=mm&r=g\",\"contentUrl\":\"https:\/\/secure.gravatar.com\/avatar\/6c9c02e8928cc65d54bf75157f7b3a2d06d7ad0494ca0951f679552ff03b34c1?s=96&d=mm&r=g\",\"caption\":\"Mediaplateforme\"},\"sameAs\":[\"https:\/\/www.mediaplateforme.com\"],\"url\":\"https:\/\/www.mediaplateforme.com\/fr\/author\/mohamedladib\/\"}]}<\/script>\n<!-- \/ Yoast SEO plugin. -->","yoast_head_json":{"title":"Pr\u00e9sentation des nouveaux XPS 13 et XPS 13 2-en-1: Le renouvellement de notre gamme XPS se poursuit - MEDIA PLATEFORME | FR","description":"Dell poursuit le d\u00e9ploiement de sa gamme XPS avec le lancement de l'embl\u00e9matique XPS 13 et la r\u00e9v\u00e9lation du prochain XPS 13 2-en-1.","robots":{"index":"index","follow":"follow","max-snippet":"max-snippet:-1","max-image-preview":"max-image-preview:large","max-video-preview":"max-video-preview:-1"},"canonical":"https:\/\/www.mediaplateforme.com\/fr\/126-2\/","og_locale":"fr_FR","og_type":"article","og_title":"Pr\u00e9sentation des nouveaux XPS 13 et XPS 13 2-en-1: Le renouvellement de notre gamme XPS se poursuit - MEDIA PLATEFORME | FR","og_description":"Dell poursuit le d\u00e9ploiement de sa gamme XPS avec le lancement de l'embl\u00e9matique XPS 13 et la r\u00e9v\u00e9lation du prochain XPS 13 2-en-1.","og_url":"https:\/\/www.mediaplateforme.com\/fr\/126-2\/","og_site_name":"MEDIA PLATEFORME | FR","article_published_time":"2022-06-23T22:19:22+00:00","article_modified_time":"2022-06-23T22:20:37+00:00","og_image":[{"width":639,"height":355,"url":"https:\/\/www.mediaplateforme.com\/fr\/wp-content\/uploads\/sites\/5\/2022\/06\/XPS.jpg","type":"image\/jpeg"}],"author":"Mediaplateforme","twitter_card":"summary_large_image","twitter_misc":{"\u00c9crit par":"Mediaplateforme","Dur\u00e9e de lecture estim\u00e9e":"8 minutes"},"schema":{"@context":"https:\/\/schema.org","@graph":[{"@type":"WebPage","@id":"https:\/\/www.mediaplateforme.com\/fr\/126-2\/","url":"https:\/\/www.mediaplateforme.com\/fr\/126-2\/","name":"Pr\u00e9sentation des nouveaux XPS 13 et XPS 13 2-en-1: Le renouvellement de notre gamme XPS se poursuit - MEDIA PLATEFORME | FR","isPartOf":{"@id":"https:\/\/www.mediaplateforme.com\/fr\/#website"},"datePublished":"2022-06-23T22:19:22+00:00","dateModified":"2022-06-23T22:20:37+00:00","author":{"@id":"https:\/\/www.mediaplateforme.com\/fr\/#\/schema\/person\/89833db382b5db2c76b094bc902aa12a"},"description":"Dell poursuit le d\u00e9ploiement de sa gamme XPS avec le lancement de l'embl\u00e9matique XPS 13 et la r\u00e9v\u00e9lation du prochain XPS 13 2-en-1.","breadcrumb":{"@id":"https:\/\/www.mediaplateforme.com\/fr\/126-2\/#breadcrumb"},"inLanguage":"fr-FR","potentialAction":[{"@type":"ReadAction","target":["https:\/\/www.mediaplateforme.com\/fr\/126-2\/"]}]},{"@type":"BreadcrumbList","@id":"https:\/\/www.mediaplateforme.com\/fr\/126-2\/#breadcrumb","itemListElement":[{"@type":"ListItem","position":1,"name":"\u0627\u0644\u0631\u0626\u064a\u0633\u064a\u0629","item":"https:\/\/www.mediaplateforme.com\/fr\/"},{"@type":"ListItem","position":2,"name":"Pr\u00e9sentation des nouveaux XPS 13 et XPS 13 2-en-1: Le renouvellement de notre gamme XPS se poursuit"}]},{"@type":"WebSite","@id":"https:\/\/www.mediaplateforme.com\/fr\/#website","url":"https:\/\/www.mediaplateforme.com\/fr\/","name":"MEDIA PLATEFORME | FR","description":"Mediaplateforme sp\u00e9cialis\u00e9 dans la communication institutions publiques et des entreprises","potentialAction":[{"@type":"SearchAction","target":{"@type":"EntryPoint","urlTemplate":"https:\/\/www.mediaplateforme.com\/fr\/?s={search_term_string}"},"query-input":"required name=search_term_string"}],"inLanguage":"fr-FR"},{"@type":"Person","@id":"https:\/\/www.mediaplateforme.com\/fr\/#\/schema\/person\/89833db382b5db2c76b094bc902aa12a","name":"Mediaplateforme","image":{"@type":"ImageObject","inLanguage":"fr-FR","@id":"https:\/\/www.mediaplateforme.com\/fr\/#\/schema\/person\/image\/","url":"https:\/\/secure.gravatar.com\/avatar\/6c9c02e8928cc65d54bf75157f7b3a2d06d7ad0494ca0951f679552ff03b34c1?s=96&d=mm&r=g","contentUrl":"https:\/\/secure.gravatar.com\/avatar\/6c9c02e8928cc65d54bf75157f7b3a2d06d7ad0494ca0951f679552ff03b34c1?s=96&d=mm&r=g","caption":"Mediaplateforme"},"sameAs":["https:\/\/www.mediaplateforme.com"],"url":"https:\/\/www.mediaplateforme.com\/fr\/author\/mohamedladib\/"}]}},"_links":{"self":[{"href":"https:\/\/www.mediaplateforme.com\/fr\/wp-json\/wp\/v2\/posts\/126","targetHints":{"allow":["GET"]}}],"collection":[{"href":"https:\/\/www.mediaplateforme.com\/fr\/wp-json\/wp\/v2\/posts"}],"about":[{"href":"https:\/\/www.mediaplateforme.com\/fr\/wp-json\/wp\/v2\/types\/post"}],"author":[{"embeddable":true,"href":"https:\/\/www.mediaplateforme.com\/fr\/wp-json\/wp\/v2\/users\/1"}],"replies":[{"embeddable":true,"href":"https:\/\/www.mediaplateforme.com\/fr\/wp-json\/wp\/v2\/comments?post=126"}],"version-history":[{"count":0,"href":"https:\/\/www.mediaplateforme.com\/fr\/wp-json\/wp\/v2\/posts\/126\/revisions"}],"wp:featuredmedia":[{"embeddable":true,"href":"https:\/\/www.mediaplateforme.com\/fr\/wp-json\/wp\/v2\/media\/123"}],"wp:attachment":[{"href":"https:\/\/www.mediaplateforme.com\/fr\/wp-json\/wp\/v2\/media?parent=126"}],"wp:term":[{"taxonomy":"category","embeddable":true,"href":"https:\/\/www.mediaplateforme.com\/fr\/wp-json\/wp\/v2\/categories?post=126"},{"taxonomy":"post_tag","embeddable":true,"href":"https:\/\/www.mediaplateforme.com\/fr\/wp-json\/wp\/v2\/tags?post=126"}],"curies":[{"name":"wp","href":"https:\/\/api.w.org\/{rel}","templated":true}]}}