{"id":1256,"date":"2022-10-12T12:40:42","date_gmt":"2022-10-12T11:40:42","guid":{"rendered":"https:\/\/www.mediaplateforme.com\/fr\/?p=1256"},"modified":"2022-10-12T12:40:42","modified_gmt":"2022-10-12T11:40:42","slug":"barid-al-maghrib-emet-un-timbre-poste-special-commemorant-la-declaration-de-marrakech-2020-pour-la-lutte-contre-la-violence-faite-aux-femmes","status":"publish","type":"post","link":"https:\/\/www.mediaplateforme.com\/fr\/barid-al-maghrib-emet-un-timbre-poste-special-commemorant-la-declaration-de-marrakech-2020-pour-la-lutte-contre-la-violence-faite-aux-femmes\/","title":{"rendered":"Barid-Al-Maghrib \u00e9met un timbre-poste sp\u00e9cial comm\u00e9morant la \u00ab D\u00e9claration de Marrakech 2020 pour la lutte contre la violence faite aux femmes \u00bb"},"content":{"rendered":"<p>A l\u2019occasion de la journ\u00e9e nationale de la femme (10 octobre 2022), le Groupe Barid Al-Maghrib lance une \u00e9mission sp\u00e9ciale de timbre-poste comm\u00e9morant la \u00ab D\u00e9claration de Marrakech 2020 pour la lutte contre la violence faite aux femmes \u00bb qui a \u00e9t\u00e9 adopt\u00e9e en mars 2020, sous la pr\u00e9sidence effective de Son Altesse Royale la Princesse Lalla Meryem.<\/p>\n<p>&nbsp;<\/p>\n<p>Cette nouvelle \u00e9mission sp\u00e9ciale constitue, une occasion pour c\u00e9l\u00e9brer l\u2019adoption de cette D\u00e9claration et pour mettre en exergue la mise en \u0153uvre de ses dispositions au profit de la femme et la jeune fille marocaine, ainsi que les avanc\u00e9es enregistr\u00e9es par le Royaume du Maroc en mati\u00e8re de protection des droits de la femme, de son autonomisation et de sa pleine participation au d\u00e9veloppement du Maroc.<\/p>\n<p>&nbsp;<\/p>\n<p>La d\u00e9claration est ainsi une initiative f\u00e9d\u00e9ratrice des efforts multisectoriels pour l\u2019autonomisation de la femme alliant le curatif et le pr\u00e9ventif \u00e0 travers des actions concr\u00e8tes et r\u00e9alistes aux retomb\u00e9es imm\u00e9diates.<\/p>\n<p>&nbsp;<\/p>\n<p>Il est \u00e0 signaler \u00e9galement que cette \u00e9mission vient enrichir la collection des timbres-poste d\u00e9j\u00e0 \u00e9mis par Barid Al-Maghrib sur le m\u00eame th\u00e8me tels que la \u00ab Journ\u00e9e internationale des Femmes \u00bb en 2022, 2016 et 2002, \u00ab Journ\u00e9e Nationale de la femme \u00bb en 2009 et \u00ab D\u00e9cennie des Nations Unies pour la Femme \u00bb en 1980.<\/p>\n","protected":false},"excerpt":{"rendered":"<p>A l\u2019occasion de la journ\u00e9e nationale de la femme (10 octobre 2022), le Groupe Barid<\/p>\n","protected":false},"author":1,"featured_media":1257,"comment_status":"open","ping_status":"open","sticky":false,"template":"","format":"standard","meta":{"_acf_changed":false,"footnotes":""},"categories":[7,3],"tags":[163],"class_list":["post-1256","post","type-post","status-publish","format-standard","has-post-thumbnail","hentry","category-articles","category-nouvelles-selectionnees","tag-barid-al-maghrib"],"acf":[],"yoast_head":"<!-- This site is optimized with the Yoast SEO plugin v22.0 - https:\/\/yoast.com\/wordpress\/plugins\/seo\/ -->\n<title>Barid-Al-Maghrib \u00e9met un timbre-poste sp\u00e9cial comm\u00e9morant la \u00ab D\u00e9claration de Marrakech 2020 pour la lutte contre la violence faite aux femmes \u00bb - MEDIA PLATEFORME | FR<\/title>\n<meta name=\"description\" content=\"A l\u2019occasion de la journ\u00e9e nationale de la femme (10 octobre 2022), le Groupe Barid Al-Maghrib lance une \u00e9mission sp\u00e9ciale de timbre\" \/>\n<meta name=\"robots\" content=\"index, follow, max-snippet:-1, max-image-preview:large, max-video-preview:-1\" \/>\n<link rel=\"canonical\" href=\"https:\/\/www.mediaplateforme.com\/fr\/barid-al-maghrib-emet-un-timbre-poste-special-commemorant-la-declaration-de-marrakech-2020-pour-la-lutte-contre-la-violence-faite-aux-femmes\/\" \/>\n<meta property=\"og:locale\" content=\"fr_FR\" \/>\n<meta property=\"og:type\" content=\"article\" \/>\n<meta property=\"og:title\" content=\"Barid-Al-Maghrib \u00e9met un timbre-poste sp\u00e9cial comm\u00e9morant la \u00ab D\u00e9claration de Marrakech 2020 pour la lutte contre la violence faite aux femmes \u00bb - MEDIA PLATEFORME | FR\" \/>\n<meta property=\"og:description\" content=\"A l\u2019occasion de la journ\u00e9e nationale de la femme (10 octobre 2022), le Groupe Barid Al-Maghrib lance une \u00e9mission sp\u00e9ciale de timbre\" \/>\n<meta property=\"og:url\" content=\"https:\/\/www.mediaplateforme.com\/fr\/barid-al-maghrib-emet-un-timbre-poste-special-commemorant-la-declaration-de-marrakech-2020-pour-la-lutte-contre-la-violence-faite-aux-femmes\/\" \/>\n<meta property=\"og:site_name\" content=\"MEDIA PLATEFORME | FR\" \/>\n<meta property=\"article:published_time\" content=\"2022-10-12T11:40:42+00:00\" \/>\n<meta property=\"og:image\" content=\"https:\/\/www.mediaplateforme.com\/fr\/wp-content\/uploads\/sites\/5\/2022\/10\/Screenshot_20221012_123757.jpg\" \/>\n\t<meta property=\"og:image:width\" content=\"719\" \/>\n\t<meta property=\"og:image:height\" content=\"439\" \/>\n\t<meta property=\"og:image:type\" content=\"image\/jpeg\" \/>\n<meta name=\"author\" content=\"Mediaplateforme\" \/>\n<meta name=\"twitter:card\" content=\"summary_large_image\" \/>\n<meta name=\"twitter:label1\" content=\"\u00c9crit par\" \/>\n\t<meta name=\"twitter:data1\" content=\"Mediaplateforme\" \/>\n\t<meta name=\"twitter:label2\" content=\"Dur\u00e9e de lecture estim\u00e9e\" \/>\n\t<meta name=\"twitter:data2\" content=\"2 minutes\" \/>\n<script type=\"application\/ld+json\" class=\"yoast-schema-graph\">{\"@context\":\"https:\/\/schema.org\",\"@graph\":[{\"@type\":\"WebPage\",\"@id\":\"https:\/\/www.mediaplateforme.com\/fr\/barid-al-maghrib-emet-un-timbre-poste-special-commemorant-la-declaration-de-marrakech-2020-pour-la-lutte-contre-la-violence-faite-aux-femmes\/\",\"url\":\"https:\/\/www.mediaplateforme.com\/fr\/barid-al-maghrib-emet-un-timbre-poste-special-commemorant-la-declaration-de-marrakech-2020-pour-la-lutte-contre-la-violence-faite-aux-femmes\/\",\"name\":\"Barid-Al-Maghrib \u00e9met un timbre-poste sp\u00e9cial comm\u00e9morant la \u00ab D\u00e9claration de Marrakech 2020 pour la lutte contre la violence faite aux femmes \u00bb - MEDIA PLATEFORME | FR\",\"isPartOf\":{\"@id\":\"https:\/\/www.mediaplateforme.com\/fr\/#website\"},\"datePublished\":\"2022-10-12T11:40:42+00:00\",\"dateModified\":\"2022-10-12T11:40:42+00:00\",\"author\":{\"@id\":\"https:\/\/www.mediaplateforme.com\/fr\/#\/schema\/person\/89833db382b5db2c76b094bc902aa12a\"},\"description\":\"A l\u2019occasion de la journ\u00e9e nationale de la femme (10 octobre 2022), le Groupe Barid Al-Maghrib lance une \u00e9mission sp\u00e9ciale de timbre\",\"breadcrumb\":{\"@id\":\"https:\/\/www.mediaplateforme.com\/fr\/barid-al-maghrib-emet-un-timbre-poste-special-commemorant-la-declaration-de-marrakech-2020-pour-la-lutte-contre-la-violence-faite-aux-femmes\/#breadcrumb\"},\"inLanguage\":\"fr-FR\",\"potentialAction\":[{\"@type\":\"ReadAction\",\"target\":[\"https:\/\/www.mediaplateforme.com\/fr\/barid-al-maghrib-emet-un-timbre-poste-special-commemorant-la-declaration-de-marrakech-2020-pour-la-lutte-contre-la-violence-faite-aux-femmes\/\"]}]},{\"@type\":\"BreadcrumbList\",\"@id\":\"https:\/\/www.mediaplateforme.com\/fr\/barid-al-maghrib-emet-un-timbre-poste-special-commemorant-la-declaration-de-marrakech-2020-pour-la-lutte-contre-la-violence-faite-aux-femmes\/#breadcrumb\",\"itemListElement\":[{\"@type\":\"ListItem\",\"position\":1,\"name\":\"\u0627\u0644\u0631\u0626\u064a\u0633\u064a\u0629\",\"item\":\"https:\/\/www.mediaplateforme.com\/fr\/\"},{\"@type\":\"ListItem\",\"position\":2,\"name\":\"Barid-Al-Maghrib \u00e9met un timbre-poste sp\u00e9cial comm\u00e9morant la \u00ab D\u00e9claration de Marrakech 2020 pour la lutte contre la violence faite aux femmes \u00bb\"}]},{\"@type\":\"WebSite\",\"@id\":\"https:\/\/www.mediaplateforme.com\/fr\/#website\",\"url\":\"https:\/\/www.mediaplateforme.com\/fr\/\",\"name\":\"MEDIA PLATEFORME | FR\",\"description\":\"Mediaplateforme sp\u00e9cialis\u00e9 dans la communication institutions publiques et des entreprises\",\"potentialAction\":[{\"@type\":\"SearchAction\",\"target\":{\"@type\":\"EntryPoint\",\"urlTemplate\":\"https:\/\/www.mediaplateforme.com\/fr\/?s={search_term_string}\"},\"query-input\":\"required name=search_term_string\"}],\"inLanguage\":\"fr-FR\"},{\"@type\":\"Person\",\"@id\":\"https:\/\/www.mediaplateforme.com\/fr\/#\/schema\/person\/89833db382b5db2c76b094bc902aa12a\",\"name\":\"Mediaplateforme\",\"image\":{\"@type\":\"ImageObject\",\"inLanguage\":\"fr-FR\",\"@id\":\"https:\/\/www.mediaplateforme.com\/fr\/#\/schema\/person\/image\/\",\"url\":\"https:\/\/secure.gravatar.com\/avatar\/6c9c02e8928cc65d54bf75157f7b3a2d06d7ad0494ca0951f679552ff03b34c1?s=96&d=mm&r=g\",\"contentUrl\":\"https:\/\/secure.gravatar.com\/avatar\/6c9c02e8928cc65d54bf75157f7b3a2d06d7ad0494ca0951f679552ff03b34c1?s=96&d=mm&r=g\",\"caption\":\"Mediaplateforme\"},\"sameAs\":[\"https:\/\/www.mediaplateforme.com\"],\"url\":\"https:\/\/www.mediaplateforme.com\/fr\/author\/mohamedladib\/\"}]}<\/script>\n<!-- \/ Yoast SEO plugin. -->","yoast_head_json":{"title":"Barid-Al-Maghrib \u00e9met un timbre-poste sp\u00e9cial comm\u00e9morant la \u00ab D\u00e9claration de Marrakech 2020 pour la lutte contre la violence faite aux femmes \u00bb - MEDIA PLATEFORME | FR","description":"A l\u2019occasion de la journ\u00e9e nationale de la femme (10 octobre 2022), le Groupe Barid Al-Maghrib lance une \u00e9mission sp\u00e9ciale de timbre","robots":{"index":"index","follow":"follow","max-snippet":"max-snippet:-1","max-image-preview":"max-image-preview:large","max-video-preview":"max-video-preview:-1"},"canonical":"https:\/\/www.mediaplateforme.com\/fr\/barid-al-maghrib-emet-un-timbre-poste-special-commemorant-la-declaration-de-marrakech-2020-pour-la-lutte-contre-la-violence-faite-aux-femmes\/","og_locale":"fr_FR","og_type":"article","og_title":"Barid-Al-Maghrib \u00e9met un timbre-poste sp\u00e9cial comm\u00e9morant la \u00ab D\u00e9claration de Marrakech 2020 pour la lutte contre la violence faite aux femmes \u00bb - MEDIA PLATEFORME | FR","og_description":"A l\u2019occasion de la journ\u00e9e nationale de la femme (10 octobre 2022), le Groupe Barid Al-Maghrib lance une \u00e9mission sp\u00e9ciale de timbre","og_url":"https:\/\/www.mediaplateforme.com\/fr\/barid-al-maghrib-emet-un-timbre-poste-special-commemorant-la-declaration-de-marrakech-2020-pour-la-lutte-contre-la-violence-faite-aux-femmes\/","og_site_name":"MEDIA PLATEFORME | FR","article_published_time":"2022-10-12T11:40:42+00:00","og_image":[{"width":719,"height":439,"url":"https:\/\/www.mediaplateforme.com\/fr\/wp-content\/uploads\/sites\/5\/2022\/10\/Screenshot_20221012_123757.jpg","type":"image\/jpeg"}],"author":"Mediaplateforme","twitter_card":"summary_large_image","twitter_misc":{"\u00c9crit par":"Mediaplateforme","Dur\u00e9e de lecture estim\u00e9e":"2 minutes"},"schema":{"@context":"https:\/\/schema.org","@graph":[{"@type":"WebPage","@id":"https:\/\/www.mediaplateforme.com\/fr\/barid-al-maghrib-emet-un-timbre-poste-special-commemorant-la-declaration-de-marrakech-2020-pour-la-lutte-contre-la-violence-faite-aux-femmes\/","url":"https:\/\/www.mediaplateforme.com\/fr\/barid-al-maghrib-emet-un-timbre-poste-special-commemorant-la-declaration-de-marrakech-2020-pour-la-lutte-contre-la-violence-faite-aux-femmes\/","name":"Barid-Al-Maghrib \u00e9met un timbre-poste sp\u00e9cial comm\u00e9morant la \u00ab D\u00e9claration de Marrakech 2020 pour la lutte contre la violence faite aux femmes \u00bb - MEDIA PLATEFORME | FR","isPartOf":{"@id":"https:\/\/www.mediaplateforme.com\/fr\/#website"},"datePublished":"2022-10-12T11:40:42+00:00","dateModified":"2022-10-12T11:40:42+00:00","author":{"@id":"https:\/\/www.mediaplateforme.com\/fr\/#\/schema\/person\/89833db382b5db2c76b094bc902aa12a"},"description":"A l\u2019occasion de la journ\u00e9e nationale de la femme (10 octobre 2022), le Groupe Barid Al-Maghrib lance une \u00e9mission sp\u00e9ciale de timbre","breadcrumb":{"@id":"https:\/\/www.mediaplateforme.com\/fr\/barid-al-maghrib-emet-un-timbre-poste-special-commemorant-la-declaration-de-marrakech-2020-pour-la-lutte-contre-la-violence-faite-aux-femmes\/#breadcrumb"},"inLanguage":"fr-FR","potentialAction":[{"@type":"ReadAction","target":["https:\/\/www.mediaplateforme.com\/fr\/barid-al-maghrib-emet-un-timbre-poste-special-commemorant-la-declaration-de-marrakech-2020-pour-la-lutte-contre-la-violence-faite-aux-femmes\/"]}]},{"@type":"BreadcrumbList","@id":"https:\/\/www.mediaplateforme.com\/fr\/barid-al-maghrib-emet-un-timbre-poste-special-commemorant-la-declaration-de-marrakech-2020-pour-la-lutte-contre-la-violence-faite-aux-femmes\/#breadcrumb","itemListElement":[{"@type":"ListItem","position":1,"name":"\u0627\u0644\u0631\u0626\u064a\u0633\u064a\u0629","item":"https:\/\/www.mediaplateforme.com\/fr\/"},{"@type":"ListItem","position":2,"name":"Barid-Al-Maghrib \u00e9met un timbre-poste sp\u00e9cial comm\u00e9morant la \u00ab D\u00e9claration de Marrakech 2020 pour la lutte contre la violence faite aux femmes \u00bb"}]},{"@type":"WebSite","@id":"https:\/\/www.mediaplateforme.com\/fr\/#website","url":"https:\/\/www.mediaplateforme.com\/fr\/","name":"MEDIA PLATEFORME | FR","description":"Mediaplateforme sp\u00e9cialis\u00e9 dans la communication institutions publiques et des entreprises","potentialAction":[{"@type":"SearchAction","target":{"@type":"EntryPoint","urlTemplate":"https:\/\/www.mediaplateforme.com\/fr\/?s={search_term_string}"},"query-input":"required name=search_term_string"}],"inLanguage":"fr-FR"},{"@type":"Person","@id":"https:\/\/www.mediaplateforme.com\/fr\/#\/schema\/person\/89833db382b5db2c76b094bc902aa12a","name":"Mediaplateforme","image":{"@type":"ImageObject","inLanguage":"fr-FR","@id":"https:\/\/www.mediaplateforme.com\/fr\/#\/schema\/person\/image\/","url":"https:\/\/secure.gravatar.com\/avatar\/6c9c02e8928cc65d54bf75157f7b3a2d06d7ad0494ca0951f679552ff03b34c1?s=96&d=mm&r=g","contentUrl":"https:\/\/secure.gravatar.com\/avatar\/6c9c02e8928cc65d54bf75157f7b3a2d06d7ad0494ca0951f679552ff03b34c1?s=96&d=mm&r=g","caption":"Mediaplateforme"},"sameAs":["https:\/\/www.mediaplateforme.com"],"url":"https:\/\/www.mediaplateforme.com\/fr\/author\/mohamedladib\/"}]}},"_links":{"self":[{"href":"https:\/\/www.mediaplateforme.com\/fr\/wp-json\/wp\/v2\/posts\/1256","targetHints":{"allow":["GET"]}}],"collection":[{"href":"https:\/\/www.mediaplateforme.com\/fr\/wp-json\/wp\/v2\/posts"}],"about":[{"href":"https:\/\/www.mediaplateforme.com\/fr\/wp-json\/wp\/v2\/types\/post"}],"author":[{"embeddable":true,"href":"https:\/\/www.mediaplateforme.com\/fr\/wp-json\/wp\/v2\/users\/1"}],"replies":[{"embeddable":true,"href":"https:\/\/www.mediaplateforme.com\/fr\/wp-json\/wp\/v2\/comments?post=1256"}],"version-history":[{"count":1,"href":"https:\/\/www.mediaplateforme.com\/fr\/wp-json\/wp\/v2\/posts\/1256\/revisions"}],"predecessor-version":[{"id":1258,"href":"https:\/\/www.mediaplateforme.com\/fr\/wp-json\/wp\/v2\/posts\/1256\/revisions\/1258"}],"wp:featuredmedia":[{"embeddable":true,"href":"https:\/\/www.mediaplateforme.com\/fr\/wp-json\/wp\/v2\/media\/1257"}],"wp:attachment":[{"href":"https:\/\/www.mediaplateforme.com\/fr\/wp-json\/wp\/v2\/media?parent=1256"}],"wp:term":[{"taxonomy":"category","embeddable":true,"href":"https:\/\/www.mediaplateforme.com\/fr\/wp-json\/wp\/v2\/categories?post=1256"},{"taxonomy":"post_tag","embeddable":true,"href":"https:\/\/www.mediaplateforme.com\/fr\/wp-json\/wp\/v2\/tags?post=1256"}],"curies":[{"name":"wp","href":"https:\/\/api.w.org\/{rel}","templated":true}]}}