{"id":1217,"date":"2022-10-05T15:16:30","date_gmt":"2022-10-05T14:16:30","guid":{"rendered":"https:\/\/www.mediaplateforme.com\/fr\/?p=1217"},"modified":"2022-10-05T15:16:30","modified_gmt":"2022-10-05T14:16:30","slug":"lecosysteme-aeronautique-se-mobilise-pour-faire-decouvrir-les-metiers-du-futur-aux-eleves-marocains","status":"publish","type":"post","link":"https:\/\/www.mediaplateforme.com\/fr\/lecosysteme-aeronautique-se-mobilise-pour-faire-decouvrir-les-metiers-du-futur-aux-eleves-marocains\/","title":{"rendered":"L\u2019\u00e9cosyst\u00e8me a\u00e9ronautique se mobilise pour faire d\u00e9couvrir les m\u00e9tiers du futur aux \u00e9l\u00e8ves marocains"},"content":{"rendered":"<p>Aujourd\u2019hui s\u2018est tenue pour la premi\u00e8re fois au Maroc une journ\u00e9e consacr\u00e9e \u00e0 la sensibilisation des \u00e9l\u00e8ves du coll\u00e8ge et du lyc\u00e9e aux m\u00e9tiers de l\u2019a\u00e9rien. Au programme, des activit\u00e9s ludiques li\u00e9es essentiellement au domaine de l\u2019a\u00e9rospatial et des rencontres avec des professionnels dans le but d\u2019\u00e9changer sur les possibilit\u00e9s de carri\u00e8re.<\/p>\n<p>L\u2019\u00e9v\u00e9nement s\u2019est d\u00e9roul\u00e9 en pr\u00e9sence de M. Abdallah Chater, Gouverneur de Nouaceur, M. Kevin Millison, Vice-Pr\u00e9sident Finance, Cha\u00eene de Fournisseurs de Boeing, ainsi que M. Karim Cheikh, Pr\u00e9sident du GIMAS.<\/p>\n<p>\u00ab Sous la conduite \u00e9clair\u00e9e de Sa Majest\u00e9 le Roi que Dieu L\u2019Assiste, le rayonnement \u00e0 l\u2019international de l\u2019\u00e9cosyst\u00e8me a\u00e9ronautique marocain est aujourd\u2019hui une r\u00e9alit\u00e9. Ses perspectives de d\u00e9veloppement ne cessent de s\u2019accro\u00eetre et les d\u00e9fis qu\u2019il doit relever sont nombreux \u00bb, a soulign\u00e9 M. le Ministre de l\u2019Industrie et du Commerce, dans une allocution diffus\u00e9e en ligne \u00e0 cette occasion. Et d\u2019ajouter \u00ab Il s\u2019agit tout particuli\u00e8rement de r\u00e9ussir notre transition vers l\u2019industrie 4.0 et notre positionnement sur des proc\u00e9d\u00e9s complexes \u00e0 forte valeur ajout\u00e9e. Dans cette marche vers l\u2019excellence, l\u2019\u00e9l\u00e9ment humain reste l\u2019un des piliers incontournables et le maillon fort dans le d\u00e9veloppement de l\u2019industrie locale et nationale. C\u2019est pourquoi nous organisons aujourd\u2019hui, avec enthousiasme et fiert\u00e9, une rencontre de sensibilisation aux m\u00e9tiers de l\u2019a\u00e9ronautique au profit des jeunes de la Province de Nouaceur. C\u2019est une initiative publique-priv\u00e9e gagnante pour l\u2019avenir de nos jeunes, de notre industrie et de nos territoires. \u00bb<\/p>\n<p>\u00ab En partenariat avec l\u2019Etat, le <a href=\"https:\/\/www.mediaplateforme.com\/fr\/m-mezzour-inaugure-une-usine-allemande-specialisee-dans-les-composantes-automobiles\/\">GIMAS<\/a> met l\u2019accent sur les technologies avanc\u00e9es de l\u2019Industrie 4.0, sur l\u2019innovation, la R&amp;D et la formation du capital humain et les jeunes de notre pays. Il est donc imp\u00e9ratif de nous impliquer dans le syst\u00e8me d\u2019Education-Formation pour assurer l\u2019acc\u00e8s \u00e9gal et \u00e9quitable \u00e0 l\u2019\u00e9cole et \u00e0 l\u2019universit\u00e9 pour tous nos enfants, mais \u00e9galement de leur garantir le droit \u00e0 un enseignement de qualit\u00e9, dot\u00e9 d\u2019une forte attractivit\u00e9 et adapt\u00e9 aux besoins du march\u00e9 de l\u2019emploi. A ce titre, Le GIMAS s\u2019est impliqu\u00e9 dans la formation des jeunes il y a plus de 10 ans en cr\u00e9ant l\u2019IMA (Institut des M\u00e9tiers de l\u2019A\u00e9ronautique). Par ailleurs, le GIMAS est signataire avec le Minist\u00e8re de l\u2019Enseignement Sup\u00e9rieur, de la Recherche et l\u2019Innovation, Minist\u00e8re de l\u2019Industrie et du Commerce et la CGEM d\u2019un important Accord pour la formation de 100 000 ing\u00e9nieurs, de cadres moyens et de techniciens sup\u00e9rieurs \u00bb, a indiqu\u00e9 le Pr\u00e9sident du GIMAS.<\/p>\n<p>\u00ab Compte tenu de l\u2019essor de l\u2019aviation et de l\u2019industrie a\u00e9ronautique au Maroc et dans le monde entier, de formidables opportunit\u00e9s se pr\u00e9sentent aujourd\u2019hui aux \u00e9tudiants. Ce partenariat form\u00e9 avec le Minist\u00e8re de l\u2019Industrie et du Commerce, le Groupement des Industries Marocaines A\u00e9ronautiques et Spatiales et l\u2019ambassade des \u00c9tats-Unis marque une \u00e9tape importante pour Boeing. Nous continuons \u00e0 construire de solides relations avec nos fournisseurs marocains et les principaux acteurs de l&rsquo;aviation gr\u00e2ce aux comp\u00e9tences de la main d&rsquo;\u0153uvre et \u00e0 la qualit\u00e9 des produits qui nous sont livr\u00e9s. Il y a un besoin important d&#8217;employ\u00e9s motiv\u00e9s et qualifi\u00e9s pour construire l\u2019avenir et nous avons l&rsquo;intention d&rsquo;aider de nombreuses \u00e9coles, \u00e0 Nouaceur bien s\u00fbr, mais aussi dans tout le pays, afin de donner aux \u00e9tudiants acc\u00e8s \u00e0 ces opportunit\u00e9s \u00bb, a ajout\u00e9 Ihssane Mounir, Vice-pr\u00e9sident senior des ventes commerciales et du marketing de Boeing.<\/p>\n<p>\u00ab L&rsquo;industrie a\u00e9ronautique est devenue un moteur essentiel de la croissance \u00e9conomique du Maroc. Boeing et d&rsquo;autres entreprises am\u00e9ricaines comprennent l&rsquo;importance cruciale d&rsquo;investir dans le d\u00e9veloppement des jeunes pour s&rsquo;assurer que l&rsquo;industrie a\u00e9ronautique et d&rsquo;autres industries puissent r\u00e9pondre aux besoins de nos \u00e9conomies de plus en plus interconnect\u00e9es et complexes, et le faire d&rsquo;une mani\u00e8re durable et \u00e9quitable, en s&rsquo;appuyant sur les talents de nos soci\u00e9t\u00e9s. C&rsquo;est pourquoi nous, \u00e0 l&rsquo;Ambassade des \u00c9tats-Unis, travaillons de mani\u00e8re si \u00e9troite avec nos partenaires marocains pour soutenir l&rsquo;enseignement des disciplines STIM \u00bb, a conclu<\/p>\n<p>Stephen O\u2019Dowd, Chef de mission adjoint par int\u00e9rim de l\u2019ambassade des Etats-Unis au Maroc.<\/p>\n<p>Cet \u00e9v\u00e9nement intervient dans un contexte mondial o\u00f9, sur les 20 prochaines ann\u00e9es, 67 000 embauches sont pr\u00e9vues en Afrique dans le secteur a\u00e9rien et 2 millions dans le monde entier. Il s\u2019inscrit \u00e9galement dans la dynamique acc\u00e9l\u00e9r\u00e9e que conna\u00eet l\u2019industrie a\u00e9ronautique nationale et les mutations technologiques majeures du secteur qui confirment le positionnement strat\u00e9gique du Royaume dans la carte mondiale de la construction a\u00e9ronautique.<\/p>\n<p>&nbsp;<\/p>\n<p>&nbsp;<\/p>\n<p>&nbsp;<\/p>\n<p>&nbsp;<\/p>\n<p>&nbsp;<\/p>\n<p>&nbsp;<\/p>\n","protected":false},"excerpt":{"rendered":"<p>Aujourd\u2019hui s\u2018est tenue pour la premi\u00e8re fois au Maroc une journ\u00e9e consacr\u00e9e \u00e0 la sensibilisation<\/p>\n","protected":false},"author":1,"featured_media":1218,"comment_status":"open","ping_status":"open","sticky":false,"template":"","format":"standard","meta":{"_acf_changed":false,"footnotes":""},"categories":[5,3],"tags":[425,19,59],"class_list":["post-1217","post","type-post","status-publish","format-standard","has-post-thumbnail","hentry","category-tech","category-nouvelles-selectionnees","tag-metiers-de-laerien","tag-ministere-de-lindustrie-et-du-commerce","tag-ryad-mezzour"],"acf":[],"yoast_head":"<!-- This site is optimized with the Yoast SEO plugin v22.0 - https:\/\/yoast.com\/wordpress\/plugins\/seo\/ -->\n<title>L\u2019\u00e9cosyst\u00e8me a\u00e9ronautique se mobilise pour faire d\u00e9couvrir les m\u00e9tiers du futur aux \u00e9l\u00e8ves marocains - MEDIA PLATEFORME | FR<\/title>\n<meta name=\"description\" content=\"Aujourd\u2019hui s\u2018est tenue une journ\u00e9e consacr\u00e9e \u00e0 la sensibilisation des \u00e9l\u00e8ves du coll\u00e8ge et du lyc\u00e9e aux m\u00e9tiers de l\u2019a\u00e9rien\" \/>\n<meta name=\"robots\" content=\"index, follow, max-snippet:-1, max-image-preview:large, max-video-preview:-1\" \/>\n<link rel=\"canonical\" href=\"https:\/\/www.mediaplateforme.com\/fr\/lecosysteme-aeronautique-se-mobilise-pour-faire-decouvrir-les-metiers-du-futur-aux-eleves-marocains\/\" \/>\n<meta property=\"og:locale\" content=\"fr_FR\" \/>\n<meta property=\"og:type\" content=\"article\" \/>\n<meta property=\"og:title\" content=\"L\u2019\u00e9cosyst\u00e8me a\u00e9ronautique se mobilise pour faire d\u00e9couvrir les m\u00e9tiers du futur aux \u00e9l\u00e8ves marocains - MEDIA PLATEFORME | FR\" \/>\n<meta property=\"og:description\" content=\"Aujourd\u2019hui s\u2018est tenue une journ\u00e9e consacr\u00e9e \u00e0 la sensibilisation des \u00e9l\u00e8ves du coll\u00e8ge et du lyc\u00e9e aux m\u00e9tiers de l\u2019a\u00e9rien\" \/>\n<meta property=\"og:url\" content=\"https:\/\/www.mediaplateforme.com\/fr\/lecosysteme-aeronautique-se-mobilise-pour-faire-decouvrir-les-metiers-du-futur-aux-eleves-marocains\/\" \/>\n<meta property=\"og:site_name\" content=\"MEDIA PLATEFORME | FR\" \/>\n<meta property=\"article:published_time\" content=\"2022-10-05T14:16:30+00:00\" \/>\n<meta property=\"og:image\" content=\"https:\/\/www.mediaplateforme.com\/fr\/wp-content\/uploads\/sites\/5\/2022\/10\/abc7d7d9-d8d8-4c5d-bbee-b7a9fb769513.jpg\" \/>\n\t<meta property=\"og:image:width\" content=\"1600\" \/>\n\t<meta property=\"og:image:height\" content=\"900\" \/>\n\t<meta property=\"og:image:type\" content=\"image\/jpeg\" \/>\n<meta name=\"author\" content=\"Mediaplateforme\" \/>\n<meta name=\"twitter:card\" content=\"summary_large_image\" \/>\n<meta name=\"twitter:label1\" content=\"\u00c9crit par\" \/>\n\t<meta name=\"twitter:data1\" content=\"Mediaplateforme\" \/>\n\t<meta name=\"twitter:label2\" content=\"Dur\u00e9e de lecture estim\u00e9e\" \/>\n\t<meta name=\"twitter:data2\" content=\"4 minutes\" \/>\n<script type=\"application\/ld+json\" class=\"yoast-schema-graph\">{\"@context\":\"https:\/\/schema.org\",\"@graph\":[{\"@type\":\"WebPage\",\"@id\":\"https:\/\/www.mediaplateforme.com\/fr\/lecosysteme-aeronautique-se-mobilise-pour-faire-decouvrir-les-metiers-du-futur-aux-eleves-marocains\/\",\"url\":\"https:\/\/www.mediaplateforme.com\/fr\/lecosysteme-aeronautique-se-mobilise-pour-faire-decouvrir-les-metiers-du-futur-aux-eleves-marocains\/\",\"name\":\"L\u2019\u00e9cosyst\u00e8me a\u00e9ronautique se mobilise pour faire d\u00e9couvrir les m\u00e9tiers du futur aux \u00e9l\u00e8ves marocains - MEDIA PLATEFORME | FR\",\"isPartOf\":{\"@id\":\"https:\/\/www.mediaplateforme.com\/fr\/#website\"},\"datePublished\":\"2022-10-05T14:16:30+00:00\",\"dateModified\":\"2022-10-05T14:16:30+00:00\",\"author\":{\"@id\":\"https:\/\/www.mediaplateforme.com\/fr\/#\/schema\/person\/89833db382b5db2c76b094bc902aa12a\"},\"description\":\"Aujourd\u2019hui s\u2018est tenue une journ\u00e9e consacr\u00e9e \u00e0 la sensibilisation des \u00e9l\u00e8ves du coll\u00e8ge et du lyc\u00e9e aux m\u00e9tiers de l\u2019a\u00e9rien\",\"breadcrumb\":{\"@id\":\"https:\/\/www.mediaplateforme.com\/fr\/lecosysteme-aeronautique-se-mobilise-pour-faire-decouvrir-les-metiers-du-futur-aux-eleves-marocains\/#breadcrumb\"},\"inLanguage\":\"fr-FR\",\"potentialAction\":[{\"@type\":\"ReadAction\",\"target\":[\"https:\/\/www.mediaplateforme.com\/fr\/lecosysteme-aeronautique-se-mobilise-pour-faire-decouvrir-les-metiers-du-futur-aux-eleves-marocains\/\"]}]},{\"@type\":\"BreadcrumbList\",\"@id\":\"https:\/\/www.mediaplateforme.com\/fr\/lecosysteme-aeronautique-se-mobilise-pour-faire-decouvrir-les-metiers-du-futur-aux-eleves-marocains\/#breadcrumb\",\"itemListElement\":[{\"@type\":\"ListItem\",\"position\":1,\"name\":\"\u0627\u0644\u0631\u0626\u064a\u0633\u064a\u0629\",\"item\":\"https:\/\/www.mediaplateforme.com\/fr\/\"},{\"@type\":\"ListItem\",\"position\":2,\"name\":\"L\u2019\u00e9cosyst\u00e8me a\u00e9ronautique se mobilise pour faire d\u00e9couvrir les m\u00e9tiers du futur aux \u00e9l\u00e8ves marocains\"}]},{\"@type\":\"WebSite\",\"@id\":\"https:\/\/www.mediaplateforme.com\/fr\/#website\",\"url\":\"https:\/\/www.mediaplateforme.com\/fr\/\",\"name\":\"MEDIA PLATEFORME | FR\",\"description\":\"Mediaplateforme sp\u00e9cialis\u00e9 dans la communication institutions publiques et des entreprises\",\"potentialAction\":[{\"@type\":\"SearchAction\",\"target\":{\"@type\":\"EntryPoint\",\"urlTemplate\":\"https:\/\/www.mediaplateforme.com\/fr\/?s={search_term_string}\"},\"query-input\":\"required name=search_term_string\"}],\"inLanguage\":\"fr-FR\"},{\"@type\":\"Person\",\"@id\":\"https:\/\/www.mediaplateforme.com\/fr\/#\/schema\/person\/89833db382b5db2c76b094bc902aa12a\",\"name\":\"Mediaplateforme\",\"image\":{\"@type\":\"ImageObject\",\"inLanguage\":\"fr-FR\",\"@id\":\"https:\/\/www.mediaplateforme.com\/fr\/#\/schema\/person\/image\/\",\"url\":\"https:\/\/secure.gravatar.com\/avatar\/6c9c02e8928cc65d54bf75157f7b3a2d06d7ad0494ca0951f679552ff03b34c1?s=96&d=mm&r=g\",\"contentUrl\":\"https:\/\/secure.gravatar.com\/avatar\/6c9c02e8928cc65d54bf75157f7b3a2d06d7ad0494ca0951f679552ff03b34c1?s=96&d=mm&r=g\",\"caption\":\"Mediaplateforme\"},\"sameAs\":[\"https:\/\/www.mediaplateforme.com\"],\"url\":\"https:\/\/www.mediaplateforme.com\/fr\/author\/mohamedladib\/\"}]}<\/script>\n<!-- \/ Yoast SEO plugin. -->","yoast_head_json":{"title":"L\u2019\u00e9cosyst\u00e8me a\u00e9ronautique se mobilise pour faire d\u00e9couvrir les m\u00e9tiers du futur aux \u00e9l\u00e8ves marocains - MEDIA PLATEFORME | FR","description":"Aujourd\u2019hui s\u2018est tenue une journ\u00e9e consacr\u00e9e \u00e0 la sensibilisation des \u00e9l\u00e8ves du coll\u00e8ge et du lyc\u00e9e aux m\u00e9tiers de l\u2019a\u00e9rien","robots":{"index":"index","follow":"follow","max-snippet":"max-snippet:-1","max-image-preview":"max-image-preview:large","max-video-preview":"max-video-preview:-1"},"canonical":"https:\/\/www.mediaplateforme.com\/fr\/lecosysteme-aeronautique-se-mobilise-pour-faire-decouvrir-les-metiers-du-futur-aux-eleves-marocains\/","og_locale":"fr_FR","og_type":"article","og_title":"L\u2019\u00e9cosyst\u00e8me a\u00e9ronautique se mobilise pour faire d\u00e9couvrir les m\u00e9tiers du futur aux \u00e9l\u00e8ves marocains - MEDIA PLATEFORME | FR","og_description":"Aujourd\u2019hui s\u2018est tenue une journ\u00e9e consacr\u00e9e \u00e0 la sensibilisation des \u00e9l\u00e8ves du coll\u00e8ge et du lyc\u00e9e aux m\u00e9tiers de l\u2019a\u00e9rien","og_url":"https:\/\/www.mediaplateforme.com\/fr\/lecosysteme-aeronautique-se-mobilise-pour-faire-decouvrir-les-metiers-du-futur-aux-eleves-marocains\/","og_site_name":"MEDIA PLATEFORME | FR","article_published_time":"2022-10-05T14:16:30+00:00","og_image":[{"width":1600,"height":900,"url":"https:\/\/www.mediaplateforme.com\/fr\/wp-content\/uploads\/sites\/5\/2022\/10\/abc7d7d9-d8d8-4c5d-bbee-b7a9fb769513.jpg","type":"image\/jpeg"}],"author":"Mediaplateforme","twitter_card":"summary_large_image","twitter_misc":{"\u00c9crit par":"Mediaplateforme","Dur\u00e9e de lecture estim\u00e9e":"4 minutes"},"schema":{"@context":"https:\/\/schema.org","@graph":[{"@type":"WebPage","@id":"https:\/\/www.mediaplateforme.com\/fr\/lecosysteme-aeronautique-se-mobilise-pour-faire-decouvrir-les-metiers-du-futur-aux-eleves-marocains\/","url":"https:\/\/www.mediaplateforme.com\/fr\/lecosysteme-aeronautique-se-mobilise-pour-faire-decouvrir-les-metiers-du-futur-aux-eleves-marocains\/","name":"L\u2019\u00e9cosyst\u00e8me a\u00e9ronautique se mobilise pour faire d\u00e9couvrir les m\u00e9tiers du futur aux \u00e9l\u00e8ves marocains - MEDIA PLATEFORME | FR","isPartOf":{"@id":"https:\/\/www.mediaplateforme.com\/fr\/#website"},"datePublished":"2022-10-05T14:16:30+00:00","dateModified":"2022-10-05T14:16:30+00:00","author":{"@id":"https:\/\/www.mediaplateforme.com\/fr\/#\/schema\/person\/89833db382b5db2c76b094bc902aa12a"},"description":"Aujourd\u2019hui s\u2018est tenue une journ\u00e9e consacr\u00e9e \u00e0 la sensibilisation des \u00e9l\u00e8ves du coll\u00e8ge et du lyc\u00e9e aux m\u00e9tiers de l\u2019a\u00e9rien","breadcrumb":{"@id":"https:\/\/www.mediaplateforme.com\/fr\/lecosysteme-aeronautique-se-mobilise-pour-faire-decouvrir-les-metiers-du-futur-aux-eleves-marocains\/#breadcrumb"},"inLanguage":"fr-FR","potentialAction":[{"@type":"ReadAction","target":["https:\/\/www.mediaplateforme.com\/fr\/lecosysteme-aeronautique-se-mobilise-pour-faire-decouvrir-les-metiers-du-futur-aux-eleves-marocains\/"]}]},{"@type":"BreadcrumbList","@id":"https:\/\/www.mediaplateforme.com\/fr\/lecosysteme-aeronautique-se-mobilise-pour-faire-decouvrir-les-metiers-du-futur-aux-eleves-marocains\/#breadcrumb","itemListElement":[{"@type":"ListItem","position":1,"name":"\u0627\u0644\u0631\u0626\u064a\u0633\u064a\u0629","item":"https:\/\/www.mediaplateforme.com\/fr\/"},{"@type":"ListItem","position":2,"name":"L\u2019\u00e9cosyst\u00e8me a\u00e9ronautique se mobilise pour faire d\u00e9couvrir les m\u00e9tiers du futur aux \u00e9l\u00e8ves marocains"}]},{"@type":"WebSite","@id":"https:\/\/www.mediaplateforme.com\/fr\/#website","url":"https:\/\/www.mediaplateforme.com\/fr\/","name":"MEDIA PLATEFORME | FR","description":"Mediaplateforme sp\u00e9cialis\u00e9 dans la communication institutions publiques et des entreprises","potentialAction":[{"@type":"SearchAction","target":{"@type":"EntryPoint","urlTemplate":"https:\/\/www.mediaplateforme.com\/fr\/?s={search_term_string}"},"query-input":"required name=search_term_string"}],"inLanguage":"fr-FR"},{"@type":"Person","@id":"https:\/\/www.mediaplateforme.com\/fr\/#\/schema\/person\/89833db382b5db2c76b094bc902aa12a","name":"Mediaplateforme","image":{"@type":"ImageObject","inLanguage":"fr-FR","@id":"https:\/\/www.mediaplateforme.com\/fr\/#\/schema\/person\/image\/","url":"https:\/\/secure.gravatar.com\/avatar\/6c9c02e8928cc65d54bf75157f7b3a2d06d7ad0494ca0951f679552ff03b34c1?s=96&d=mm&r=g","contentUrl":"https:\/\/secure.gravatar.com\/avatar\/6c9c02e8928cc65d54bf75157f7b3a2d06d7ad0494ca0951f679552ff03b34c1?s=96&d=mm&r=g","caption":"Mediaplateforme"},"sameAs":["https:\/\/www.mediaplateforme.com"],"url":"https:\/\/www.mediaplateforme.com\/fr\/author\/mohamedladib\/"}]}},"_links":{"self":[{"href":"https:\/\/www.mediaplateforme.com\/fr\/wp-json\/wp\/v2\/posts\/1217","targetHints":{"allow":["GET"]}}],"collection":[{"href":"https:\/\/www.mediaplateforme.com\/fr\/wp-json\/wp\/v2\/posts"}],"about":[{"href":"https:\/\/www.mediaplateforme.com\/fr\/wp-json\/wp\/v2\/types\/post"}],"author":[{"embeddable":true,"href":"https:\/\/www.mediaplateforme.com\/fr\/wp-json\/wp\/v2\/users\/1"}],"replies":[{"embeddable":true,"href":"https:\/\/www.mediaplateforme.com\/fr\/wp-json\/wp\/v2\/comments?post=1217"}],"version-history":[{"count":1,"href":"https:\/\/www.mediaplateforme.com\/fr\/wp-json\/wp\/v2\/posts\/1217\/revisions"}],"predecessor-version":[{"id":1219,"href":"https:\/\/www.mediaplateforme.com\/fr\/wp-json\/wp\/v2\/posts\/1217\/revisions\/1219"}],"wp:featuredmedia":[{"embeddable":true,"href":"https:\/\/www.mediaplateforme.com\/fr\/wp-json\/wp\/v2\/media\/1218"}],"wp:attachment":[{"href":"https:\/\/www.mediaplateforme.com\/fr\/wp-json\/wp\/v2\/media?parent=1217"}],"wp:term":[{"taxonomy":"category","embeddable":true,"href":"https:\/\/www.mediaplateforme.com\/fr\/wp-json\/wp\/v2\/categories?post=1217"},{"taxonomy":"post_tag","embeddable":true,"href":"https:\/\/www.mediaplateforme.com\/fr\/wp-json\/wp\/v2\/tags?post=1217"}],"curies":[{"name":"wp","href":"https:\/\/api.w.org\/{rel}","templated":true}]}}