{"id":121,"date":"2022-06-23T22:57:57","date_gmt":"2022-06-23T21:57:57","guid":{"rendered":"https:\/\/www.mediaplateforme.com\/fr\/?p=121"},"modified":"2022-06-23T23:05:15","modified_gmt":"2022-06-23T22:05:15","slug":"les-nouveaux-xps-13-et-xps-13-2-en-1","status":"publish","type":"post","link":"https:\/\/www.mediaplateforme.com\/fr\/les-nouveaux-xps-13-et-xps-13-2-en-1\/","title":{"rendered":"Les nouveaux XPS 13 et XPS 13 2-en-1"},"content":{"rendered":"<p><iframe loading=\"lazy\" title=\"YouTube video player\" src=\"https:\/\/www.youtube.com\/embed\/YNhSq5eIsd8\" width=\"560\" height=\"315\" frameborder=\"0\" allowfullscreen=\"allowfullscreen\"><span data-mce-type=\"bookmark\" style=\"display: inline-block; width: 0px; overflow: hidden; line-height: 0;\" class=\"mce_SELRES_start\">\ufeff<\/span><\/iframe><\/p>\n<p>Toujours dans le sillage du lancement du XPS 13 Plus, un syst\u00e8me qui a \u00e9t\u00e9 salu\u00e9 pour les nombreuses qualit\u00e9s de ses \u00ab\u00a0fonctions futuristes\u00a0\u00bb, Dell poursuit le d\u00e9ploiement de sa gamme XPS avec le lancement aujourd&rsquo;hui de l&#8217;embl\u00e9matique XPS 13 et la r\u00e9v\u00e9lation du prochain XPS 13 2-en-1.<\/p>\n<p>Le monde hybride et mobile d&rsquo;aujourd&rsquo;hui signifie que vos outils se doivent d\u2019\u00eatre encore plus innovants et davantage connect\u00e9s. Leur polyvalence et la facilit\u00e9 avec laquelle ces outils vous permettront de r\u00e9aliser des t\u00e2ches multiples sont primordiales: c\u2019est pr\u00e9cis\u00e9ment dans cet esprit que le XPS 13 et le XPS 13 2-en-1 de Dell ont \u00e9t\u00e9 con\u00e7us.<\/p>\n","protected":false},"excerpt":{"rendered":"<p>\ufeff Toujours dans le sillage du lancement du XPS 13 Plus, un syst\u00e8me qui a<\/p>\n","protected":false},"author":1,"featured_media":123,"comment_status":"open","ping_status":"open","sticky":false,"template":"","format":"standard","meta":{"_acf_changed":false,"footnotes":""},"categories":[6],"tags":[43,42,41],"class_list":["post-121","post","type-post","status-publish","format-standard","has-post-thumbnail","hentry","category-video","tag-dell","tag-xps-13","tag-xps-13-plus"],"acf":[],"yoast_head":"<!-- This site is optimized with the Yoast SEO plugin v22.0 - https:\/\/yoast.com\/wordpress\/plugins\/seo\/ -->\n<title>Les nouveaux XPS 13 et XPS 13 2-en-1 - MEDIA PLATEFORME | FR<\/title>\n<meta name=\"description\" content=\"Dell poursuit le d\u00e9ploiement de sa gamme XPS avec le lancement de l&#039;embl\u00e9matique XPS 13 et la r\u00e9v\u00e9lation du prochain XPS 13 2-en-1.\" \/>\n<meta name=\"robots\" content=\"index, follow, max-snippet:-1, max-image-preview:large, max-video-preview:-1\" \/>\n<link rel=\"canonical\" href=\"https:\/\/www.mediaplateforme.com\/fr\/les-nouveaux-xps-13-et-xps-13-2-en-1\/\" \/>\n<meta property=\"og:locale\" content=\"fr_FR\" \/>\n<meta property=\"og:type\" content=\"article\" \/>\n<meta property=\"og:title\" content=\"Les nouveaux XPS 13 et XPS 13 2-en-1 - MEDIA PLATEFORME | FR\" \/>\n<meta property=\"og:description\" content=\"Dell poursuit le d\u00e9ploiement de sa gamme XPS avec le lancement de l&#039;embl\u00e9matique XPS 13 et la r\u00e9v\u00e9lation du prochain XPS 13 2-en-1.\" \/>\n<meta property=\"og:url\" content=\"https:\/\/www.mediaplateforme.com\/fr\/les-nouveaux-xps-13-et-xps-13-2-en-1\/\" \/>\n<meta property=\"og:site_name\" content=\"MEDIA PLATEFORME | FR\" \/>\n<meta property=\"article:published_time\" content=\"2022-06-23T21:57:57+00:00\" \/>\n<meta property=\"article:modified_time\" content=\"2022-06-23T22:05:15+00:00\" \/>\n<meta property=\"og:image\" content=\"https:\/\/www.mediaplateforme.com\/fr\/wp-content\/uploads\/sites\/5\/2022\/06\/XPS.jpg\" \/>\n\t<meta property=\"og:image:width\" content=\"639\" \/>\n\t<meta property=\"og:image:height\" content=\"355\" \/>\n\t<meta property=\"og:image:type\" content=\"image\/jpeg\" \/>\n<meta name=\"author\" content=\"Mediaplateforme\" \/>\n<meta name=\"twitter:card\" content=\"summary_large_image\" \/>\n<meta name=\"twitter:label1\" content=\"\u00c9crit par\" \/>\n\t<meta name=\"twitter:data1\" content=\"Mediaplateforme\" \/>\n\t<meta name=\"twitter:label2\" content=\"Dur\u00e9e de lecture estim\u00e9e\" \/>\n\t<meta name=\"twitter:data2\" content=\"1 minute\" \/>\n<script type=\"application\/ld+json\" class=\"yoast-schema-graph\">{\"@context\":\"https:\/\/schema.org\",\"@graph\":[{\"@type\":\"WebPage\",\"@id\":\"https:\/\/www.mediaplateforme.com\/fr\/les-nouveaux-xps-13-et-xps-13-2-en-1\/\",\"url\":\"https:\/\/www.mediaplateforme.com\/fr\/les-nouveaux-xps-13-et-xps-13-2-en-1\/\",\"name\":\"Les nouveaux XPS 13 et XPS 13 2-en-1 - MEDIA PLATEFORME | FR\",\"isPartOf\":{\"@id\":\"https:\/\/www.mediaplateforme.com\/fr\/#website\"},\"datePublished\":\"2022-06-23T21:57:57+00:00\",\"dateModified\":\"2022-06-23T22:05:15+00:00\",\"author\":{\"@id\":\"https:\/\/www.mediaplateforme.com\/fr\/#\/schema\/person\/89833db382b5db2c76b094bc902aa12a\"},\"description\":\"Dell poursuit le d\u00e9ploiement de sa gamme XPS avec le lancement de l'embl\u00e9matique XPS 13 et la r\u00e9v\u00e9lation du prochain XPS 13 2-en-1.\",\"breadcrumb\":{\"@id\":\"https:\/\/www.mediaplateforme.com\/fr\/les-nouveaux-xps-13-et-xps-13-2-en-1\/#breadcrumb\"},\"inLanguage\":\"fr-FR\",\"potentialAction\":[{\"@type\":\"ReadAction\",\"target\":[\"https:\/\/www.mediaplateforme.com\/fr\/les-nouveaux-xps-13-et-xps-13-2-en-1\/\"]}]},{\"@type\":\"BreadcrumbList\",\"@id\":\"https:\/\/www.mediaplateforme.com\/fr\/les-nouveaux-xps-13-et-xps-13-2-en-1\/#breadcrumb\",\"itemListElement\":[{\"@type\":\"ListItem\",\"position\":1,\"name\":\"\u0627\u0644\u0631\u0626\u064a\u0633\u064a\u0629\",\"item\":\"https:\/\/www.mediaplateforme.com\/fr\/\"},{\"@type\":\"ListItem\",\"position\":2,\"name\":\"Les nouveaux XPS 13 et XPS 13 2-en-1\"}]},{\"@type\":\"WebSite\",\"@id\":\"https:\/\/www.mediaplateforme.com\/fr\/#website\",\"url\":\"https:\/\/www.mediaplateforme.com\/fr\/\",\"name\":\"MEDIA PLATEFORME | FR\",\"description\":\"Mediaplateforme sp\u00e9cialis\u00e9 dans la communication institutions publiques et des entreprises\",\"potentialAction\":[{\"@type\":\"SearchAction\",\"target\":{\"@type\":\"EntryPoint\",\"urlTemplate\":\"https:\/\/www.mediaplateforme.com\/fr\/?s={search_term_string}\"},\"query-input\":\"required name=search_term_string\"}],\"inLanguage\":\"fr-FR\"},{\"@type\":\"Person\",\"@id\":\"https:\/\/www.mediaplateforme.com\/fr\/#\/schema\/person\/89833db382b5db2c76b094bc902aa12a\",\"name\":\"Mediaplateforme\",\"image\":{\"@type\":\"ImageObject\",\"inLanguage\":\"fr-FR\",\"@id\":\"https:\/\/www.mediaplateforme.com\/fr\/#\/schema\/person\/image\/\",\"url\":\"https:\/\/secure.gravatar.com\/avatar\/6c9c02e8928cc65d54bf75157f7b3a2d06d7ad0494ca0951f679552ff03b34c1?s=96&d=mm&r=g\",\"contentUrl\":\"https:\/\/secure.gravatar.com\/avatar\/6c9c02e8928cc65d54bf75157f7b3a2d06d7ad0494ca0951f679552ff03b34c1?s=96&d=mm&r=g\",\"caption\":\"Mediaplateforme\"},\"sameAs\":[\"https:\/\/www.mediaplateforme.com\"],\"url\":\"https:\/\/www.mediaplateforme.com\/fr\/author\/mohamedladib\/\"}]}<\/script>\n<!-- \/ Yoast SEO plugin. -->","yoast_head_json":{"title":"Les nouveaux XPS 13 et XPS 13 2-en-1 - MEDIA PLATEFORME | FR","description":"Dell poursuit le d\u00e9ploiement de sa gamme XPS avec le lancement de l'embl\u00e9matique XPS 13 et la r\u00e9v\u00e9lation du prochain XPS 13 2-en-1.","robots":{"index":"index","follow":"follow","max-snippet":"max-snippet:-1","max-image-preview":"max-image-preview:large","max-video-preview":"max-video-preview:-1"},"canonical":"https:\/\/www.mediaplateforme.com\/fr\/les-nouveaux-xps-13-et-xps-13-2-en-1\/","og_locale":"fr_FR","og_type":"article","og_title":"Les nouveaux XPS 13 et XPS 13 2-en-1 - MEDIA PLATEFORME | FR","og_description":"Dell poursuit le d\u00e9ploiement de sa gamme XPS avec le lancement de l'embl\u00e9matique XPS 13 et la r\u00e9v\u00e9lation du prochain XPS 13 2-en-1.","og_url":"https:\/\/www.mediaplateforme.com\/fr\/les-nouveaux-xps-13-et-xps-13-2-en-1\/","og_site_name":"MEDIA PLATEFORME | FR","article_published_time":"2022-06-23T21:57:57+00:00","article_modified_time":"2022-06-23T22:05:15+00:00","og_image":[{"width":639,"height":355,"url":"https:\/\/www.mediaplateforme.com\/fr\/wp-content\/uploads\/sites\/5\/2022\/06\/XPS.jpg","type":"image\/jpeg"}],"author":"Mediaplateforme","twitter_card":"summary_large_image","twitter_misc":{"\u00c9crit par":"Mediaplateforme","Dur\u00e9e de lecture estim\u00e9e":"1 minute"},"schema":{"@context":"https:\/\/schema.org","@graph":[{"@type":"WebPage","@id":"https:\/\/www.mediaplateforme.com\/fr\/les-nouveaux-xps-13-et-xps-13-2-en-1\/","url":"https:\/\/www.mediaplateforme.com\/fr\/les-nouveaux-xps-13-et-xps-13-2-en-1\/","name":"Les nouveaux XPS 13 et XPS 13 2-en-1 - MEDIA PLATEFORME | FR","isPartOf":{"@id":"https:\/\/www.mediaplateforme.com\/fr\/#website"},"datePublished":"2022-06-23T21:57:57+00:00","dateModified":"2022-06-23T22:05:15+00:00","author":{"@id":"https:\/\/www.mediaplateforme.com\/fr\/#\/schema\/person\/89833db382b5db2c76b094bc902aa12a"},"description":"Dell poursuit le d\u00e9ploiement de sa gamme XPS avec le lancement de l'embl\u00e9matique XPS 13 et la r\u00e9v\u00e9lation du prochain XPS 13 2-en-1.","breadcrumb":{"@id":"https:\/\/www.mediaplateforme.com\/fr\/les-nouveaux-xps-13-et-xps-13-2-en-1\/#breadcrumb"},"inLanguage":"fr-FR","potentialAction":[{"@type":"ReadAction","target":["https:\/\/www.mediaplateforme.com\/fr\/les-nouveaux-xps-13-et-xps-13-2-en-1\/"]}]},{"@type":"BreadcrumbList","@id":"https:\/\/www.mediaplateforme.com\/fr\/les-nouveaux-xps-13-et-xps-13-2-en-1\/#breadcrumb","itemListElement":[{"@type":"ListItem","position":1,"name":"\u0627\u0644\u0631\u0626\u064a\u0633\u064a\u0629","item":"https:\/\/www.mediaplateforme.com\/fr\/"},{"@type":"ListItem","position":2,"name":"Les nouveaux XPS 13 et XPS 13 2-en-1"}]},{"@type":"WebSite","@id":"https:\/\/www.mediaplateforme.com\/fr\/#website","url":"https:\/\/www.mediaplateforme.com\/fr\/","name":"MEDIA PLATEFORME | FR","description":"Mediaplateforme sp\u00e9cialis\u00e9 dans la communication institutions publiques et des entreprises","potentialAction":[{"@type":"SearchAction","target":{"@type":"EntryPoint","urlTemplate":"https:\/\/www.mediaplateforme.com\/fr\/?s={search_term_string}"},"query-input":"required name=search_term_string"}],"inLanguage":"fr-FR"},{"@type":"Person","@id":"https:\/\/www.mediaplateforme.com\/fr\/#\/schema\/person\/89833db382b5db2c76b094bc902aa12a","name":"Mediaplateforme","image":{"@type":"ImageObject","inLanguage":"fr-FR","@id":"https:\/\/www.mediaplateforme.com\/fr\/#\/schema\/person\/image\/","url":"https:\/\/secure.gravatar.com\/avatar\/6c9c02e8928cc65d54bf75157f7b3a2d06d7ad0494ca0951f679552ff03b34c1?s=96&d=mm&r=g","contentUrl":"https:\/\/secure.gravatar.com\/avatar\/6c9c02e8928cc65d54bf75157f7b3a2d06d7ad0494ca0951f679552ff03b34c1?s=96&d=mm&r=g","caption":"Mediaplateforme"},"sameAs":["https:\/\/www.mediaplateforme.com"],"url":"https:\/\/www.mediaplateforme.com\/fr\/author\/mohamedladib\/"}]}},"_links":{"self":[{"href":"https:\/\/www.mediaplateforme.com\/fr\/wp-json\/wp\/v2\/posts\/121","targetHints":{"allow":["GET"]}}],"collection":[{"href":"https:\/\/www.mediaplateforme.com\/fr\/wp-json\/wp\/v2\/posts"}],"about":[{"href":"https:\/\/www.mediaplateforme.com\/fr\/wp-json\/wp\/v2\/types\/post"}],"author":[{"embeddable":true,"href":"https:\/\/www.mediaplateforme.com\/fr\/wp-json\/wp\/v2\/users\/1"}],"replies":[{"embeddable":true,"href":"https:\/\/www.mediaplateforme.com\/fr\/wp-json\/wp\/v2\/comments?post=121"}],"version-history":[{"count":0,"href":"https:\/\/www.mediaplateforme.com\/fr\/wp-json\/wp\/v2\/posts\/121\/revisions"}],"wp:featuredmedia":[{"embeddable":true,"href":"https:\/\/www.mediaplateforme.com\/fr\/wp-json\/wp\/v2\/media\/123"}],"wp:attachment":[{"href":"https:\/\/www.mediaplateforme.com\/fr\/wp-json\/wp\/v2\/media?parent=121"}],"wp:term":[{"taxonomy":"category","embeddable":true,"href":"https:\/\/www.mediaplateforme.com\/fr\/wp-json\/wp\/v2\/categories?post=121"},{"taxonomy":"post_tag","embeddable":true,"href":"https:\/\/www.mediaplateforme.com\/fr\/wp-json\/wp\/v2\/tags?post=121"}],"curies":[{"name":"wp","href":"https:\/\/api.w.org\/{rel}","templated":true}]}}